{"id":53604,"date":"2025-09-20T16:36:25","date_gmt":"2025-09-20T19:36:25","guid":{"rendered":"https:\/\/redept.com.br\/blogosfera\/jurista-citado-por-fux-contesta-ministro-e-apoia-condenacao-de-bolsonaro\/"},"modified":"2025-09-20T16:36:25","modified_gmt":"2025-09-20T19:36:25","slug":"jurista-citado-por-fux-contesta-ministro-e-apoia-condenacao-de-bolsonaro","status":"publish","type":"post","link":"https:\/\/redept.com.br\/blogosfera\/jurista-citado-por-fux-contesta-ministro-e-apoia-condenacao-de-bolsonaro\/","title":{"rendered":"Jurista citado por Fux contesta ministro e apoia condena\u00e7\u00e3o de Bolsonaro"},"content":{"rendered":"<p><img fetchpriority=\"high\" width=\"1024\" height=\"614\"src=\"https:\/\/redept.com.br\/blogosfera\/wp-content\/uploads\/2025\/09\/luigi-ferrajoli.jpg\" alt=\"\" decoding=\"async\" srcset=\"https:\/\/vermelho.org.br\/wp-content\/uploads\/2025\/09\/luigi-ferrajoli-1024x614.jpg 1024w, https:\/\/vermelho.org.br\/wp-content\/uploads\/2025\/09\/luigi-ferrajoli-300x180.jpg 300w, https:\/\/vermelho.org.br\/wp-content\/uploads\/2025\/09\/luigi-ferrajoli-768x460.jpg 768w, https:\/\/vermelho.org.br\/wp-content\/uploads\/2025\/09\/luigi-ferrajoli-1536x921.jpg 1536w, https:\/\/redept.com.br\/blogosfera\/wp-content\/uploads\/2025\/09\/luigi-ferrajoli.jpg 2000w\" sizes=\"(max-width: 1024px) 100vw, 1024px\"><\/p>\n<p>O jurista italiano Luigi Ferrajoli, 85, considerado o pai do garantismo penal, defendeu a condena\u00e7\u00e3o do ex-presidente Jair Bolsonaro (PL) e de seus aliados pela tentativa de golpe de Estado.\u00a0<\/p>\n<p>Em entrevistas concedidas ao portal Jota, nesta quinta-feira (18), ele descreveu o julgamento como \u201cum ato important\u00edssimo de garantismo constitucional\u201d, em contraste direto com o voto do ministro Luiz Fux, que utilizou sua obra para absolver Bolsonaro.<\/p>\n<p>Ferrajoli afirmou que o processo conduzido pelo Supremo Tribunal Federal (STF) \u00e9 um marco democr\u00e1tico no continente.\u00a0<\/p>\n<p>\u201cEste processo foi, portanto, n\u00e3o apenas o lugar onde se aplicou o garantismo penal, mas tamb\u00e9m um ato important\u00edssimo de garantismo constitucional, gra\u00e7as ao qual se defendeu a intangibilidade do Estado de Direito e da democracia brasileira contra uma parte dos pr\u00f3prios poderes pol\u00edticos e estatais que tentaram subvert\u00ea-la\u201d, disse ao Jota.<\/p>\n<p>Na 1\u00aa Turma do STF, Fux foi o \u00fanico a votar pela absolvi\u00e7\u00e3o do ex-presidente, argumentando que n\u00e3o havia provas suficientes para a condena\u00e7\u00e3o e que o Supremo seria incompetente para julgar o caso.\u00a0<\/p>\n<p>O ministro recorreu a conceitos do garantismo penal para sustentar sua posi\u00e7\u00e3o, mas Ferrajoli enfatizou a leitura oposta.\u00a0<\/p>\n<p>\u201cFoi uma tentativa de subvers\u00e3o posta em pr\u00e1tica por poderes pol\u00edticos \u2014 o pr\u00f3prio Bolsonaro, chefe de uma for\u00e7a de oposi\u00e7\u00e3o que havia perdido as elei\u00e7\u00f5es, e os militares seus c\u00famplices, \u00f3rg\u00e3os poderosos do aparato estatal\u201d, afirmou.<\/p>\n<p>O jurista classificou a condena\u00e7\u00e3o como demonstra\u00e7\u00e3o de maturidade democr\u00e1tica.\u00a0<\/p>\n<p>\u201cO fato de que, desta vez, uma tentativa de subvers\u00e3o n\u00e3o apenas tenha fracassado, mas tenha sido objeto de um processo judicial, \u00e9 um sinal da solidez do Estado de Direito brasileiro\u201d, declarou ao portal.\u00a0<\/p>\n<p>Para ele, a resposta das institui\u00e7\u00f5es brasileiras serve de refer\u00eancia para outros pa\u00edses.<\/p>\n<p>Ferrajoli comparou o processo brasileiro ao tratamento dado nos Estados Unidos \u00e0 invas\u00e3o do Capit\u00f3lio em janeiro de 2021.\u00a0<\/p>\n<p>\u201c\u00c9 uma demonstra\u00e7\u00e3o de maturidade democr\u00e1tica de grande valor, especialmente se comparada ao tratamento exatamente oposto dado a uma tentativa semelhante de subvers\u00e3o ocorrida nos Estados Unidos, promovida pelo atual presidente Trump: o perd\u00e3o aos que participaram do ataque ao Capit\u00f3lio e medidas severas contra aqueles que investigaram o ataque\u201d, disse.<\/p>\n<p>O contraste, segundo ele, revela a \u201cclara superioridade\u201d do Brasil na defesa do Estado democr\u00e1tico de Direito em rela\u00e7\u00e3o \u00e0 maior pot\u00eancia mundial.\u00a0<\/p>\n<p>\u201cA prova de civiliza\u00e7\u00e3o que o Brasil ofereceu ao mundo \u2014 essa \u00e9 a minha convic\u00e7\u00e3o \u2014 consistiu na solidez de suas institui\u00e7\u00f5es democr\u00e1ticas e na capacidade delas de opor o Direito \u00e0 for\u00e7a, de opor as regras do Estado de Direito \u00e0 viol\u00eancia armada\u201d, disse.<\/p>\n<p>Ferrajoli tamb\u00e9m destacou a fun\u00e7\u00e3o dissuas\u00f3ria do julgamento em uma regi\u00e3o historicamente marcada por golpes militares e ditaduras.\u00a0<\/p>\n<p>\u201cEm um continente como a Am\u00e9rica Latina, que na segunda metade do s\u00e9culo passado sofreu tantos golpes de Estado militares e tantas ditaduras, esse processo tem uma fun\u00e7\u00e3o dissuas\u00f3ria segura em rela\u00e7\u00e3o a outras poss\u00edveis tentativas ou projetos de subvers\u00e3o\u201d, explicou.<\/p>\n<p>O post <a href=\"https:\/\/vermelho.org.br\/2025\/09\/20\/jurista-citado-por-fux-contesta-ministro-e-apoia-condenacao-de-bolsonaro\/\">Jurista citado por Fux contesta ministro e apoia condena\u00e7\u00e3o de Bolsonaro<\/a> apareceu primeiro em <a href=\"https:\/\/vermelho.org.br\/\">Vermelho<\/a>.<\/p>\n<!-- Begin Yuzo --><div class='yuzo_related_post style-1'  data-version='5.12.89'><!-- without result --><div class='yuzo_clearfixed yuzo__title yuzo__title'><h3>Related Post<\/h3><\/div>\n\t\t\t\t\t\t  <div class=\"relatedthumb \" style=\"width:125px;float:left;overflow:hidden;\">  \n\t\t\t\t\t\t\t  \n\t\t\t\t\t\t\t  <a  href=\"https:\/\/redept.com.br\/blogosfera\/agu-pede-que-meta-exclua-chatbots-que-promovem-erotizacao-infantil\/\"  >\n\t\t\t\t\t\t\t\t\t  <div class=\"yuzo-img-wrap \" style=\"width: 125px;height:90px;\">\n\t\t\t\t\t\t\t\t\t\t\n\t\t\t\t\t\t\t\t\t\t<div class=\"yuzo-img\" style=\"background:url('https:\/\/redept.org\/blogosfera\/wp-content\/plugins\/yuzo-related-post\/assets\/images\/default.png') 50% 50% no-repeat;width: 125px;height:90px;margin-bottom: 5px;background-size: cover; \"><\/div>\n\t\t\t\t\t\t\t\t\t  <\/div>\n\t\t\t\t\t\t\t\t\t  \n\t\t\t\t\t\t\t\t   <span class=\"yuzo__text--title\" style=\"font-size:13px;\">AGU pede que Meta exclua chatbots que promovem ero...<\/span>\n\t\t\t\t\t\t\t  \n\t\t\t\t\t\t\t  \n\t\t\t\t\t\t\t  <\/a>\n\n\t\t\t\t\t\t  <\/div>\n\t\t\t\t\t\t  <div class=\"relatedthumb \" style=\"width:125px;float:left;overflow:hidden;\">  \n\t\t\t\t\t\t\t  \n\t\t\t\t\t\t\t  <a  href=\"https:\/\/redept.com.br\/blogosfera\/lula-faz-apelo-a-paz-e-volta-a-defender-reforma-em-conselho-da-onu\/\"  >\n\t\t\t\t\t\t\t\t\t  <div class=\"yuzo-img-wrap \" style=\"width: 125px;height:90px;\">\n\t\t\t\t\t\t\t\t\t\t\n\t\t\t\t\t\t\t\t\t\t<div class=\"yuzo-img\" style=\"background:url('https:\/\/redept.com.br\/blogosfera\/wp-content\/uploads\/2026\/03\/lula-150x150.jpg') 50% 50% no-repeat;width: 125px;height:90px;margin-bottom: 5px;background-size: cover; \"><\/div>\n\t\t\t\t\t\t\t\t\t  <\/div>\n\t\t\t\t\t\t\t\t\t  \n\t\t\t\t\t\t\t\t   <span class=\"yuzo__text--title\" style=\"font-size:13px;\">Lula faz apelo \u00e0 paz e volta a defender reforma em...<\/span>\n\t\t\t\t\t\t\t  \n\t\t\t\t\t\t\t  \n\t\t\t\t\t\t\t  <\/a>\n\n\t\t\t\t\t\t  <\/div>\n\t\t\t\t\t\t  <div class=\"relatedthumb \" style=\"width:125px;float:left;overflow:hidden;\">  \n\t\t\t\t\t\t\t  \n\t\t\t\t\t\t\t  <a  href=\"https:\/\/redept.com.br\/blogosfera\/nao-punir-golpistas-e-autorizar-novas-ameacas-a-democracia-diz-tadeu-veneri-pt-pr\/\"  >\n\t\t\t\t\t\t\t\t\t  <div class=\"yuzo-img-wrap \" style=\"width: 125px;height:90px;\">\n\t\t\t\t\t\t\t\t\t\t\n\t\t\t\t\t\t\t\t\t\t<div class=\"yuzo-img\" style=\"background:url('https:\/\/redept.org\/blogosfera\/wp-content\/plugins\/yuzo-related-post\/assets\/images\/default.png') 50% 50% no-repeat;width: 125px;height:90px;margin-bottom: 5px;background-size: cover; \"><\/div>\n\t\t\t\t\t\t\t\t\t  <\/div>\n\t\t\t\t\t\t\t\t\t  \n\t\t\t\t\t\t\t\t   <span class=\"yuzo__text--title\" style=\"font-size:13px;\">\u2018N\u00e3o punir golpistas \u00e9 autorizar novas amea\u00e7as \u00e0 d...<\/span>\n\t\t\t\t\t\t\t  \n\t\t\t\t\t\t\t  \n\t\t\t\t\t\t\t  <\/a>\n\n\t\t\t\t\t\t  <\/div>\n\t\t\t\t\t\t  <div class=\"relatedthumb \" style=\"width:125px;float:left;overflow:hidden;\">  \n\t\t\t\t\t\t\t  \n\t\t\t\t\t\t\t  <a  href=\"https:\/\/redept.com.br\/blogosfera\/tarifa-zero-numero-de-usuarios-de-onibus-no-df-aumentou-69-com-o-programa-vai-de-graca\/\"  >\n\t\t\t\t\t\t\t\t\t  <div class=\"yuzo-img-wrap \" style=\"width: 125px;height:90px;\">\n\t\t\t\t\t\t\t\t\t\t\n\t\t\t\t\t\t\t\t\t\t<div class=\"yuzo-img\" style=\"background:url('https:\/\/redept.org\/blogosfera\/wp-content\/plugins\/yuzo-related-post\/assets\/images\/default.png') 50% 50% no-repeat;width: 125px;height:90px;margin-bottom: 5px;background-size: cover; \"><\/div>\n\t\t\t\t\t\t\t\t\t  <\/div>\n\t\t\t\t\t\t\t\t\t  \n\t\t\t\t\t\t\t\t   <span class=\"yuzo__text--title\" style=\"font-size:13px;\">Tarifa Zero: n\u00famero de usu\u00e1rios de \u00f4nibus no DF au...<\/span>\n\t\t\t\t\t\t\t  \n\t\t\t\t\t\t\t  \n\t\t\t\t\t\t\t  <\/a>\n\n\t\t\t\t\t\t  <\/div>\n<\/div> <script>\n\t\t\t\t\t\t  jQuery(document).ready(function( $ ){\n\t\t\t\t\t\t\t\/\/jQuery('.yuzo_related_post').equalizer({ overflow : 'relatedthumb' });\n\t\t\t\t\t\t\tjQuery('.yuzo_related_post .yuzo_wraps').equalizer({ columns : '> div' });\n\t\t\t\t\t\t   })\n\t\t\t\t\t\t  <\/script> <!-- End Yuzo :) -->","protected":false},"excerpt":{"rendered":"<p>O jurista italiano Luigi Ferrajoli, 85, considerado o pai do garantismo penal, defendeu a condena\u00e7\u00e3o do ex-presidente Jair Bolsonaro (PL) e de seus aliados pela tentativa de golpe de Estado.\u00a0 Em entrevistas concedidas ao portal Jota, nesta quinta-feira (18), ele descreveu o julgamento como \u201cum ato important\u00edssimo de garantismo constitucional\u201d, em contraste direto com o [&hellip;]<\/p>\n","protected":false},"author":2,"featured_media":0,"comment_status":"open","ping_status":"closed","sticky":false,"template":"","format":"standard","meta":{"fifu_image_url":"","fifu_image_alt":"","footnotes":""},"categories":[1390,20772,536,20773,2129,288,19052,10298,260],"tags":[],"class_list":["post-53604","post","type-post","status-publish","format-standard","hentry","category-bolsonaro","category-constituicao-da-terra","category-democracia","category-garantismo","category-golpe-de-estado","category-justica","category-luigi-ferrajoli","category-luiz-fux","category-stf"],"_links":{"self":[{"href":"https:\/\/redept.com.br\/blogosfera\/wp-json\/wp\/v2\/posts\/53604","targetHints":{"allow":["GET"]}}],"collection":[{"href":"https:\/\/redept.com.br\/blogosfera\/wp-json\/wp\/v2\/posts"}],"about":[{"href":"https:\/\/redept.com.br\/blogosfera\/wp-json\/wp\/v2\/types\/post"}],"author":[{"embeddable":true,"href":"https:\/\/redept.com.br\/blogosfera\/wp-json\/wp\/v2\/users\/2"}],"replies":[{"embeddable":true,"href":"https:\/\/redept.com.br\/blogosfera\/wp-json\/wp\/v2\/comments?post=53604"}],"version-history":[{"count":0,"href":"https:\/\/redept.com.br\/blogosfera\/wp-json\/wp\/v2\/posts\/53604\/revisions"}],"wp:attachment":[{"href":"https:\/\/redept.com.br\/blogosfera\/wp-json\/wp\/v2\/media?parent=53604"}],"wp:term":[{"taxonomy":"category","embeddable":true,"href":"https:\/\/redept.com.br\/blogosfera\/wp-json\/wp\/v2\/categories?post=53604"},{"taxonomy":"post_tag","embeddable":true,"href":"https:\/\/redept.com.br\/blogosfera\/wp-json\/wp\/v2\/tags?post=53604"}],"curies":[{"name":"wp","href":"https:\/\/api.w.org\/{rel}","templated":true}]}}