{"id":53782,"date":"2025-09-21T17:55:15","date_gmt":"2025-09-21T20:55:15","guid":{"rendered":"https:\/\/redept.com.br\/blogosfera\/multidoes-ocupam-capitais-brasileiras-contra-anistia-e-pec-da-blindagem\/"},"modified":"2025-09-21T17:55:15","modified_gmt":"2025-09-21T20:55:15","slug":"multidoes-ocupam-capitais-brasileiras-contra-anistia-e-pec-da-blindagem","status":"publish","type":"post","link":"https:\/\/redept.com.br\/blogosfera\/multidoes-ocupam-capitais-brasileiras-contra-anistia-e-pec-da-blindagem\/","title":{"rendered":"Multid\u00f5es ocupam capitais brasileiras contra anistia e PEC da Blindagem"},"content":{"rendered":"<p>Milhares de pessoas foram \u00e0s ruas das capitais do Brasil neste domingo (21\/09) para protestar contra a anistia aos condenados por tentativa de golpe de Estado e a chamada PEC da Blindagem, que prev\u00ea exig\u00eancia de autoriza\u00e7\u00e3o do Congresso para processar criminalmente deputados e senadores.<\/p>\n<p>Foram registradas multid\u00f5es nas ruas de grandes cidades como Salvador, Recife, Natal e Belo Horizonte, Bras\u00edlia, S\u00e3o Paulo e Rio de Janeiro. Ao todo, 33 cidades tiveram atos, incluindo todas as capitais.<\/p>\n<p>Com o mote \u201cCongresso Inimigo do Povo\u201d, os manifestantes exigiram a pris\u00e3o do ex-presidente Jair Bolsonaro, condenado a 27 anos de pris\u00e3o pela trama golpista que tentou reverter o resultado das elei\u00e7\u00f5es de 2022 e culminou nos atentados \u00e0 Pra\u00e7a dos Tr\u00eas Poderes, em 8 de janeiro de 2023.<\/p>\n<h3>Bras\u00edlia<\/h3>\n<p>Em Bras\u00edlia, os manifestantes se concentraram \u00e0s 9h na Esplanada dos Minist\u00e9rios para protestar contra os projetos da anistia aos golpistas e da blindagem de parlamentares. A passeata ocupou as seis faixas do Eixo Monumental.<\/p>\n<p>Sob sol forte, a multid\u00e3o seguiu em marcha atr\u00e1s de um pequeno trio el\u00e9trico, ap\u00f3s uma batalha de rimas e discursos de lideran\u00e7as pol\u00edticas do Distrito Federal.<\/p>\n<p>O trajeto de cerca de 1,5 quil\u00f4metro foi at\u00e9 a frente do Congresso Nacional, onde o cantor e compositor Chico C\u00e9sar encerrou o ato cantando algumas de suas composi\u00e7\u00f5es, com encerramento \u00e0s 14h. Os cartazes traziam dizeres como \u201csem bandidagem\u201d, em refer\u00eancia a Proposta de Emenda \u00e0 Constitui\u00e7\u00e3o (PEC), tamb\u00e9m conhecida como PEC das Prerrogativas.<\/p>\n<p>A banc\u00e1ria Keyla Soares, de 42 anos, contou \u00e0<em> Ag\u00eancia Brasil<\/em> que ficou indignada com a proposta que exige autoriza\u00e7\u00e3o pr\u00e9via do Parlamento para processar criminalmente deputados e senadores.<\/p>\n<p>\u201c\u00c9 uma sem vergonhice. \u00c9 ofensiva essa PEC. Eles s\u00f3 trabalham em defesa deles mesmos. O Brasil tem que se unir contra isso. Estamos lutando tamb\u00e9m pela democracia\u201d, comentou.<\/p>\n<p>A estudante Sara Santos, de 26 anos, disse que a PEC \u00e9 um absurdo e ficou sem acreditar quando soube da aprova\u00e7\u00e3o. Para ela, os parlamentares apenas querem se proteger da Justi\u00e7a. A estudante tamb\u00e9m criticou o PL da anistia.<\/p>\n<p>\u201cDepois de tudo que a gente viveu com a ditadura militar, n\u00e3o podemos aceitar anistia contra quem atacou a democracia e tentou dar um golpe de Estado\u201d, justificou.<\/p>\n<p>A delegada aposentada Maria L\u00facia de Souza, de 62 anos, afirmou que o ex-presidente Jair Bolsonaro, \u201cdesde o primeiro dia do governo dele\u201d, queria dar o golpe para se perpetuar no poder.<\/p>\n<p>\u201cEst\u00e3o subestimando nossa intelig\u00eancia. Acha que somos burros. Na semana que saem not\u00edcias de suposto envolvimento do Rueda [presidente do Uni\u00e3o Brasil] com o PCC, eles aprovam essa PEC da Bandidagem. Estou revoltada\u201d, disse.<\/p>\n<p>Maria L\u00facia se refere \u00e0 veicula\u00e7\u00e3o de reportagens que apontam uma suposta conex\u00e3o entre o presidente nacional do partido Uni\u00e3o Brasil, Antonio Rueda, e a organiza\u00e7\u00e3o criminosa Primeiro Comando da Capital (PCC). Rueda e o partido negam as acusa\u00e7\u00f5es.<\/p>\n<p>Para o servidor p\u00fablico Albert Scott, de 47 anos, n\u00e3o tem que ter anistia para quem planejou e financiou tentativa de golpe de Estado e defendeu \u201cresgatar nossa bandeira\u201d e \u201cnossas cores verde e amarela\u201d, que foram \u201csequestradas\u201d pela extrema-direita.<\/p>\n<p>\u201c\u00c9 inaceit\u00e1vel. \u00c9 um retrocesso essa PEC. Eles s\u00f3 votam por eles mesmos para se proteger da Justi\u00e7a. Isso \u00e9 absurdo\u201d, disse.<\/p>\n<figure aria-describedby=\"caption-attachment-231975\"><img fetchpriority=\"high\" fetchpriority=\"high\" decoding=\"async\"src=\"https:\/\/redept.com.br\/blogosfera\/wp-content\/uploads\/2025\/09\/pint7074.webp\" alt=\"\" width=\"1170\" height=\"700\" srcset=\"https:\/\/redept.com.br\/blogosfera\/wp-content\/uploads\/2025\/09\/pint7074.webp 1170w, https:\/\/operamundi.uol.com.br\/wp-content\/uploads\/2025\/09\/pint7074-300x179.webp 300w, https:\/\/operamundi.uol.com.br\/wp-content\/uploads\/2025\/09\/pint7074-1024x613.webp 1024w, https:\/\/operamundi.uol.com.br\/wp-content\/uploads\/2025\/09\/pint7074-768x459.webp 768w, https:\/\/operamundi.uol.com.br\/wp-content\/uploads\/2025\/09\/pint7074-150x90.webp 150w, https:\/\/operamundi.uol.com.br\/wp-content\/uploads\/2025\/09\/pint7074-750x449.webp 750w, https:\/\/operamundi.uol.com.br\/wp-content\/uploads\/2025\/09\/pint7074-1140x682.webp 1140w\" sizes=\"(max-width: 1170px) 100vw, 1170px\"><figcaption>Ao todo, 33 cidades tiveram atos, incluindo todas as capitais brasileiras <br \/>Paulo Pinto\/Ag\u00eancia Brasil<\/figcaption><\/figure>\n<h3>Atos em todo o Brasil<\/h3>\n<p>Em Salvador, capital da Bahia, milhares de pessoas se concentraram no bairro da Barra, na beira da praia, onde a cantora Daniela Mercury se apresentou para o p\u00fablico. \u201cBandidagem n\u00e3o \u00e9 com a gente\u201d, disse a artista baiana.<\/p>\n<p>O ato contou ainda com o ator Wagner Moura, que tamb\u00e9m cantou, al\u00e9m de elogiar o julgamento da trama golpista que condenou Bolsonaro e aliados.<\/p>\n<p>\u201cEu fiquei com vontade de falar s\u00f3 do momento extraordin\u00e1rio pelo qual passa a democracia brasileira, que \u00e9 exemplo para o mundo inteiro. A gente que sempre cresceu dizendo que nossa democracia \u00e9 fr\u00e1gil, que ela \u00e9 jovem. Nossa democracia botou para \u2018lenhar\u2019 [para quebrar]\u201d, disse Moura.<\/p>\n<p>Em Belo Horizonte, capital de Minas Gerais, uma multid\u00e3o ocupou as ruas do centro da cidade, em concentra\u00e7\u00e3o na Pra\u00e7a Raul Soares, com gritos de \u201csem anistia para golpistas\u201d. O ato tamb\u00e9m contou com apresenta\u00e7\u00e3o de artistas, entre elas, a cantora Fernanda Takai, da banda Pato Fu.<\/p>\n<p>Em Recife, capital de Pernambuco, o ato come\u00e7ou por volta das 14h, na Rua da Aurora, no centro da capital pernambucana, com o desfile do bloco de frevo Eu Acho \u00e9 Pouco, com uma das mais tradicionais orquestras do carnaval de Olinda. Grupos de maracatu tamb\u00e9m marcam presen\u00e7a no ato.<\/p>\n<p>A capital paraibana Jo\u00e3o Pessoa tamb\u00e9m fez um protesto nesse domingo, com gritos de \u201cFora, Hugo Motta\u201d; \u201cMotta Capacho\u201d; \u201cCentr\u00e3o ladr\u00e3o\u201d; \u201cPCC: Primeiro Comando do Congresso\u201d referindo-se ao deputado federal paraibano (Republicanos-PB), que preside a C\u00e2mara dos Deputados. Como presidente da Casa, Motta \u00e9 o respons\u00e1vel por definir a pauta de vota\u00e7\u00f5es e incluiu a PEC e a anistia na programa\u00e7\u00e3o da \u00faltima semana.<\/p>\n<p>O grito ecoou tamb\u00e9m pelas ruas de S\u00e3o Lu\u00eds, onde a multid\u00e3o caminhou segurando cartazes e faixas onde os dizeres \u201csem anistia\u201d apareciam com frequ\u00eancia.<\/p>\n<p>\u201cQuem deve teme, quem \u00e9 honesto n\u00e3o precisa de PEC\u201d, era a frase em um cartaz levantado por uma manifestante em Bel\u00e9m. Na capital paraense, milhares de pessoas se reuniram na entrada do Theatro da Paz, primeira casa de espet\u00e1culos constru\u00edda na Amaz\u00f4nia.<\/p>\n<p>Na capital do Rio Grande do Norte, Natal, tamb\u00e9m houve protestos. \u201cAqui em Natal o povo est\u00e1 na rua dizendo n\u00e3o \u00e0 PEC da blindagem e que n\u00e3o vai ter anistia\u201d, declarou a deputada estadual Brisa Bracchi (PT), em cima do carro de som.<\/p>\n<p>Em S\u00e3o Paulo, com concentra\u00e7\u00e3o em frente ao Masp, na avenida Paulista, os atos contaram com a participa\u00e7\u00e3o de artistas como Marina Lima, Jota P\u00ea, Otto e Leoni. No Rio de Janeiro, Chico Buarque, Gilberto Gil e Caetano Veloso seadiram um show praia de Copacabana.<\/p>\n<p>\u201cA PEC da Bandidagem, que \u00e9 o que \u00e9, tem que receber da sociedade brasileira uma resposta saud\u00e1vel, socialmente saud\u00e1vel, uma manifesta\u00e7\u00e3o de que grande parte da sociedade brasileira n\u00e3o admite um neg\u00f3cio desses\u201d, afirmou Caetano, em v\u00eddeo publicado nas redes sociais.<\/p>\n<p>Tamb\u00e9m foram registrados atos em Teresina (PI); Fortaleza (CE); Porto Alegre (RS); Florian\u00f3polis (SC); Bras\u00edlia (DF).<\/p>\n<p>Convocados pelas frentes Povo Sem Medo e Brasil Popular, ligados ao Partido Socialismo e Liberdade (PSOL) e Partido dos Trabalhadores (PT), as manifesta\u00e7\u00f5es contaram com a presen\u00e7a de sindicatos, grupos estudantis, artistas e movimentos sociais, como Movimento dos Trabalhadores Rurais sem Terra (MST) e Movimento dos Trabalhadores Sem-Teto (MTST), al\u00e9m de outros partidos de esquerda e centro-esquerda.<\/p>\n<h3>Por que ocorrem protestos?<\/h3>\n<p>Aprovada em regime de urg\u00eancia na \u00faltima ter\u00e7a-feira (16\/09) pela C\u00e2mara dos Deputados, a PEC da Blindagem prev\u00ea que qualquer abertura de a\u00e7\u00e3o penal contra parlamentar dependa de autoriza\u00e7\u00e3o pr\u00e9via, da maioria absoluta do Senado ou da C\u00e2mara.<\/p>\n<p>Pelo texto, os parlamentares t\u00eam 90 dias para decidir se autorizam ou n\u00e3o a investiga\u00e7\u00e3o criminal contra um colega, a contar de quando o Supremo enviar o pedido ao Congresso. Segundo a proposta, a abertura de processos judiciais e investiga\u00e7\u00f5es contra parlamentares precisar\u00e1 ser aprovada pela maioria das pr\u00f3prias casas legislativas.<\/p>\n<p>J\u00e1 na quarta (17\/09), a C\u00e2mara aprovou a tramita\u00e7\u00e3o de um projeto de lei de anistia que poderia beneficiar os condenados na tentativa de golpe de 8 de janeiro de 2023, incluindo o ex-presidente Jair Bolsonaro.<\/p>\n<p><em>(*) Com Ag\u00eancia Brasil, Ansa e Brasil de Fato<\/em><\/p>\n<p>O post Multid\u00f5es ocupam capitais brasileiras contra anistia e PEC da Blindagem apareceu primeiro em Opera Mundi.<\/p>\n<!-- Begin Yuzo --><div class='yuzo_related_post style-1'  data-version='5.12.89'><!-- without result --><div class='yuzo_clearfixed yuzo__title yuzo__title'><h3>Related Post<\/h3><\/div>\n\t\t\t\t\t\t  <div class=\"relatedthumb \" style=\"width:125px;float:left;overflow:hidden;\">  \n\t\t\t\t\t\t\t  \n\t\t\t\t\t\t\t  <a  href=\"https:\/\/redept.com.br\/blogosfera\/okc-e-pacers-vao-aos-jogos-5-com-chance-de-avancar-a-final-da-nba\/\"  >\n\t\t\t\t\t\t\t\t\t  <div class=\"yuzo-img-wrap \" style=\"width: 125px;height:90px;\">\n\t\t\t\t\t\t\t\t\t\t\n\t\t\t\t\t\t\t\t\t\t<div class=\"yuzo-img\" style=\"background:url('https:\/\/redept.com.br\/blogosfera\/wp-content\/uploads\/2025\/05\/whatsapp-image-2025-05-28-at-154803-150x150.jpeg') 50% 50% no-repeat;width: 125px;height:90px;margin-bottom: 5px;background-size: cover; \"><\/div>\n\t\t\t\t\t\t\t\t\t  <\/div>\n\t\t\t\t\t\t\t\t\t  \n\t\t\t\t\t\t\t\t   <span class=\"yuzo__text--title\" style=\"font-size:13px;\">OKC e Pacers v\u00e3o aos jogos 5 com chance de avan\u00e7ar...<\/span>\n\t\t\t\t\t\t\t  \n\t\t\t\t\t\t\t  \n\t\t\t\t\t\t\t  <\/a>\n\n\t\t\t\t\t\t  <\/div>\n\t\t\t\t\t\t  <div class=\"relatedthumb \" style=\"width:125px;float:left;overflow:hidden;\">  \n\t\t\t\t\t\t\t  \n\t\t\t\t\t\t\t  <a  href=\"https:\/\/redept.com.br\/blogosfera\/lula-veta-retrocessos-no-licenciamento-ambiental-e-fortalece-protecao-do-meio-ambiente\/\"  >\n\t\t\t\t\t\t\t\t\t  <div class=\"yuzo-img-wrap \" style=\"width: 125px;height:90px;\">\n\t\t\t\t\t\t\t\t\t\t\n\t\t\t\t\t\t\t\t\t\t<div class=\"yuzo-img\" style=\"background:url('https:\/\/redept.org\/blogosfera\/wp-content\/plugins\/yuzo-related-post\/assets\/images\/default.png') 50% 50% no-repeat;width: 125px;height:90px;margin-bottom: 5px;background-size: cover; \"><\/div>\n\t\t\t\t\t\t\t\t\t  <\/div>\n\t\t\t\t\t\t\t\t\t  \n\t\t\t\t\t\t\t\t   <span class=\"yuzo__text--title\" style=\"font-size:13px;\">Lula veta retrocessos no licenciamento ambiental e...<\/span>\n\t\t\t\t\t\t\t  \n\t\t\t\t\t\t\t  \n\t\t\t\t\t\t\t  <\/a>\n\n\t\t\t\t\t\t  <\/div>\n\t\t\t\t\t\t  <div class=\"relatedthumb \" style=\"width:125px;float:left;overflow:hidden;\">  \n\t\t\t\t\t\t\t  \n\t\t\t\t\t\t\t  <a  href=\"https:\/\/redept.com.br\/blogosfera\/filha-de-prestes-e-olga-benario-participa-de-evento-sobre-os-100-anos-do-movimento-liderado-pelo-pai-no-recife-pe\/\"  >\n\t\t\t\t\t\t\t\t\t  <div class=\"yuzo-img-wrap \" style=\"width: 125px;height:90px;\">\n\t\t\t\t\t\t\t\t\t\t\n\t\t\t\t\t\t\t\t\t\t<div class=\"yuzo-img\" style=\"background:url('https:\/\/redept.org\/blogosfera\/wp-content\/plugins\/yuzo-related-post\/assets\/images\/default.png') 50% 50% no-repeat;width: 125px;height:90px;margin-bottom: 5px;background-size: cover; \"><\/div>\n\t\t\t\t\t\t\t\t\t  <\/div>\n\t\t\t\t\t\t\t\t\t  \n\t\t\t\t\t\t\t\t   <span class=\"yuzo__text--title\" style=\"font-size:13px;\">Filha de Prestes e Olga Ben\u00e1rio participa de event...<\/span>\n\t\t\t\t\t\t\t  \n\t\t\t\t\t\t\t  \n\t\t\t\t\t\t\t  <\/a>\n\n\t\t\t\t\t\t  <\/div>\n\t\t\t\t\t\t  <div class=\"relatedthumb \" style=\"width:125px;float:left;overflow:hidden;\">  \n\t\t\t\t\t\t\t  \n\t\t\t\t\t\t\t  <a  href=\"https:\/\/redept.com.br\/blogosfera\/nao-caia-em-fake-news-fraudes-no-inss-comecaram-com-bolsonaro-e-foram-desbaratadas-por-lula\/\"  >\n\t\t\t\t\t\t\t\t\t  <div class=\"yuzo-img-wrap \" style=\"width: 125px;height:90px;\">\n\t\t\t\t\t\t\t\t\t\t\n\t\t\t\t\t\t\t\t\t\t<div class=\"yuzo-img\" style=\"background:url('https:\/\/redept.org\/blogosfera\/wp-content\/plugins\/yuzo-related-post\/assets\/images\/default.png') 50% 50% no-repeat;width: 125px;height:90px;margin-bottom: 5px;background-size: cover; \"><\/div>\n\t\t\t\t\t\t\t\t\t  <\/div>\n\t\t\t\t\t\t\t\t\t  \n\t\t\t\t\t\t\t\t   <span class=\"yuzo__text--title\" style=\"font-size:13px;\">N\u00e3o caia em fake news: fraudes no INSS come\u00e7aram c...<\/span>\n\t\t\t\t\t\t\t  \n\t\t\t\t\t\t\t  \n\t\t\t\t\t\t\t  <\/a>\n\n\t\t\t\t\t\t  <\/div>\n<\/div> <script>\n\t\t\t\t\t\t  jQuery(document).ready(function( $ ){\n\t\t\t\t\t\t\t\/\/jQuery('.yuzo_related_post').equalizer({ overflow : 'relatedthumb' });\n\t\t\t\t\t\t\tjQuery('.yuzo_related_post .yuzo_wraps').equalizer({ columns : '> div' });\n\t\t\t\t\t\t   })\n\t\t\t\t\t\t  <\/script> <!-- End Yuzo :) -->","protected":false},"excerpt":{"rendered":"<p>Milhares de pessoas foram \u00e0s ruas das capitais do Brasil neste domingo (21\/09) para protestar contra a anistia aos condenados por tentativa de golpe de Estado e a chamada PEC da Blindagem, que prev\u00ea exig\u00eancia de autoriza\u00e7\u00e3o do Congresso para processar criminalmente deputados e senadores. Foram registradas multid\u00f5es nas ruas de grandes cidades como Salvador, [\u2026]<\/p>\n<p>O post <a href=\"https:\/\/operamundi.uol.com.br\/politica-e-economia\/multidoes-ocupam-capitais-brasileiras-contra-anistia-e-pec-da-blindagem\/\">Multid\u00f5es ocupam capitais brasileiras contra anistia e PEC da Blindagem<\/a> apareceu primeiro em <a href=\"https:\/\/operamundi.uol.com.br\/\">Opera Mundi<\/a>.<\/p>\n","protected":false},"author":2,"featured_media":53783,"comment_status":"closed","ping_status":"closed","sticky":false,"template":"","format":"standard","meta":{"fifu_image_url":"","fifu_image_alt":"","footnotes":""},"categories":[970,1390,16805,3876,5518],"tags":[],"class_list":["post-53782","post","type-post","status-publish","format-standard","has-post-thumbnail","hentry","category-anistia","category-bolsonaro","category-pec-da-blindagem","category-pl-da-anistia","category-politica-e-economia"],"_links":{"self":[{"href":"https:\/\/redept.com.br\/blogosfera\/wp-json\/wp\/v2\/posts\/53782","targetHints":{"allow":["GET"]}}],"collection":[{"href":"https:\/\/redept.com.br\/blogosfera\/wp-json\/wp\/v2\/posts"}],"about":[{"href":"https:\/\/redept.com.br\/blogosfera\/wp-json\/wp\/v2\/types\/post"}],"author":[{"embeddable":true,"href":"https:\/\/redept.com.br\/blogosfera\/wp-json\/wp\/v2\/users\/2"}],"replies":[{"embeddable":true,"href":"https:\/\/redept.com.br\/blogosfera\/wp-json\/wp\/v2\/comments?post=53782"}],"version-history":[{"count":0,"href":"https:\/\/redept.com.br\/blogosfera\/wp-json\/wp\/v2\/posts\/53782\/revisions"}],"wp:featuredmedia":[{"embeddable":true,"href":"https:\/\/redept.com.br\/blogosfera\/wp-json\/wp\/v2\/media\/53783"}],"wp:attachment":[{"href":"https:\/\/redept.com.br\/blogosfera\/wp-json\/wp\/v2\/media?parent=53782"}],"wp:term":[{"taxonomy":"category","embeddable":true,"href":"https:\/\/redept.com.br\/blogosfera\/wp-json\/wp\/v2\/categories?post=53782"},{"taxonomy":"post_tag","embeddable":true,"href":"https:\/\/redept.com.br\/blogosfera\/wp-json\/wp\/v2\/tags?post=53782"}],"curies":[{"name":"wp","href":"https:\/\/api.w.org\/{rel}","templated":true}]}}