{"id":5392,"date":"2024-11-17T11:16:51","date_gmt":"2024-11-17T14:16:51","guid":{"rendered":"https:\/\/redept.org\/blogosfera\/em-feira-nacional-sobre-uso-da-cannabis-eduardo-suplicy-anuncia-remissao-do-cancer\/"},"modified":"2024-11-17T11:16:51","modified_gmt":"2024-11-17T14:16:51","slug":"em-feira-nacional-sobre-uso-da-cannabis-eduardo-suplicy-anuncia-remissao-do-cancer","status":"publish","type":"post","link":"https:\/\/redept.com.br\/blogosfera\/em-feira-nacional-sobre-uso-da-cannabis-eduardo-suplicy-anuncia-remissao-do-cancer\/","title":{"rendered":"Em feira nacional sobre uso da cannabis, Eduardo Suplicy anuncia remiss\u00e3o do c\u00e2ncer"},"content":{"rendered":"<div>\n<p>O deputado estadual Eduardo Suplicy (PT-SP) anunciou, neste s\u00e1bado (16), a remiss\u00e3o do c\u00e2ncer linf\u00e1tico contra o qual estava em tratamento desde julho. &#8220;Estou curado&#8221;, afirmou durante seu discurso na ExpoCannabis, evento realizado na capital paulista voltado ao debate sobre o uso medicinal da maconha.<\/p>\n<p>A cannabis no contexto medicinal \u00e9 amplamente divulgada e defendida por Suplicy, que faz<a href=\"https:\/\/www.brasildefato.com.br\/2023\/10\/02\/cannabis-medicinal-a-dor-na-perna-sumiu-e-o-tremor-nas-maos-diminuiu-declara-eduardo-suplicy\"> uso da planta da maconha desde 2022<\/a> no tratamento da doen\u00e7a de Parkinson. Ao Brasil de Fato, neste domingo (17), Suplicy afirmou que o uso da planta continua sendo fundamental para seu tratamento. &#8220;T\u00e1 sendo muito importante porque ainda n\u00e3o terminei todo o tratamento [contra o c\u00e2ncer]. Vai at\u00e9 dezembro&#8221;, disse.<\/p>\n<blockquote class=\"instagram-media\">\n<div>\n<div>\n<div>\u00a0<\/div>\n<div>\n<div>\u00a0<\/div>\n<div>\u00a0<\/div>\n<\/div>\n<\/div>\n<div>\u00a0<\/div>\n<div>\u00a0<\/div>\n<div>\n<div><a href=\"https:\/\/www.instagram.com\/reel\/DCcsmYiuyTW\/?utm_source=ig_embed&amp;utm_campaign=loading\">Ver essa foto no Instagram<\/a><\/div>\n<\/div>\n<div>\u00a0<\/div>\n<div>\n<div>\n<div>\u00a0<\/div>\n<div>\u00a0<\/div>\n<div>\u00a0<\/div>\n<\/div>\n<div>\n<div>\u00a0<\/div>\n<div>\u00a0<\/div>\n<\/div>\n<div>\n<div>\u00a0<\/div>\n<div>\u00a0<\/div>\n<div>\u00a0<\/div>\n<\/div>\n<\/div>\n<div>\n<div>\u00a0<\/div>\n<div>\u00a0<\/div>\n<\/div>\n<p><a href=\"https:\/\/www.instagram.com\/reel\/DCcsmYiuyTW\/?utm_source=ig_embed&amp;utm_campaign=loading\">Uma publica\u00e7\u00e3o compartilhada por Eduardo Matarazzo Suplicy (@eduardosuplicy)<\/a><\/p>\n<\/div>\n<\/blockquote>\n<p>&#8220;Depois de<a href=\"https:\/\/www.brasildefato.com.br\/2024\/10\/28\/continuo-minhas-atividades-e-minhas-aulas-de-ginastica-declara-suplicy-ao-confirmar-diagnostico-de-cancer\"> 4 meses de batalha<\/a>, finalmente foi constatada a remiss\u00e3o do meu linfoma. Continuo o tratamento, ainda falta uma sess\u00e3o de imunoterapia, e como minha imunidade est\u00e1 muito baixa, mantenho isolamento parcial. Mas, se antes tinha sonhos, agora eles s\u00f3 aumentaram! N\u00e3o irei descansar enquanto n\u00e3o ver institu\u00edda a Renda B\u00e1sica de Cidadania no Brasil e no mundo!&#8221;, escreveu Suplicy em postagem no Instagram, acompanhada de v\u00eddeo na ExpoCannabis.<\/p>\n<p>O diagn\u00f3stico de linfoma n\u00e3o-hodgkin, um tipo de c\u00e2ncer que que tem origem nas c\u00e9lulas do sistema linf\u00e1tico, foi confirmado por Suplicy \u00e0 imprensa em outubro deste ano. &#8220;Continuo minhas atividades na Assembleia e minhas aulas de gin\u00e1stica&#8221;, disse \u00e0 \u00e9poca.\u00a0<\/p>\n<\/div>\n<!-- Begin Yuzo --><div class='yuzo_related_post style-1'  data-version='5.12.89'><!-- without result --><div class='yuzo_clearfixed yuzo__title yuzo__title'><h3>Related Post<\/h3><\/div>\n\t\t\t\t\t\t  <div class=\"relatedthumb \" style=\"width:125px;float:left;overflow:hidden;\">  \n\t\t\t\t\t\t\t  \n\t\t\t\t\t\t\t  <a  href=\"https:\/\/redept.com.br\/blogosfera\/eleicoes-na-guine-bissau-legitimarao-uma-ditadura-neocolonial\/\"  >\n\t\t\t\t\t\t\t\t\t  <div class=\"yuzo-img-wrap \" style=\"width: 125px;height:90px;\">\n\t\t\t\t\t\t\t\t\t\t\n\t\t\t\t\t\t\t\t\t\t<div class=\"yuzo-img\" style=\"background:url('https:\/\/redept.com.br\/blogosfera\/wp-content\/uploads\/2025\/10\/paigc-guinea-bissau-2-150x150.jpg') 50% 50% no-repeat;width: 125px;height:90px;margin-bottom: 5px;background-size: cover; \"><\/div>\n\t\t\t\t\t\t\t\t\t  <\/div>\n\t\t\t\t\t\t\t\t\t  \n\t\t\t\t\t\t\t\t   <span class=\"yuzo__text--title\" style=\"font-size:13px;\">Elei\u00e7\u00f5es na Guin\u00e9-Bissau legitimar\u00e3o uma ditadura ...<\/span>\n\t\t\t\t\t\t\t  \n\t\t\t\t\t\t\t  \n\t\t\t\t\t\t\t  <\/a>\n\n\t\t\t\t\t\t  <\/div>\n\t\t\t\t\t\t  <div class=\"relatedthumb \" style=\"width:125px;float:left;overflow:hidden;\">  \n\t\t\t\t\t\t\t  \n\t\t\t\t\t\t\t  <a  href=\"https:\/\/redept.com.br\/blogosfera\/antissionismo-e-antissemitismo-distincoes-didaticas\/\"  >\n\t\t\t\t\t\t\t\t\t  <div class=\"yuzo-img-wrap \" style=\"width: 125px;height:90px;\">\n\t\t\t\t\t\t\t\t\t\t\n\t\t\t\t\t\t\t\t\t\t<div class=\"yuzo-img\" style=\"background:url('https:\/\/redept.com.br\/blogosfera\/wp-content\/uploads\/2026\/04\/673a28811d17e-150x150.jpeg') 50% 50% no-repeat;width: 125px;height:90px;margin-bottom: 5px;background-size: cover; \"><\/div>\n\t\t\t\t\t\t\t\t\t  <\/div>\n\t\t\t\t\t\t\t\t\t  \n\t\t\t\t\t\t\t\t   <span class=\"yuzo__text--title\" style=\"font-size:13px;\">Antissionismo e Antissemitismo: distin\u00e7\u00f5es did\u00e1tic...<\/span>\n\t\t\t\t\t\t\t  \n\t\t\t\t\t\t\t  \n\t\t\t\t\t\t\t  <\/a>\n\n\t\t\t\t\t\t  <\/div>\n\t\t\t\t\t\t  <div class=\"relatedthumb \" style=\"width:125px;float:left;overflow:hidden;\">  \n\t\t\t\t\t\t\t  \n\t\t\t\t\t\t\t  <a  href=\"https:\/\/redept.com.br\/blogosfera\/precisamos-de-um-sus-da-cultura-diz-alexandre-santini\/\"  >\n\t\t\t\t\t\t\t\t\t  <div class=\"yuzo-img-wrap \" style=\"width: 125px;height:90px;\">\n\t\t\t\t\t\t\t\t\t\t\n\t\t\t\t\t\t\t\t\t\t<div class=\"yuzo-img\" style=\"background:url('https:\/\/redept.com.br\/blogosfera\/wp-content\/uploads\/2025\/11\/Design-sem-nome-2048x1015-1-150x150.png') 50% 50% no-repeat;width: 125px;height:90px;margin-bottom: 5px;background-size: cover; \"><\/div>\n\t\t\t\t\t\t\t\t\t  <\/div>\n\t\t\t\t\t\t\t\t\t  \n\t\t\t\t\t\t\t\t   <span class=\"yuzo__text--title\" style=\"font-size:13px;\">\u201cPrecisamos de um SUS da cultura\u201d, diz Alexandre S...<\/span>\n\t\t\t\t\t\t\t  \n\t\t\t\t\t\t\t  \n\t\t\t\t\t\t\t  <\/a>\n\n\t\t\t\t\t\t  <\/div>\n\t\t\t\t\t\t  <div class=\"relatedthumb \" style=\"width:125px;float:left;overflow:hidden;\">  \n\t\t\t\t\t\t\t  \n\t\t\t\t\t\t\t  <a  href=\"https:\/\/redept.com.br\/blogosfera\/trump-ameaca-punir-paises-que-sustentam-economia-russa-como-india-e-aliados-do-brics-analisa-especialista\/\"  >\n\t\t\t\t\t\t\t\t\t  <div class=\"yuzo-img-wrap \" style=\"width: 125px;height:90px;\">\n\t\t\t\t\t\t\t\t\t\t\n\t\t\t\t\t\t\t\t\t\t<div class=\"yuzo-img\" style=\"background:url('https:\/\/redept.org\/blogosfera\/wp-content\/plugins\/yuzo-related-post\/assets\/images\/default.png') 50% 50% no-repeat;width: 125px;height:90px;margin-bottom: 5px;background-size: cover; \"><\/div>\n\t\t\t\t\t\t\t\t\t  <\/div>\n\t\t\t\t\t\t\t\t\t  \n\t\t\t\t\t\t\t\t   <span class=\"yuzo__text--title\" style=\"font-size:13px;\">Trump amea\u00e7a punir pa\u00edses que sustentam economia r...<\/span>\n\t\t\t\t\t\t\t  \n\t\t\t\t\t\t\t  \n\t\t\t\t\t\t\t  <\/a>\n\n\t\t\t\t\t\t  <\/div>\n<\/div> <script>\n\t\t\t\t\t\t  jQuery(document).ready(function( $ ){\n\t\t\t\t\t\t\t\/\/jQuery('.yuzo_related_post').equalizer({ overflow : 'relatedthumb' });\n\t\t\t\t\t\t\tjQuery('.yuzo_related_post .yuzo_wraps').equalizer({ columns : '> div' });\n\t\t\t\t\t\t   })\n\t\t\t\t\t\t  <\/script> <!-- End Yuzo :) -->","protected":false},"excerpt":{"rendered":"<p>O deputado estadual Eduardo Suplicy (PT-SP) anunciou, neste s\u00e1bado (16), a remiss\u00e3o do c\u00e2ncer linf\u00e1tico contra o qual estava em tratamento desde julho. &#8220;Estou curado&#8221;, afirmou durante seu discurso na ExpoCannabis, evento realizado na capital paulista voltado ao debate sobre o uso medicinal da maconha. A cannabis no contexto medicinal \u00e9 amplamente divulgada e defendida [&hellip;]<\/p>\n","protected":false},"author":2,"featured_media":0,"comment_status":"closed","ping_status":"closed","sticky":false,"template":"","format":"standard","meta":{"fifu_image_url":"","fifu_image_alt":"","footnotes":""},"categories":[1],"tags":[],"class_list":["post-5392","post","type-post","status-publish","format-standard","hentry","category-uncategorized"],"_links":{"self":[{"href":"https:\/\/redept.com.br\/blogosfera\/wp-json\/wp\/v2\/posts\/5392","targetHints":{"allow":["GET"]}}],"collection":[{"href":"https:\/\/redept.com.br\/blogosfera\/wp-json\/wp\/v2\/posts"}],"about":[{"href":"https:\/\/redept.com.br\/blogosfera\/wp-json\/wp\/v2\/types\/post"}],"author":[{"embeddable":true,"href":"https:\/\/redept.com.br\/blogosfera\/wp-json\/wp\/v2\/users\/2"}],"replies":[{"embeddable":true,"href":"https:\/\/redept.com.br\/blogosfera\/wp-json\/wp\/v2\/comments?post=5392"}],"version-history":[{"count":0,"href":"https:\/\/redept.com.br\/blogosfera\/wp-json\/wp\/v2\/posts\/5392\/revisions"}],"wp:attachment":[{"href":"https:\/\/redept.com.br\/blogosfera\/wp-json\/wp\/v2\/media?parent=5392"}],"wp:term":[{"taxonomy":"category","embeddable":true,"href":"https:\/\/redept.com.br\/blogosfera\/wp-json\/wp\/v2\/categories?post=5392"},{"taxonomy":"post_tag","embeddable":true,"href":"https:\/\/redept.com.br\/blogosfera\/wp-json\/wp\/v2\/tags?post=5392"}],"curies":[{"name":"wp","href":"https:\/\/api.w.org\/{rel}","templated":true}]}}