{"id":5396,"date":"2024-11-17T14:00:59","date_gmt":"2024-11-17T17:00:59","guid":{"rendered":"https:\/\/redept.org\/blogosfera\/israel-submete-palestinos-a-miseria-extrema\/"},"modified":"2024-11-17T14:00:59","modified_gmt":"2024-11-17T17:00:59","slug":"israel-submete-palestinos-a-miseria-extrema","status":"publish","type":"post","link":"https:\/\/redept.com.br\/blogosfera\/israel-submete-palestinos-a-miseria-extrema\/","title":{"rendered":"Israel submete palestinos \u00e0 mis\u00e9ria extrema"},"content":{"rendered":"<div>\n<p><strong>Relat\u00f3rios da ONU revelam que 96% da popula\u00e7\u00e3o de Gaza sofre de inseguran\u00e7a alimentar grave e mais de 52 mil palestinos foram mortos desde o in\u00edcio dos ataques. A escalada do conflito levou Gaza \u00e0 mis\u00e9ria extrema, retrocedendo a economia local em 70 anos.<\/strong><\/p>\n<p><b>Reda\u00e7\u00e3o<\/b><\/p>\n<hr>\n<p><span style=\"font-weight: 400;\"><strong>INTERNACIONAL \u2013 <\/strong>\u201cEnterrei meu filho do lado de fora do hospital. A recompensa por nosso trabalho humanit\u00e1rio foi ter nossas crian\u00e7as assassinadas diante de nossos olhos e enterr\u00e1-las com as pr\u00f3prias m\u00e3os.\u201d<\/span><\/p>\n<p><span style=\"font-weight: 400;\">Este \u00e9 o relato do Dr. Abu Hussan Safiyah, diretor do Hospital Kamal Adwan, \u00fanico que ainda opera no Norte de Gaza. O filho do Dr. Safiyah tamb\u00e9m era m\u00e9dico e foi assassinado num bombardeio israelense. Nesta regi\u00e3o, mais de 90% dos edif\u00edcios j\u00e1 foram destru\u00eddos e o Ex\u00e9rcito sionista realiza massacres di\u00e1rios contra os palestinos.<\/span><\/p>\n<p><span style=\"font-weight: 400;\">Novos relat\u00f3rios da ONU e das ag\u00eancias internacionais mostram a amplitude do genoc\u00eddio em Gaza. O mais novo, divulgado em 22 de outubro, realizado pelo Programa das Na\u00e7\u00f5es Unidas para o Desenvolvimento (Pnud), aponta uma escala catastr\u00f3fica: 96% da popula\u00e7\u00e3o de Gaza est\u00e1 sofrendo de inseguran\u00e7a alimentar grave. A popula\u00e7\u00e3o local \u00e9 de 2,15 milh\u00f5es de pessoas, sendo que mais de 52 mil foram assassinadas e h\u00e1 mais de 100 mil feridas.\u00a0<\/span><\/p>\n<p><span style=\"font-weight: 400;\">Para piorar, o relat\u00f3rio aponta que 67% das terras agricult\u00e1veis de Gaza foram destru\u00eddas ou danificadas, realidade confirmada pelos milhares de v\u00eddeos compartilhados pelos soldados sionistas mostrando a destrui\u00e7\u00e3o de vilas e aldeias na \u00e1rea rural de Gaza. Ou seja, Israel est\u00e1, de fato, matando os palestinos de fome.\u00a0<\/span><\/p>\n<p><span style=\"font-weight: 400;\">E Israel tem uma prefer\u00eancia em assassinar estudantes e professores palestinos. De acordo com o relat\u00f3rio do Pnud, desde o in\u00edcio da guerra, 10.317 estudantes e 416 professores foram mortos pelos ataques israelenses.<\/span><\/p>\n<p><span style=\"font-weight: 400;\">Desde o in\u00edcio do genoc\u00eddio, Israel tamb\u00e9m colocou 782 mil estudantes sob risco de perderem suas escolas na Cisjord\u00e2nia ocupada. Hoje, mais de 20% das escolas palestinas na regi\u00e3o est\u00e3o fechadas por conta de ataques de gangues de colonos e do Ex\u00e9rcito sionista.<\/span><\/p>\n<p><span style=\"font-weight: 400;\">Na sa\u00fade o cen\u00e1rio \u00e9 horr\u00edvel. De acordo com a Organiza\u00e7\u00e3o Mundial da Sa\u00fade, Israel j\u00e1 atacou 500 vezes desde o in\u00edcio do massacre a infraestrutura hospitalar de Gaza. Na Cisjord\u00e2nia, j\u00e1 foram mais de 600 ataques de colonos israelenses ou das for\u00e7as militares. Desde a invas\u00e3o de Gaza pelos genocidas, mais de 300 m\u00e9dicos e profissionais de sa\u00fade foram sequestrados e levados para pris\u00f5es israelenses.\u00a0<\/span><\/p>\n<p><span style=\"font-weight: 400;\">De acordo com a ONU, desde o in\u00edcio do genoc\u00eddio, a economia palestina regrediu 70 anos, e 75% da popula\u00e7\u00e3o de Gaza e Cisjord\u00e2nia somadas se encontra hoje na mis\u00e9ria. Em Gaza esse \u00edndice \u00e9 de 90%.<\/span><\/p>\n<h4><b>Israel amplia a guerra<\/b><\/h4>\n<p><span style=\"font-weight: 400;\">A escala da destrui\u00e7\u00e3o, no entanto, n\u00e3o conseguiu garantir nenhuma vit\u00f3ria pol\u00edtica ou militar pelo regime sionista do ditador Benjamin Netanyahu. Israel n\u00e3o conseguiu colocar fim \u00e0 resist\u00eancia palestina e tem visto sua posi\u00e7\u00e3o ficar cada vez mais isolada no mundo.\u00a0<\/span><\/p>\n<p><span style=\"font-weight: 400;\">No L\u00edbano, onde a incurs\u00e3o dos sionistas continua no sul do pa\u00eds, os israelenses n\u00e3o conseguiram derrotar o Hezbollah nem dobrar a popula\u00e7\u00e3o libanesa. Mesmo assassinando a maior parte da c\u00fapula do partido pol\u00edtico xiita, a resist\u00eancia armada \u00e0 invas\u00e3o continua.\u00a0<\/span><\/p>\n<p><span style=\"font-weight: 400;\">At\u00e9 agora, mais de 25% da popula\u00e7\u00e3o libanesa foi for\u00e7ada a sair de casa, segundo o governo do pa\u00eds, e aldeias no sul do pa\u00eds est\u00e3o sendo destru\u00eddas. Em pouco mais de um m\u00eas, Israel assassinou quase 3 mil libaneses e deixou outros milhares feridos. Mesmo assim, o Ex\u00e9rcito sionista contabiliza baixas cada vez maiores e fica evidente que n\u00e3o vai ser f\u00e1cil nem r\u00e1pido para tomar qualquer parte do territ\u00f3rio liban\u00eas.\u00a0<\/span><\/p>\n<p><span style=\"font-weight: 400;\">Nos dias 25 e 26 de outubro, ocorreu mais um ataque israelense contra o Ir\u00e3, mas n\u00e3o atingiu nenhum alvo importante no pa\u00eds persa. O regime iraniano anunciou, no dia 02 de novembro, que daria uma \u201cresposta severa\u201d.<\/span><\/p>\n<p><span style=\"font-weight: 400;\">Todo esse cen\u00e1rio refor\u00e7a a necessidade de se continuar e ampliar a campanha global contra o genoc\u00eddio do povo palestino. A luta pela liberta\u00e7\u00e3o da Palestina \u00e9 hoje, como temos afirmado no jornal <\/span><b><i>A Verdade<\/i><\/b><span style=\"font-weight: 400;\">, uma luta pela liberta\u00e7\u00e3o da humanidade do jugo do imperialismo.<\/span><\/p>\n<\/div>\n<!-- Begin Yuzo --><div class='yuzo_related_post style-1'  data-version='5.12.89'><!-- without result --><div class='yuzo_clearfixed yuzo__title yuzo__title'><h3>Related Post<\/h3><\/div>\n\t\t\t\t\t\t  <div class=\"relatedthumb \" style=\"width:125px;float:left;overflow:hidden;\">  \n\t\t\t\t\t\t\t  \n\t\t\t\t\t\t\t  <a  href=\"https:\/\/redept.com.br\/blogosfera\/imprensa-internacional-ve-condenacao-de-bolsonaro-como-marco-historico\/\"  >\n\t\t\t\t\t\t\t\t\t  <div class=\"yuzo-img-wrap \" style=\"width: 125px;height:90px;\">\n\t\t\t\t\t\t\t\t\t\t\n\t\t\t\t\t\t\t\t\t\t<div class=\"yuzo-img\" style=\"background:url('https:\/\/redept.com.br\/blogosfera\/wp-content\/uploads\/2025\/09\/70379b3a-49cb-4ee2-a41d-c4badb88a505-150x150.jpg') 50% 50% no-repeat;width: 125px;height:90px;margin-bottom: 5px;background-size: cover; \"><\/div>\n\t\t\t\t\t\t\t\t\t  <\/div>\n\t\t\t\t\t\t\t\t\t  \n\t\t\t\t\t\t\t\t   <span class=\"yuzo__text--title\" style=\"font-size:13px;\">Imprensa internacional v\u00ea condena\u00e7\u00e3o de Bolsonaro ...<\/span>\n\t\t\t\t\t\t\t  \n\t\t\t\t\t\t\t  \n\t\t\t\t\t\t\t  <\/a>\n\n\t\t\t\t\t\t  <\/div>\n\t\t\t\t\t\t  <div class=\"relatedthumb \" style=\"width:125px;float:left;overflow:hidden;\">  \n\t\t\t\t\t\t\t  \n\t\t\t\t\t\t\t  <a  href=\"https:\/\/redept.com.br\/blogosfera\/belo-horizonte-vereadores-aprovam-lei-que-cria-politica-municipal-em-resposta-as-mudancas-climaticas\/\"  >\n\t\t\t\t\t\t\t\t\t  <div class=\"yuzo-img-wrap \" style=\"width: 125px;height:90px;\">\n\t\t\t\t\t\t\t\t\t\t\n\t\t\t\t\t\t\t\t\t\t<div class=\"yuzo-img\" style=\"background:url('https:\/\/redept.org\/blogosfera\/wp-content\/plugins\/yuzo-related-post\/assets\/images\/default.png') 50% 50% no-repeat;width: 125px;height:90px;margin-bottom: 5px;background-size: cover; \"><\/div>\n\t\t\t\t\t\t\t\t\t  <\/div>\n\t\t\t\t\t\t\t\t\t  \n\t\t\t\t\t\t\t\t   <span class=\"yuzo__text--title\" style=\"font-size:13px;\">Belo Horizonte: vereadores aprovam lei que cria po...<\/span>\n\t\t\t\t\t\t\t  \n\t\t\t\t\t\t\t  \n\t\t\t\t\t\t\t  <\/a>\n\n\t\t\t\t\t\t  <\/div>\n\t\t\t\t\t\t  <div class=\"relatedthumb \" style=\"width:125px;float:left;overflow:hidden;\">  \n\t\t\t\t\t\t\t  \n\t\t\t\t\t\t\t  <a  href=\"https:\/\/redept.com.br\/blogosfera\/na-oea-brasil-condena-intervencao-e-sequestro-de-maduro-na-venezuela\/\"  >\n\t\t\t\t\t\t\t\t\t  <div class=\"yuzo-img-wrap \" style=\"width: 125px;height:90px;\">\n\t\t\t\t\t\t\t\t\t\t\n\t\t\t\t\t\t\t\t\t\t<div class=\"yuzo-img\" style=\"background:url('https:\/\/redept.com.br\/blogosfera\/wp-content\/uploads\/2026\/01\/55027321371_06ce692eb4_k-150x150.jpg') 50% 50% no-repeat;width: 125px;height:90px;margin-bottom: 5px;background-size: cover; \"><\/div>\n\t\t\t\t\t\t\t\t\t  <\/div>\n\t\t\t\t\t\t\t\t\t  \n\t\t\t\t\t\t\t\t   <span class=\"yuzo__text--title\" style=\"font-size:13px;\">Na OEA, Brasil condena interven\u00e7\u00e3o e sequestro de ...<\/span>\n\t\t\t\t\t\t\t  \n\t\t\t\t\t\t\t  \n\t\t\t\t\t\t\t  <\/a>\n\n\t\t\t\t\t\t  <\/div>\n\t\t\t\t\t\t  <div class=\"relatedthumb \" style=\"width:125px;float:left;overflow:hidden;\">  \n\t\t\t\t\t\t\t  \n\t\t\t\t\t\t\t  <a  href=\"https:\/\/redept.com.br\/blogosfera\/dez-dias-compartilhando-conversas-e-silencios-com-pepe-mujica\/\"  >\n\t\t\t\t\t\t\t\t\t  <div class=\"yuzo-img-wrap \" style=\"width: 125px;height:90px;\">\n\t\t\t\t\t\t\t\t\t\t\n\t\t\t\t\t\t\t\t\t\t<div class=\"yuzo-img\" style=\"background:url('https:\/\/redept.org\/blogosfera\/wp-content\/plugins\/yuzo-related-post\/assets\/images\/default.png') 50% 50% no-repeat;width: 125px;height:90px;margin-bottom: 5px;background-size: cover; \"><\/div>\n\t\t\t\t\t\t\t\t\t  <\/div>\n\t\t\t\t\t\t\t\t\t  \n\t\t\t\t\t\t\t\t   <span class=\"yuzo__text--title\" style=\"font-size:13px;\">Dez dias compartilhando conversas e sil\u00eancios com ...<\/span>\n\t\t\t\t\t\t\t  \n\t\t\t\t\t\t\t  \n\t\t\t\t\t\t\t  <\/a>\n\n\t\t\t\t\t\t  <\/div>\n<\/div> <script>\n\t\t\t\t\t\t  jQuery(document).ready(function( $ ){\n\t\t\t\t\t\t\t\/\/jQuery('.yuzo_related_post').equalizer({ overflow : 'relatedthumb' });\n\t\t\t\t\t\t\tjQuery('.yuzo_related_post .yuzo_wraps').equalizer({ columns : '> div' });\n\t\t\t\t\t\t   })\n\t\t\t\t\t\t  <\/script> <!-- End Yuzo :) -->","protected":false},"excerpt":{"rendered":"<p>Relat\u00f3rios da ONU revelam que 96% da popula\u00e7\u00e3o de Gaza sofre de inseguran\u00e7a alimentar grave e mais de 52 mil palestinos foram mortos desde o in\u00edcio dos ataques. A escalada do conflito levou Gaza \u00e0 mis\u00e9ria extrema, retrocedendo a economia local em 70 anos. Reda\u00e7\u00e3o INTERNACIONAL \u2013 \u201cEnterrei meu filho do lado de fora do [&hellip;]<\/p>\n","protected":false},"author":2,"featured_media":0,"comment_status":"open","ping_status":"closed","sticky":false,"template":"","format":"standard","meta":{"fifu_image_url":"","fifu_image_alt":"","footnotes":""},"categories":[50,25,2080,86,54],"tags":[],"class_list":["post-5396","post","type-post","status-publish","format-standard","hentry","category-internacional","category-israel","category-jav-302","category-jornal-impresso","category-palestina"],"_links":{"self":[{"href":"https:\/\/redept.com.br\/blogosfera\/wp-json\/wp\/v2\/posts\/5396","targetHints":{"allow":["GET"]}}],"collection":[{"href":"https:\/\/redept.com.br\/blogosfera\/wp-json\/wp\/v2\/posts"}],"about":[{"href":"https:\/\/redept.com.br\/blogosfera\/wp-json\/wp\/v2\/types\/post"}],"author":[{"embeddable":true,"href":"https:\/\/redept.com.br\/blogosfera\/wp-json\/wp\/v2\/users\/2"}],"replies":[{"embeddable":true,"href":"https:\/\/redept.com.br\/blogosfera\/wp-json\/wp\/v2\/comments?post=5396"}],"version-history":[{"count":0,"href":"https:\/\/redept.com.br\/blogosfera\/wp-json\/wp\/v2\/posts\/5396\/revisions"}],"wp:attachment":[{"href":"https:\/\/redept.com.br\/blogosfera\/wp-json\/wp\/v2\/media?parent=5396"}],"wp:term":[{"taxonomy":"category","embeddable":true,"href":"https:\/\/redept.com.br\/blogosfera\/wp-json\/wp\/v2\/categories?post=5396"},{"taxonomy":"post_tag","embeddable":true,"href":"https:\/\/redept.com.br\/blogosfera\/wp-json\/wp\/v2\/tags?post=5396"}],"curies":[{"name":"wp","href":"https:\/\/api.w.org\/{rel}","templated":true}]}}