{"id":5397,"date":"2024-11-17T14:06:02","date_gmt":"2024-11-17T17:06:02","guid":{"rendered":"https:\/\/redept.org\/blogosfera\/declaracao-final-da-29a-plenaria-da-cipoml\/"},"modified":"2024-11-17T14:06:02","modified_gmt":"2024-11-17T17:06:02","slug":"declaracao-final-da-29a-plenaria-da-cipoml","status":"publish","type":"post","link":"https:\/\/redept.com.br\/blogosfera\/declaracao-final-da-29a-plenaria-da-cipoml\/","title":{"rendered":"Declara\u00e7\u00e3o Final da 29\u00aa Plen\u00e1ria da CIPOML"},"content":{"rendered":"<div>\n<p><b>Declara\u00e7\u00e3o Final da 29\u00aa Plen\u00e1ria da Confer\u00eancia Internacional de Partidos e Organiza\u00e7\u00f5es Marxistas-Leninistas (CIPOML)<\/b><\/p>\n<hr>\n<p><span style=\"font-weight: 400;\">Imbu\u00edda da vitalidade revolucion\u00e1ria que caracteriza a a\u00e7\u00e3o dos partidos e organiza\u00e7\u00f5es que comp\u00f5em a Confer\u00eancia Internacional de Partidos e Organiza\u00e7\u00f5es Marxistas-Leninistas (CIPOML), reuniu-se sua 29\u00aa Sess\u00e3o Plen\u00e1ria. Seus trabalhos se desenvolveram em meio a um clima de camaradagem, an\u00e1lise objetiva e cr\u00edtica dos elementos caracter\u00edsticos do cen\u00e1rio econ\u00f4mico, pol\u00edtico e social mundial. Tamb\u00e9m analisamos o cumprimento de nossas responsabilidades destinadas a organizar e levar \u00e0 vit\u00f3ria a luta da classe oper\u00e1ria e dos povos pela revolu\u00e7\u00e3o, o socialismo e o comunismo.<\/span><\/p>\n<p><span style=\"font-weight: 400;\">O mundo vive um momento complexo, caracterizado pela agudiza\u00e7\u00e3o da crise geral do sistema capitalista. O confronto interimperialista, a disputa sobre os monop\u00f3lios e os Estados das economias capitalistas-imperialistas mais desenvolvidas desenvolveram-se a ponto de encontrarem na guerra os meios para resolverem suas diferen\u00e7as. A guerra interimperialista que se desenrola na Ucr\u00e2nia n\u00e3o \u00e9 o \u00fanico conflito militar hoje; mais de 50 guerras localizadas se espalham por diferentes partes do planeta, em todas elas est\u00e3o em jogo os interesses de um ou outro pa\u00eds imperialista, de um ou outro bloco capitalista-imperialista. Em todos estes conflitos, os trabalhadores e os povos s\u00e3o as principais v\u00edtimas. As guerras interimperialistas, entre os Estados capitalistas e a agress\u00e3o aos povos s\u00e3o frutos do capitalismo. \u00c9 preciso acabar com este sistema para alcan\u00e7ar a paz mundial.<\/span><\/p>\n<p><span style=\"font-weight: 400;\">A natureza agressiva e criminosa do imperialismo se manifesta aberta e cinicamente no genoc\u00eddio enfrentado pelo povo palestino, estendido agora contra o povo do L\u00edbano. O sionismo israelense, o imperialismo norte-americano e seus aliados s\u00e3o respons\u00e1veis por esses crimes que est\u00e3o ceifando a vida de milhares de crian\u00e7as, jovens, mulheres, idosos. Os trabalhadores, a juventude e os povos do mundo rejeitam o genoc\u00eddio e o expressam em mobiliza\u00e7\u00f5es massivas que acontecem em todo o mundo. As bandeiras da paz tremulam ao lado da condena\u00e7\u00e3o do sionismo israelense e de seus apoiadores.<\/span><\/p>\n<p><span style=\"font-weight: 400;\">Os efeitos sociais negativos provocados pela explora\u00e7\u00e3o capitalista s\u00e3o repudiados pelos trabalhadores, pela juventude, pelas mulheres e pelos povos. Mobiliza\u00e7\u00f5es massivas, greves de trabalhadores, levantes populares ocorrem contra as pol\u00edticas de austeridade implementadas pelos governos da burguesia, sejam eles liberais, neoliberais, social-democratas ou \u201cprogressistas\u201d. Em meio \u00e0 luta por emprego, melhores sal\u00e1rios, educa\u00e7\u00e3o e sa\u00fade p\u00fablicas de qualidade, seguridade social p\u00fablica, defesa da natureza, entre outros aspectos, crescem o sentimento de rep\u00fadio ao capitalismo e o desejo de mudan\u00e7a nos povos. No entanto, a burguesia e as oligarquias, que s\u00e3o os pr\u00f3prios respons\u00e1veis pelo descontentamento das massas, tentam explor\u00e1-lo.<\/span><\/p>\n<p><span style=\"font-weight: 400;\">Notamos o perigoso crescimento da direita e da extrema direita em algumas regi\u00f5es do planeta; as for\u00e7as fascistas e pr\u00f3-fascistas tiveram a capacidade de manipular a consci\u00eancia das massas e capturar governos em v\u00e1rios pa\u00edses, com discursos aparentemente antissistema, mas, na realidade, sustentam-se nos pontos de vista reacion\u00e1rios, racistas, xen\u00f3fobos e mis\u00f3ginos.<\/span><\/p>\n<p><span style=\"font-weight: 400;\">Devemos alertar os trabalhadores e os povos sobre esse perigo, mas tamb\u00e9m devemos faz\u00ea-lo diante de posi\u00e7\u00f5es pol\u00edticas aparentemente revolucion\u00e1rias e de esquerda, como o \u201cprogressismo\u201d, que, na realidade, representam os interesses econ\u00f4micos e pol\u00edticos das fra\u00e7\u00f5es burguesas e das pot\u00eancias imperialistas.<\/span><\/p>\n<p><span style=\"font-weight: 400;\">A 29\u00aa Plen\u00e1ria da CIPOML constata o desenvolvimento experimentado por nossos partidos neste per\u00edodo. No nosso trabalho quotidiano, demonstramos nosso compromisso revolucion\u00e1rio com os trabalhadores e os povos. No entanto, estamos plenamente conscientes de que devemos trabalhar melhor e fazer muito mais para cumprir a nossa responsabilidade pol\u00edtica hist\u00f3rica.<\/span><\/p>\n<p><span style=\"font-weight: 400;\">Esta Confer\u00eancia coincide com as comemora\u00e7\u00f5es do anivers\u00e1rio de 30 anos da funda\u00e7\u00e3o da CIPOML e continuamos a levantar as bandeiras do marxismo-leninismo e da revolu\u00e7\u00e3o prolet\u00e1ria com o mesmo otimismo e compromisso. S\u00f3 a revolu\u00e7\u00e3o social do proletariado libertar\u00e1 os trabalhadores e os povos da explora\u00e7\u00e3o capitalista-imperialista.<\/span><\/p>\n<p><b><i>Com o marxismo-leninismo, pela revolu\u00e7\u00e3o e pelo socialismo!<\/i><\/b><\/p>\n<p><b><i>29\u00aa Plen\u00e1ria da CIPOML\u00a0<\/i><\/b><\/p>\n<p><b><i>Alemanha, outubro de 2024<\/i><\/b><\/p>\n<\/div>\n<!-- Begin Yuzo --><div class='yuzo_related_post style-1'  data-version='5.12.89'><!-- without result --><div class='yuzo_clearfixed yuzo__title yuzo__title'><h3>Related Post<\/h3><\/div>\n\t\t\t\t\t\t  <div class=\"relatedthumb \" style=\"width:125px;float:left;overflow:hidden;\">  \n\t\t\t\t\t\t\t  \n\t\t\t\t\t\t\t  <a  href=\"https:\/\/redept.com.br\/blogosfera\/o-gnomo-de-jardim-paulo-figueiredo-zangou-com-os-advogados-dos-golpistas\/\"  >\n\t\t\t\t\t\t\t\t\t  <div class=\"yuzo-img-wrap \" style=\"width: 125px;height:90px;\">\n\t\t\t\t\t\t\t\t\t\t\n\t\t\t\t\t\t\t\t\t\t<div class=\"yuzo-img\" style=\"background:url('https:\/\/redept.org\/blogosfera\/wp-content\/plugins\/yuzo-related-post\/assets\/images\/default.png') 50% 50% no-repeat;width: 125px;height:90px;margin-bottom: 5px;background-size: cover; \"><\/div>\n\t\t\t\t\t\t\t\t\t  <\/div>\n\t\t\t\t\t\t\t\t\t  \n\t\t\t\t\t\t\t\t   <span class=\"yuzo__text--title\" style=\"font-size:13px;\">O gnomo de jardim, Paulo Figueiredo, zangou com os...<\/span>\n\t\t\t\t\t\t\t  \n\t\t\t\t\t\t\t  \n\t\t\t\t\t\t\t  <\/a>\n\n\t\t\t\t\t\t  <\/div>\n\t\t\t\t\t\t  <div class=\"relatedthumb \" style=\"width:125px;float:left;overflow:hidden;\">  \n\t\t\t\t\t\t\t  \n\t\t\t\t\t\t\t  <a  href=\"https:\/\/redept.com.br\/blogosfera\/2025-o-ano-em-que-a-farsa-da-direita-brasileira-caiu-por-terra\/\"  >\n\t\t\t\t\t\t\t\t\t  <div class=\"yuzo-img-wrap \" style=\"width: 125px;height:90px;\">\n\t\t\t\t\t\t\t\t\t\t\n\t\t\t\t\t\t\t\t\t\t<div class=\"yuzo-img\" style=\"background:url('https:\/\/redept.org\/blogosfera\/wp-content\/plugins\/yuzo-related-post\/assets\/images\/default.png') 50% 50% no-repeat;width: 125px;height:90px;margin-bottom: 5px;background-size: cover; \"><\/div>\n\t\t\t\t\t\t\t\t\t  <\/div>\n\t\t\t\t\t\t\t\t\t  \n\t\t\t\t\t\t\t\t   <span class=\"yuzo__text--title\" style=\"font-size:13px;\">2025: o ano em que a farsa da direita brasileira c...<\/span>\n\t\t\t\t\t\t\t  \n\t\t\t\t\t\t\t  \n\t\t\t\t\t\t\t  <\/a>\n\n\t\t\t\t\t\t  <\/div>\n\t\t\t\t\t\t  <div class=\"relatedthumb \" style=\"width:125px;float:left;overflow:hidden;\">  \n\t\t\t\t\t\t\t  \n\t\t\t\t\t\t\t  <a  href=\"https:\/\/redept.com.br\/blogosfera\/onu-ia-pode-ampliar-desigualdade-entre-paises-e-ja-afeta-o-desenvolvimento-humano\/\"  >\n\t\t\t\t\t\t\t\t\t  <div class=\"yuzo-img-wrap \" style=\"width: 125px;height:90px;\">\n\t\t\t\t\t\t\t\t\t\t\n\t\t\t\t\t\t\t\t\t\t<div class=\"yuzo-img\" style=\"background:url('https:\/\/redept.org\/blogosfera\/wp-content\/plugins\/yuzo-related-post\/assets\/images\/default.png') 50% 50% no-repeat;width: 125px;height:90px;margin-bottom: 5px;background-size: cover; \"><\/div>\n\t\t\t\t\t\t\t\t\t  <\/div>\n\t\t\t\t\t\t\t\t\t  \n\t\t\t\t\t\t\t\t   <span class=\"yuzo__text--title\" style=\"font-size:13px;\">ONU: IA pode ampliar desigualdade entre pa\u00edses e j...<\/span>\n\t\t\t\t\t\t\t  \n\t\t\t\t\t\t\t  \n\t\t\t\t\t\t\t  <\/a>\n\n\t\t\t\t\t\t  <\/div>\n\t\t\t\t\t\t  <div class=\"relatedthumb \" style=\"width:125px;float:left;overflow:hidden;\">  \n\t\t\t\t\t\t\t  \n\t\t\t\t\t\t\t  <a  href=\"https:\/\/redept.com.br\/blogosfera\/que-a-legalizacao-da-cannabis-nao-seja-mais-um-negocio-para-a-industria-farmaceutica-mas-uma-conquista-popular-aponta-educadora-pesquisadora\/\"  >\n\t\t\t\t\t\t\t\t\t  <div class=\"yuzo-img-wrap \" style=\"width: 125px;height:90px;\">\n\t\t\t\t\t\t\t\t\t\t\n\t\t\t\t\t\t\t\t\t\t<div class=\"yuzo-img\" style=\"background:url('https:\/\/redept.org\/blogosfera\/wp-content\/plugins\/yuzo-related-post\/assets\/images\/default.png') 50% 50% no-repeat;width: 125px;height:90px;margin-bottom: 5px;background-size: cover; \"><\/div>\n\t\t\t\t\t\t\t\t\t  <\/div>\n\t\t\t\t\t\t\t\t\t  \n\t\t\t\t\t\t\t\t   <span class=\"yuzo__text--title\" style=\"font-size:13px;\">\u2018Que a legaliza\u00e7\u00e3o da cannabis n\u00e3o seja mais um ne...<\/span>\n\t\t\t\t\t\t\t  \n\t\t\t\t\t\t\t  \n\t\t\t\t\t\t\t  <\/a>\n\n\t\t\t\t\t\t  <\/div>\n<\/div> <script>\n\t\t\t\t\t\t  jQuery(document).ready(function( $ ){\n\t\t\t\t\t\t\t\/\/jQuery('.yuzo_related_post').equalizer({ overflow : 'relatedthumb' });\n\t\t\t\t\t\t\tjQuery('.yuzo_related_post .yuzo_wraps').equalizer({ columns : '> div' });\n\t\t\t\t\t\t   })\n\t\t\t\t\t\t  <\/script> <!-- End Yuzo :) -->","protected":false},"excerpt":{"rendered":"<p>Declara\u00e7\u00e3o Final da 29\u00aa Plen\u00e1ria da Confer\u00eancia Internacional de Partidos e Organiza\u00e7\u00f5es Marxistas-Leninistas (CIPOML) Imbu\u00edda da vitalidade revolucion\u00e1ria que caracteriza a a\u00e7\u00e3o dos partidos e organiza\u00e7\u00f5es que comp\u00f5em a Confer\u00eancia Internacional de Partidos e Organiza\u00e7\u00f5es Marxistas-Leninistas (CIPOML), reuniu-se sua 29\u00aa Sess\u00e3o Plen\u00e1ria. Seus trabalhos se desenvolveram em meio a um clima de camaradagem, an\u00e1lise objetiva [&hellip;]<\/p>\n","protected":false},"author":2,"featured_media":0,"comment_status":"open","ping_status":"closed","sticky":false,"template":"","format":"standard","meta":{"fifu_image_url":"","fifu_image_alt":"","footnotes":""},"categories":[2093,50,572,2080,86],"tags":[],"class_list":["post-5397","post","type-post","status-publish","format-standard","hentry","category-cipoml","category-internacional","category-internacionalismo","category-jav-302","category-jornal-impresso"],"_links":{"self":[{"href":"https:\/\/redept.com.br\/blogosfera\/wp-json\/wp\/v2\/posts\/5397","targetHints":{"allow":["GET"]}}],"collection":[{"href":"https:\/\/redept.com.br\/blogosfera\/wp-json\/wp\/v2\/posts"}],"about":[{"href":"https:\/\/redept.com.br\/blogosfera\/wp-json\/wp\/v2\/types\/post"}],"author":[{"embeddable":true,"href":"https:\/\/redept.com.br\/blogosfera\/wp-json\/wp\/v2\/users\/2"}],"replies":[{"embeddable":true,"href":"https:\/\/redept.com.br\/blogosfera\/wp-json\/wp\/v2\/comments?post=5397"}],"version-history":[{"count":0,"href":"https:\/\/redept.com.br\/blogosfera\/wp-json\/wp\/v2\/posts\/5397\/revisions"}],"wp:attachment":[{"href":"https:\/\/redept.com.br\/blogosfera\/wp-json\/wp\/v2\/media?parent=5397"}],"wp:term":[{"taxonomy":"category","embeddable":true,"href":"https:\/\/redept.com.br\/blogosfera\/wp-json\/wp\/v2\/categories?post=5397"},{"taxonomy":"post_tag","embeddable":true,"href":"https:\/\/redept.com.br\/blogosfera\/wp-json\/wp\/v2\/tags?post=5397"}],"curies":[{"name":"wp","href":"https:\/\/api.w.org\/{rel}","templated":true}]}}