{"id":5403,"date":"2024-11-17T14:09:59","date_gmt":"2024-11-17T17:09:59","guid":{"rendered":"https:\/\/redept.org\/blogosfera\/xi-jinping-diz-que-g20-tera-marca-brasileira-e-reforca-luta-contra-a-fome\/"},"modified":"2024-11-17T14:09:59","modified_gmt":"2024-11-17T17:09:59","slug":"xi-jinping-diz-que-g20-tera-marca-brasileira-e-reforca-luta-contra-a-fome","status":"publish","type":"post","link":"https:\/\/redept.com.br\/blogosfera\/xi-jinping-diz-que-g20-tera-marca-brasileira-e-reforca-luta-contra-a-fome\/","title":{"rendered":"Xi Jinping diz que G20 ter\u00e1 marca brasileira e refor\u00e7a luta contra a fome"},"content":{"rendered":"<div><img fetchpriority=\"high\" width=\"1023\" height=\"691\"src=\"https:\/\/redept.org\/blogosfera\/wp-content\/uploads\/2024\/11\/xi.jpg\" class=\"attachment-large size-large wp-post-image\" alt=\"\" decoding=\"async\" srcset=\"https:\/\/redept.org\/blogosfera\/wp-content\/uploads\/2024\/11\/xi.jpg 1023w, https:\/\/vermelho.org.br\/wp-content\/uploads\/2021\/04\/xi-300x203.jpg 300w, https:\/\/vermelho.org.br\/wp-content\/uploads\/2021\/04\/xi-768x519.jpg 768w\" sizes=\"(max-width: 1023px) 100vw, 1023px\"><\/p>\n<p>O presidente da China, Xi Jinping, afirma que est\u00e1 convicto de que a reuni\u00e3o da C\u00fapula do G20, que re\u00fane os chefes de estados das maiores economias do mundo, alcan\u00e7ar\u00e1 resultados \u201cfrut\u00edferos e deixar\u00e1 distintas marcas brasileiras na hist\u00f3ria do bloco\u201d.<\/p>\n<p>Ele participa nesta segunda-feira (18) e ter\u00e7a-feira (20), no Rio de Janeiro, da reuni\u00e3o da C\u00fapula do G20 e, na quarta-feira (20), em Bras\u00edlia, far\u00e1 uma visita de estado ao presidente Lula.<\/p>\n<p>\u201cO presidente Lula adotou combate \u00e0 fome e \u00e0 pobreza como um tema principal da c\u00fapula e prop\u00f4s o lan\u00e7amento da Alian\u00e7a Global contra a Fome e a Pobreza, \u00e0 qual a China expressa grande apre\u00e7o e apoio\u201d, escreve o l\u00edder chin\u00eas em artigo publicado no s\u00e1bado (16) na Folha de S.Paulo.<\/p>\n<p>O presidente chin\u00eas diz que Brasil e China caminhar\u00e3o juntos: \u201cCom futuro compartilhado e amizade que supera dist\u00e2ncias \u00e9 hora de navegarmos juntos sob velas cheias\u201d.<\/p>\n<p>Para ele, as rela\u00e7\u00f5es diplom\u00e1ticas entre Brasil e China, estabelecidas em 15 de agosto de 1974, \u201ct\u00eam resistido \u00e0s mudan\u00e7as e turbul\u00eancias na situa\u00e7\u00e3o internacional nesses 50 anos e s\u00e3o cada vez mais maduras e din\u00e2micas\u201d.<\/p>\n<p>Leia mais: <a href=\"https:\/\/vermelho.org.br\/2024\/10\/10\/dilma-rousseff-fala-em-entrevista-sobre-oportunidades-da-nova-rota-da-seda-para-o-brasil\/\">Dilma Rousseff fala sobre oportunidades da Nova Rota da Seda para o Brasil<\/a><\/p>\n<p>Xi Jinping destaca a iniciativa do seu pa\u00eds do Cintur\u00e3o e da nova Rota da Seda como forma de melhorar ainda mais a coopera\u00e7\u00e3o entre os pa\u00edses.<\/p>\n<p>\u201cVamos promover continuamente o refor\u00e7o das sinergias entre a Iniciativa Cintur\u00e3o e Rota e as estrat\u00e9gias de desenvolvimento do Brasil, fortalecer constantemente a natureza estrat\u00e9gica, global e criativa da coopera\u00e7\u00e3o mutuamente ben\u00e9fica China-Brasil, criar mais projetos exemplares que atendam a demandas futuras e trazem benef\u00edcios duradouros aos povos, e impulsionar o desenvolvimento comum dos nossos pa\u00edses e das nossas regi\u00f5es\u201d, diz.<\/p>\n<p>O l\u00edder tamb\u00e9m afirma que os pa\u00edses levar\u00e3o adiante \u201ca boa tradi\u00e7\u00e3o de abertura e inclus\u00e3o, aprofundar interc\u00e2mbios e coopera\u00e7\u00e3o em cultura e educa\u00e7\u00e3o, ci\u00eancia e tecnologia, sa\u00fade, esporte, turismo e entre entes subnacionais\u201d.<\/p>\n<p><strong>Desenvolvimento sustent\u00e1vel<\/strong><\/p>\n<p>Xi Jinping ainda ressalta as posi\u00e7\u00f5es convergentes do Brasil e da China que ser\u00e3o tratadas na reuni\u00e3o no Rio de Janeiro.<\/p>\n<p>\u201c\u00c9 necess\u00e1rio colocar o desenvolvimento no centro da coopera\u00e7\u00e3o do G20, priorizar a implementa\u00e7\u00e3o da Agenda 2030 para o Desenvolvimento Sustent\u00e1vel da ONU, formar parceria global para o desenvolvimento sustent\u00e1vel, promover um desenvolvimento global mais inclusivo, ben\u00e9fico para todos e mais resiliente. \u00c9 preciso promover proativamente a reforma do Fundo Monet\u00e1rio Internacional, Banco Mundial e Organiza\u00e7\u00e3o Mundial do Com\u00e9rcio e aumentar a representa\u00e7\u00e3o e a voz do Sul Global. Devemos refor\u00e7ar a coordena\u00e7\u00e3o das pol\u00edticas macroecon\u00f4micas, promover a liberaliza\u00e7\u00e3o e a facilita\u00e7\u00e3o do com\u00e9rcio e investimento e criar um ambiente aberto, inclusivo e n\u00e3o discriminat\u00f3rio para a coopera\u00e7\u00e3o econ\u00f4mica internacional\u201d, diz.<\/p>\n<p>O presidente chin\u00eas disse que para construir um planeta sustent\u00e1vel, \u00e9 preciso o G20 preconizar produ\u00e7\u00e3o e vida sustent\u00e1veis e conviv\u00eancia harmoniosa entre o homem e a natureza.<\/p>\n<p>\u201c\u00c9 necess\u00e1rio impulsionar a coopera\u00e7\u00e3o internacional aprofundada em \u00e1reas como desenvolvimento verde e de baixo carbono, prote\u00e7\u00e3o ambiental, transi\u00e7\u00e3o energ\u00e9tica e enfrentamento das mudan\u00e7as clim\u00e1ticas, persistir no princ\u00edpio de responsabilidades comuns, por\u00e9m diferenciadas, e fornecer mais apoios aos pa\u00edses do Sul Global em termos de financiamento, tecnologia e constru\u00e7\u00e3o da capacidade\u201d, escreve.<\/p>\n<p>Avalia que uma das agendas importantes dos l\u00edderes do G20 no Rio ser\u00e1 a discuss\u00e3o sobre o desenvolvimento verde e de baixo carbono no planeta. \u201cEspero que a c\u00fapula possa injetar maior vigor e confian\u00e7a ao desenvolvimento sustent\u00e1vel global\u201d. <\/p>\n<p>\u201cTrinta e dois anos atr\u00e1s, foi realizada no Rio de Janeiro a Confer\u00eancia das Na\u00e7\u00f5es Unidas sobre o Meio Ambiente e o Desenvolvimento, ocasi\u00e3o na qual foram alcan\u00e7ados resultados essenciais como a Agenda 21\u201d, considera.<\/p>\n<p>De acordo com ele, o Brasil definiu como lema da sua presid\u00eancia \u201cConstruir um mundo justo e um planeta sustent\u00e1vel\u201d e promoveu proativamente a coopera\u00e7\u00e3o do G20 em todas as \u00e1reas. Por isso, estabeleceu \u201cuma boa base para a realiza\u00e7\u00e3o bem-sucedida da C\u00fapula no Rio\u201d.<\/p>\n<p>O post <a href=\"https:\/\/vermelho.org.br\/2024\/11\/17\/xi-jinping-diz-que-g20-tera-marca-brasileira-e-reforca-luta-contra-a-fome\/\">Xi Jinping diz que G20 ter\u00e1 marca brasileira e refor\u00e7a luta contra a fome<\/a> apareceu primeiro em <a href=\"https:\/\/vermelho.org.br\/\">Vermelho<\/a>.<\/p>\n<\/div>\n<!-- Begin Yuzo --><div class='yuzo_related_post style-1'  data-version='5.12.89'><!-- without result --><div class='yuzo_clearfixed yuzo__title yuzo__title'><h3>Related Post<\/h3><\/div>\n\t\t\t\t\t\t  <div class=\"relatedthumb \" style=\"width:125px;float:left;overflow:hidden;\">  \n\t\t\t\t\t\t\t  \n\t\t\t\t\t\t\t  <a  href=\"https:\/\/redept.com.br\/blogosfera\/mapa-da-insensatez-e-duvidas-por-beto-faro\/\"  >\n\t\t\t\t\t\t\t\t\t  <div class=\"yuzo-img-wrap \" style=\"width: 125px;height:90px;\">\n\t\t\t\t\t\t\t\t\t\t\n\t\t\t\t\t\t\t\t\t\t<div class=\"yuzo-img\" style=\"background:url('https:\/\/redept.org\/blogosfera\/wp-content\/plugins\/yuzo-related-post\/assets\/images\/default.png') 50% 50% no-repeat;width: 125px;height:90px;margin-bottom: 5px;background-size: cover; \"><\/div>\n\t\t\t\t\t\t\t\t\t  <\/div>\n\t\t\t\t\t\t\t\t\t  \n\t\t\t\t\t\t\t\t   <span class=\"yuzo__text--title\" style=\"font-size:13px;\">Mapa da insensatez e d\u00favidas, por Beto Faro<\/span>\n\t\t\t\t\t\t\t  \n\t\t\t\t\t\t\t  \n\t\t\t\t\t\t\t  <\/a>\n\n\t\t\t\t\t\t  <\/div>\n\t\t\t\t\t\t  <div class=\"relatedthumb \" style=\"width:125px;float:left;overflow:hidden;\">  \n\t\t\t\t\t\t\t  \n\t\t\t\t\t\t\t  <a  href=\"https:\/\/sul21.com.br\/noticias\/economia\/2025\/10\/governo-enviara-dois-projetos-de-lei-alternativos-a-mp-do-iof-anuncia-haddad\/\"  >\n\t\t\t\t\t\t\t\t\t  <div class=\"yuzo-img-wrap \" style=\"width: 125px;height:90px;\">\n\t\t\t\t\t\t\t\t\t\t\n\t\t\t\t\t\t\t\t\t\t<div class=\"yuzo-img\" style=\"background:url('https:\/\/agenciabrasil.ebc.com.br\/ebc.png?id=1663736&amp;o=node') 50% 50% no-repeat;width: 125px;height:90px;margin-bottom: 5px;background-size: cover; \"><\/div>\n\t\t\t\t\t\t\t\t\t  <\/div>\n\t\t\t\t\t\t\t\t\t  \n\t\t\t\t\t\t\t\t   <span class=\"yuzo__text--title\" style=\"font-size:13px;\">Governo enviar\u00e1 dois projetos de lei alternativos ...<\/span>\n\t\t\t\t\t\t\t  \n\t\t\t\t\t\t\t  \n\t\t\t\t\t\t\t  <\/a>\n\n\t\t\t\t\t\t  <\/div>\n\t\t\t\t\t\t  <div class=\"relatedthumb \" style=\"width:125px;float:left;overflow:hidden;\">  \n\t\t\t\t\t\t\t  \n\t\t\t\t\t\t\t  <a  href=\"https:\/\/redept.com.br\/blogosfera\/chuva-causa-estragos-no-sudeste-do-brasil\/\"  >\n\t\t\t\t\t\t\t\t\t  <div class=\"yuzo-img-wrap \" style=\"width: 125px;height:90px;\">\n\t\t\t\t\t\t\t\t\t\t\n\t\t\t\t\t\t\t\t\t\t<div class=\"yuzo-img\" style=\"background:url('https:\/\/redept.org\/blogosfera\/wp-content\/plugins\/yuzo-related-post\/assets\/images\/default.png') 50% 50% no-repeat;width: 125px;height:90px;margin-bottom: 5px;background-size: cover; \"><\/div>\n\t\t\t\t\t\t\t\t\t  <\/div>\n\t\t\t\t\t\t\t\t\t  \n\t\t\t\t\t\t\t\t   <span class=\"yuzo__text--title\" style=\"font-size:13px;\">Chuva causa estragos no Sudeste do Brasil<\/span>\n\t\t\t\t\t\t\t  \n\t\t\t\t\t\t\t  \n\t\t\t\t\t\t\t  <\/a>\n\n\t\t\t\t\t\t  <\/div>\n\t\t\t\t\t\t  <div class=\"relatedthumb \" style=\"width:125px;float:left;overflow:hidden;\">  \n\t\t\t\t\t\t\t  \n\t\t\t\t\t\t\t  <a  href=\"https:\/\/redept.com.br\/blogosfera\/cid-diz-que-juiz-do-tse-ajudou-a-espionar-alexandre-de-moraes\/\"  >\n\t\t\t\t\t\t\t\t\t  <div class=\"yuzo-img-wrap \" style=\"width: 125px;height:90px;\">\n\t\t\t\t\t\t\t\t\t\t\n\t\t\t\t\t\t\t\t\t\t<div class=\"yuzo-img\" style=\"background:url('https:\/\/redept.org\/blogosfera\/wp-content\/plugins\/yuzo-related-post\/assets\/images\/default.png') 50% 50% no-repeat;width: 125px;height:90px;margin-bottom: 5px;background-size: cover; \"><\/div>\n\t\t\t\t\t\t\t\t\t  <\/div>\n\t\t\t\t\t\t\t\t\t  \n\t\t\t\t\t\t\t\t   <span class=\"yuzo__text--title\" style=\"font-size:13px;\">Cid diz que juiz do TSE ajudou a espionar Alexandr...<\/span>\n\t\t\t\t\t\t\t  \n\t\t\t\t\t\t\t  \n\t\t\t\t\t\t\t  <\/a>\n\n\t\t\t\t\t\t  <\/div>\n<\/div> <script>\n\t\t\t\t\t\t  jQuery(document).ready(function( $ ){\n\t\t\t\t\t\t\t\/\/jQuery('.yuzo_related_post').equalizer({ overflow : 'relatedthumb' });\n\t\t\t\t\t\t\tjQuery('.yuzo_related_post .yuzo_wraps').equalizer({ columns : '> div' });\n\t\t\t\t\t\t   })\n\t\t\t\t\t\t  <\/script> <!-- End Yuzo :) -->","protected":false},"excerpt":{"rendered":"<p>O presidente da China, Xi Jinping, afirma que est\u00e1 convicto de que a reuni\u00e3o da C\u00fapula do G20, que re\u00fane os chefes de estados das maiores economias do mundo, alcan\u00e7ar\u00e1 resultados \u201cfrut\u00edferos e deixar\u00e1 distintas marcas brasileiras na hist\u00f3ria do bloco\u201d. Ele participa nesta segunda-feira (18) e ter\u00e7a-feira (20), no Rio de Janeiro, da reuni\u00e3o [&hellip;]<\/p>\n","protected":false},"author":2,"featured_media":5404,"comment_status":"closed","ping_status":"closed","sticky":false,"template":"","format":"standard","meta":{"fifu_image_url":"","fifu_image_alt":"","footnotes":""},"categories":[45,292,453,538,50,337],"tags":[],"class_list":["post-5403","post","type-post","status-publish","format-standard","has-post-thumbnail","hentry","category-brasil","category-china","category-combate-a-fome","category-g20","category-internacional","category-xi-jinping"],"_links":{"self":[{"href":"https:\/\/redept.com.br\/blogosfera\/wp-json\/wp\/v2\/posts\/5403","targetHints":{"allow":["GET"]}}],"collection":[{"href":"https:\/\/redept.com.br\/blogosfera\/wp-json\/wp\/v2\/posts"}],"about":[{"href":"https:\/\/redept.com.br\/blogosfera\/wp-json\/wp\/v2\/types\/post"}],"author":[{"embeddable":true,"href":"https:\/\/redept.com.br\/blogosfera\/wp-json\/wp\/v2\/users\/2"}],"replies":[{"embeddable":true,"href":"https:\/\/redept.com.br\/blogosfera\/wp-json\/wp\/v2\/comments?post=5403"}],"version-history":[{"count":0,"href":"https:\/\/redept.com.br\/blogosfera\/wp-json\/wp\/v2\/posts\/5403\/revisions"}],"wp:featuredmedia":[{"embeddable":true,"href":"https:\/\/redept.com.br\/blogosfera\/wp-json\/wp\/v2\/media\/5404"}],"wp:attachment":[{"href":"https:\/\/redept.com.br\/blogosfera\/wp-json\/wp\/v2\/media?parent=5403"}],"wp:term":[{"taxonomy":"category","embeddable":true,"href":"https:\/\/redept.com.br\/blogosfera\/wp-json\/wp\/v2\/categories?post=5403"},{"taxonomy":"post_tag","embeddable":true,"href":"https:\/\/redept.com.br\/blogosfera\/wp-json\/wp\/v2\/tags?post=5403"}],"curies":[{"name":"wp","href":"https:\/\/api.w.org\/{rel}","templated":true}]}}