{"id":5405,"date":"2024-11-17T14:45:22","date_gmt":"2024-11-17T17:45:22","guid":{"rendered":"https:\/\/redept.org\/blogosfera\/em-manaus-biden-anuncia-mais-50-milhoes-para-fundo-amazonia\/"},"modified":"2024-11-17T14:45:22","modified_gmt":"2024-11-17T17:45:22","slug":"em-manaus-biden-anuncia-mais-50-milhoes-para-fundo-amazonia","status":"publish","type":"post","link":"https:\/\/redept.com.br\/blogosfera\/em-manaus-biden-anuncia-mais-50-milhoes-para-fundo-amazonia\/","title":{"rendered":"Em Manaus, Biden anuncia mais $50 milh\u00f5es para Fundo Amaz\u00f4nia"},"content":{"rendered":"<div>\n<p>O presidente dos Estados Unidos <a href=\"https:\/\/www.brasildefato.com.br\/2024\/11\/09\/trump-liderara-ocidente-muito-mais-enfraquecido-do-que-o-de-seu-primeiro-mandato-diz-analista-iraniano\">Joe Biden<\/a> anunciou, neste domingo (17), um investimento de US$ 50 milh\u00f5es (aproximadamente R$ 290 milh\u00f5es), para Amaz\u00f4nia. Ele visita a cidade de Manaus (AM) antes de voar para o Rio de Janeiro (RJ), onde participa do G20. \u00a0<\/p>\n<p>Este valor se soma a outros US$ 50 milh\u00f5es que o mandat\u00e1rio estadunidense havia confirmado para o <a href=\"https:\/\/www.brasildefato.com.br\/2023\/01\/29\/fundo-amazonia-o-que-falta-para-o-desmatamento-comecar-a-cair-no-brasil\">Fundo Amaz\u00f4nia<\/a>, <a href=\"https:\/\/www.brasildefato.com.br\/2023\/02\/10\/lula-e-biden-condenam-extremismo-discutem-guerra-e-governanca-contra-emergencia-climatica\">em fevereiro 2023,<\/a> quando o presidente Luiz In\u00e1cio Lula da Silva (PT) havia visitado o colega nos EUA. \u00a0<\/p>\n<p>Na \u00e9poca, Biden tamb\u00e9m falou que os investimentos do pa\u00eds para Amaz\u00f4nia chegariam a US<a href=\"https:\/\/www.brasildefato.com.br\/2023\/04\/20\/biden-anuncia-compromisso-de-investir-r-2-5-bilhoes-no-fundo-amazonia\">$500 milh\u00f5es, quase R$ 3 bilh\u00f5es, <\/a>ao longo de cinco anos. No entanto, o presidente vai deixar a Casa Branca em dezembro para a posse de <a href=\"https:\/\/www.brasildefato.com.br\/2024\/11\/09\/trump-liderara-ocidente-muito-mais-enfraquecido-do-que-o-de-seu-primeiro-mandato-diz-analista-iraniano\">Donald Trump,<\/a> a partir do ano que vem.\u00a0<\/p>\n<p>\u201cNo Brasil, zerar o desmatamento \u00e9 algo absolutamente poss\u00edvel\u201d, defende Marcio Astrini, secret\u00e1rio executivo do Observat\u00f3rio do Clima.<\/p>\n<p>Portanto, o especialista celebrou o an\u00fancio que considerou \u201cexatamente importante\u201d, porque vai ao encontro de como o atual governo vem atuando frente ao bioma.\u00a0<\/p>\n<p>&#8220;O governo vem diminuindo de forma <a href=\"https:\/\/www.brasildefato.com.br\/2024\/11\/16\/desmatamento-cai-55-na-mata-atlantica-no-primeiro-semestre\">bastante subst\u00e2ncias as taxas de desmatamento<\/a>, cerca de 45% de redu\u00e7\u00e3o nos \u00faltimos anos. [Ent\u00e3o] esses investimentos v\u00e3o possibilitar que as pol\u00edticas continuem fortalecidas&#8221;, defende Astrini que est\u00e1 em <a href=\"https:\/\/www.brasildefato.com.br\/2024\/11\/15\/cop29-jovens-brasileiros-impactados-por-cheia-e-seca-cobram-compromisso-de-autoridades-globais\">Baku, no Azerbaij\u00e3o<\/a> participando da <a href=\"https:\/\/www.brasildefato.com.br\/2024\/11\/15\/cop29-jovens-brasileiros-impactados-por-cheia-e-seca-cobram-compromisso-de-autoridades-globais\">Confer\u00eancia das Na\u00e7\u00f5es Unidas para Mudan\u00e7a do Clima (COP29).<\/a><\/p>\n<p>Esta \u00e9 a primeira vez que um presidente dos EUA visita a Amaz\u00f4nia. Biden chegou no Brasil vindo do Peru, onde <a href=\"https:\/\/www.brasildefato.com.br\/2024\/11\/14\/xi-jinping-e-biden-terao-reuniao-no-peru-em-meio-a-greve-de-transportadores-no-pais\">encontrou o presidente chin\u00eas Xi Jinping.<\/a> Os dois participaram do <a href=\"https:\/\/www.brasildefato.com.br\/2024\/11\/14\/xi-jinping-e-biden-terao-reuniao-no-peru-em-meio-a-greve-de-transportadores-no-pais\">F\u00f3rum de Coopera\u00e7\u00e3o Econ\u00f4mica \u00c1sia-Pac\u00edfico (Apec)<\/a>.<\/p>\n<p>Na capital amazonenses, Biden foi recebido por autoridades, como o governador do Amazonas, Wilson Lima. Durante as agendas, ele deve ouvir representantes de ONGs e grupos que atuam na defesa da Floresta Amaz\u00f4nica. Ser\u00e3o quatro horas de perman\u00eancia na regi\u00e3o.\u00a0<\/p>\n<p>Astrini celebra que os investimentos est\u00e3o indo para o Fundo Amaz\u00f4nia, trazendo efeitos na pr\u00e1tica.\u00a0<\/p>\n<p>\u201cO Fundo Amaz\u00f4nia vem se demonstrando como um instrumento fundamental para o combate ao desmatamento e o crime ambiental, uma vez que quase todo desmatamento na Amaz\u00f4nia acontece na ilegalidade.<\/p>\n<p class=\"ckeditor-subtitle\">O que \u00e9 o Fundo Amaz\u00f4nia\u00a0<\/p>\n<p>\u00a0O\u00a0<a href=\"https:\/\/www.brasildefato.com.br\/2023\/01\/29\/fundo-amazonia-o-que-falta-para-o-desmatamento-comecar-a-cair-no-brasil\">Fundo Amaz\u00f4nia<\/a> foi criado por iniciativa do Brasil durante a Confer\u00eancia Mundial do Clima (COP) 12, em 2006, no segundo mandato de Lula na Presid\u00eancia da Rep\u00fablica.\u00a0<\/p>\n<p>Gerido pelo Banco Nacional de Desenvolvimento Econ\u00f4mico e Social (BNDES), o programa tem como objetivo angariar contribui\u00e7\u00f5es volunt\u00e1rias de outros pa\u00edses para combater as emiss\u00f5es liberadas por meio do desmatamento, al\u00e9m de fomentar a conserva\u00e7\u00e3o e a economia sustent\u00e1vel na Amaz\u00f4nia. \u00a0<\/p>\n<p>Mais de 207 mil pessoas s\u00e3o impactadas positivamente e diretamente pelo Fundo, envolvendo um total de 384 institui\u00e7\u00f5es.\u00a0<\/p>\n<\/div>\n<!-- Begin Yuzo --><div class='yuzo_related_post style-1'  data-version='5.12.89'><!-- without result --><div class='yuzo_clearfixed yuzo__title yuzo__title'><h3>Related Post<\/h3><\/div>\n\t\t\t\t\t\t  <div class=\"relatedthumb \" style=\"width:125px;float:left;overflow:hidden;\">  \n\t\t\t\t\t\t\t  \n\t\t\t\t\t\t\t  <a  href=\"https:\/\/redept.com.br\/blogosfera\/sob-tarcisio-mortes-de-jovens-por-pms-explodem-e-batem-recorde-em-sp\/\"  >\n\t\t\t\t\t\t\t\t\t  <div class=\"yuzo-img-wrap \" style=\"width: 125px;height:90px;\">\n\t\t\t\t\t\t\t\t\t\t\n\t\t\t\t\t\t\t\t\t\t<div class=\"yuzo-img\" style=\"background:url('https:\/\/redept.com.br\/blogosfera\/wp-content\/uploads\/2025\/04\/26a0.png') 50% 50% no-repeat;width: 125px;height:90px;margin-bottom: 5px;background-size: cover; \"><\/div>\n\t\t\t\t\t\t\t\t\t  <\/div>\n\t\t\t\t\t\t\t\t\t  \n\t\t\t\t\t\t\t\t   <span class=\"yuzo__text--title\" style=\"font-size:13px;\">Sob Tarc\u00edsio, mortes de jovens por PMs explodem e ...<\/span>\n\t\t\t\t\t\t\t  \n\t\t\t\t\t\t\t  \n\t\t\t\t\t\t\t  <\/a>\n\n\t\t\t\t\t\t  <\/div>\n\t\t\t\t\t\t  <div class=\"relatedthumb \" style=\"width:125px;float:left;overflow:hidden;\">  \n\t\t\t\t\t\t\t  \n\t\t\t\t\t\t\t  <a  href=\"https:\/\/redept.com.br\/blogosfera\/cinema-sao-luiz-no-recife-pe-tem-sessoes-gratuitas-com-tematica-ambiental-neste-domingo-1o\/\"  >\n\t\t\t\t\t\t\t\t\t  <div class=\"yuzo-img-wrap \" style=\"width: 125px;height:90px;\">\n\t\t\t\t\t\t\t\t\t\t\n\t\t\t\t\t\t\t\t\t\t<div class=\"yuzo-img\" style=\"background:url('https:\/\/redept.org\/blogosfera\/wp-content\/plugins\/yuzo-related-post\/assets\/images\/default.png') 50% 50% no-repeat;width: 125px;height:90px;margin-bottom: 5px;background-size: cover; \"><\/div>\n\t\t\t\t\t\t\t\t\t  <\/div>\n\t\t\t\t\t\t\t\t\t  \n\t\t\t\t\t\t\t\t   <span class=\"yuzo__text--title\" style=\"font-size:13px;\">Cinema S\u00e3o Luiz, no Recife (PE), tem sess\u00f5es gratu...<\/span>\n\t\t\t\t\t\t\t  \n\t\t\t\t\t\t\t  \n\t\t\t\t\t\t\t  <\/a>\n\n\t\t\t\t\t\t  <\/div>\n\t\t\t\t\t\t  <div class=\"relatedthumb \" style=\"width:125px;float:left;overflow:hidden;\">  \n\t\t\t\t\t\t\t  \n\t\t\t\t\t\t\t  <a  href=\"https:\/\/redept.com.br\/blogosfera\/comercio-fecha-2024-com-alta-de-47-maior-crescimento-desde-2012\/\"  >\n\t\t\t\t\t\t\t\t\t  <div class=\"yuzo-img-wrap \" style=\"width: 125px;height:90px;\">\n\t\t\t\t\t\t\t\t\t\t\n\t\t\t\t\t\t\t\t\t\t<div class=\"yuzo-img\" style=\"background:url('https:\/\/redept.org\/blogosfera\/wp-content\/plugins\/yuzo-related-post\/assets\/images\/default.png') 50% 50% no-repeat;width: 125px;height:90px;margin-bottom: 5px;background-size: cover; \"><\/div>\n\t\t\t\t\t\t\t\t\t  <\/div>\n\t\t\t\t\t\t\t\t\t  \n\t\t\t\t\t\t\t\t   <span class=\"yuzo__text--title\" style=\"font-size:13px;\">Com\u00e9rcio Fecha 2024 Com Alta De 4,7%, Maior Cresci...<\/span>\n\t\t\t\t\t\t\t  \n\t\t\t\t\t\t\t  \n\t\t\t\t\t\t\t  <\/a>\n\n\t\t\t\t\t\t  <\/div>\n\t\t\t\t\t\t  <div class=\"relatedthumb \" style=\"width:125px;float:left;overflow:hidden;\">  \n\t\t\t\t\t\t\t  \n\t\t\t\t\t\t\t  <a  href=\"https:\/\/redept.com.br\/blogosfera\/lula-sanciona-lei-que-cria-o-sistema-nacional-de-educacao\/\"  >\n\t\t\t\t\t\t\t\t\t  <div class=\"yuzo-img-wrap \" style=\"width: 125px;height:90px;\">\n\t\t\t\t\t\t\t\t\t\t\n\t\t\t\t\t\t\t\t\t\t<div class=\"yuzo-img\" style=\"background:url('https:\/\/redept.com.br\/blogosfera\/wp-content\/uploads\/2025\/11\/54881874187_fec3cbfba4_o-150x150.webp') 50% 50% no-repeat;width: 125px;height:90px;margin-bottom: 5px;background-size: cover; \"><\/div>\n\t\t\t\t\t\t\t\t\t  <\/div>\n\t\t\t\t\t\t\t\t\t  \n\t\t\t\t\t\t\t\t   <span class=\"yuzo__text--title\" style=\"font-size:13px;\">Lula sanciona lei que cria o Sistema Nacional de E...<\/span>\n\t\t\t\t\t\t\t  \n\t\t\t\t\t\t\t  \n\t\t\t\t\t\t\t  <\/a>\n\n\t\t\t\t\t\t  <\/div>\n<\/div> <script>\n\t\t\t\t\t\t  jQuery(document).ready(function( $ ){\n\t\t\t\t\t\t\t\/\/jQuery('.yuzo_related_post').equalizer({ overflow : 'relatedthumb' });\n\t\t\t\t\t\t\tjQuery('.yuzo_related_post .yuzo_wraps').equalizer({ columns : '> div' });\n\t\t\t\t\t\t   })\n\t\t\t\t\t\t  <\/script> <!-- End Yuzo :) -->","protected":false},"excerpt":{"rendered":"<p>O presidente dos Estados Unidos Joe Biden anunciou, neste domingo (17), um investimento de US$ 50 milh\u00f5es (aproximadamente R$ 290 milh\u00f5es), para Amaz\u00f4nia. Ele visita a cidade de Manaus (AM) antes de voar para o Rio de Janeiro (RJ), onde participa do G20. \u00a0 Este valor se soma a outros US$ 50 milh\u00f5es que o [&hellip;]<\/p>\n","protected":false},"author":2,"featured_media":0,"comment_status":"closed","ping_status":"closed","sticky":false,"template":"","format":"standard","meta":{"fifu_image_url":"","fifu_image_alt":"","footnotes":""},"categories":[1],"tags":[],"class_list":["post-5405","post","type-post","status-publish","format-standard","hentry","category-uncategorized"],"_links":{"self":[{"href":"https:\/\/redept.com.br\/blogosfera\/wp-json\/wp\/v2\/posts\/5405","targetHints":{"allow":["GET"]}}],"collection":[{"href":"https:\/\/redept.com.br\/blogosfera\/wp-json\/wp\/v2\/posts"}],"about":[{"href":"https:\/\/redept.com.br\/blogosfera\/wp-json\/wp\/v2\/types\/post"}],"author":[{"embeddable":true,"href":"https:\/\/redept.com.br\/blogosfera\/wp-json\/wp\/v2\/users\/2"}],"replies":[{"embeddable":true,"href":"https:\/\/redept.com.br\/blogosfera\/wp-json\/wp\/v2\/comments?post=5405"}],"version-history":[{"count":0,"href":"https:\/\/redept.com.br\/blogosfera\/wp-json\/wp\/v2\/posts\/5405\/revisions"}],"wp:attachment":[{"href":"https:\/\/redept.com.br\/blogosfera\/wp-json\/wp\/v2\/media?parent=5405"}],"wp:term":[{"taxonomy":"category","embeddable":true,"href":"https:\/\/redept.com.br\/blogosfera\/wp-json\/wp\/v2\/categories?post=5405"},{"taxonomy":"post_tag","embeddable":true,"href":"https:\/\/redept.com.br\/blogosfera\/wp-json\/wp\/v2\/tags?post=5405"}],"curies":[{"name":"wp","href":"https:\/\/api.w.org\/{rel}","templated":true}]}}