{"id":5406,"date":"2024-11-17T15:25:56","date_gmt":"2024-11-17T18:25:56","guid":{"rendered":"https:\/\/redept.org\/blogosfera\/mesmo-cachorro-com-uma-coleira-diferente-diz-filha-de-che-guevara-sobre-eleicao-de-trump-nos-eua\/"},"modified":"2024-11-17T15:25:56","modified_gmt":"2024-11-17T18:25:56","slug":"mesmo-cachorro-com-uma-coleira-diferente-diz-filha-de-che-guevara-sobre-eleicao-de-trump-nos-eua","status":"publish","type":"post","link":"https:\/\/redept.com.br\/blogosfera\/mesmo-cachorro-com-uma-coleira-diferente-diz-filha-de-che-guevara-sobre-eleicao-de-trump-nos-eua\/","title":{"rendered":"&#8216;Mesmo cachorro com uma coleira diferente&#8217;, diz filha de Che Guevara sobre elei\u00e7\u00e3o de Trump nos EUA"},"content":{"rendered":"<div>\n<p>Seguindo os passos do pai, o guerrilheiro da Revolu\u00e7\u00e3o Cubana Ernesto Che Guevara, Aleida cursou medicina em Cuba, se especializando em pediatria. Mas antes de tudo, ela \u00e9 uma revolucion\u00e1ria comunista, como gosta de se descrever. Presente na C\u00fapula Social do G20 no Rio de Janeiro, Aleida Guevara, de 63 anos, concedeu uma entrevista exclusiva ao <strong>Brasil de Fato<\/strong>, na qual falou sobre o bloqueio econ\u00f4mico contra Cuba, seus efeitos, a mudan\u00e7a de governo nos Estados Unidos e sobre a posi\u00e7\u00e3o do Brasil em rela\u00e7\u00e3o \u00e0s elei\u00e7\u00f5es na Venezuela.<\/p>\n<p class=\"ckeditor-subtitle\">Confira:\u00a0\u00a0<\/p>\n<p><strong>Brasil de Fato: as \u00faltimas not\u00edcias que chegaram de Cuba no Brasil foram precisamente sobre a passagem do furac\u00e3o Rafael e toda a situa\u00e7\u00e3o gerada, principalmente sobre a escassez de energia. Qual \u00e9 o peso do bloqueio econ\u00f4mico sobre esse tipo de situa\u00e7\u00e3o?\u00a0<\/strong><\/p>\n<p><strong>Aleida Guevara:<\/strong> Os Estados Unidos impedem que navios com petr\u00f3leo cheguem a Cuba. No ano passado, eles sancionaram mais de 25 empresas de navega\u00e7\u00e3o e mais de 60 companhias. Ou seja, \u00e9 uma coisa impressionante que de alguma forma essas empresas vinham nos vender o petr\u00f3leo, n\u00e3o para do\u00e1-lo, para vend\u00ea-lo, mas mesmo assim n\u00e3o conseguimos porque os Estados Unidos imp\u00f5em milh\u00f5es de d\u00f3lares em multas. E eles t\u00eam medo disso. Ent\u00e3o <a href=\"https:\/\/www.brasildefato.com.br\/2024\/11\/07\/furacao-rafael-se-afasta-de-cuba-deixando-rastro-de-destruicao\">o petr\u00f3leo n\u00e3o chega a Cuba<\/a>. O petr\u00f3leo est\u00e1 chegando da Venezuela, do M\u00e9xico e da R\u00fassia, sobretudo.\u00a0<\/p>\n<p><strong>Voc\u00ea mencionou um custo geral do bloqueio \u00e0 economia cubana. Qual \u00e9 esse custo?<\/strong><\/p>\n<p>Enorme. \u00c9 tremendo porque depois da pandemia esgotamos as reservas que o Estado tinha porque t\u00ednhamos que produzir as vacinas. Quem iria vender vacinas para n\u00f3s? Ningu\u00e9m. Ent\u00e3o<a href=\"https:\/\/www.brasildefato.com.br\/2023\/03\/14\/as-revolucionarias-vacinas-cubanas-um-fenomeno-do-seculo-21\"> tivemos que produzir<\/a> e isso significa que consumimos toda uma s\u00e9rie de recursos que t\u00ednhamos em reserva.\u00a0<\/p>\n<p>Al\u00e9m disso, \u00e9 claro, fizemos a popula\u00e7\u00e3o ficar em casa por meses e o sal\u00e1rio integral foi pago ao povo. O Estado ficou sem recursos, ficou em uma situa\u00e7\u00e3o muito ruim. O turismo diminuiu significativamente porque todos sofreram com a pandemia e a crise econ\u00f4mica \u00e9 internacional.\u00a0<\/p>\n<p>Mas tamb\u00e9m h\u00e1 muita press\u00e3o dos Estados Unidos, inventando argumentos falsos, inventando coisas contra o turismo. Por isso, causa medo e muita press\u00e3o econ\u00f4mica sobre as empresas que trazem turismo para Cuba. H\u00e1 um exemplo que deve ser mencionado que \u00e9 uma empresa espanhola, a Meli\u00e1, que come\u00e7ou com dois hot\u00e9is em Cuba e hoje tem muitos hot\u00e9is porque conquistou esse direito. Sim, foi a primeira empresa que enfrentou os Estados Unidos e disse: \u2018n\u00e3o vou deixar de fazer neg\u00f3cios com Cuba. Se voc\u00ea quiser, voc\u00ea fecha os dois hot\u00e9is que tenho em Miami, voc\u00ea me paga os milh\u00f5es que me deve e essa \u00e9 a sua decis\u00e3o\u2019. Os Estados Unidos ent\u00e3o perceberam que n\u00e3o era t\u00e3o f\u00e1cil, mas s\u00f3 porque o Meli\u00e1 teve a honestidade de defender seus direitos como empresa. Ele n\u00e3o \u00e9 socialista ou algo assim, mas tem dignidade. E isso tem sido muito importante para n\u00f3s. Hoje o Meli\u00e1 n\u00e3o tem dois hot\u00e9is, hoje tem, sei l\u00e1, muito mais de 20 hot\u00e9is no pa\u00eds e se puder ter mais, ter\u00e1, porque realmente conquistou esse direito. \u00a0<\/p>\n<p>Ent\u00e3o, ao perder essa quantidade de turistas, de certa forma, os cofres do pa\u00eds ainda est\u00e3o meio vazios. Ent\u00e3o, como pagamos pelas coisas? Porque voc\u00ea j\u00e1 viu que o bloqueio encarece todos os produtos em Cuba. Temos que ter tr\u00eas ou quatro intermedi\u00e1rios para que algu\u00e9m nos venda algo. E esses intermedi\u00e1rios aumentam o pre\u00e7o, e quando chega at\u00e9 n\u00f3s, est\u00e1 muito mais alto. E temos que pagar pela quest\u00e3o do bloqueio simplesmente por isso. N\u00f3s dizemos que se os Estados Unidos se n\u00e3o querem comercializar com a gente, devemos respeitar, porque essa \u00e9 uma decis\u00e3o de um pa\u00eds. Mas o que n\u00e3o podemos aceitar \u00e9 que esse pa\u00eds tente agir para que nenhum outro povo no mundo comercialize livremente com Cuba.\u00a0<\/p>\n<p><strong>O povo cubano consegue imaginar como seria esse pa\u00eds se o bloqueio n\u00e3o existisse?\u00a0<\/strong><\/p>\n<p>\u00c9 claro! Todos os dias da vida, mas at\u00e9 quando? Al\u00e9m disso, imagina a quantidade de possibilidades que ter\u00edamos, porque os Estados Unidos est\u00e3o a 90 milhas de Cuba. Eles seriam nosso parceiro comercial mais natural, \u00e9 l\u00f3gico. E tem uma grande produ\u00e7\u00e3o de alimentos no Sul, \u00e0s vezes superprodu\u00e7\u00e3o que n\u00e3o pode vender, e ser\u00edamos compradores magn\u00edficos, seria um neg\u00f3cio redondo. Mas tamb\u00e9m vender\u00edamos nosso tabaco que eles adoram, nosso caf\u00e9, nosso rum. Poder\u00edamos fazer milhares de trocas, mas eles n\u00e3o t\u00eam vontade de faz\u00ea-lo.\u00a0<\/p>\n<p><strong>E a mudan\u00e7a de governo que ocorrer\u00e1 nos Estados Unidos, os democratas est\u00e3o de sa\u00edda, os republicanos voltando ao poder. Alguma coisa muda para os cubanos?\u00a0<\/strong><\/p>\n<p>Dizemos que \u00e9 o mesmo cachorro com uma coleira diferente. O que acontece \u00e9 que esse homem [<a href=\"https:\/\/www.brasildefato.com.br\/2024\/11\/06\/donald-trump-e-reeleito-presidente-e-extrema-direita-volta-ao-poder-nos-estados-unidos\">Donald Trump<\/a>] \u00e9 louco, certo? Portanto, n\u00e3o sabemos o que ele pode fazer. Talvez ele venha com a not\u00edcia de que, como \u00e9 comerciante, quer fazer algo com Cuba, quem sabe&#8230; Porque este homem \u00e9 assim, ele \u00e9 imprevis\u00edvel. Mas, em todo caso, \u00e9 um perigo, um perigo grave, n\u00e3o s\u00f3 para Cuba, para a humanidade, porque esse pa\u00eds [Estados Unidos] tem um poder destrutivo e agora esse poder estar\u00e1 nas m\u00e3os de uma pessoa que n\u00e3o raciocina, o que pode ser muito perigoso.\u00a0<\/p>\n<p><strong>\u00c9 poss\u00edvel tra\u00e7ar um paralelo entre o que Cuba experimentou nos \u00faltimos 65 anos e o que est\u00e1 acontecendo agora na Venezuela, Nicar\u00e1gua, Ir\u00e3 e tantos outros pa\u00edses sancionados unilateralmente pelos Estados Unidos?\u00a0<\/strong><\/p>\n<p>Sim, claro que podemos comparar, porque \u00e9 o mesmo problema. \u00c9 a mesma t\u00e9cnica tentando nos cercar, mas isso n\u00e3o \u00e9 de agora. Veja, h\u00e1 um memorando de um almirante norte-americano do s\u00e9culo 19 que j\u00e1 diz que Cuba deveria ser completamente bloqueada com seus navios, fechar a possibilidade de com\u00e9rcio, causar fome e com isso, doen\u00e7as, dizimar a popula\u00e7\u00e3o, para que ent\u00e3o eles pudessem governar. E essa \u00e9 a t\u00e9cnica que eles usam h\u00e1 s\u00e9culos e que tem sido usada hoje para qualquer pa\u00eds que diga n\u00e3o, que mantenha esse n\u00e3o, e que pense em seu pa\u00eds, seu povo e sua dignidade. Isso \u00e9 o que acontece.\u00a0<\/p>\n<p><strong>A posi\u00e7\u00e3o do Brasil ap\u00f3s as elei\u00e7\u00f5es na Venezuela tem sido muito questionada pelos movimentos populares aqui no Brasil e na Am\u00e9rica Latina, porque questiona a seguran\u00e7a do processo eleitoral. Como voc\u00ea avalia essa posi\u00e7\u00e3o?\u00a0<\/strong><\/p>\n<p>Isso s\u00f3 serve ao inimigo. Isso me deixa muito triste. Eu fico realmente muito envergonhado por Lula ter ca\u00eddo nessa situa\u00e7\u00e3o. Em primeiro lugar, porque ele acaba de reconhecer que ele n\u00e3o tem o direito nem mesmo de opinar sobre um problema de outro pa\u00eds, porque ele n\u00e3o gostaria que n\u00f3s, nem nenhum outro pa\u00eds do mundo, opin\u00e1ssemos sobre o Brasil. Ent\u00e3o, se voc\u00ea n\u00e3o gosta de algo, como vai fazer isso com outra pessoa? \u00c9 um princ\u00edpio b\u00e1sico de conviv\u00eancia, puro e simples. Ele pode ter seus crit\u00e9rios e sua maneira de ver o mundo, que devem ser respeitados. Eu n\u00e3o tenho o que dizer nesse sentido. Mas \u00e9 preciso respeitar, \u00e9 preciso aprender a respeitar o seu vizinho, que est\u00e1 aqui ao lado, mesmo que voc\u00ea n\u00e3o goste. N\u00f3s, por exemplo, queremos ter rela\u00e7\u00f5es com os Estados Unidos, embora n\u00e3o tenhamos nada a ver com seu governo. Mas podemos fazer um esfor\u00e7o e ser solid\u00e1rios, e respeitar o outro pa\u00eds, desde que ele nos respeite, porque esse \u00e9 um princ\u00edpio m\u00fatuo. Se voc\u00ea quer respeito, voc\u00ea tem que aprender a respeitar. Isso \u00e9 simples assim. \u00a0<\/p>\n<p>\u00c9 por isso que d\u00f3i muito. Tamb\u00e9m d\u00f3i muito a posi\u00e7\u00e3o do Brasil em rela\u00e7\u00e3o aos Brics, pois o Brasil <a href=\"https:\/\/www.brasildefato.com.br\/2024\/10\/25\/venezuela-critica-veto-do-brasil-a-entrada-do-pais-no-brics-gesto-hostil\">se recusa a permitir que a Venezuela entre nos Brics<\/a>. Isso \u00e9 in\u00e9dito, verdadeiramente in\u00e9dito. E est\u00e1 simplesmente fazendo o jogo dos Estados Unidos da Am\u00e9rica, o inimigo de todos os nossos povos. E Lula n\u00e3o \u00e9 um presidente qualquer, Lula \u00e9 um presidente que vem das bases, que vem da luta sindical. Portanto, Lula tem que saber o que est\u00e1 fazendo. Isso \u00e9 muito doloroso para n\u00f3s, realmente, digo sinceramente. Isso nos doeu muito e nos deixou profundamente decepcionados com a atitude de Lula em rela\u00e7\u00e3o \u00e0 Venezuela.\u00a0<\/p>\n<p><strong>Finalmente, qual \u00e9 o papel dos movimentos populares das organiza\u00e7\u00f5es populares diante de todas essas contradi\u00e7\u00f5es e dessa realidade de que acabamos de falar?\u00a0<\/strong><\/p>\n<p>Os movimentos sociais s\u00e3o essenciais no momento em que vivemos. Muitas vezes, os partidos, especialmente os de esquerda, perdem seu apoio popular porque deixam de trabalhar com os movimentos sociais. Isso \u00e9 fatal, porque n\u00f3s, que nos consideramos de esquerda, existimos para o benef\u00edcio do povo, e se esse povo n\u00e3o nos reconhece, eu sempre digo:\u00a0esquerda tem que ter o apoio e a compreens\u00e3o do povo, porque lutamos por ele.<\/p>\n<p>Mas \u00e9 claro que as pessoas tamb\u00e9m est\u00e3o cansadas de ouvir coisas que n\u00e3o se concretizam. Eu digo que a \u00fanica coisa em que as pessoas acreditam sem ver s\u00e3o as religi\u00f5es, o resto precisa ser demonstrado. \u00c9 por isso que temos de trabalhar nessa dire\u00e7\u00e3o. Se estamos dizendo a uma popula\u00e7\u00e3o humilde que estamos lutando pela sa\u00fade p\u00fablica, bem, senhores, vamos tentar fazer com que essas pessoas sintam o que \u00e9 sa\u00fade p\u00fablica. O hospital que temos que construir, que vamos trabalhar nesse hospital e melhor\u00e1-lo, e vamos fazer da sa\u00fade p\u00fablica um direito do ser humano, que \u00e9 isso que queremos, esse \u00e9 o nosso objetivo.\u00a0Temos que come\u00e7ar pelo trabalho de base com nossa gente, com nosso povo. \u00c9 por isso que a educa\u00e7\u00e3o popular \u00e9 muito importante, realmente, essencial. \u00a0<\/p>\n<p class=\"ckeditor-img-caption\"><imgsrc=\"\"><br \/>\nAleida representou Cuba no Tribunal Popular que condenou o imperialismo por diversos crimes, entre eles, o bloqueio econ\u00f4mico ilegal contra a ilha. \/ Sara Gehren\/MST<\/p>\n<p>Aqui [no Brasil] temos homens \u00fanicos, \u00fanicos nesse sentido, ent\u00e3o temos que ser guiados por eles, temos que trabalhar com eles junto com as pessoas. Eu sempre digo que este \u00e9 um pa\u00eds invej\u00e1vel por causa da quantidade de seres humanos bonitos que possui. Estou falando, por exemplo, do meu amigo e irm\u00e3o Jo\u00e3o Pedro Stedile. Para mim, ele \u00e9 um dos homens mais completos que j\u00e1 conheci. E ele n\u00e3o \u00e9 comunista, veja bem, eu sou. Mas ele \u00e9 mais do que um comunista para mim, porque ele \u00e9 um homem consistente, que dedicou toda sua vida ao seu povo.\u00a0<\/p>\n<p>Mas bem, em suma, eu realmente acredito que voc\u00ea tem homens e mulheres maravilhosos e extraordin\u00e1rios aqui neste pa\u00eds. Temos que tornar essas hist\u00f3rias de vida mais conhecidas para as pessoas, para as novas gera\u00e7\u00f5es, para que elas se sintam orgulhosas de serem brasileiras. N\u00e3o \u00e9 apenas a m\u00fasica e o carnaval, que s\u00e3o importantes, mas \u00e9 muito mais profundo. S\u00e3o aqueles seres humanos que dedicaram o melhor de suas vidas a tentar fazer um Brasil mais digno, mais completo, mais bonito. \u00a0<\/p>\n<p>Quando vim ao Brasil pela primeira vez, havia um medo tremendo nas ruas, uma viol\u00eancia tremenda em S\u00e3o Paulo, com as janelas fechadas, todas essas coisas. Fiquei chocada e disse: \u00e9 melhor morrer tentando mudar isso do que morrer de fome. Ent\u00e3o eu comecei a pensar e disse: bem, eu sou de uma ideologia comunista, eu venho de um pa\u00eds diferente, com uma cultura que \u00e9 algo, digamos, regular, ent\u00e3o \u00e9 poss\u00edvel que eu seja a \u00fanica a pensar assim. Erro! Quando fui ao Rio Grande do Sul, havia uma placa na parede que dizia: \u00e9 prefer\u00edvel morrer conquistando terras para alimentar meus filhos, do que morrer de fome. Rosa, uma mulher do Movimento dos Trabalhadores Sem Terra, disse isso. Ela n\u00e3o era comunista, talvez nem tivesse o segundo grau de escolaridade. Mas isso n\u00e3o importava. Ela era t\u00e3o mulher e t\u00e3o m\u00e3e quanto eu, e ela reagiu diante da vida por causa disso. \u00c9 por isso que eu te digo que tem muitas hist\u00f3rias de vida, de homens e mulheres simples desse povo, que te enchem de orgulho, que te enchem de for\u00e7a e que devem ser resgatadas para as novas gera\u00e7\u00f5es, para que um Bolsonaro nunca mais volte, por exemplo.\u00a0<\/p>\n<p>\u00a0<\/p>\n<\/div>\n<!-- Begin Yuzo --><div class='yuzo_related_post style-1'  data-version='5.12.89'><!-- without result --><div class='yuzo_clearfixed yuzo__title yuzo__title'><h3>Related Post<\/h3><\/div>\n\t\t\t\t\t\t  <div class=\"relatedthumb \" style=\"width:125px;float:left;overflow:hidden;\">  \n\t\t\t\t\t\t\t  \n\t\t\t\t\t\t\t  <a  href=\"https:\/\/redept.com.br\/blogosfera\/clube-de-engenharia-defende-exploracao-de-petroleo-na-margem-equatorial\/\"  >\n\t\t\t\t\t\t\t\t\t  <div class=\"yuzo-img-wrap \" style=\"width: 125px;height:90px;\">\n\t\t\t\t\t\t\t\t\t\t\n\t\t\t\t\t\t\t\t\t\t<div class=\"yuzo-img\" style=\"background:url('https:\/\/redept.org\/blogosfera\/wp-content\/plugins\/yuzo-related-post\/assets\/images\/default.png') 50% 50% no-repeat;width: 125px;height:90px;margin-bottom: 5px;background-size: cover; \"><\/div>\n\t\t\t\t\t\t\t\t\t  <\/div>\n\t\t\t\t\t\t\t\t\t  \n\t\t\t\t\t\t\t\t   <span class=\"yuzo__text--title\" style=\"font-size:13px;\">Clube de Engenharia defende explora\u00e7\u00e3o de petr\u00f3leo...<\/span>\n\t\t\t\t\t\t\t  \n\t\t\t\t\t\t\t  \n\t\t\t\t\t\t\t  <\/a>\n\n\t\t\t\t\t\t  <\/div>\n\t\t\t\t\t\t  <div class=\"relatedthumb \" style=\"width:125px;float:left;overflow:hidden;\">  \n\t\t\t\t\t\t\t  \n\t\t\t\t\t\t\t  <a  href=\"https:\/\/redept.com.br\/blogosfera\/guerra-distante-custo-imediato-o-que-esta-em-jogo-para-a-africa-no-conflito-ira-israel\/\"  >\n\t\t\t\t\t\t\t\t\t  <div class=\"yuzo-img-wrap \" style=\"width: 125px;height:90px;\">\n\t\t\t\t\t\t\t\t\t\t\n\t\t\t\t\t\t\t\t\t\t<div class=\"yuzo-img\" style=\"background:url('https:\/\/redept.com.br\/blogosfera\/wp-content\/uploads\/2026\/03\/porto-ira-150x150.webp') 50% 50% no-repeat;width: 125px;height:90px;margin-bottom: 5px;background-size: cover; \"><\/div>\n\t\t\t\t\t\t\t\t\t  <\/div>\n\t\t\t\t\t\t\t\t\t  \n\t\t\t\t\t\t\t\t   <span class=\"yuzo__text--title\" style=\"font-size:13px;\">Guerra distante, custo imediato: o que est\u00e1 em jog...<\/span>\n\t\t\t\t\t\t\t  \n\t\t\t\t\t\t\t  \n\t\t\t\t\t\t\t  <\/a>\n\n\t\t\t\t\t\t  <\/div>\n\t\t\t\t\t\t  <div class=\"relatedthumb \" style=\"width:125px;float:left;overflow:hidden;\">  \n\t\t\t\t\t\t\t  \n\t\t\t\t\t\t\t  <a  href=\"https:\/\/redept.com.br\/blogosfera\/israel-inicia-incursao-terrestre-na-cidade-de-gaza-e-ameaca-1-milhao-de-civis\/\"  >\n\t\t\t\t\t\t\t\t\t  <div class=\"yuzo-img-wrap \" style=\"width: 125px;height:90px;\">\n\t\t\t\t\t\t\t\t\t\t\n\t\t\t\t\t\t\t\t\t\t<div class=\"yuzo-img\" style=\"background:url('https:\/\/redept.com.br\/blogosfera\/wp-content\/uploads\/2025\/09\/28142c4b-cc7d-42de-b935-a34aad355ccd-150x150.jpg') 50% 50% no-repeat;width: 125px;height:90px;margin-bottom: 5px;background-size: cover; \"><\/div>\n\t\t\t\t\t\t\t\t\t  <\/div>\n\t\t\t\t\t\t\t\t\t  \n\t\t\t\t\t\t\t\t   <span class=\"yuzo__text--title\" style=\"font-size:13px;\">Israel inicia incurs\u00e3o terrestre na Cidade de Gaza...<\/span>\n\t\t\t\t\t\t\t  \n\t\t\t\t\t\t\t  \n\t\t\t\t\t\t\t  <\/a>\n\n\t\t\t\t\t\t  <\/div>\n\t\t\t\t\t\t  <div class=\"relatedthumb \" style=\"width:125px;float:left;overflow:hidden;\">  \n\t\t\t\t\t\t\t  \n\t\t\t\t\t\t\t  <a  href=\"https:\/\/redept.com.br\/blogosfera\/vida-extraterrestre-resposta-a-maior-pergunta-da-humanidade-pode-estar-proxima\/\"  >\n\t\t\t\t\t\t\t\t\t  <div class=\"yuzo-img-wrap \" style=\"width: 125px;height:90px;\">\n\t\t\t\t\t\t\t\t\t\t\n\t\t\t\t\t\t\t\t\t\t<div class=\"yuzo-img\" style=\"background:url('https:\/\/redept.com.br\/blogosfera\/wp-content\/uploads\/2025\/04\/vida-extraterrestre-150x150.jpg') 50% 50% no-repeat;width: 125px;height:90px;margin-bottom: 5px;background-size: cover; \"><\/div>\n\t\t\t\t\t\t\t\t\t  <\/div>\n\t\t\t\t\t\t\t\t\t  \n\t\t\t\t\t\t\t\t   <span class=\"yuzo__text--title\" style=\"font-size:13px;\">Vida extraterrestre: resposta \u00e0 maior pergunta da ...<\/span>\n\t\t\t\t\t\t\t  \n\t\t\t\t\t\t\t  \n\t\t\t\t\t\t\t  <\/a>\n\n\t\t\t\t\t\t  <\/div>\n<\/div> <script>\n\t\t\t\t\t\t  jQuery(document).ready(function( $ ){\n\t\t\t\t\t\t\t\/\/jQuery('.yuzo_related_post').equalizer({ overflow : 'relatedthumb' });\n\t\t\t\t\t\t\tjQuery('.yuzo_related_post .yuzo_wraps').equalizer({ columns : '> div' });\n\t\t\t\t\t\t   })\n\t\t\t\t\t\t  <\/script> <!-- End Yuzo :) -->","protected":false},"excerpt":{"rendered":"<p>Seguindo os passos do pai, o guerrilheiro da Revolu\u00e7\u00e3o Cubana Ernesto Che Guevara, Aleida cursou medicina em Cuba, se especializando em pediatria. Mas antes de tudo, ela \u00e9 uma revolucion\u00e1ria comunista, como gosta de se descrever. Presente na C\u00fapula Social do G20 no Rio de Janeiro, Aleida Guevara, de 63 anos, concedeu uma entrevista exclusiva [&hellip;]<\/p>\n","protected":false},"author":2,"featured_media":0,"comment_status":"closed","ping_status":"closed","sticky":false,"template":"","format":"standard","meta":{"fifu_image_url":"","fifu_image_alt":"","footnotes":""},"categories":[1],"tags":[],"class_list":["post-5406","post","type-post","status-publish","format-standard","hentry","category-uncategorized"],"_links":{"self":[{"href":"https:\/\/redept.com.br\/blogosfera\/wp-json\/wp\/v2\/posts\/5406","targetHints":{"allow":["GET"]}}],"collection":[{"href":"https:\/\/redept.com.br\/blogosfera\/wp-json\/wp\/v2\/posts"}],"about":[{"href":"https:\/\/redept.com.br\/blogosfera\/wp-json\/wp\/v2\/types\/post"}],"author":[{"embeddable":true,"href":"https:\/\/redept.com.br\/blogosfera\/wp-json\/wp\/v2\/users\/2"}],"replies":[{"embeddable":true,"href":"https:\/\/redept.com.br\/blogosfera\/wp-json\/wp\/v2\/comments?post=5406"}],"version-history":[{"count":0,"href":"https:\/\/redept.com.br\/blogosfera\/wp-json\/wp\/v2\/posts\/5406\/revisions"}],"wp:attachment":[{"href":"https:\/\/redept.com.br\/blogosfera\/wp-json\/wp\/v2\/media?parent=5406"}],"wp:term":[{"taxonomy":"category","embeddable":true,"href":"https:\/\/redept.com.br\/blogosfera\/wp-json\/wp\/v2\/categories?post=5406"},{"taxonomy":"post_tag","embeddable":true,"href":"https:\/\/redept.com.br\/blogosfera\/wp-json\/wp\/v2\/tags?post=5406"}],"curies":[{"name":"wp","href":"https:\/\/api.w.org\/{rel}","templated":true}]}}