{"id":5407,"date":"2024-11-17T16:00:17","date_gmt":"2024-11-17T19:00:17","guid":{"rendered":"https:\/\/redept.org\/blogosfera\/joe-biden-chega-a-manaus-e-anuncia-r-2895-milhoes-ao-fundo-amazonia\/"},"modified":"2024-11-17T16:00:17","modified_gmt":"2024-11-17T19:00:17","slug":"joe-biden-chega-a-manaus-e-anuncia-r-2895-milhoes-ao-fundo-amazonia","status":"publish","type":"post","link":"https:\/\/redept.com.br\/blogosfera\/joe-biden-chega-a-manaus-e-anuncia-r-2895-milhoes-ao-fundo-amazonia\/","title":{"rendered":"Joe Biden chega a Manaus e anuncia R$ 289,5 milh\u00f5es ao Fundo Amaz\u00f4nia"},"content":{"rendered":"<div><img fetchpriority=\"high\" width=\"703\" height=\"460\"src=\"https:\/\/redept.org\/blogosfera\/wp-content\/uploads\/2024\/11\/Biden-Manaus.jpg\" class=\"attachment-large size-large wp-post-image\" alt=\"\" decoding=\"async\" srcset=\"https:\/\/redept.org\/blogosfera\/wp-content\/uploads\/2024\/11\/Biden-Manaus.jpg 703w, https:\/\/vermelho.org.br\/wp-content\/uploads\/2024\/11\/Biden-Manaus-300x196.jpg 300w\" sizes=\"(max-width: 703px) 100vw, 703px\"><\/p>\n<p>O presidente dos Estados Unidos, Joe Biden, que participa nesta segunda-feira (17), no Rio de Janeiro, da reuni\u00e3o da C\u00fapula do G20, visitou Manaus neste domingo (17). Antes dessa primeira visita de um presidente norte-americano \u00e0 regi\u00e3o, a Casa Branca anunciou que vai doar mais US$ 50 milh\u00f5es (R$ 289,5 milh\u00f5es) para o Fundo Amaz\u00f4nia,<\/p>\n<p>De acordo com o Banco Nacional de Desenvolvimento Econ\u00f4mico e Social (BNDES), outras doa\u00e7\u00f5es j\u00e1 foram feitas pelos EUA: US$ 3 milh\u00f5es (R$ 14,9 milh\u00f5es), em dezembro de 2023, e de US$ 47 milh\u00f5es (R$ 256,9 milh\u00f5es), em agosto de 2024. As novas doa\u00e7\u00f5es ainda ter\u00e3o que ser aprovadas pelo Congresso norte-americano.<\/p>\n<p>Leia mais: <a href=\"https:\/\/vermelho.org.br\/2023\/03\/01\/eua-culpam-guerra-na-ucrania-por-doacao-irrisoria-ao-fundo-amazonia\/\">EUA culpam guerra na Ucr\u00e2nia por doa\u00e7\u00e3o irris\u00f3ria ao Fundo Amaz\u00f4nia<\/a><\/p>\n<p>Com a sa\u00edda de Biden da presid\u00eancia, a expectativa \u00e9 saber se o presidente eleito Donald Trump vai assumir os compromissos do pa\u00eds na \u00e1rea ambiental.<\/p>\n<p>Na capital amazonense, Biden anunciou que a sua gest\u00e3o cumpriu a promessa de aumentar o financiamento clim\u00e1tico internacional dos EUA, chegando a mais de US$ 11 bilh\u00f5es por ano at\u00e9 2024.<\/p>\n<p>O presidente dos Estados Unidos desembarcou em Manaus acompanhado da filha Ashley e da neta Natalie.<\/p>\n<p>Ele sobrevoou de helic\u00f3ptero o Encontro das \u00c1guas, a Reserva Florestal Adolpho Ducke e o Museu da Amaz\u00f4nia (Musa), para onde seguiu ap\u00f3s o passeio.<\/p>\n<p>O post <a href=\"https:\/\/vermelho.org.br\/2024\/11\/17\/joe-biden-chega-a-manaus-e-anuncia-r-2895-milhoes-ao-fundo-amazonia\/\">Joe Biden chega a Manaus e anuncia R$ 289,5 milh\u00f5es ao Fundo Amaz\u00f4nia<\/a> apareceu primeiro em <a href=\"https:\/\/vermelho.org.br\/\">Vermelho<\/a>.<\/p>\n<\/div>\n<!-- Begin Yuzo --><div class='yuzo_related_post style-1'  data-version='5.12.89'><!-- without result --><div class='yuzo_clearfixed yuzo__title yuzo__title'><h3>Related Post<\/h3><\/div>\n\t\t\t\t\t\t  <div class=\"relatedthumb \" style=\"width:125px;float:left;overflow:hidden;\">  \n\t\t\t\t\t\t\t  \n\t\t\t\t\t\t\t  <a  href=\"https:\/\/redept.com.br\/blogosfera\/sao-paulo-tera-secretario-de-seguranca-denunciado-por-racismo-institucional-na-onu\/\"  >\n\t\t\t\t\t\t\t\t\t  <div class=\"yuzo-img-wrap \" style=\"width: 125px;height:90px;\">\n\t\t\t\t\t\t\t\t\t\t\n\t\t\t\t\t\t\t\t\t\t<div class=\"yuzo-img\" style=\"background:url('https:\/\/redept.org\/blogosfera\/wp-content\/plugins\/yuzo-related-post\/assets\/images\/default.png') 50% 50% no-repeat;width: 125px;height:90px;margin-bottom: 5px;background-size: cover; \"><\/div>\n\t\t\t\t\t\t\t\t\t  <\/div>\n\t\t\t\t\t\t\t\t\t  \n\t\t\t\t\t\t\t\t   <span class=\"yuzo__text--title\" style=\"font-size:13px;\">S\u00e3o Paulo ter\u00e1 secret\u00e1rio de seguran\u00e7a denunciado ...<\/span>\n\t\t\t\t\t\t\t  \n\t\t\t\t\t\t\t  \n\t\t\t\t\t\t\t  <\/a>\n\n\t\t\t\t\t\t  <\/div>\n\t\t\t\t\t\t  <div class=\"relatedthumb \" style=\"width:125px;float:left;overflow:hidden;\">  \n\t\t\t\t\t\t\t  \n\t\t\t\t\t\t\t  <a  href=\"https:\/\/redept.com.br\/blogosfera\/lula-veta-aumento-do-numero-de-deputados-na-camara\/\"  >\n\t\t\t\t\t\t\t\t\t  <div class=\"yuzo-img-wrap \" style=\"width: 125px;height:90px;\">\n\t\t\t\t\t\t\t\t\t\t\n\t\t\t\t\t\t\t\t\t\t<div class=\"yuzo-img\" style=\"background:url('https:\/\/redept.org\/blogosfera\/wp-content\/plugins\/yuzo-related-post\/assets\/images\/default.png') 50% 50% no-repeat;width: 125px;height:90px;margin-bottom: 5px;background-size: cover; \"><\/div>\n\t\t\t\t\t\t\t\t\t  <\/div>\n\t\t\t\t\t\t\t\t\t  \n\t\t\t\t\t\t\t\t   <span class=\"yuzo__text--title\" style=\"font-size:13px;\">Lula veta aumento do n\u00famero de deputados na C\u00e2mara...<\/span>\n\t\t\t\t\t\t\t  \n\t\t\t\t\t\t\t  \n\t\t\t\t\t\t\t  <\/a>\n\n\t\t\t\t\t\t  <\/div>\n\t\t\t\t\t\t  <div class=\"relatedthumb \" style=\"width:125px;float:left;overflow:hidden;\">  \n\t\t\t\t\t\t\t  \n\t\t\t\t\t\t\t  <a  href=\"https:\/\/redept.com.br\/blogosfera\/lula-parabeniza-vitoria-de-antonio-seguro-em-portugal\/\"  >\n\t\t\t\t\t\t\t\t\t  <div class=\"yuzo-img-wrap \" style=\"width: 125px;height:90px;\">\n\t\t\t\t\t\t\t\t\t\t\n\t\t\t\t\t\t\t\t\t\t<div class=\"yuzo-img\" style=\"background:url('https:\/\/redept.org\/blogosfera\/wp-content\/plugins\/yuzo-related-post\/assets\/images\/default.png') 50% 50% no-repeat;width: 125px;height:90px;margin-bottom: 5px;background-size: cover; \"><\/div>\n\t\t\t\t\t\t\t\t\t  <\/div>\n\t\t\t\t\t\t\t\t\t  \n\t\t\t\t\t\t\t\t   <span class=\"yuzo__text--title\" style=\"font-size:13px;\">Lula parabeniza vit\u00f3ria de Ant\u00f4nio Seguro em Portu...<\/span>\n\t\t\t\t\t\t\t  \n\t\t\t\t\t\t\t  \n\t\t\t\t\t\t\t  <\/a>\n\n\t\t\t\t\t\t  <\/div>\n\t\t\t\t\t\t  <div class=\"relatedthumb \" style=\"width:125px;float:left;overflow:hidden;\">  \n\t\t\t\t\t\t\t  \n\t\t\t\t\t\t\t  <a  href=\"https:\/\/redept.com.br\/blogosfera\/alice-portugal-assume-direitos-humanos-e-mira-no-combate-ao-feminicidio\/\"  >\n\t\t\t\t\t\t\t\t\t  <div class=\"yuzo-img-wrap \" style=\"width: 125px;height:90px;\">\n\t\t\t\t\t\t\t\t\t\t\n\t\t\t\t\t\t\t\t\t\t<div class=\"yuzo-img\" style=\"background:url('https:\/\/redept.com.br\/blogosfera\/wp-content\/uploads\/2026\/02\/Alice-Portugal-150x150.jpg') 50% 50% no-repeat;width: 125px;height:90px;margin-bottom: 5px;background-size: cover; \"><\/div>\n\t\t\t\t\t\t\t\t\t  <\/div>\n\t\t\t\t\t\t\t\t\t  \n\t\t\t\t\t\t\t\t   <span class=\"yuzo__text--title\" style=\"font-size:13px;\">Alice Portugal assume Direitos Humanos e mira no c...<\/span>\n\t\t\t\t\t\t\t  \n\t\t\t\t\t\t\t  \n\t\t\t\t\t\t\t  <\/a>\n\n\t\t\t\t\t\t  <\/div>\n<\/div> <script>\n\t\t\t\t\t\t  jQuery(document).ready(function( $ ){\n\t\t\t\t\t\t\t\/\/jQuery('.yuzo_related_post').equalizer({ overflow : 'relatedthumb' });\n\t\t\t\t\t\t\tjQuery('.yuzo_related_post .yuzo_wraps').equalizer({ columns : '> div' });\n\t\t\t\t\t\t   })\n\t\t\t\t\t\t  <\/script> <!-- End Yuzo :) -->","protected":false},"excerpt":{"rendered":"<p>O presidente dos Estados Unidos, Joe Biden, que participa nesta segunda-feira (17), no Rio de Janeiro, da reuni\u00e3o da C\u00fapula do G20, visitou Manaus neste domingo (17). Antes dessa primeira visita de um presidente norte-americano \u00e0 regi\u00e3o, a Casa Branca anunciou que vai doar mais US$ 50 milh\u00f5es (R$ 289,5 milh\u00f5es) para o Fundo Amaz\u00f4nia, [&hellip;]<\/p>\n","protected":false},"author":2,"featured_media":5408,"comment_status":"closed","ping_status":"closed","sticky":false,"template":"","format":"standard","meta":{"fifu_image_url":"","fifu_image_alt":"","footnotes":""},"categories":[1877,538,50,1283,922],"tags":[],"class_list":["post-5407","post","type-post","status-publish","format-standard","has-post-thumbnail","hentry","category-fundo-amazonia","category-g20","category-internacional","category-joe-biden","category-manaus"],"_links":{"self":[{"href":"https:\/\/redept.com.br\/blogosfera\/wp-json\/wp\/v2\/posts\/5407","targetHints":{"allow":["GET"]}}],"collection":[{"href":"https:\/\/redept.com.br\/blogosfera\/wp-json\/wp\/v2\/posts"}],"about":[{"href":"https:\/\/redept.com.br\/blogosfera\/wp-json\/wp\/v2\/types\/post"}],"author":[{"embeddable":true,"href":"https:\/\/redept.com.br\/blogosfera\/wp-json\/wp\/v2\/users\/2"}],"replies":[{"embeddable":true,"href":"https:\/\/redept.com.br\/blogosfera\/wp-json\/wp\/v2\/comments?post=5407"}],"version-history":[{"count":0,"href":"https:\/\/redept.com.br\/blogosfera\/wp-json\/wp\/v2\/posts\/5407\/revisions"}],"wp:featuredmedia":[{"embeddable":true,"href":"https:\/\/redept.com.br\/blogosfera\/wp-json\/wp\/v2\/media\/5408"}],"wp:attachment":[{"href":"https:\/\/redept.com.br\/blogosfera\/wp-json\/wp\/v2\/media?parent=5407"}],"wp:term":[{"taxonomy":"category","embeddable":true,"href":"https:\/\/redept.com.br\/blogosfera\/wp-json\/wp\/v2\/categories?post=5407"},{"taxonomy":"post_tag","embeddable":true,"href":"https:\/\/redept.com.br\/blogosfera\/wp-json\/wp\/v2\/tags?post=5407"}],"curies":[{"name":"wp","href":"https:\/\/api.w.org\/{rel}","templated":true}]}}