{"id":5409,"date":"2024-11-17T17:46:18","date_gmt":"2024-11-17T20:46:18","guid":{"rendered":"https:\/\/redept.org\/blogosfera\/em-cuba-escola-latino-americana-de-medicina-celebra-25-anos-com-1-congresso-de-graduados\/"},"modified":"2024-11-17T17:46:18","modified_gmt":"2024-11-17T20:46:18","slug":"em-cuba-escola-latino-americana-de-medicina-celebra-25-anos-com-1-congresso-de-graduados","status":"publish","type":"post","link":"https:\/\/redept.com.br\/blogosfera\/em-cuba-escola-latino-americana-de-medicina-celebra-25-anos-com-1-congresso-de-graduados\/","title":{"rendered":"Em Cuba, Escola Latino-americana de Medicina celebra 25 anos com 1\u00b0 Congresso de Graduados"},"content":{"rendered":"<div>\n<figure class=\"wp-block-image size-large\"><img fetchpriority=\"high\" fetchpriority=\"high\" decoding=\"async\" width=\"1024\" height=\"578\" src=\"https:\/\/redept.org\/blogosfera\/wp-content\/uploads\/2024\/11\/IMG_20241115_160241-1024x578-1.jpg\" alt=\"\" class=\"wp-image-273744\" srcset=\"https:\/\/redept.org\/blogosfera\/wp-content\/uploads\/2024\/11\/IMG_20241115_160241-1024x578-1.jpg 1024w, https:\/\/mst.org.br\/wp-content\/uploads\/2024\/11\/IMG_20241115_160241-300x169.jpg 300w, https:\/\/mst.org.br\/wp-content\/uploads\/2024\/11\/IMG_20241115_160241-768x433.jpg 768w, https:\/\/mst.org.br\/wp-content\/uploads\/2024\/11\/IMG_20241115_160241-1536x866.jpg 1536w, https:\/\/mst.org.br\/wp-content\/uploads\/2024\/11\/IMG_20241115_160241.jpg 1920w\" sizes=\"(max-width: 1024px) 100vw, 1024px\"><figcaption class=\"wp-element-caption\">Fotos: Divulga\u00e7\u00e3o<\/figcaption><\/figure>\n<p><em>Da P\u00e1gina do MST<\/em><\/p>\n<p>O 1\u00ba Congresso Internacional de Graduados da Escola Latino-Americana de Medicina de Cuba (ELAM) chegou ao fim nesta sexta-feira (15), em Havana. O evento contou com a participa\u00e7\u00e3o de mais de 300 delegados e 250 convidados, incluindo m\u00e9dicos e estudantes de aproximadamente 100 pa\u00edses.<\/p>\n<p>A celebra\u00e7\u00e3o teve inicio no Pal\u00e1cio de Conven\u00e7\u00f5es com diversas autoridades de Cuba como o chanceler\u00a0 Bruno Parrilla, Ministro da Sa\u00fade Jos\u00e9 Angel Portal e Secret\u00e1rio geral da Central dos trabalhadores de Cuba e Ulises Guilarte de Nacimiento, que entregou o Selo do 85\u00ba Anivers\u00e1rio da CTC. <\/p>\n<figure class=\"wp-block-image size-large\"><img decoding=\"async\" width=\"1024\" height=\"578\" src=\"https:\/\/redept.org\/blogosfera\/wp-content\/uploads\/2024\/11\/IMG_20241115_132722-1024x578-1.jpg\" alt=\"\" class=\"wp-image-273745\" srcset=\"https:\/\/redept.org\/blogosfera\/wp-content\/uploads\/2024\/11\/IMG_20241115_132722-1024x578-1.jpg 1024w, https:\/\/mst.org.br\/wp-content\/uploads\/2024\/11\/IMG_20241115_132722-300x169.jpg 300w, https:\/\/mst.org.br\/wp-content\/uploads\/2024\/11\/IMG_20241115_132722-768x433.jpg 768w, https:\/\/mst.org.br\/wp-content\/uploads\/2024\/11\/IMG_20241115_132722-1536x866.jpg 1536w, https:\/\/mst.org.br\/wp-content\/uploads\/2024\/11\/IMG_20241115_132722.jpg 1920w\" sizes=\"(max-width: 1024px) 100vw, 1024px\"><figcaption class=\"wp-element-caption\">Foto: Divulga\u00e7\u00e3o<\/figcaption><\/figure>\n<p>A ELAM recebeu o evento em comemora\u00e7\u00e3o ao seu 25\u00ba anivers\u00e1rio. Ao longo dos anos, a escola tem formado m\u00e9dicos de diferentes pa\u00edses, com o objetivo de fortalecer os sistemas de sa\u00fade e as estruturas cient\u00edficas de suas na\u00e7\u00f5es de origem. A escola \u00e9 uma das ideias mais s\u00e1bias do comandante Fidel Castro Ruz e um grande exemplo de Internacionalismo, formando 31.180 m\u00e9dicos de 122 pa\u00edses de todos os continentes.\u00a0Atualmente, est\u00e3o estudando na ELAM mais de 20 estudantes brasileiros do Movimento dos Trabalhadores Sem Terra (MST).<\/p>\n<figure class=\"wp-block-image size-large\"><img decoding=\"async\" width=\"1024\" height=\"578\" src=\"https:\/\/redept.org\/blogosfera\/wp-content\/uploads\/2024\/11\/IMG_20241115_132906-1024x578-1.jpg\" alt=\"\" class=\"wp-image-273746\" srcset=\"https:\/\/redept.org\/blogosfera\/wp-content\/uploads\/2024\/11\/IMG_20241115_132906-1024x578-1.jpg 1024w, https:\/\/mst.org.br\/wp-content\/uploads\/2024\/11\/IMG_20241115_132906-300x169.jpg 300w, https:\/\/mst.org.br\/wp-content\/uploads\/2024\/11\/IMG_20241115_132906-768x433.jpg 768w, https:\/\/mst.org.br\/wp-content\/uploads\/2024\/11\/IMG_20241115_132906-1536x866.jpg 1536w, https:\/\/mst.org.br\/wp-content\/uploads\/2024\/11\/IMG_20241115_132906.jpg 1920w\" sizes=\"(max-width: 1024px) 100vw, 1024px\"><figcaption class=\"wp-element-caption\">Foto: Divulga\u00e7\u00e3o<\/figcaption><\/figure>\n<p>As comemora\u00e7\u00f5es continuaram na pr\u00f3pria ELAM, com uma mostra dos pa\u00edses realizada pelos estudantes, al\u00e9m da entrega de placas comemorativas e de reconhecimento \u00e0 escola. Tamb\u00e9m foi realizada uma roda de conversa com os atuais estudantes, que contou com a participa\u00e7\u00e3o de Leandro Ara\u00fajo, m\u00e9dico formado pela ELAM em 2015 e membro do setor de sa\u00fade do MST. O encontro abordou a import\u00e2ncia e os desafios de estudar na escola.<\/p>\n<figure class=\"wp-block-image size-large\"><img decoding=\"async\" width=\"1024\" height=\"578\" src=\"https:\/\/redept.org\/blogosfera\/wp-content\/uploads\/2024\/11\/IMG_20241115_133639-1024x578-1.jpg\" alt=\"\" class=\"wp-image-273747\" srcset=\"https:\/\/redept.org\/blogosfera\/wp-content\/uploads\/2024\/11\/IMG_20241115_133639-1024x578-1.jpg 1024w, https:\/\/mst.org.br\/wp-content\/uploads\/2024\/11\/IMG_20241115_133639-300x169.jpg 300w, https:\/\/mst.org.br\/wp-content\/uploads\/2024\/11\/IMG_20241115_133639-768x433.jpg 768w, https:\/\/mst.org.br\/wp-content\/uploads\/2024\/11\/IMG_20241115_133639-1536x866.jpg 1536w, https:\/\/mst.org.br\/wp-content\/uploads\/2024\/11\/IMG_20241115_133639.jpg 1920w\" sizes=\"(max-width: 1024px) 100vw, 1024px\"><figcaption class=\"wp-element-caption\">Foto: Divulga\u00e7\u00e3o<\/figcaption><\/figure>\n<p>O post <a href=\"https:\/\/mst.org.br\/2024\/11\/17\/em-cuba-escola-latinoamericana-de-medicina-celebra-25-anos-com-1-congresso-de-graduados\/\">Em Cuba, Escola Latino-americana de Medicina celebra 25 anos com 1\u00b0 Congresso de Graduados<\/a> apareceu primeiro em <a href=\"https:\/\/mst.org.br\/\">MST<\/a>.<\/p>\n<\/div>\n<!-- Begin Yuzo --><div class='yuzo_related_post style-1'  data-version='5.12.89'><!-- without result --><div class='yuzo_clearfixed yuzo__title yuzo__title'><h3>Related Post<\/h3><\/div>\n\t\t\t\t\t\t  <div class=\"relatedthumb \" style=\"width:125px;float:left;overflow:hidden;\">  \n\t\t\t\t\t\t\t  \n\t\t\t\t\t\t\t  <a  href=\"https:\/\/redept.com.br\/blogosfera\/dirigentes-do-pc-da-jordania-sao-presos-apos-denunciar-guerra-imperialista\/\"  >\n\t\t\t\t\t\t\t\t\t  <div class=\"yuzo-img-wrap \" style=\"width: 125px;height:90px;\">\n\t\t\t\t\t\t\t\t\t\t\n\t\t\t\t\t\t\t\t\t\t<div class=\"yuzo-img\" style=\"background:url('https:\/\/redept.com.br\/blogosfera\/wp-content\/uploads\/2026\/03\/ad47061e-1198-4d28-8955-23a854dc94e0-150x150.jpeg') 50% 50% no-repeat;width: 125px;height:90px;margin-bottom: 5px;background-size: cover; \"><\/div>\n\t\t\t\t\t\t\t\t\t  <\/div>\n\t\t\t\t\t\t\t\t\t  \n\t\t\t\t\t\t\t\t   <span class=\"yuzo__text--title\" style=\"font-size:13px;\">Dirigentes do PC da Jord\u00e2nia s\u00e3o presos ap\u00f3s denun...<\/span>\n\t\t\t\t\t\t\t  \n\t\t\t\t\t\t\t  \n\t\t\t\t\t\t\t  <\/a>\n\n\t\t\t\t\t\t  <\/div>\n\t\t\t\t\t\t  <div class=\"relatedthumb \" style=\"width:125px;float:left;overflow:hidden;\">  \n\t\t\t\t\t\t\t  \n\t\t\t\t\t\t\t  <a  href=\"https:\/\/redept.com.br\/blogosfera\/integra-das-respostas-da-materia-lobby-de-ultraprocessados-uniu-agro-varejo-e-industria-contra-imposto-do-pecado\/\"  >\n\t\t\t\t\t\t\t\t\t  <div class=\"yuzo-img-wrap \" style=\"width: 125px;height:90px;\">\n\t\t\t\t\t\t\t\t\t\t\n\t\t\t\t\t\t\t\t\t\t<div class=\"yuzo-img\" style=\"background:url('https:\/\/redept.org\/blogosfera\/wp-content\/plugins\/yuzo-related-post\/assets\/images\/default.png') 50% 50% no-repeat;width: 125px;height:90px;margin-bottom: 5px;background-size: cover; \"><\/div>\n\t\t\t\t\t\t\t\t\t  <\/div>\n\t\t\t\t\t\t\t\t\t  \n\t\t\t\t\t\t\t\t   <span class=\"yuzo__text--title\" style=\"font-size:13px;\">\u00cdntegra das respostas da mat\u00e9ria \u201cLobby de ultrapr...<\/span>\n\t\t\t\t\t\t\t  \n\t\t\t\t\t\t\t  \n\t\t\t\t\t\t\t  <\/a>\n\n\t\t\t\t\t\t  <\/div>\n\t\t\t\t\t\t  <div class=\"relatedthumb \" style=\"width:125px;float:left;overflow:hidden;\">  \n\t\t\t\t\t\t\t  \n\t\t\t\t\t\t\t  <a  href=\"https:\/\/redept.com.br\/blogosfera\/pesquisa-revela-que-assedios-sao-comuns-dentro-da-policia-cientifica-de-sao-paulo\/\"  >\n\t\t\t\t\t\t\t\t\t  <div class=\"yuzo-img-wrap \" style=\"width: 125px;height:90px;\">\n\t\t\t\t\t\t\t\t\t\t\n\t\t\t\t\t\t\t\t\t\t<div class=\"yuzo-img\" style=\"background:url('https:\/\/redept.org\/blogosfera\/wp-content\/plugins\/yuzo-related-post\/assets\/images\/default.png') 50% 50% no-repeat;width: 125px;height:90px;margin-bottom: 5px;background-size: cover; \"><\/div>\n\t\t\t\t\t\t\t\t\t  <\/div>\n\t\t\t\t\t\t\t\t\t  \n\t\t\t\t\t\t\t\t   <span class=\"yuzo__text--title\" style=\"font-size:13px;\">Pesquisa revela que ass\u00e9dios s\u00e3o comuns dentro da ...<\/span>\n\t\t\t\t\t\t\t  \n\t\t\t\t\t\t\t  \n\t\t\t\t\t\t\t  <\/a>\n\n\t\t\t\t\t\t  <\/div>\n\t\t\t\t\t\t  <div class=\"relatedthumb \" style=\"width:125px;float:left;overflow:hidden;\">  \n\t\t\t\t\t\t\t  \n\t\t\t\t\t\t\t  <a  href=\"https:\/\/redept.com.br\/blogosfera\/lula-e-putin-conversam-por-telefone-sobre-guerra-na-ucrania-e-cooperacao-no-brics\/\"  >\n\t\t\t\t\t\t\t\t\t  <div class=\"yuzo-img-wrap \" style=\"width: 125px;height:90px;\">\n\t\t\t\t\t\t\t\t\t\t\n\t\t\t\t\t\t\t\t\t\t<div class=\"yuzo-img\" style=\"background:url('https:\/\/redept.org\/blogosfera\/wp-content\/plugins\/yuzo-related-post\/assets\/images\/default.png') 50% 50% no-repeat;width: 125px;height:90px;margin-bottom: 5px;background-size: cover; \"><\/div>\n\t\t\t\t\t\t\t\t\t  <\/div>\n\t\t\t\t\t\t\t\t\t  \n\t\t\t\t\t\t\t\t   <span class=\"yuzo__text--title\" style=\"font-size:13px;\">Lula e Putin conversam por telefone sobre guerra n...<\/span>\n\t\t\t\t\t\t\t  \n\t\t\t\t\t\t\t  \n\t\t\t\t\t\t\t  <\/a>\n\n\t\t\t\t\t\t  <\/div>\n<\/div> <script>\n\t\t\t\t\t\t  jQuery(document).ready(function( $ ){\n\t\t\t\t\t\t\t\/\/jQuery('.yuzo_related_post').equalizer({ overflow : 'relatedthumb' });\n\t\t\t\t\t\t\tjQuery('.yuzo_related_post .yuzo_wraps').equalizer({ columns : '> div' });\n\t\t\t\t\t\t   })\n\t\t\t\t\t\t  <\/script> <!-- End Yuzo :) -->","protected":false},"excerpt":{"rendered":"<p>Fotos: Divulga\u00e7\u00e3o Da P\u00e1gina do MST O 1\u00ba Congresso Internacional de Graduados da Escola Latino-Americana de Medicina de Cuba (ELAM) chegou ao fim nesta sexta-feira (15), em Havana. O evento contou com a participa\u00e7\u00e3o de mais de 300 delegados e 250 convidados, incluindo m\u00e9dicos e estudantes de aproximadamente 100 pa\u00edses. A celebra\u00e7\u00e3o teve inicio no [&hellip;]<\/p>\n","protected":false},"author":2,"featured_media":5410,"comment_status":"open","ping_status":"closed","sticky":false,"template":"","format":"standard","meta":{"fifu_image_url":"","fifu_image_alt":"","footnotes":""},"categories":[1185,572,2094,191,737],"tags":[],"class_list":["post-5409","post","type-post","status-publish","format-standard","has-post-thumbnail","hentry","category-cuba","category-internacionalismo","category-medicos-populares","category-noticias","category-saude-popular"],"_links":{"self":[{"href":"https:\/\/redept.com.br\/blogosfera\/wp-json\/wp\/v2\/posts\/5409","targetHints":{"allow":["GET"]}}],"collection":[{"href":"https:\/\/redept.com.br\/blogosfera\/wp-json\/wp\/v2\/posts"}],"about":[{"href":"https:\/\/redept.com.br\/blogosfera\/wp-json\/wp\/v2\/types\/post"}],"author":[{"embeddable":true,"href":"https:\/\/redept.com.br\/blogosfera\/wp-json\/wp\/v2\/users\/2"}],"replies":[{"embeddable":true,"href":"https:\/\/redept.com.br\/blogosfera\/wp-json\/wp\/v2\/comments?post=5409"}],"version-history":[{"count":0,"href":"https:\/\/redept.com.br\/blogosfera\/wp-json\/wp\/v2\/posts\/5409\/revisions"}],"wp:featuredmedia":[{"embeddable":true,"href":"https:\/\/redept.com.br\/blogosfera\/wp-json\/wp\/v2\/media\/5410"}],"wp:attachment":[{"href":"https:\/\/redept.com.br\/blogosfera\/wp-json\/wp\/v2\/media?parent=5409"}],"wp:term":[{"taxonomy":"category","embeddable":true,"href":"https:\/\/redept.com.br\/blogosfera\/wp-json\/wp\/v2\/categories?post=5409"},{"taxonomy":"post_tag","embeddable":true,"href":"https:\/\/redept.com.br\/blogosfera\/wp-json\/wp\/v2\/tags?post=5409"}],"curies":[{"name":"wp","href":"https:\/\/api.w.org\/{rel}","templated":true}]}}