{"id":5414,"date":"2024-11-17T16:28:43","date_gmt":"2024-11-17T19:28:43","guid":{"rendered":"https:\/\/redept.org\/blogosfera\/lula-cita-legado-de-marielle-como-caminho-para-cidades-que-atendam-as-necessidade-de-todos\/"},"modified":"2024-11-17T16:28:43","modified_gmt":"2024-11-17T19:28:43","slug":"lula-cita-legado-de-marielle-como-caminho-para-cidades-que-atendam-as-necessidade-de-todos","status":"publish","type":"post","link":"https:\/\/redept.com.br\/blogosfera\/lula-cita-legado-de-marielle-como-caminho-para-cidades-que-atendam-as-necessidade-de-todos\/","title":{"rendered":"Lula cita legado de Marielle como caminho para &#8216;cidades que atendam \u00e0s necessidade de todos&#8217;"},"content":{"rendered":"<div>\n<p>O presidente <a href=\"https:\/\/www.brasildefato.com.br\/2024\/11\/16\/protestem-reivindiquem-senao-as-coisas-nao-acontecem-diz-lula-no-encerramento-do-g20-social\">Luiz In\u00e1cio Lula da Silva (PT)<\/a> citou os projetos defendidos por\u00a0<a href=\"https:\/\/www.brasildefato.com.br\/2024\/10\/31\/eles-mataram-marielle-ronnie-lessa-e-elcio-queiroz-sao-condenados-a-84-anos-por-execucao-da-vereadora\">Marielle Franco<\/a> como refer\u00eancia para o desenvolvimento de cidades durante o encontro global sobre o tema que acontece no Rio de Janeiro (RJ) com parte das a\u00e7\u00f5es do G20.\u00a0<\/p>\n<p>\u201cA <a href=\"https:\/\/www.brasildefato.com.br\/2024\/10\/31\/eles-mataram-marielle-ronnie-lessa-e-elcio-queiroz-sao-condenados-a-84-anos-por-execucao-da-vereadora\">luta de Marielle<\/a> por uma cidade mais inclusiva, uma educa\u00e7\u00e3o p\u00fablica transformadora e pelo acesso de todos a um servi\u00e7o p\u00fablico de qualidade \u00e9 imperativa para criar cidades sustent\u00e1veis e que atendam \u00e0s necessidades de todos\u201d, disse o presidente se referindo \u00e0 vereadora do Psol <a href=\"https:\/\/www.brasildefato.com.br\/2024\/10\/31\/eles-mataram-marielle-ronnie-lessa-e-elcio-queiroz-sao-condenados-a-84-anos-por-execucao-da-vereadora\">assassinada em 2018<\/a> junto ao motorista dela Anderson Gomes.\u00a0<\/p>\n<p>A fala de Lula foi dada ao lado do presidente chileno Gabriel Boric e de prefeitos de cidades que integram pa\u00edses membros do G20.\u00a0<\/p>\n<p>&#8220;Estamos a apenas dez quil\u00f4metros da favela da Mar\u00e9, <a href=\"https:\/\/www.brasildefato.com.br\/2024\/10\/31\/eles-mataram-marielle-ronnie-lessa-e-elcio-queiroz-sao-condenados-a-84-anos-por-execucao-da-vereadora\">ber\u00e7o da vereadora Marielle Franco<\/a>, barbaramente assassinada por sua luta pelo direito \u00e0 cidade e pelos direitos humanos \u2013 a quem rendo a minha homenagem\u201d, afirmou Lula. \u00a0<\/p>\n<p>O presidente brasileiro lembrou que 80% da popula\u00e7\u00e3o mundial vive nas cidades e citou a Favela da Provid\u00eancia, no Rio de Janeiro, para exemplificar os desafios que devem ser encarados no meio urbano.\u00a0<\/p>\n<p>\u201cUm quarto dos habitantes do planeta vive em assentamentos prec\u00e1rios. No Brasil, as mulheres negras s\u00e3o maioria nesses territ\u00f3rios. Seus filhos s\u00e3o as maiores v\u00edtimas da desigualdade e da viol\u00eancia urbana, que todos os anos cobra um n\u00famero de vidas semelhante aos das guerras mais violentas&#8221;.<\/p>\n<p class=\"ckeditor-subtitle\">Massacre em Gaza\u00a0<\/p>\n<p>Durante sua fala, o presidente brasileiro fez quest\u00e3o, mais uma vez, de denunciar o <a href=\"https:\/\/www.brasildefato.com.br\/2024\/11\/16\/marcha-dos-povos-protesto-pede-fim-do-genocidio-em-gaza-as-vesperas-da-cupula-do-g20\">massacre em curso no territ\u00f3rio palestino,<\/a> por parte das a\u00e7\u00f5es de Israel. \u00a0<\/p>\n<p>&#8220;Falar em reforma da governan\u00e7a tamb\u00e9m implica em repudiar a destrui\u00e7\u00e3o das guerras. A <a href=\"https:\/\/www.brasildefato.com.br\/2024\/11\/15\/brasil-pode-ser-cumplice-de-genocidio-por-exportar-petroleo-a-israel-diz-advogada-palestina\">Faixa de Gaza<\/a>, um dos mais antigos assentamentos urbanos da humanidade, teve dois ter\u00e7os de seu territ\u00f3rio destru\u00eddos por bombardeios indiscriminados. 80% de suas instala\u00e7\u00f5es de sa\u00fade j\u00e1 n\u00e3o existem mais. Sob seus escombros, jazem mais de <a href=\"https:\/\/www.brasildefato.com.br\/2024\/11\/16\/marcha-dos-povos-protesto-pede-fim-do-genocidio-em-gaza-as-vesperas-da-cupula-do-g20\">40 mil vidas ceifadas\u201d<\/a>.<\/p>\n<p>O presidente Lula usou esse caso para defender a ideia de que \u201cn\u00e3o <a href=\"https:\/\/www.brasildefato.com.br\/2024\/11\/16\/marcha-dos-povos-protesto-pede-fim-do-genocidio-em-gaza-as-vesperas-da-cupula-do-g20\">haver\u00e1 paz<\/a> nas cidades se n\u00e3o houver paz no mundo\u201d.\u00a0<\/p>\n<p>O discurso de abertura do evento coube ao prefeito reeleito do Rio de Janeiro Eduardo Paes (PSD), aliado de Lula, que refor\u00e7ou o argumento do presidente sobre o efeito negativo das guerras para o desenvolvimento das cidades.\u00a0<\/p>\n<p>Paes tamb\u00e9m defendeu uma organiza\u00e7\u00e3o do <a href=\"https:\/\/www.brasildefato.com.br\/2024\/11\/16\/marcha-dos-povos-protesto-pede-fim-do-genocidio-em-gaza-as-vesperas-da-cupula-do-g20\">Sul global.<\/a>\u00a0\u201cEu queria falar em nome das cidades do Sul global, devo dizer que uma agenda de redu\u00e7\u00e3o das desigualdades n\u00e3o deve se traduzir apenas como igualdade entre cidad\u00e3os, mas entre cidades tamb\u00e9m\u201d.<\/p>\n<p>\u201cA diferen\u00e7a entre n\u00f3s e o Norte global deve ser reparada\u201d, refor\u00e7ou o prefeito.\u00a0<\/p>\n<\/div>\n<!-- Begin Yuzo --><div class='yuzo_related_post style-1'  data-version='5.12.89'><!-- without result --><div class='yuzo_clearfixed yuzo__title yuzo__title'><h3>Related Post<\/h3><\/div>\n\t\t\t\t\t\t  <div class=\"relatedthumb \" style=\"width:125px;float:left;overflow:hidden;\">  \n\t\t\t\t\t\t\t  \n\t\t\t\t\t\t\t  <a  href=\"https:\/\/redept.com.br\/blogosfera\/os-estados-unidos-a-europa-e-o-caso-groenlandia\/\"  >\n\t\t\t\t\t\t\t\t\t  <div class=\"yuzo-img-wrap \" style=\"width: 125px;height:90px;\">\n\t\t\t\t\t\t\t\t\t\t\n\t\t\t\t\t\t\t\t\t\t<div class=\"yuzo-img\" style=\"background:url('https:\/\/redept.com.br\/blogosfera\/wp-content\/uploads\/2025\/04\/250401-Groenlandia-150x150.jpg') 50% 50% no-repeat;width: 125px;height:90px;margin-bottom: 5px;background-size: cover; \"><\/div>\n\t\t\t\t\t\t\t\t\t  <\/div>\n\t\t\t\t\t\t\t\t\t  \n\t\t\t\t\t\t\t\t   <span class=\"yuzo__text--title\" style=\"font-size:13px;\">Os Estados Unidos, a Europa e o \u201ccaso Groenl\u00e2ndia\u201d...<\/span>\n\t\t\t\t\t\t\t  \n\t\t\t\t\t\t\t  \n\t\t\t\t\t\t\t  <\/a>\n\n\t\t\t\t\t\t  <\/div>\n\t\t\t\t\t\t  <div class=\"relatedthumb \" style=\"width:125px;float:left;overflow:hidden;\">  \n\t\t\t\t\t\t\t  \n\t\t\t\t\t\t\t  <a  href=\"https:\/\/redept.com.br\/blogosfera\/governo-cria-centro-ligado-a-pf-para-protecao-de-crianca-e-adolescente\/\"  >\n\t\t\t\t\t\t\t\t\t  <div class=\"yuzo-img-wrap \" style=\"width: 125px;height:90px;\">\n\t\t\t\t\t\t\t\t\t\t\n\t\t\t\t\t\t\t\t\t\t<div class=\"yuzo-img\" style=\"background:url('https:\/\/redept.org\/blogosfera\/wp-content\/plugins\/yuzo-related-post\/assets\/images\/default.png') 50% 50% no-repeat;width: 125px;height:90px;margin-bottom: 5px;background-size: cover; \"><\/div>\n\t\t\t\t\t\t\t\t\t  <\/div>\n\t\t\t\t\t\t\t\t\t  \n\t\t\t\t\t\t\t\t   <span class=\"yuzo__text--title\" style=\"font-size:13px;\">Governo cria centro ligado \u00e0 PF para prote\u00e7\u00e3o de c...<\/span>\n\t\t\t\t\t\t\t  \n\t\t\t\t\t\t\t  \n\t\t\t\t\t\t\t  <\/a>\n\n\t\t\t\t\t\t  <\/div>\n\t\t\t\t\t\t  <div class=\"relatedthumb \" style=\"width:125px;float:left;overflow:hidden;\">  \n\t\t\t\t\t\t\t  \n\t\t\t\t\t\t\t  <a  href=\"https:\/\/redept.com.br\/blogosfera\/fbi-prende-atleta-e-tecnico-de-equipes-da-nba-por-apostas-ilegais\/\"  >\n\t\t\t\t\t\t\t\t\t  <div class=\"yuzo-img-wrap \" style=\"width: 125px;height:90px;\">\n\t\t\t\t\t\t\t\t\t\t\n\t\t\t\t\t\t\t\t\t\t<div class=\"yuzo-img\" style=\"background:url('https:\/\/redept.com.br\/blogosfera\/wp-content\/uploads\/2025\/10\/473780624_18479629924027326_1212002652769615355_n-150x150.jpg') 50% 50% no-repeat;width: 125px;height:90px;margin-bottom: 5px;background-size: cover; \"><\/div>\n\t\t\t\t\t\t\t\t\t  <\/div>\n\t\t\t\t\t\t\t\t\t  \n\t\t\t\t\t\t\t\t   <span class=\"yuzo__text--title\" style=\"font-size:13px;\">FBI prende atleta e t\u00e9cnico de equipes da NBA por ...<\/span>\n\t\t\t\t\t\t\t  \n\t\t\t\t\t\t\t  \n\t\t\t\t\t\t\t  <\/a>\n\n\t\t\t\t\t\t  <\/div>\n\t\t\t\t\t\t  <div class=\"relatedthumb \" style=\"width:125px;float:left;overflow:hidden;\">  \n\t\t\t\t\t\t\t  \n\t\t\t\t\t\t\t  <a  href=\"https:\/\/redept.com.br\/blogosfera\/preco-do-petroleo-registra-aumento-de-4-em-meio-a-tensoes-geopoliticas-crescentes\/\"  >\n\t\t\t\t\t\t\t\t\t  <div class=\"yuzo-img-wrap \" style=\"width: 125px;height:90px;\">\n\t\t\t\t\t\t\t\t\t\t\n\t\t\t\t\t\t\t\t\t\t<div class=\"yuzo-img\" style=\"background:url('https:\/\/redept.com.br\/blogosfera\/wp-content\/uploads\/2026\/02\/zbynek-burival-grmwvnvssdu-unsplash-scaled-150x150.jpg') 50% 50% no-repeat;width: 125px;height:90px;margin-bottom: 5px;background-size: cover; \"><\/div>\n\t\t\t\t\t\t\t\t\t  <\/div>\n\t\t\t\t\t\t\t\t\t  \n\t\t\t\t\t\t\t\t   <span class=\"yuzo__text--title\" style=\"font-size:13px;\">Pre\u00e7o do petr\u00f3leo registra aumento de 4% em meio a...<\/span>\n\t\t\t\t\t\t\t  \n\t\t\t\t\t\t\t  \n\t\t\t\t\t\t\t  <\/a>\n\n\t\t\t\t\t\t  <\/div>\n<\/div> <script>\n\t\t\t\t\t\t  jQuery(document).ready(function( $ ){\n\t\t\t\t\t\t\t\/\/jQuery('.yuzo_related_post').equalizer({ overflow : 'relatedthumb' });\n\t\t\t\t\t\t\tjQuery('.yuzo_related_post .yuzo_wraps').equalizer({ columns : '> div' });\n\t\t\t\t\t\t   })\n\t\t\t\t\t\t  <\/script> <!-- End Yuzo :) -->","protected":false},"excerpt":{"rendered":"<p>O presidente Luiz In\u00e1cio Lula da Silva (PT) citou os projetos defendidos por\u00a0Marielle Franco como refer\u00eancia para o desenvolvimento de cidades durante o encontro global sobre o tema que acontece no Rio de Janeiro (RJ) com parte das a\u00e7\u00f5es do G20.\u00a0 \u201cA luta de Marielle por uma cidade mais inclusiva, uma educa\u00e7\u00e3o p\u00fablica transformadora e [&hellip;]<\/p>\n","protected":false},"author":2,"featured_media":0,"comment_status":"closed","ping_status":"closed","sticky":false,"template":"","format":"standard","meta":{"fifu_image_url":"","fifu_image_alt":"","footnotes":""},"categories":[1],"tags":[],"class_list":["post-5414","post","type-post","status-publish","format-standard","hentry","category-uncategorized"],"_links":{"self":[{"href":"https:\/\/redept.com.br\/blogosfera\/wp-json\/wp\/v2\/posts\/5414","targetHints":{"allow":["GET"]}}],"collection":[{"href":"https:\/\/redept.com.br\/blogosfera\/wp-json\/wp\/v2\/posts"}],"about":[{"href":"https:\/\/redept.com.br\/blogosfera\/wp-json\/wp\/v2\/types\/post"}],"author":[{"embeddable":true,"href":"https:\/\/redept.com.br\/blogosfera\/wp-json\/wp\/v2\/users\/2"}],"replies":[{"embeddable":true,"href":"https:\/\/redept.com.br\/blogosfera\/wp-json\/wp\/v2\/comments?post=5414"}],"version-history":[{"count":0,"href":"https:\/\/redept.com.br\/blogosfera\/wp-json\/wp\/v2\/posts\/5414\/revisions"}],"wp:attachment":[{"href":"https:\/\/redept.com.br\/blogosfera\/wp-json\/wp\/v2\/media?parent=5414"}],"wp:term":[{"taxonomy":"category","embeddable":true,"href":"https:\/\/redept.com.br\/blogosfera\/wp-json\/wp\/v2\/categories?post=5414"},{"taxonomy":"post_tag","embeddable":true,"href":"https:\/\/redept.com.br\/blogosfera\/wp-json\/wp\/v2\/tags?post=5414"}],"curies":[{"name":"wp","href":"https:\/\/api.w.org\/{rel}","templated":true}]}}