{"id":5430,"date":"2024-11-18T11:59:07","date_gmt":"2024-11-18T14:59:07","guid":{"rendered":"https:\/\/redept.org\/blogosfera\/policias-de-tarcisio-tiraram-a-vida-1-adolescente-a-cada-9-dias-68-eram-negros\/"},"modified":"2024-11-18T11:59:07","modified_gmt":"2024-11-18T14:59:07","slug":"policias-de-tarcisio-tiraram-a-vida-1-adolescente-a-cada-9-dias-68-eram-negros","status":"publish","type":"post","link":"https:\/\/redept.com.br\/blogosfera\/policias-de-tarcisio-tiraram-a-vida-1-adolescente-a-cada-9-dias-68-eram-negros\/","title":{"rendered":"Pol\u00edcias de Tarc\u00edsio tiraram a vida 1 adolescente a cada 9 dias; 68% eram negros"},"content":{"rendered":"<div><img fetchpriority=\"high\" width=\"1024\" height=\"576\"src=\"https:\/\/redept.org\/blogosfera\/wp-content\/uploads\/2024\/11\/operacao-escudo_divulgacao.jpg\" class=\"attachment-large size-large wp-post-image\" alt=\"\" decoding=\"async\" srcset=\"https:\/\/vermelho.org.br\/wp-content\/uploads\/2024\/11\/operacao-escudo_divulgacao-1024x576.jpg 1024w, https:\/\/vermelho.org.br\/wp-content\/uploads\/2024\/11\/operacao-escudo_divulgacao-300x169.jpg 300w, https:\/\/vermelho.org.br\/wp-content\/uploads\/2024\/11\/operacao-escudo_divulgacao-768x432.jpg 768w, https:\/\/vermelho.org.br\/wp-content\/uploads\/2024\/11\/operacao-escudo_divulgacao-1536x864.jpg 1536w, https:\/\/redept.org\/blogosfera\/wp-content\/uploads\/2024\/11\/operacao-escudo_divulgacao.jpg 1890w\" sizes=\"(max-width: 1024px) 100vw, 1024px\"><\/p>\n<p>A piora na atua\u00e7\u00e3o violenta dos agentes de seguran\u00e7a p\u00fablica de S\u00e3o Paulo, sob o governo do bolsonarista Tarc\u00edsio de Freitas (Republicanos), vem deixando um rastro de dor e morte para as popula\u00e7\u00f5es mais vulner\u00e1veis e jovens. Para al\u00e9m do notici\u00e1rio, esta realidade \u00e9 atestada tamb\u00e9m em n\u00fameros: desde o primeiro ano da atual gest\u00e3o, 2023, policiais (militares e civis) tiraram a vida de ao menos 69 jovens menores de 18 anos; 68% das v\u00edtimas eram negras.\u00a0<\/p>\n<p>Os dados fazem parte de levantamento feito pelo Instituto Sou da Paz a pedido do UOL. De acordo com as informa\u00e7\u00f5es obtidas, as mortes decorrentes de a\u00e7\u00f5es desses agentes somaram 38 no ano passado; at\u00e9 setembro deste ano, houve outras 31.\u00a0<\/p>\n<p>O salto registrado foi de 58,3% em rela\u00e7\u00e3o ao \u00faltimo ano do mandato anterior, do ent\u00e3o governador Rodrigo Garcia, quando houve 24 mortes de menores de 18 anos resultantes de interven\u00e7\u00f5es policiais.\u00a0<\/p>\n<p>Ainda segundo o estudo, 58% dessas v\u00edtimas eram pardas e 10% pretas, o que resulta em 68% de negros. Os outros 32% foram classificados como brancos.\u00a0<\/p>\n<p><strong>Leia tamb\u00e9m: <\/strong><a href=\"https:\/\/vermelho.org.br\/2024\/10\/22\/sob-tarcisio-pm-age-como-a-extrema-direita-gosta-e-letalidade-policial-salta-78\/\">Sob Tarc\u00edsio, PM age como a extrema-direita gosta e letalidade policial salta 78%<\/a><\/p>\n<p>A maioria das v\u00edtimas, 12, tinha 17 anos; em seguida, est\u00e3o os jovens de 16 anos, com 11 casos; com 15 anos, foram cinco mortes e com 14 anos, tr\u00eas.<\/p>\n<p>Tais dados s\u00e3o reflexo da necropol\u00edtica adotada e estimulada pela extrema-direita. Uma das medidas tomadas por Tarc\u00edsio foi a flexibiliza\u00e7\u00e3o quanto ao uso das c\u00e2meras corporais, que foram respons\u00e1veis por uma queda expressiva na letalidade policial no governo anterior.\u00a0<\/p>\n<p>Durante a gest\u00e3o do bolsonarista, em 2023, o estado voltou a registrar aumento nas mortes cometidas por policiais, com 504 casos, n\u00famero j\u00e1 superado neste ano, que ainda n\u00e3o terminou: at\u00e9 setembro, haviam sido contabilizadas 580 v\u00edtimas fatais.\u00a0<\/p>\n<p>No dia 10, ap\u00f3s missa celebrada em homenagem ao menino Ryan Santos, de quatro anos, morto em a\u00e7\u00e3o da PM em Santos no in\u00edcio do m\u00eas \u2014 a\u00e7\u00e3o que resultou ainda na morte de um adolescente de 17 anos e no ferimento de outro de 15 anos \u2014, o ouvidor da pol\u00edcia de SP,\u00a0 Cl\u00e1udio Aparecido da Silva, declarou que PM tem retirado as c\u00e2meras em algumas opera\u00e7\u00f5es, \u201cprincipalmente na Baixada Santista\u201d. A regi\u00e3o foi o foco de uma das opera\u00e7\u00f5es mais letais da pol\u00edcia paulista, com 56 mortes.\u00a0<\/p>\n<p>Com ag\u00eancias<\/p>\n<p>O post <a href=\"https:\/\/vermelho.org.br\/2024\/11\/18\/policias-de-tarcisio-tiraram-a-vida-1-adolescente-a-cada-9-dias-68-eram-negros\/\">Pol\u00edcias de Tarc\u00edsio tiraram a vida 1 adolescente a cada 9 dias; 68% eram negros<\/a> apareceu primeiro em <a href=\"https:\/\/vermelho.org.br\/\">Vermelho<\/a>.<\/p>\n<\/div>\n<!-- Begin Yuzo --><div class='yuzo_related_post style-1'  data-version='5.12.89'><!-- without result --><div class='yuzo_clearfixed yuzo__title yuzo__title'><h3>Related Post<\/h3><\/div>\n\t\t\t\t\t\t  <div class=\"relatedthumb \" style=\"width:125px;float:left;overflow:hidden;\">  \n\t\t\t\t\t\t\t  \n\t\t\t\t\t\t\t  <a  href=\"https:\/\/redept.com.br\/blogosfera\/trump-quer-groenlandia-para-militariza-la-contra-russia-e-china\/\"  >\n\t\t\t\t\t\t\t\t\t  <div class=\"yuzo-img-wrap \" style=\"width: 125px;height:90px;\">\n\t\t\t\t\t\t\t\t\t\t\n\t\t\t\t\t\t\t\t\t\t<div class=\"yuzo-img\" style=\"background:url('https:\/\/redept.com.br\/blogosfera\/wp-content\/uploads\/2025\/12\/file-20190821-170931-1flzywj-2048x1024-1-150x150.png') 50% 50% no-repeat;width: 125px;height:90px;margin-bottom: 5px;background-size: cover; \"><\/div>\n\t\t\t\t\t\t\t\t\t  <\/div>\n\t\t\t\t\t\t\t\t\t  \n\t\t\t\t\t\t\t\t   <span class=\"yuzo__text--title\" style=\"font-size:13px;\">Trump quer Groenl\u00e2ndia para militariz\u00e1-la contra R...<\/span>\n\t\t\t\t\t\t\t  \n\t\t\t\t\t\t\t  \n\t\t\t\t\t\t\t  <\/a>\n\n\t\t\t\t\t\t  <\/div>\n\t\t\t\t\t\t  <div class=\"relatedthumb \" style=\"width:125px;float:left;overflow:hidden;\">  \n\t\t\t\t\t\t\t  \n\t\t\t\t\t\t\t  <a  href=\"https:\/\/redept.com.br\/blogosfera\/ponto-de-inflexao-centrais-comemoram-alta-na-taxa-de-sindicalizacao\/\"  >\n\t\t\t\t\t\t\t\t\t  <div class=\"yuzo-img-wrap \" style=\"width: 125px;height:90px;\">\n\t\t\t\t\t\t\t\t\t\t\n\t\t\t\t\t\t\t\t\t\t<div class=\"yuzo-img\" style=\"background:url('https:\/\/redept.com.br\/blogosfera\/wp-content\/uploads\/2025\/11\/Acerca-de-la-politica-sindical-del-PRT-150x150.jpg') 50% 50% no-repeat;width: 125px;height:90px;margin-bottom: 5px;background-size: cover; \"><\/div>\n\t\t\t\t\t\t\t\t\t  <\/div>\n\t\t\t\t\t\t\t\t\t  \n\t\t\t\t\t\t\t\t   <span class=\"yuzo__text--title\" style=\"font-size:13px;\">\u201cPonto de inflex\u00e3o\u201d: centrais comemoram alta na ta...<\/span>\n\t\t\t\t\t\t\t  \n\t\t\t\t\t\t\t  \n\t\t\t\t\t\t\t  <\/a>\n\n\t\t\t\t\t\t  <\/div>\n\t\t\t\t\t\t  <div class=\"relatedthumb \" style=\"width:125px;float:left;overflow:hidden;\">  \n\t\t\t\t\t\t\t  \n\t\t\t\t\t\t\t  <a  href=\"https:\/\/redept.com.br\/blogosfera\/dia-do-trabalhador-o-que-abre-e-o-que-fecha-em-sao-paulo\/\"  >\n\t\t\t\t\t\t\t\t\t  <div class=\"yuzo-img-wrap \" style=\"width: 125px;height:90px;\">\n\t\t\t\t\t\t\t\t\t\t\n\t\t\t\t\t\t\t\t\t\t<div class=\"yuzo-img\" style=\"background:url('https:\/\/redept.org\/blogosfera\/wp-content\/plugins\/yuzo-related-post\/assets\/images\/default.png') 50% 50% no-repeat;width: 125px;height:90px;margin-bottom: 5px;background-size: cover; \"><\/div>\n\t\t\t\t\t\t\t\t\t  <\/div>\n\t\t\t\t\t\t\t\t\t  \n\t\t\t\t\t\t\t\t   <span class=\"yuzo__text--title\" style=\"font-size:13px;\">Dia do Trabalhador: o que abre e o que fecha em S\u00e3...<\/span>\n\t\t\t\t\t\t\t  \n\t\t\t\t\t\t\t  \n\t\t\t\t\t\t\t  <\/a>\n\n\t\t\t\t\t\t  <\/div>\n\t\t\t\t\t\t  <div class=\"relatedthumb \" style=\"width:125px;float:left;overflow:hidden;\">  \n\t\t\t\t\t\t\t  \n\t\t\t\t\t\t\t  <a  href=\"https:\/\/redept.com.br\/blogosfera\/funcionarios-da-caixa-apontam-crises-de-saude-mental-e-luta-por-direitos\/\"  >\n\t\t\t\t\t\t\t\t\t  <div class=\"yuzo-img-wrap \" style=\"width: 125px;height:90px;\">\n\t\t\t\t\t\t\t\t\t\t\n\t\t\t\t\t\t\t\t\t\t<div class=\"yuzo-img\" style=\"background:url('https:\/\/redept.org\/blogosfera\/wp-content\/plugins\/yuzo-related-post\/assets\/images\/default.png') 50% 50% no-repeat;width: 125px;height:90px;margin-bottom: 5px;background-size: cover; \"><\/div>\n\t\t\t\t\t\t\t\t\t  <\/div>\n\t\t\t\t\t\t\t\t\t  \n\t\t\t\t\t\t\t\t   <span class=\"yuzo__text--title\" style=\"font-size:13px;\">Funcion\u00e1rios da Caixa apontam crises de sa\u00fade ment...<\/span>\n\t\t\t\t\t\t\t  \n\t\t\t\t\t\t\t  \n\t\t\t\t\t\t\t  <\/a>\n\n\t\t\t\t\t\t  <\/div>\n<\/div> <script>\n\t\t\t\t\t\t  jQuery(document).ready(function( $ ){\n\t\t\t\t\t\t\t\/\/jQuery('.yuzo_related_post').equalizer({ overflow : 'relatedthumb' });\n\t\t\t\t\t\t\tjQuery('.yuzo_related_post .yuzo_wraps').equalizer({ columns : '> div' });\n\t\t\t\t\t\t   })\n\t\t\t\t\t\t  <\/script> <!-- End Yuzo :) -->","protected":false},"excerpt":{"rendered":"<p>A piora na atua\u00e7\u00e3o violenta dos agentes de seguran\u00e7a p\u00fablica de S\u00e3o Paulo, sob o governo do bolsonarista Tarc\u00edsio de Freitas (Republicanos), vem deixando um rastro de dor e morte para as popula\u00e7\u00f5es mais vulner\u00e1veis e jovens. Para al\u00e9m do notici\u00e1rio, esta realidade \u00e9 atestada tamb\u00e9m em n\u00fameros: desde o primeiro ano da atual gest\u00e3o, [&hellip;]<\/p>\n","protected":false},"author":2,"featured_media":5431,"comment_status":"closed","ping_status":"closed","sticky":false,"template":"","format":"standard","meta":{"fifu_image_url":"","fifu_image_alt":"","footnotes":""},"categories":[1434,2099,29,73,254,506],"tags":[],"class_list":["post-5430","post","type-post","status-publish","format-standard","has-post-thumbnail","hentry","category-letalidade-policial","category-pm","category-sao-paulo","category-seguranca-publica","category-tarcisio-de-freitas","category-violencia-policial"],"_links":{"self":[{"href":"https:\/\/redept.com.br\/blogosfera\/wp-json\/wp\/v2\/posts\/5430","targetHints":{"allow":["GET"]}}],"collection":[{"href":"https:\/\/redept.com.br\/blogosfera\/wp-json\/wp\/v2\/posts"}],"about":[{"href":"https:\/\/redept.com.br\/blogosfera\/wp-json\/wp\/v2\/types\/post"}],"author":[{"embeddable":true,"href":"https:\/\/redept.com.br\/blogosfera\/wp-json\/wp\/v2\/users\/2"}],"replies":[{"embeddable":true,"href":"https:\/\/redept.com.br\/blogosfera\/wp-json\/wp\/v2\/comments?post=5430"}],"version-history":[{"count":0,"href":"https:\/\/redept.com.br\/blogosfera\/wp-json\/wp\/v2\/posts\/5430\/revisions"}],"wp:featuredmedia":[{"embeddable":true,"href":"https:\/\/redept.com.br\/blogosfera\/wp-json\/wp\/v2\/media\/5431"}],"wp:attachment":[{"href":"https:\/\/redept.com.br\/blogosfera\/wp-json\/wp\/v2\/media?parent=5430"}],"wp:term":[{"taxonomy":"category","embeddable":true,"href":"https:\/\/redept.com.br\/blogosfera\/wp-json\/wp\/v2\/categories?post=5430"},{"taxonomy":"post_tag","embeddable":true,"href":"https:\/\/redept.com.br\/blogosfera\/wp-json\/wp\/v2\/tags?post=5430"}],"curies":[{"name":"wp","href":"https:\/\/api.w.org\/{rel}","templated":true}]}}