{"id":5432,"date":"2024-11-18T12:06:09","date_gmt":"2024-11-18T15:06:09","guid":{"rendered":"https:\/\/redept.org\/blogosfera\/a-diplomacia-dos-povos-no-exercicio-da-economia-popular\/"},"modified":"2024-11-18T12:06:09","modified_gmt":"2024-11-18T15:06:09","slug":"a-diplomacia-dos-povos-no-exercicio-da-economia-popular","status":"publish","type":"post","link":"https:\/\/redept.com.br\/blogosfera\/a-diplomacia-dos-povos-no-exercicio-da-economia-popular\/","title":{"rendered":"A diplomacia dos povos no exerc\u00edcio da economia popular"},"content":{"rendered":"<div>\n<figure class=\"wp-block-image aligncenter size-large\"><img fetchpriority=\"high\" fetchpriority=\"high\" decoding=\"async\" width=\"768\" height=\"1024\" src=\"https:\/\/redept.org\/blogosfera\/wp-content\/uploads\/2024\/11\/unnamed-11-768x1024-1.jpg\" alt=\"\" class=\"wp-image-273765\" srcset=\"https:\/\/redept.org\/blogosfera\/wp-content\/uploads\/2024\/11\/unnamed-11-768x1024-1.jpg 768w, https:\/\/mst.org.br\/wp-content\/uploads\/2024\/11\/unnamed-11-225x300.jpg 225w, https:\/\/mst.org.br\/wp-content\/uploads\/2024\/11\/unnamed-11.jpg 810w\" sizes=\"(max-width: 768px) 100vw, 768px\"><figcaption class=\"wp-element-caption\"><em>Carmen Navas Reyes. Foto: Susana M\u00e9ndez\/Instituto S\u00edmon Bol\u00edvar para a Paz e a Solidariedade entre os Povos<\/em><\/figcaption><\/figure>\n<p><em>Por Jan Schoenfelder*<br \/>Da P\u00e1gina do MST<\/em><\/p>\n<p>Os interc\u00e2mbios cumprem um papel importante para o MST na alian\u00e7a e troca de conhecimentos com outros movimentos e organiza\u00e7\u00f5es populares da Am\u00e9rica Latina e de todo o mundo. Conversamos com Carmen Navas Reyes, Diretora do Instituto S\u00edmon Bol\u00edvar (ISB), na Venezuela. Carmen intermediou a vinda de jovens internacionalistas para o aprendizado em Teoria Pol\u00edtica e Agroecologia no assentamento Contestado, no MST do Paran\u00e1, uma parceria importante para o Movimento e o povo venezuelano.<\/p>\n<p><strong>Marmitas da Terra: A carreira de diplomata tem ra\u00edzes em que \u00e9poca da sua vida?<\/strong><\/p>\n<p><strong>Carmen: <\/strong>Sou uma mulher de ascend\u00eancia afro-ind\u00edgena, que nasceu e cresceu na periferia de Caracas. Tenho 51 anos e sou a oitava filha dentre dez irm\u00e3os \u00f3rf\u00e3os de pai, mas com uma m\u00e3e muito presente. Desde crian\u00e7a, gostava muito de estar perto de pessoas mais velhas, vizinhos que na minha favela eram tamb\u00e9m uma esp\u00e9cie de fam\u00edlia estendida. Ali, se falava o tempo todo de pol\u00edtica, um tema que passou a fazer parte do meu cotidiano desde ent\u00e3o. Quando terminei o ensino m\u00e9dio fui aprovada na maior universidade p\u00fablica da Venezuela, na carreira que escolhi e na qual atuo at\u00e9 hoje.<\/p>\n<p><strong>Voc\u00ea transitou em que esferas da pol\u00edtica at\u00e9 se tornar diplomata?<\/strong><\/p>\n<p>Ap\u00f3s terminar a faculdade, fiz concurso no Minist\u00e9rio de Defesa, em que fiquei at\u00e9 2001. Dali, fui para o Congresso dos Deputados da Assembleia Nacional, para depois ingressar numa equipe de assessores da \u00e1rea internacional, no gabinete do presidente Chavez. De l\u00e1 para c\u00e1, trabalhei em distintas \u00e1reas das rela\u00e7\u00f5es internacionais da Venezuela, inclusive como diplomata na Am\u00e9rica Latina, Am\u00e9rica do Norte e Europa. Desde 2020, ano de sua cria\u00e7\u00e3o, sou diretora executiva do \u201cInstituto Sim\u00f3n Bol\u00edvar para a Paz e a Solidariedade entre os Povos\u201d (ISB), que tem sede em Caracas.<\/p>\n<p><strong>Sua atua\u00e7\u00e3o no Instituto S\u00edmon Bol\u00edvar \u00e9 exclusivo com pa\u00edses da Am\u00e9rica Latina?<\/strong><\/p>\n<p>Trabalhamos com pa\u00edses de todo o mundo. Mas nos \u00faltimos anos nos voltamos especialmente para a \u00e1rea da Diplomacia dos Povos. Como Diretora do ISB, sou parte tamb\u00e9m da Diretoria da Escola Latino-Americana de Medicina \u201cSalvador Allende\u201d, que forma m\u00e9dicos nos pa\u00edses da ALBA-TCP (Alian\u00e7a Bolivariana para os Povos da Nossa Am\u00e9rica \u2014 Tratado de Com\u00e9rcio dos Povos), \u00c1frica e dos movimentos sociais populares da regi\u00e3o. Tamb\u00e9m acompanho as plataformas da Assembleia Internacional dos Povos e da Alba Movimentos, e novamente ali est\u00e3o muitos pa\u00edses representados.<\/p>\n<p><strong>Qual a sua liga\u00e7\u00e3o com o MST?<\/strong><\/p>\n<p>Tem a ver com o Instituto Sim\u00f3n Bol\u00edvar para a Paz e a Solidariedade entre os Povos (ISB). O instituto faz parte do Minist\u00e9rio do Poder Popular para as Rela\u00e7\u00f5es Exteriores da Rep\u00fablica Bolivariana da Venezuela, entidade que tem como tarefa acompanhar, articular e promover as rela\u00e7\u00f5es internacionais com entidades n\u00e3o-estatais do mundo.<\/p>\n<p><strong>O que o MST tem a oferecer para a juventude bolivariana?<\/strong><\/p>\n<p>Iniciamos nossas rela\u00e7\u00f5es com o MST por volta de 2005. \u00c9 um Movimento que oferece um modelo de organiza\u00e7\u00e3o social muito bem articulado, deixando bem clara a import\u00e2ncia da forma\u00e7\u00e3o pol\u00edtica, da disciplina, do internacionalismo e em como defender as causas justas dos povos com m\u00edstica e persist\u00eancia. Tudo isso complementa a constru\u00e7\u00e3o do modelo pol\u00edtico que temos na Venezuela.<\/p>\n<p><strong>Pensando na forma\u00e7\u00e3o em agroecologia, oferecida no assentamento Contestado, na Lapa\/PR. Na sua opini\u00e3o, a agroecologia \u00e9 um modelo de vida ou um rem\u00e9dio para o neg\u00f3cio da alimenta\u00e7\u00e3o?<\/strong><\/p>\n<p>Mesmo sem ter experi\u00eancia no campo da produ\u00e7\u00e3o agroecol\u00f3gica, acredito que estamos numa situa\u00e7\u00e3o do mundo e do planeta em que \u00e9 urgente mudar nosso modelo de consumo e de produ\u00e7\u00e3o para garantir a presen\u00e7a da esp\u00e9cie humana e gerar melhores expectativas de vida e sa\u00fade \u00e0 popula\u00e7\u00e3o. Tudo isso s\u00f3 \u00e9 poss\u00edvel com a ado\u00e7\u00e3o da agroecologia como modelo de produ\u00e7\u00e3o de alimentos e vida, o que inclui a alimenta\u00e7\u00e3o soberana com seguran\u00e7a e sa\u00fade.<\/p>\n<p><strong>O interc\u00e2mbio que est\u00e1 participando atende ou supera as suas expectativas?<\/strong><\/p>\n<p>Em geral, os resultados das forma\u00e7\u00f5es que historicamente temos tido com o MST acumulam benef\u00edcios incr\u00edveis para as organiza\u00e7\u00f5es sociais que postulam os cursos. Acho que \u00e9 um processo org\u00e2nico tributado a um projeto de longo prazo, por isso falar de casos espec\u00edficos \u00e9 muito dif\u00edcil. Mas em s\u00edntese \u00e9 important\u00edssimo para o nosso pa\u00eds e para o desenvolvimento do fortalecimento do poder popular na Venezuela.<\/p>\n<p><em>*Jornalista e chef, integrante do Coletivo Marmitas da Terra, no Paran\u00e1. Carmen \u00e9 diplomata, formada em Ci\u00eancias Pol\u00edticas, com especializa\u00e7\u00e3o e mestrado na \u00e1rea em que as rela\u00e7\u00f5es internacionais se entrela\u00e7am com movimentos sociais, organiza\u00e7\u00f5es e atores n\u00e3o-estatais \u2013 a Diplomacia dos Povos.<\/em><\/p>\n<p><em>**Editado por Solange Engelmann<\/em><\/p>\n<p>O post <a href=\"https:\/\/mst.org.br\/2024\/11\/18\/a-diplomacia-dos-povos-no-exercicio-da-economia-popular\/\">A diplomacia dos povos no exerc\u00edcio da economia popular<\/a> apareceu primeiro em <a href=\"https:\/\/mst.org.br\/\">MST<\/a>.<\/p>\n<\/div>\n<!-- Begin Yuzo --><div class='yuzo_related_post style-1'  data-version='5.12.89'><!-- without result --><div class='yuzo_clearfixed yuzo__title yuzo__title'><h3>Related Post<\/h3><\/div>\n\t\t\t\t\t\t  <div class=\"relatedthumb \" style=\"width:125px;float:left;overflow:hidden;\">  \n\t\t\t\t\t\t\t  \n\t\t\t\t\t\t\t  <a  href=\"https:\/\/redept.com.br\/blogosfera\/portal-de-noticias-do-rs-denuncia-intimidacao-apos-publicar-materias-sobre-mortes-em-abordagens-policiais\/\"  >\n\t\t\t\t\t\t\t\t\t  <div class=\"yuzo-img-wrap \" style=\"width: 125px;height:90px;\">\n\t\t\t\t\t\t\t\t\t\t\n\t\t\t\t\t\t\t\t\t\t<div class=\"yuzo-img\" style=\"background:url('https:\/\/redept.org\/blogosfera\/wp-content\/plugins\/yuzo-related-post\/assets\/images\/default.png') 50% 50% no-repeat;width: 125px;height:90px;margin-bottom: 5px;background-size: cover; \"><\/div>\n\t\t\t\t\t\t\t\t\t  <\/div>\n\t\t\t\t\t\t\t\t\t  \n\t\t\t\t\t\t\t\t   <span class=\"yuzo__text--title\" style=\"font-size:13px;\">Portal de not\u00edcias do RS denuncia intimida\u00e7\u00e3o ap\u00f3s...<\/span>\n\t\t\t\t\t\t\t  \n\t\t\t\t\t\t\t  \n\t\t\t\t\t\t\t  <\/a>\n\n\t\t\t\t\t\t  <\/div>\n\t\t\t\t\t\t  <div class=\"relatedthumb \" style=\"width:125px;float:left;overflow:hidden;\">  \n\t\t\t\t\t\t\t  \n\t\t\t\t\t\t\t  <a  href=\"https:\/\/redept.com.br\/blogosfera\/1a-escola-de-teatro-politico-e-popular-de-mg-fortalece-cultura-e-luta-coletiva\/\"  >\n\t\t\t\t\t\t\t\t\t  <div class=\"yuzo-img-wrap \" style=\"width: 125px;height:90px;\">\n\t\t\t\t\t\t\t\t\t\t\n\t\t\t\t\t\t\t\t\t\t<div class=\"yuzo-img\" style=\"background:url('https:\/\/redept.org\/blogosfera\/wp-content\/plugins\/yuzo-related-post\/assets\/images\/default.png') 50% 50% no-repeat;width: 125px;height:90px;margin-bottom: 5px;background-size: cover; \"><\/div>\n\t\t\t\t\t\t\t\t\t  <\/div>\n\t\t\t\t\t\t\t\t\t  \n\t\t\t\t\t\t\t\t   <span class=\"yuzo__text--title\" style=\"font-size:13px;\">1\u00aa Escola de Teatro Pol\u00edtico e Popular de MG\u00a0forta...<\/span>\n\t\t\t\t\t\t\t  \n\t\t\t\t\t\t\t  \n\t\t\t\t\t\t\t  <\/a>\n\n\t\t\t\t\t\t  <\/div>\n\t\t\t\t\t\t  <div class=\"relatedthumb \" style=\"width:125px;float:left;overflow:hidden;\">  \n\t\t\t\t\t\t\t  \n\t\t\t\t\t\t\t  <a  href=\"https:\/\/redept.com.br\/blogosfera\/licenca-paternidade-ampliada-pais-terao-ate-20-dias-para-cuidar-dos-filhos\/\"  >\n\t\t\t\t\t\t\t\t\t  <div class=\"yuzo-img-wrap \" style=\"width: 125px;height:90px;\">\n\t\t\t\t\t\t\t\t\t\t\n\t\t\t\t\t\t\t\t\t\t<div class=\"yuzo-img\" style=\"background:url('https:\/\/redept.com.br\/blogosfera\/wp-content\/uploads\/2025\/11\/imagem-representativa-pai-com-bebe-pai-e-filho-pai-segura-bebe-1723235940593_v2_900x506-150x150.jpg') 50% 50% no-repeat;width: 125px;height:90px;margin-bottom: 5px;background-size: cover; \"><\/div>\n\t\t\t\t\t\t\t\t\t  <\/div>\n\t\t\t\t\t\t\t\t\t  \n\t\t\t\t\t\t\t\t   <span class=\"yuzo__text--title\" style=\"font-size:13px;\">Licen\u00e7a-paternidade ampliada: pais ter\u00e3o at\u00e9 20 di...<\/span>\n\t\t\t\t\t\t\t  \n\t\t\t\t\t\t\t  \n\t\t\t\t\t\t\t  <\/a>\n\n\t\t\t\t\t\t  <\/div>\n\t\t\t\t\t\t  <div class=\"relatedthumb \" style=\"width:125px;float:left;overflow:hidden;\">  \n\t\t\t\t\t\t\t  \n\t\t\t\t\t\t\t  <a  href=\"https:\/\/redept.com.br\/blogosfera\/teatro-a-musica-confira-a-programacao-para-o-fim-de-semana-no-df\/\"  >\n\t\t\t\t\t\t\t\t\t  <div class=\"yuzo-img-wrap \" style=\"width: 125px;height:90px;\">\n\t\t\t\t\t\t\t\t\t\t\n\t\t\t\t\t\t\t\t\t\t<div class=\"yuzo-img\" style=\"background:url('https:\/\/redept.com.br\/blogosfera\/wp-content\/uploads\/2025\/06\/exposicao-Que-pais-e-este-A-camera-de-Jorge-Bodanzky-durante-a-ditadura-brasileira-1964-1985-Foto-Jorge-Bodanzky-1000x570-1-150x150.jpeg') 50% 50% no-repeat;width: 125px;height:90px;margin-bottom: 5px;background-size: cover; \"><\/div>\n\t\t\t\t\t\t\t\t\t  <\/div>\n\t\t\t\t\t\t\t\t\t  \n\t\t\t\t\t\t\t\t   <span class=\"yuzo__text--title\" style=\"font-size:13px;\">Teatro \u00e0 m\u00fasica: confira a programa\u00e7\u00e3o para o fim ...<\/span>\n\t\t\t\t\t\t\t  \n\t\t\t\t\t\t\t  \n\t\t\t\t\t\t\t  <\/a>\n\n\t\t\t\t\t\t  <\/div>\n<\/div> <script>\n\t\t\t\t\t\t  jQuery(document).ready(function( $ ){\n\t\t\t\t\t\t\t\/\/jQuery('.yuzo_related_post').equalizer({ overflow : 'relatedthumb' });\n\t\t\t\t\t\t\tjQuery('.yuzo_related_post .yuzo_wraps').equalizer({ columns : '> div' });\n\t\t\t\t\t\t   })\n\t\t\t\t\t\t  <\/script> <!-- End Yuzo :) -->","protected":false},"excerpt":{"rendered":"<p>Carmen Navas Reyes. Foto: Susana M\u00e9ndez\/Instituto S\u00edmon Bol\u00edvar para a Paz e a Solidariedade entre os Povos Por Jan Schoenfelder*Da P\u00e1gina do MST Os interc\u00e2mbios cumprem um papel importante para o MST na alian\u00e7a e troca de conhecimentos com outros movimentos e organiza\u00e7\u00f5es populares da Am\u00e9rica Latina e de todo o mundo. Conversamos com Carmen [&hellip;]<\/p>\n","protected":false},"author":2,"featured_media":5433,"comment_status":"open","ping_status":"closed","sticky":false,"template":"","format":"standard","meta":{"fifu_image_url":"","fifu_image_alt":"","footnotes":""},"categories":[1750,2100,573,1065,191,319,1049],"tags":[],"class_list":["post-5432","post","type-post","status-publish","format-standard","has-post-thumbnail","hentry","category-diplomacia-dos-povos","category-economia-popular","category-entrevistas","category-intercambio","category-noticias","category-parana","category-venezuela"],"_links":{"self":[{"href":"https:\/\/redept.com.br\/blogosfera\/wp-json\/wp\/v2\/posts\/5432","targetHints":{"allow":["GET"]}}],"collection":[{"href":"https:\/\/redept.com.br\/blogosfera\/wp-json\/wp\/v2\/posts"}],"about":[{"href":"https:\/\/redept.com.br\/blogosfera\/wp-json\/wp\/v2\/types\/post"}],"author":[{"embeddable":true,"href":"https:\/\/redept.com.br\/blogosfera\/wp-json\/wp\/v2\/users\/2"}],"replies":[{"embeddable":true,"href":"https:\/\/redept.com.br\/blogosfera\/wp-json\/wp\/v2\/comments?post=5432"}],"version-history":[{"count":0,"href":"https:\/\/redept.com.br\/blogosfera\/wp-json\/wp\/v2\/posts\/5432\/revisions"}],"wp:featuredmedia":[{"embeddable":true,"href":"https:\/\/redept.com.br\/blogosfera\/wp-json\/wp\/v2\/media\/5433"}],"wp:attachment":[{"href":"https:\/\/redept.com.br\/blogosfera\/wp-json\/wp\/v2\/media?parent=5432"}],"wp:term":[{"taxonomy":"category","embeddable":true,"href":"https:\/\/redept.com.br\/blogosfera\/wp-json\/wp\/v2\/categories?post=5432"},{"taxonomy":"post_tag","embeddable":true,"href":"https:\/\/redept.com.br\/blogosfera\/wp-json\/wp\/v2\/tags?post=5432"}],"curies":[{"name":"wp","href":"https:\/\/api.w.org\/{rel}","templated":true}]}}