{"id":54631,"date":"2025-09-24T21:54:29","date_gmt":"2025-09-25T00:54:29","guid":{"rendered":"https:\/\/redept.com.br\/blogosfera\/celio-turino-a-elegancia-da-primeira-dama-contem-uma-mensagem-no-figurino\/"},"modified":"2025-09-24T21:54:29","modified_gmt":"2025-09-25T00:54:29","slug":"celio-turino-a-elegancia-da-primeira-dama-contem-uma-mensagem-no-figurino","status":"publish","type":"post","link":"https:\/\/redept.com.br\/blogosfera\/celio-turino-a-elegancia-da-primeira-dama-contem-uma-mensagem-no-figurino\/","title":{"rendered":"Celio Turino: A eleg\u00e2ncia da primeira-dama cont\u00e9m uma mensagem no figurino"},"content":{"rendered":"<p>Tatreez \u00e9 uma arte ancestral de bordado tradicional das mulheres da Palestina e se tornou s\u00edmbolo da identidade culturale resist\u00eancia.<\/p>\n<p>Feito de padr\u00f5es \u00fanicos e ricos, a UNESCO o reconheceu e incluiu como Patrim\u00f4nio Cultural Imaterial da Humanidade.<\/p>\n<p>Cada padr\u00e3o conta uma hist\u00f3ria \u00fanica sobre as pessoas, lendas e cren\u00e7as locais e cada aldeia tem padr\u00f5es distintos. A pr\u00e1tica \u00e9 considerada uma forma de preservar e propagar a heran\u00e7a cultural do povo palestino, especialmente em meio ao deslocamento da di\u00e1spora, e agora sob o genoc\u00eddio.<\/p>\n<p>Importante e bela mensagem pol\u00edtica da Janja!<\/p>\n<hr>\n<p><strong>Queridos leitores,<\/strong><br \/>\n<strong>Nosso blog \u00e9 um espa\u00e7o dedicado a compartilhar conhecimento, ideias e hist\u00f3rias que inspiram. Para continuarmos criando conte\u00fado de qualidade e mantendo este projeto vivo, contamos com o seu apoio! Se voc\u00ea gosta do que fazemos, considere contribuir com uma pequena doa\u00e7\u00e3o. Cada gesto faz a diferen\u00e7a e nos ajuda a crescer. Pix: 45013993768. Arlinda Celeste Alves da Silveira. Agradecemos de cora\u00e7\u00e3o o seu apoio.<\/strong><\/p>\n<hr>\n<p><strong>Siga-nos no Facebook:<\/strong> https:\/\/www.facebook.com\/profile.php?id=100070790366110<\/p>\n<p><strong>Siga-nos no Whatsapp:<\/strong> https:\/\/chat.whatsapp.com\/K8Zc6XOHkN258pOahSE1L1mode=ems_copy_c<\/p>\n<p><strong>Siga-nos no X:<\/strong> https:\/\/x.com\/Antropofagista1<\/p>\n<p><strong>Siga-nos no Instagram<\/strong> https:\/\/www.instagram.com\/blogantropofagista?igsh=YzljYTk1ODg3Z<\/p>\n<p>The post Celio Turino: A eleg\u00e2ncia da primeira-dama cont\u00e9m uma mensagem no figurino first appeared on Antropofagista.<\/p>\n<!-- Begin Yuzo --><div class='yuzo_related_post style-1'  data-version='5.12.89'><!-- without result --><div class='yuzo_clearfixed yuzo__title yuzo__title'><h3>Related Post<\/h3><\/div>\n\t\t\t\t\t\t  <div class=\"relatedthumb \" style=\"width:125px;float:left;overflow:hidden;\">  \n\t\t\t\t\t\t\t  \n\t\t\t\t\t\t\t  <a  href=\"https:\/\/redept.com.br\/blogosfera\/em-greve-terceirizados-da-educacao-de-bh-sofrem-cortes-e-pressao-da-prefeitura\/\"  >\n\t\t\t\t\t\t\t\t\t  <div class=\"yuzo-img-wrap \" style=\"width: 125px;height:90px;\">\n\t\t\t\t\t\t\t\t\t\t\n\t\t\t\t\t\t\t\t\t\t<div class=\"yuzo-img\" style=\"background:url('https:\/\/redept.org\/blogosfera\/wp-content\/plugins\/yuzo-related-post\/assets\/images\/default.png') 50% 50% no-repeat;width: 125px;height:90px;margin-bottom: 5px;background-size: cover; \"><\/div>\n\t\t\t\t\t\t\t\t\t  <\/div>\n\t\t\t\t\t\t\t\t\t  \n\t\t\t\t\t\t\t\t   <span class=\"yuzo__text--title\" style=\"font-size:13px;\">Em greve, terceirizados da educa\u00e7\u00e3o de BH sofrem c...<\/span>\n\t\t\t\t\t\t\t  \n\t\t\t\t\t\t\t  \n\t\t\t\t\t\t\t  <\/a>\n\n\t\t\t\t\t\t  <\/div>\n\t\t\t\t\t\t  <div class=\"relatedthumb \" style=\"width:125px;float:left;overflow:hidden;\">  \n\t\t\t\t\t\t\t  \n\t\t\t\t\t\t\t  <a  href=\"https:\/\/redept.com.br\/blogosfera\/receita-federal-libera-consulta-a-maior-lote-de-restituicao-do-ir-da-historia\/\"  >\n\t\t\t\t\t\t\t\t\t  <div class=\"yuzo-img-wrap \" style=\"width: 125px;height:90px;\">\n\t\t\t\t\t\t\t\t\t\t\n\t\t\t\t\t\t\t\t\t\t<div class=\"yuzo-img\" style=\"background:url('https:\/\/redept.com.br\/blogosfera\/wp-content\/uploads\/2025\/05\/irpf-2025_3-150x150.png') 50% 50% no-repeat;width: 125px;height:90px;margin-bottom: 5px;background-size: cover; \"><\/div>\n\t\t\t\t\t\t\t\t\t  <\/div>\n\t\t\t\t\t\t\t\t\t  \n\t\t\t\t\t\t\t\t   <span class=\"yuzo__text--title\" style=\"font-size:13px;\">Receita Federal libera consulta a maior lote de re...<\/span>\n\t\t\t\t\t\t\t  \n\t\t\t\t\t\t\t  \n\t\t\t\t\t\t\t  <\/a>\n\n\t\t\t\t\t\t  <\/div>\n\t\t\t\t\t\t  <div class=\"relatedthumb \" style=\"width:125px;float:left;overflow:hidden;\">  \n\t\t\t\t\t\t\t  \n\t\t\t\t\t\t\t  <a  href=\"https:\/\/redept.com.br\/blogosfera\/mt-lidera-producao-agricola-mas-capital-cuiaba-tem-5a-cesta-basica-mais-cara-do-pais\/\"  >\n\t\t\t\t\t\t\t\t\t  <div class=\"yuzo-img-wrap \" style=\"width: 125px;height:90px;\">\n\t\t\t\t\t\t\t\t\t\t\n\t\t\t\t\t\t\t\t\t\t<div class=\"yuzo-img\" style=\"background:url('https:\/\/redept.org\/blogosfera\/wp-content\/plugins\/yuzo-related-post\/assets\/images\/default.png') 50% 50% no-repeat;width: 125px;height:90px;margin-bottom: 5px;background-size: cover; \"><\/div>\n\t\t\t\t\t\t\t\t\t  <\/div>\n\t\t\t\t\t\t\t\t\t  \n\t\t\t\t\t\t\t\t   <span class=\"yuzo__text--title\" style=\"font-size:13px;\">MT lidera produ\u00e7\u00e3o agr\u00edcola, mas capital Cuiab\u00e1 te...<\/span>\n\t\t\t\t\t\t\t  \n\t\t\t\t\t\t\t  \n\t\t\t\t\t\t\t  <\/a>\n\n\t\t\t\t\t\t  <\/div>\n\t\t\t\t\t\t  <div class=\"relatedthumb \" style=\"width:125px;float:left;overflow:hidden;\">  \n\t\t\t\t\t\t\t  \n\t\t\t\t\t\t\t  <a  href=\"https:\/\/redept.com.br\/blogosfera\/mae-fui-preso-mas-devo-sair-amanha-brasileiro-fica-preso-quase-2-meses-nos-eua\/\"  >\n\t\t\t\t\t\t\t\t\t  <div class=\"yuzo-img-wrap \" style=\"width: 125px;height:90px;\">\n\t\t\t\t\t\t\t\t\t\t\n\t\t\t\t\t\t\t\t\t\t<div class=\"yuzo-img\" style=\"background:url('https:\/\/redept.org\/blogosfera\/wp-content\/plugins\/yuzo-related-post\/assets\/images\/default.png') 50% 50% no-repeat;width: 125px;height:90px;margin-bottom: 5px;background-size: cover; \"><\/div>\n\t\t\t\t\t\t\t\t\t  <\/div>\n\t\t\t\t\t\t\t\t\t  \n\t\t\t\t\t\t\t\t   <span class=\"yuzo__text--title\" style=\"font-size:13px;\">\u201cM\u00e3e, fui preso, mas devo sair amanh\u00e3\u201d: brasileiro...<\/span>\n\t\t\t\t\t\t\t  \n\t\t\t\t\t\t\t  \n\t\t\t\t\t\t\t  <\/a>\n\n\t\t\t\t\t\t  <\/div>\n<\/div> <script>\n\t\t\t\t\t\t  jQuery(document).ready(function( $ ){\n\t\t\t\t\t\t\t\/\/jQuery('.yuzo_related_post').equalizer({ overflow : 'relatedthumb' });\n\t\t\t\t\t\t\tjQuery('.yuzo_related_post .yuzo_wraps').equalizer({ columns : '> div' });\n\t\t\t\t\t\t   })\n\t\t\t\t\t\t  <\/script> <!-- End Yuzo :) -->","protected":false},"excerpt":{"rendered":"<p>Tatreez \u00e9 uma arte ancestral de bordado tradicional das mulheres da Palestina e se tornou s\u00edmbolo da identidade culturale resist\u00eancia. Feito de padr\u00f5es \u00fanicos e ricos, a UNESCO o reconheceu e incluiu como Patrim\u00f4nio Cultural Imaterial da Humanidade. Cada padr\u00e3o conta uma hist\u00f3ria \u00fanica sobre as pessoas, lendas e cren\u00e7as locais e cada aldeia tem [\u2026]<\/p>\n<p>The post <a href=\"https:\/\/antropofagista.com.br\/2025\/09\/24\/celio-turino-a-elegancia-da-primeira-dama-contem-uma-mensagem-no-figurino\/\">Celio Turino: A eleg\u00e2ncia da primeira-dama cont\u00e9m uma mensagem no figurino<\/a> first appeared on <a href=\"https:\/\/antropofagista.com.br\/\">Antropofagista<\/a>.<\/p>\n","protected":false},"author":2,"featured_media":0,"comment_status":"open","ping_status":"closed","sticky":false,"template":"","format":"standard","meta":{"fifu_image_url":"","fifu_image_alt":"","footnotes":""},"categories":[132],"tags":[],"class_list":["post-54631","post","type-post","status-publish","format-standard","hentry","category-politica"],"_links":{"self":[{"href":"https:\/\/redept.com.br\/blogosfera\/wp-json\/wp\/v2\/posts\/54631","targetHints":{"allow":["GET"]}}],"collection":[{"href":"https:\/\/redept.com.br\/blogosfera\/wp-json\/wp\/v2\/posts"}],"about":[{"href":"https:\/\/redept.com.br\/blogosfera\/wp-json\/wp\/v2\/types\/post"}],"author":[{"embeddable":true,"href":"https:\/\/redept.com.br\/blogosfera\/wp-json\/wp\/v2\/users\/2"}],"replies":[{"embeddable":true,"href":"https:\/\/redept.com.br\/blogosfera\/wp-json\/wp\/v2\/comments?post=54631"}],"version-history":[{"count":0,"href":"https:\/\/redept.com.br\/blogosfera\/wp-json\/wp\/v2\/posts\/54631\/revisions"}],"wp:attachment":[{"href":"https:\/\/redept.com.br\/blogosfera\/wp-json\/wp\/v2\/media?parent=54631"}],"wp:term":[{"taxonomy":"category","embeddable":true,"href":"https:\/\/redept.com.br\/blogosfera\/wp-json\/wp\/v2\/categories?post=54631"},{"taxonomy":"post_tag","embeddable":true,"href":"https:\/\/redept.com.br\/blogosfera\/wp-json\/wp\/v2\/tags?post=54631"}],"curies":[{"name":"wp","href":"https:\/\/api.w.org\/{rel}","templated":true}]}}