{"id":54656,"date":"2025-09-25T09:43:36","date_gmt":"2025-09-25T12:43:36","guid":{"rendered":"https:\/\/redept.com.br\/blogosfera\/ataques-a-jura-na-ufpel-comissao-se-manifesta-em-defesa-da-reforma-agraria-popular\/"},"modified":"2025-09-25T09:43:36","modified_gmt":"2025-09-25T12:43:36","slug":"ataques-a-jura-na-ufpel-comissao-se-manifesta-em-defesa-da-reforma-agraria-popular","status":"publish","type":"post","link":"https:\/\/redept.com.br\/blogosfera\/ataques-a-jura-na-ufpel-comissao-se-manifesta-em-defesa-da-reforma-agraria-popular\/","title":{"rendered":"Ataques \u00e0 JURA na UFPEL: Comiss\u00e3o se manifesta em defesa da Reforma Agr\u00e1ria Popular"},"content":{"rendered":"<figure><img fetchpriority=\"high\" fetchpriority=\"high\" decoding=\"async\" width=\"984\" height=\"652\"src=\"https:\/\/redept.com.br\/blogosfera\/wp-content\/uploads\/2025\/09\/image-4.jpg\" alt=\"\" srcset=\"https:\/\/redept.com.br\/blogosfera\/wp-content\/uploads\/2025\/09\/image-4.jpg 984w, https:\/\/mst.org.br\/wp-content\/uploads\/2025\/09\/image-4-300x199.jpg 300w, https:\/\/mst.org.br\/wp-content\/uploads\/2025\/09\/image-4-768x509.jpg 768w\" sizes=\"(max-width: 984px) 100vw, 984px\"><figcaption><em>Foto: Reprodu\u00e7\u00e3o<\/em><\/figcaption><\/figure>\n<p><em>Da P\u00e1gina do MST<\/em><\/p>\n<p>A Comiss\u00e3o Organizadora da XII Jornada Universit\u00e1ria em Defesa da Reforma Agr\u00e1ria \u2013 Zona Sul do Rio Grande do Sul, vem a p\u00fablico manifestar-se sobre os recentes ataques realizados no contexto da Abertura da JURA 2025, realizada no dia 22 de setembro na Universidade Federal de Pelotas (UFPel):<\/p>\n<p><strong>SOBRE A JURA: <\/strong><\/p>\n<p>A Jornada Universit\u00e1ria em Defesa da Reforma Agr\u00e1ria (JURA) \u00e9 um evento de car\u00e1ter nacional, realizado desde 2013 em diversas institui\u00e7\u00f5es de ensino superior.<strong> Ela se constitui a partir de um conjunto de a\u00e7\u00f5es organizadas entre setores das universidades (grupos de pesquisa e extens\u00e3o, laborat\u00f3rios, n\u00facleos etc.), escolas do campo, movimentos sociais e entidades, em defesa da reforma agr\u00e1ria popular.<\/strong> Anualmente, \u00e9 definido um tema articulador para as Jornadas, que \u00e9 utilizado em todas as JURAs que ocorrem no pa\u00eds, buscando abordar temas e problemas que atravessam a vida das popula\u00e7\u00f5es do campo, das \u00e1guas e das florestas. Este ano, o tema central \u00e9: \u201cDefender a vida: combater o agroneg\u00f3cio\u201d.<\/p>\n<p>O agroneg\u00f3cio \u00e9 compreendido, no contexto das JURAs, enquanto o <strong>modelo de produ\u00e7\u00e3o agr\u00edcola que se coloca como hegem\u00f4nico hoje no Brasil<\/strong>, caracterizado pela concentra\u00e7\u00e3o de terras, pelo uso intensivo de agrot\u00f3xicos, pela explora\u00e7\u00e3o do trabalho e pela destrui\u00e7\u00e3o do meio ambiente. <strong>Ressaltamos que a cr\u00edtica ao agroneg\u00f3cio n\u00e3o pode ser confundida com uma cr\u00edtica ao setor produtivo agr\u00edcola, muito menos ao produtor e \u00e0 produtora rural. <\/strong>Agroneg\u00f3cio n\u00e3o \u00e9 sin\u00f4nimo de produ\u00e7\u00e3o agr\u00edcola, tampouco resume tudo o que \u00e9 produzido no campo no Brasil.<\/p>\n<p>A Abertura Oficial da JURA Zona Sul do RS ocorreu junto com a Aula Inaugural da VI Turma Especial de Medicina Veterin\u00e1ria do Programa Nacional de Educa\u00e7\u00e3o na Reforma Agr\u00e1ria (PRONERA) em parceria com a UFPel, com o tema \u201cReforma Agr\u00e1ria Popular e Quest\u00e3o Ambiental\u201d. Mas <strong>\u00e9 falsa a informa\u00e7\u00e3o de que a JURA seja promovida pelo PRONERA<\/strong>.<\/p>\n<p><strong>SOBRE O PRONERA:<\/strong><\/p>\n<p>O PRONERA articula e apoia projetos de ensino voltados ao desenvolvimento das \u00e1reas de reforma agr\u00e1ria. Criado em 1998 pelo Governo Federal, nasceu a partir da articula\u00e7\u00e3o dos movimentos sociais do campo, que reivindicavam a Educa\u00e7\u00e3o do Campo enquanto um direito. <strong>Essa pol\u00edtica p\u00fablica \u00e9 direcionada a pessoas jovens e adultas moradoras de assentamentos criados ou reconhecidos pelo Instituto Nacional de Coloniza\u00e7\u00e3o e Reforma Agr\u00e1ria (INCRA), quilombolas, professores\/as e educadores\/as que exer\u00e7am atividades educacionais voltadas \u00e0s fam\u00edlias benefici\u00e1rias, al\u00e9m de pessoas atendidas pelo Programa Nacional de Cr\u00e9dito Fundi\u00e1rio (PNCF). <\/strong>O PRONERA tem abrang\u00eancia em diferentes modalidades de forma\u00e7\u00e3o, entre as quais o ensino superior, a partir de parcerias com universidades p\u00fablicas. A forma\u00e7\u00e3o destes estudantes tem sido fundamental para o desenvolvimento dos territ\u00f3rios e das popula\u00e7\u00f5es do campo.<\/p>\n<p><strong>SOBRE A AUTONOMIA UNIVERSIT\u00c1RIA E O DEBATE DEMOCR\u00c1TICO NAS INSTITUI\u00c7\u00d5ES DE ENSINO<\/strong><\/p>\n<p><strong>\u00c9 justamente no espa\u00e7o da universidade que os modelos agr\u00edcolas \u2013 assim como todos os temas fundamentais para o desenvolvimento do pa\u00eds \u2013 devem ser debatidos, a partir de distintos olhares e fundamentos.<\/strong> Qualquer tentativa de cercear o debate e calar as vozes cr\u00edticas no interior dessas institui\u00e7\u00f5es deve ser entendida como uma pr\u00e1tica de censura e como um ataque \u00e0 democracia.<\/p>\n<p><strong>De nossa parte, seguiremos pautando o debate sobre um novo modelo agr\u00edcola que democratize o acesso \u00e0 terra e defenda a vida e o meio ambiente <\/strong>\u2013 na universidade e na sociedade. Todos e todas est\u00e3o convidados\/as a conhecer e se somar a este debate.<\/p>\n<p><em>Pelotas, 24 de setembro de 2025.<\/em><\/p>\n<p><strong>Comiss\u00e3o Organizadora da XII Jornada Universit\u00e1ria em Defesa da Reforma Agr\u00e1ria \u2013 Zona Sul do Rio Grande do Sul.<\/strong><\/p>\n<p>O post <a href=\"https:\/\/mst.org.br\/2025\/09\/25\/ataques-a-jura-na-ufpel-comissao-se-manifesta-em-defesa-da-reforma-agraria-popular\/\">Ataques \u00e0 JURA na UFPEL: Comiss\u00e3o se manifesta em defesa da Reforma Agr\u00e1ria Popular<\/a> apareceu primeiro em <a href=\"https:\/\/mst.org.br\/\">MST<\/a>.<\/p>\n<!-- Begin Yuzo --><div class='yuzo_related_post style-1'  data-version='5.12.89'><!-- without result --><div class='yuzo_clearfixed yuzo__title yuzo__title'><h3>Related Post<\/h3><\/div>\n\t\t\t\t\t\t  <div class=\"relatedthumb \" style=\"width:125px;float:left;overflow:hidden;\">  \n\t\t\t\t\t\t\t  \n\t\t\t\t\t\t\t  <a  href=\"https:\/\/redept.com.br\/blogosfera\/brasileirao-quais-sao-as-maiores-goleadas-na-era-dos-pontos-corridos\/\"  >\n\t\t\t\t\t\t\t\t\t  <div class=\"yuzo-img-wrap \" style=\"width: 125px;height:90px;\">\n\t\t\t\t\t\t\t\t\t\t\n\t\t\t\t\t\t\t\t\t\t<div class=\"yuzo-img\" style=\"background:url('https:\/\/redept.org\/blogosfera\/wp-content\/plugins\/yuzo-related-post\/assets\/images\/default.png') 50% 50% no-repeat;width: 125px;height:90px;margin-bottom: 5px;background-size: cover; \"><\/div>\n\t\t\t\t\t\t\t\t\t  <\/div>\n\t\t\t\t\t\t\t\t\t  \n\t\t\t\t\t\t\t\t   <span class=\"yuzo__text--title\" style=\"font-size:13px;\">Brasileir\u00e3o: quais s\u00e3o as maiores goleadas na era ...<\/span>\n\t\t\t\t\t\t\t  \n\t\t\t\t\t\t\t  \n\t\t\t\t\t\t\t  <\/a>\n\n\t\t\t\t\t\t  <\/div>\n\t\t\t\t\t\t  <div class=\"relatedthumb \" style=\"width:125px;float:left;overflow:hidden;\">  \n\t\t\t\t\t\t\t  \n\t\t\t\t\t\t\t  <a  href=\"https:\/\/redept.com.br\/blogosfera\/violencia-ressurge-na-siria-e-analistas-questionam-capacidade-de-governo-provisorio-manter-a-paz\/\"  >\n\t\t\t\t\t\t\t\t\t  <div class=\"yuzo-img-wrap \" style=\"width: 125px;height:90px;\">\n\t\t\t\t\t\t\t\t\t\t\n\t\t\t\t\t\t\t\t\t\t<div class=\"yuzo-img\" style=\"background:url('https:\/\/redept.com.br\/blogosfera\/wp-content\/uploads\/2025\/03\/xxxxxxxxxxxxxxxxxxxxxxxxxxxxx-150x150.jpg') 50% 50% no-repeat;width: 125px;height:90px;margin-bottom: 5px;background-size: cover; \"><\/div>\n\t\t\t\t\t\t\t\t\t  <\/div>\n\t\t\t\t\t\t\t\t\t  \n\t\t\t\t\t\t\t\t   <span class=\"yuzo__text--title\" style=\"font-size:13px;\">Viol\u00eancia ressurge na S\u00edria e analistas questionam...<\/span>\n\t\t\t\t\t\t\t  \n\t\t\t\t\t\t\t  \n\t\t\t\t\t\t\t  <\/a>\n\n\t\t\t\t\t\t  <\/div>\n\t\t\t\t\t\t  <div class=\"relatedthumb \" style=\"width:125px;float:left;overflow:hidden;\">  \n\t\t\t\t\t\t\t  \n\t\t\t\t\t\t\t  <a  href=\"https:\/\/redept.com.br\/blogosfera\/nestle-aposta-em-brindes-e-discursos-verdes-em-agrizone-da-cop30\/\"  >\n\t\t\t\t\t\t\t\t\t  <div class=\"yuzo-img-wrap \" style=\"width: 125px;height:90px;\">\n\t\t\t\t\t\t\t\t\t\t\n\t\t\t\t\t\t\t\t\t\t<div class=\"yuzo-img\" style=\"background:url('https:\/\/redept.org\/blogosfera\/wp-content\/plugins\/yuzo-related-post\/assets\/images\/default.png') 50% 50% no-repeat;width: 125px;height:90px;margin-bottom: 5px;background-size: cover; \"><\/div>\n\t\t\t\t\t\t\t\t\t  <\/div>\n\t\t\t\t\t\t\t\t\t  \n\t\t\t\t\t\t\t\t   <span class=\"yuzo__text--title\" style=\"font-size:13px;\">Nestl\u00e9 aposta em brindes e discursos \u201cverdes\u201d em A...<\/span>\n\t\t\t\t\t\t\t  \n\t\t\t\t\t\t\t  \n\t\t\t\t\t\t\t  <\/a>\n\n\t\t\t\t\t\t  <\/div>\n\t\t\t\t\t\t  <div class=\"relatedthumb \" style=\"width:125px;float:left;overflow:hidden;\">  \n\t\t\t\t\t\t\t  \n\t\t\t\t\t\t\t  <a  href=\"https:\/\/redept.com.br\/blogosfera\/stf-condena-zambelli-a-5-anos-de-prisao-por-porte-ilegal-de-arma-e-constrangimento-ilegal\/\"  >\n\t\t\t\t\t\t\t\t\t  <div class=\"yuzo-img-wrap \" style=\"width: 125px;height:90px;\">\n\t\t\t\t\t\t\t\t\t\t\n\t\t\t\t\t\t\t\t\t\t<div class=\"yuzo-img\" style=\"background:url('https:\/\/redept.org\/blogosfera\/wp-content\/plugins\/yuzo-related-post\/assets\/images\/default.png') 50% 50% no-repeat;width: 125px;height:90px;margin-bottom: 5px;background-size: cover; \"><\/div>\n\t\t\t\t\t\t\t\t\t  <\/div>\n\t\t\t\t\t\t\t\t\t  \n\t\t\t\t\t\t\t\t   <span class=\"yuzo__text--title\" style=\"font-size:13px;\">STF condena Zambelli a 5 anos de pris\u00e3o por porte ...<\/span>\n\t\t\t\t\t\t\t  \n\t\t\t\t\t\t\t  \n\t\t\t\t\t\t\t  <\/a>\n\n\t\t\t\t\t\t  <\/div>\n<\/div> <script>\n\t\t\t\t\t\t  jQuery(document).ready(function( $ ){\n\t\t\t\t\t\t\t\/\/jQuery('.yuzo_related_post').equalizer({ overflow : 'relatedthumb' });\n\t\t\t\t\t\t\tjQuery('.yuzo_related_post .yuzo_wraps').equalizer({ columns : '> div' });\n\t\t\t\t\t\t   })\n\t\t\t\t\t\t  <\/script> <!-- End Yuzo :) -->","protected":false},"excerpt":{"rendered":"<p>Foto: Reprodu\u00e7\u00e3o Da P\u00e1gina do MST A Comiss\u00e3o Organizadora da XII Jornada Universit\u00e1ria em Defesa da Reforma Agr\u00e1ria \u2013 Zona Sul do Rio Grande do Sul, vem a p\u00fablico manifestar-se sobre os recentes ataques realizados no contexto da Abertura da JURA 2025, realizada no dia 22 de setembro na Universidade Federal de Pelotas (UFPel): SOBRE [&hellip;]<\/p>\n","protected":false},"author":2,"featured_media":0,"comment_status":"open","ping_status":"closed","sticky":false,"template":"","format":"standard","meta":{"fifu_image_url":"","fifu_image_alt":"","footnotes":""},"categories":[2488,8146,691,321,191,200,19,21635],"tags":[],"class_list":["post-54656","post","type-post","status-publish","format-standard","hentry","category-jura","category-jura-2025","category-nota","category-notas","category-noticias","category-reforma-agraria-popular","category-rio-grande-do-sul","category-ufpel"],"_links":{"self":[{"href":"https:\/\/redept.com.br\/blogosfera\/wp-json\/wp\/v2\/posts\/54656","targetHints":{"allow":["GET"]}}],"collection":[{"href":"https:\/\/redept.com.br\/blogosfera\/wp-json\/wp\/v2\/posts"}],"about":[{"href":"https:\/\/redept.com.br\/blogosfera\/wp-json\/wp\/v2\/types\/post"}],"author":[{"embeddable":true,"href":"https:\/\/redept.com.br\/blogosfera\/wp-json\/wp\/v2\/users\/2"}],"replies":[{"embeddable":true,"href":"https:\/\/redept.com.br\/blogosfera\/wp-json\/wp\/v2\/comments?post=54656"}],"version-history":[{"count":0,"href":"https:\/\/redept.com.br\/blogosfera\/wp-json\/wp\/v2\/posts\/54656\/revisions"}],"wp:attachment":[{"href":"https:\/\/redept.com.br\/blogosfera\/wp-json\/wp\/v2\/media?parent=54656"}],"wp:term":[{"taxonomy":"category","embeddable":true,"href":"https:\/\/redept.com.br\/blogosfera\/wp-json\/wp\/v2\/categories?post=54656"},{"taxonomy":"post_tag","embeddable":true,"href":"https:\/\/redept.com.br\/blogosfera\/wp-json\/wp\/v2\/tags?post=54656"}],"curies":[{"name":"wp","href":"https:\/\/api.w.org\/{rel}","templated":true}]}}