{"id":54678,"date":"2025-09-25T10:48:40","date_gmt":"2025-09-25T13:48:40","guid":{"rendered":"https:\/\/redept.com.br\/blogosfera\/mlb-realiza-protesto-no-recife-pe-contra-despejo-da-ocupacao-gregorio-bezerra\/"},"modified":"2025-09-25T10:48:40","modified_gmt":"2025-09-25T13:48:40","slug":"mlb-realiza-protesto-no-recife-pe-contra-despejo-da-ocupacao-gregorio-bezerra","status":"publish","type":"post","link":"https:\/\/redept.com.br\/blogosfera\/mlb-realiza-protesto-no-recife-pe-contra-despejo-da-ocupacao-gregorio-bezerra\/","title":{"rendered":"MLB realiza protesto no Recife (PE) contra despejo da ocupa\u00e7\u00e3o Greg\u00f3rio Bezerra"},"content":{"rendered":"<p><img fetchpriority=\"high\" width=\"1920\" height=\"1280\"src=\"https:\/\/redept.com.br\/blogosfera\/wp-content\/uploads\/2025\/09\/IMG_7612-1.jpg\" alt=\"\" link_thumbnail=\"\" decoding=\"async\" srcset=\"https:\/\/redept.com.br\/blogosfera\/wp-content\/uploads\/2025\/09\/IMG_7612-1.jpg 1920w, https:\/\/averdade.org.br\/wp-content\/uploads\/2025\/09\/IMG_7612-350x233.jpg 350w, https:\/\/averdade.org.br\/wp-content\/uploads\/2025\/09\/IMG_7612-1024x683.jpg 1024w, https:\/\/averdade.org.br\/wp-content\/uploads\/2025\/09\/IMG_7612-250x167.jpg 250w, https:\/\/averdade.org.br\/wp-content\/uploads\/2025\/09\/IMG_7612-768x512.jpg 768w, https:\/\/averdade.org.br\/wp-content\/uploads\/2025\/09\/IMG_7612-1536x1024.jpg 1536w, https:\/\/averdade.org.br\/wp-content\/uploads\/2025\/09\/IMG_7612-150x100.jpg 150w, https:\/\/averdade.org.br\/wp-content\/uploads\/2025\/09\/IMG_7612-300x200.jpg 300w, https:\/\/averdade.org.br\/wp-content\/uploads\/2025\/09\/IMG_7612-696x464.jpg 696w, https:\/\/averdade.org.br\/wp-content\/uploads\/2025\/09\/IMG_7612-1068x712.jpg 1068w\" sizes=\"(max-width: 1920px) 100vw, 1920px\"><\/p>\n<p><strong>A cidade do Recife amanheceu com um grande protesto na Avenida Recife das fam\u00edlias organizadas pelo MLB e da ocupa\u00e7\u00e3o Greg\u00f3rio Bezerra, que foram amea\u00e7adas de despejo ap\u00f3s o INSS pedir reintegra\u00e7\u00e3o de posse do im\u00f3vel, que h\u00e1 mais de 10 anos estava abandonado e sem serventia alguma. <\/strong><\/p>\n<p><strong>Cl\u00f3vis Maia | Reda\u00e7\u00e3o Pernambuco<\/strong><\/p>\n<hr>\n<p><strong>LUTA POPULAR- <\/strong>Na manh\u00e3 dessa quinta feira, 25 de setembro, as fam\u00edlias da ocupa\u00e7\u00e3o Greg\u00f3rio Bezerra, no Recife, realizaram junto ao Movimento de Luta nos Bairros, Vila e Favelas (MBL), um protesto para denunciar o pedido de reintegra\u00e7\u00e3o de posse, movido pelo Instituto Nacional do Seguro Social (INSS). O pedido, aceito pela justi\u00e7a de forma arbitr\u00e1ria, sem se quer ouvir o movimento, acusa as fam\u00edlias mas n\u00e3o leva em considera\u00e7\u00e3o que o im\u00f3vel ocupado pelo MLB est\u00e1 abandonado h\u00e1 mais de 10 anos e sem cumprir fun\u00e7\u00e3o social alguma.<\/p>\n<p>Diante da amea\u00e7a, as fam\u00edlias da ocupa\u00e7\u00e3o decidiram fechar a Avenida Recife e lembrar para as autoridades que o despejo n\u00e3o \u00e9 a solu\u00e7\u00e3o para os milhares de recifenses que simplesmente n\u00e3o tem onde morar. Segundo Nat\u00e1lia L\u00facia, que preside a Central de Movimentos Populares (CMP) em Pernambuco e \u00e9 da coordena\u00e7\u00e3o nacional do MLB: \u201cS\u00e3o mais de 200 fam\u00edlias organizadas pelo MLB que est\u00e3o lutando pelo direito de morar dignamente. O que estamos reivindicando \u00e9 a doa\u00e7\u00e3o do im\u00f3vel para constru\u00e7\u00e3o de moradias. Essa amea\u00e7a de reintegra\u00e7\u00e3o de posse \u00e9 um absurdo. Temos uma audi\u00eancia marcada para o dia 30, agora, onde iremos mostrar como estava o espa\u00e7o antes, completamente abandonado, e hoje transformamos ele num espa\u00e7o livre da fome. As fam\u00edlias organizaram uma creche, uma cozinha coletiva, espa\u00e7o de lazer e de vivencia, e estamos organizando eventos culturais de forma\u00e7\u00e3o, educa\u00e7\u00e3o e cultura para essas fam\u00edlias. A ocupa\u00e7\u00e3o \u00e9 um exemplo real de que \u00e9 poss\u00edvel transformar a cidade; basta colocar o povo pra decidir seu futuro.\u201d<\/p>\n<figure aria-describedby=\"caption-attachment-59033\"><img decoding=\"async\"src=\"https:\/\/redept.com.br\/blogosfera\/wp-content\/uploads\/2025\/09\/IMG_7640-1.jpg\" alt=\"\" width=\"1920\" height=\"1280\" srcset=\"https:\/\/redept.com.br\/blogosfera\/wp-content\/uploads\/2025\/09\/IMG_7640-1.jpg 1920w, https:\/\/averdade.org.br\/wp-content\/uploads\/2025\/09\/IMG_7640-350x233.jpg 350w, https:\/\/averdade.org.br\/wp-content\/uploads\/2025\/09\/IMG_7640-1024x683.jpg 1024w, https:\/\/averdade.org.br\/wp-content\/uploads\/2025\/09\/IMG_7640-250x167.jpg 250w, https:\/\/averdade.org.br\/wp-content\/uploads\/2025\/09\/IMG_7640-768x512.jpg 768w, https:\/\/averdade.org.br\/wp-content\/uploads\/2025\/09\/IMG_7640-1536x1024.jpg 1536w, https:\/\/averdade.org.br\/wp-content\/uploads\/2025\/09\/IMG_7640-150x100.jpg 150w, https:\/\/averdade.org.br\/wp-content\/uploads\/2025\/09\/IMG_7640-300x200.jpg 300w, https:\/\/averdade.org.br\/wp-content\/uploads\/2025\/09\/IMG_7640-696x464.jpg 696w, https:\/\/averdade.org.br\/wp-content\/uploads\/2025\/09\/IMG_7640-1068x712.jpg 1068w\" sizes=\"(max-width: 1920px) 100vw, 1920px\"><figcaption>Em menos de 1 m\u00eas a ocupa\u00e7\u00e3o fez mais pela sociedade recifense que o INSS nos \u00faltimos 10 anos em que o pr\u00e9dio do instituto esteve abandonado. Foto: Jesse Lisboa (JAV-PE)<em>\u00a0<\/em><\/figcaption><\/figure>\n<h4><strong>D\u00e9ficit habitacional em Recife <\/strong><\/h4>\n<p>O Nordeste \u00e9 a segunda regi\u00e3o com o maior d\u00e9ficit habitacional do Brasil, ou seja, fam\u00edlias que n\u00e3o tem acesso a moradia adequada ou que vivem em condi\u00e7\u00f5es prec\u00e1rias, pagando alugueis caros, morando em locais insalubres, sem \u00e1gua encanada, tratamento de esgoto ou perto de encostas e morros. Segundo dados da Pnad Cont\u00ednua, de 2022, apontavam mais de 70 mil habita\u00e7\u00f5es com esse tipo de dificuldade. Governado pelo PSB, a capital do Recife n\u00e3o tem prioridade alguma quando se fala em moradia. O direito \u00e0 moradia, que \u00e9 assegurado pela constitui\u00e7\u00e3o de 1988 e deveria ser garantido pelo estado est\u00e1 longe de ser uma realidade nesse sistema desigual e injusto.<\/p>\n<p>Refor\u00e7ando a disposi\u00e7\u00e3o das fam\u00edlias da ocupa\u00e7\u00e3o, Nat\u00e1lia refor\u00e7a: \u201cqueria refor\u00e7ar o convite a toda a popula\u00e7\u00e3o a se somar na solidariedade e conhecer a ocupa\u00e7\u00e3o, que desde do dia 07 de setembro organizam a ocupa\u00e7\u00e3o Greg\u00f3rio Bezerra por Palestina Livre que fica na Avenida Tapaj\u00f3s, 70, no bairro de Areias, Recife. Seguiremos o exemplo de Greg\u00f3rio Bezerra, que enfrentou toda forma de repress\u00e3o e do povo palestino, que luta at\u00e9 hoje em defesa de suas terras e de sua hist\u00f3ria.\u201d<\/p>\n<figure aria-describedby=\"caption-attachment-59034\"><img decoding=\"async\"src=\"https:\/\/redept.com.br\/blogosfera\/wp-content\/uploads\/2025\/09\/IMG_7592-1.jpg\" alt=\"\" width=\"1920\" height=\"1280\" srcset=\"https:\/\/redept.com.br\/blogosfera\/wp-content\/uploads\/2025\/09\/IMG_7592-1.jpg 1920w, https:\/\/averdade.org.br\/wp-content\/uploads\/2025\/09\/IMG_7592-350x233.jpg 350w, https:\/\/averdade.org.br\/wp-content\/uploads\/2025\/09\/IMG_7592-1024x683.jpg 1024w, https:\/\/averdade.org.br\/wp-content\/uploads\/2025\/09\/IMG_7592-250x167.jpg 250w, https:\/\/averdade.org.br\/wp-content\/uploads\/2025\/09\/IMG_7592-768x512.jpg 768w, https:\/\/averdade.org.br\/wp-content\/uploads\/2025\/09\/IMG_7592-1536x1024.jpg 1536w, https:\/\/averdade.org.br\/wp-content\/uploads\/2025\/09\/IMG_7592-150x100.jpg 150w, https:\/\/averdade.org.br\/wp-content\/uploads\/2025\/09\/IMG_7592-300x200.jpg 300w, https:\/\/averdade.org.br\/wp-content\/uploads\/2025\/09\/IMG_7592-696x464.jpg 696w, https:\/\/averdade.org.br\/wp-content\/uploads\/2025\/09\/IMG_7592-1068x712.jpg 1068w\" sizes=\"(max-width: 1920px) 100vw, 1920px\"><figcaption>Foto: Jesse Lisboa (JAV-PE)<\/figcaption><\/figure>\n<!-- Begin Yuzo --><div class='yuzo_related_post style-1'  data-version='5.12.89'><!-- without result --><div class='yuzo_clearfixed yuzo__title yuzo__title'><h3>Related Post<\/h3><\/div>\n\t\t\t\t\t\t  <div class=\"relatedthumb \" style=\"width:125px;float:left;overflow:hidden;\">  \n\t\t\t\t\t\t\t  \n\t\t\t\t\t\t\t  <a  href=\"https:\/\/redept.com.br\/blogosfera\/juros-a-despesa-vip-no-brasil\/\"  >\n\t\t\t\t\t\t\t\t\t  <div class=\"yuzo-img-wrap \" style=\"width: 125px;height:90px;\">\n\t\t\t\t\t\t\t\t\t\t\n\t\t\t\t\t\t\t\t\t\t<div class=\"yuzo-img\" style=\"background:url('https:\/\/redept.com.br\/blogosfera\/wp-content\/uploads\/2026\/03\/GettyImages-espirito-animal-1024x683-1-150x150.jpg') 50% 50% no-repeat;width: 125px;height:90px;margin-bottom: 5px;background-size: cover; \"><\/div>\n\t\t\t\t\t\t\t\t\t  <\/div>\n\t\t\t\t\t\t\t\t\t  \n\t\t\t\t\t\t\t\t   <span class=\"yuzo__text--title\" style=\"font-size:13px;\">Juros, a despesa VIP no Brasil<\/span>\n\t\t\t\t\t\t\t  \n\t\t\t\t\t\t\t  \n\t\t\t\t\t\t\t  <\/a>\n\n\t\t\t\t\t\t  <\/div>\n\t\t\t\t\t\t  <div class=\"relatedthumb \" style=\"width:125px;float:left;overflow:hidden;\">  \n\t\t\t\t\t\t\t  \n\t\t\t\t\t\t\t  <a  href=\"https:\/\/redept.com.br\/blogosfera\/a-cop-da-verdade-e-a-ficcao-das-financas-verdes\/\"  >\n\t\t\t\t\t\t\t\t\t  <div class=\"yuzo-img-wrap \" style=\"width: 125px;height:90px;\">\n\t\t\t\t\t\t\t\t\t\t\n\t\t\t\t\t\t\t\t\t\t<div class=\"yuzo-img\" style=\"background:url('https:\/\/redept.com.br\/blogosfera\/wp-content\/uploads\/2025\/11\/image1-150x150.png') 50% 50% no-repeat;width: 125px;height:90px;margin-bottom: 5px;background-size: cover; \"><\/div>\n\t\t\t\t\t\t\t\t\t  <\/div>\n\t\t\t\t\t\t\t\t\t  \n\t\t\t\t\t\t\t\t   <span class=\"yuzo__text--title\" style=\"font-size:13px;\">A \u201cCOP da Verdade\u201d e a fic\u00e7\u00e3o das finan\u00e7as verdes...<\/span>\n\t\t\t\t\t\t\t  \n\t\t\t\t\t\t\t  \n\t\t\t\t\t\t\t  <\/a>\n\n\t\t\t\t\t\t  <\/div>\n\t\t\t\t\t\t  <div class=\"relatedthumb \" style=\"width:125px;float:left;overflow:hidden;\">  \n\t\t\t\t\t\t\t  \n\t\t\t\t\t\t\t  <a  href=\"https:\/\/redept.com.br\/blogosfera\/ex-politico-ucraniano-pro-russia-e-morto-a-tiros-na-espanha\/\"  >\n\t\t\t\t\t\t\t\t\t  <div class=\"yuzo-img-wrap \" style=\"width: 125px;height:90px;\">\n\t\t\t\t\t\t\t\t\t\t\n\t\t\t\t\t\t\t\t\t\t<div class=\"yuzo-img\" style=\"background:url('https:\/\/redept.com.br\/blogosfera\/wp-content\/uploads\/2025\/05\/andriy_portnov_politician-150x150.jpg') 50% 50% no-repeat;width: 125px;height:90px;margin-bottom: 5px;background-size: cover; \"><\/div>\n\t\t\t\t\t\t\t\t\t  <\/div>\n\t\t\t\t\t\t\t\t\t  \n\t\t\t\t\t\t\t\t   <span class=\"yuzo__text--title\" style=\"font-size:13px;\">Ex-pol\u00edtico ucraniano pr\u00f3-R\u00fassia \u00e9 morto a tiros n...<\/span>\n\t\t\t\t\t\t\t  \n\t\t\t\t\t\t\t  \n\t\t\t\t\t\t\t  <\/a>\n\n\t\t\t\t\t\t  <\/div>\n\t\t\t\t\t\t  <div class=\"relatedthumb \" style=\"width:125px;float:left;overflow:hidden;\">  \n\t\t\t\t\t\t\t  \n\t\t\t\t\t\t\t  <a  href=\"https:\/\/redept.com.br\/blogosfera\/de-maos-dadas-com-a-truculencia-impunidade-perpetua-arbitrariedade-da-policia\/\"  >\n\t\t\t\t\t\t\t\t\t  <div class=\"yuzo-img-wrap \" style=\"width: 125px;height:90px;\">\n\t\t\t\t\t\t\t\t\t\t\n\t\t\t\t\t\t\t\t\t\t<div class=\"yuzo-img\" style=\"background:url('https:\/\/redept.com.br\/blogosfera\/wp-content\/uploads\/2024\/12\/tarcisio-pm_divulgacao-150x150.jpg') 50% 50% no-repeat;width: 125px;height:90px;margin-bottom: 5px;background-size: cover; \"><\/div>\n\t\t\t\t\t\t\t\t\t  <\/div>\n\t\t\t\t\t\t\t\t\t  \n\t\t\t\t\t\t\t\t   <span class=\"yuzo__text--title\" style=\"font-size:13px;\">De m\u00e3os dadas com a trucul\u00eancia, impunidade perpet...<\/span>\n\t\t\t\t\t\t\t  \n\t\t\t\t\t\t\t  \n\t\t\t\t\t\t\t  <\/a>\n\n\t\t\t\t\t\t  <\/div>\n<\/div> <script>\n\t\t\t\t\t\t  jQuery(document).ready(function( $ ){\n\t\t\t\t\t\t\t\/\/jQuery('.yuzo_related_post').equalizer({ overflow : 'relatedthumb' });\n\t\t\t\t\t\t\tjQuery('.yuzo_related_post .yuzo_wraps').equalizer({ columns : '> div' });\n\t\t\t\t\t\t   })\n\t\t\t\t\t\t  <\/script> <!-- End Yuzo :) -->","protected":false},"excerpt":{"rendered":"<p><img loading=\"lazy\" decoding=\"async\" width=\"1920\" height=\"1280\" src=\"https:\/\/averdade.org.br\/wp-content\/uploads\/2025\/09\/IMG_7612.jpg\" alt=\"\">A cidade do Recife amanheceu com um grande protesto na Avenida Recife das fam\u00edlias organizadas pelo MLB e da ocupa\u00e7\u00e3o Greg\u00f3rio Bezerra, que foram amea\u00e7adas de despejo ap\u00f3s o INSS pedir reintegra\u00e7\u00e3o de posse do im\u00f3vel, que h\u00e1 mais de 10 anos estava abandonado e sem serventia alguma. Cl\u00f3vis Maia | Reda\u00e7\u00e3o Pernambuco LUTA POPULAR- [\u2026]<\/p>\n","protected":false},"author":2,"featured_media":54679,"comment_status":"open","ping_status":"closed","sticky":false,"template":"","format":"standard","meta":{"fifu_image_url":"","fifu_image_alt":"","footnotes":""},"categories":[45,21668,21669,60,4914,405,189,185,51],"tags":[],"class_list":["post-54678","post","type-post","status-publish","format-standard","has-post-thumbnail","hentry","category-brasil","category-cmp","category-defict-habitacional","category-luta-popular","category-luta-por-moradia","category-mlb","category-protesto","category-recife","category-ultimas-noticias"],"_links":{"self":[{"href":"https:\/\/redept.com.br\/blogosfera\/wp-json\/wp\/v2\/posts\/54678","targetHints":{"allow":["GET"]}}],"collection":[{"href":"https:\/\/redept.com.br\/blogosfera\/wp-json\/wp\/v2\/posts"}],"about":[{"href":"https:\/\/redept.com.br\/blogosfera\/wp-json\/wp\/v2\/types\/post"}],"author":[{"embeddable":true,"href":"https:\/\/redept.com.br\/blogosfera\/wp-json\/wp\/v2\/users\/2"}],"replies":[{"embeddable":true,"href":"https:\/\/redept.com.br\/blogosfera\/wp-json\/wp\/v2\/comments?post=54678"}],"version-history":[{"count":0,"href":"https:\/\/redept.com.br\/blogosfera\/wp-json\/wp\/v2\/posts\/54678\/revisions"}],"wp:featuredmedia":[{"embeddable":true,"href":"https:\/\/redept.com.br\/blogosfera\/wp-json\/wp\/v2\/media\/54679"}],"wp:attachment":[{"href":"https:\/\/redept.com.br\/blogosfera\/wp-json\/wp\/v2\/media?parent=54678"}],"wp:term":[{"taxonomy":"category","embeddable":true,"href":"https:\/\/redept.com.br\/blogosfera\/wp-json\/wp\/v2\/categories?post=54678"},{"taxonomy":"post_tag","embeddable":true,"href":"https:\/\/redept.com.br\/blogosfera\/wp-json\/wp\/v2\/tags?post=54678"}],"curies":[{"name":"wp","href":"https:\/\/api.w.org\/{rel}","templated":true}]}}