{"id":55188,"date":"2025-09-28T12:49:53","date_gmt":"2025-09-28T15:49:53","guid":{"rendered":"https:\/\/redept.com.br\/blogosfera\/repressao-politica-de-kim-jong-un-entenda-o-que-e-ditadura-e-compare-com-narrativas-falsas-no-brasil\/"},"modified":"2025-09-28T12:49:53","modified_gmt":"2025-09-28T15:49:53","slug":"repressao-politica-de-kim-jong-un-entenda-o-que-e-ditadura-e-compare-com-narrativas-falsas-no-brasil","status":"publish","type":"post","link":"https:\/\/redept.com.br\/blogosfera\/repressao-politica-de-kim-jong-un-entenda-o-que-e-ditadura-e-compare-com-narrativas-falsas-no-brasil\/","title":{"rendered":"Repress\u00e3o pol\u00edtica de Kim Jong Un \u2013 Entenda o que \u00e9 ditadura e compare com narrativas falsas no Brasil"},"content":{"rendered":"<p>An\u00e1lise da revista brit\u00e2nica The Economist revela isolamento total da Coreia do Norte sob o pol\u00eamico ditador, com execu\u00e7\u00f5es por conte\u00fado estrangeiro e alian\u00e7as com R\u00fassia e China, em meio a crise humanit\u00e1ria agravada<\/p>\n<p>O post Repress\u00e3o pol\u00edtica de Kim Jong Un \u2013 Entenda o que \u00e9 ditadura e compare com narrativas falsas no Brasil apareceu primeiro em .<\/p>\n<!-- Begin Yuzo --><div class='yuzo_related_post style-1'  data-version='5.12.89'><!-- without result --><div class='yuzo_clearfixed yuzo__title yuzo__title'><h3>Related Post<\/h3><\/div>\n\t\t\t\t\t\t  <div class=\"relatedthumb \" style=\"width:125px;float:left;overflow:hidden;\">  \n\t\t\t\t\t\t\t  \n\t\t\t\t\t\t\t  <a  href=\"https:\/\/redept.com.br\/blogosfera\/senadores-do-pt-concorrem-ao-premio-congresso-em-foco-2025\/\"  >\n\t\t\t\t\t\t\t\t\t  <div class=\"yuzo-img-wrap \" style=\"width: 125px;height:90px;\">\n\t\t\t\t\t\t\t\t\t\t\n\t\t\t\t\t\t\t\t\t\t<div class=\"yuzo-img\" style=\"background:url('https:\/\/redept.org\/blogosfera\/wp-content\/plugins\/yuzo-related-post\/assets\/images\/default.png') 50% 50% no-repeat;width: 125px;height:90px;margin-bottom: 5px;background-size: cover; \"><\/div>\n\t\t\t\t\t\t\t\t\t  <\/div>\n\t\t\t\t\t\t\t\t\t  \n\t\t\t\t\t\t\t\t   <span class=\"yuzo__text--title\" style=\"font-size:13px;\">Senadores do PT concorrem ao Pr\u00eamio Congresso em F...<\/span>\n\t\t\t\t\t\t\t  \n\t\t\t\t\t\t\t  \n\t\t\t\t\t\t\t  <\/a>\n\n\t\t\t\t\t\t  <\/div>\n\t\t\t\t\t\t  <div class=\"relatedthumb \" style=\"width:125px;float:left;overflow:hidden;\">  \n\t\t\t\t\t\t\t  \n\t\t\t\t\t\t\t  <a  href=\"https:\/\/redept.com.br\/blogosfera\/convite-a-desbravar-a-obra-de-byung-chul-han\/\"  >\n\t\t\t\t\t\t\t\t\t  <div class=\"yuzo-img-wrap \" style=\"width: 125px;height:90px;\">\n\t\t\t\t\t\t\t\t\t\t\n\t\t\t\t\t\t\t\t\t\t<div class=\"yuzo-img\" style=\"background:url('https:\/\/redept.com.br\/blogosfera\/wp-content\/uploads\/2025\/06\/Screenshot-2025-06-27-at-19-47-14-byung-chul-han-the-philosopher-who-lives-life-backwards-we-v0-jF1JlP2_BixTsRxIJ839ag3KwQAw23rVUAakAjyONOIwebp-imagem-WEBP-1200-801-pixels-Redimensionada-73-150x150.png') 50% 50% no-repeat;width: 125px;height:90px;margin-bottom: 5px;background-size: cover; \"><\/div>\n\t\t\t\t\t\t\t\t\t  <\/div>\n\t\t\t\t\t\t\t\t\t  \n\t\t\t\t\t\t\t\t   <span class=\"yuzo__text--title\" style=\"font-size:13px;\">Convite a desbravar a obra de Byung-Chul Han<\/span>\n\t\t\t\t\t\t\t  \n\t\t\t\t\t\t\t  \n\t\t\t\t\t\t\t  <\/a>\n\n\t\t\t\t\t\t  <\/div>\n\t\t\t\t\t\t  <div class=\"relatedthumb \" style=\"width:125px;float:left;overflow:hidden;\">  \n\t\t\t\t\t\t\t  \n\t\t\t\t\t\t\t  <a  href=\"https:\/\/redept.com.br\/blogosfera\/historias-de-combate-ao-trabalho-escravo-05-cuidando-como-mae\/\"  >\n\t\t\t\t\t\t\t\t\t  <div class=\"yuzo-img-wrap \" style=\"width: 125px;height:90px;\">\n\t\t\t\t\t\t\t\t\t\t\n\t\t\t\t\t\t\t\t\t\t<div class=\"yuzo-img\" style=\"background:url('https:\/\/redept.org\/blogosfera\/wp-content\/plugins\/yuzo-related-post\/assets\/images\/default.png') 50% 50% no-repeat;width: 125px;height:90px;margin-bottom: 5px;background-size: cover; \"><\/div>\n\t\t\t\t\t\t\t\t\t  <\/div>\n\t\t\t\t\t\t\t\t\t  \n\t\t\t\t\t\t\t\t   <span class=\"yuzo__text--title\" style=\"font-size:13px;\">Hist\u00f3rias de Combate ao Trabalho Escravo #05: Cuid...<\/span>\n\t\t\t\t\t\t\t  \n\t\t\t\t\t\t\t  \n\t\t\t\t\t\t\t  <\/a>\n\n\t\t\t\t\t\t  <\/div>\n\t\t\t\t\t\t  <div class=\"relatedthumb \" style=\"width:125px;float:left;overflow:hidden;\">  \n\t\t\t\t\t\t\t  \n\t\t\t\t\t\t\t  <a  href=\"https:\/\/sul21.com.br\/noticias\/meio-ambiente\/2025\/11\/municipios-brasileiros-gastaram-r-732-bilhoes-com-desastres-entre-2013-e-2024\/\"  >\n\t\t\t\t\t\t\t\t\t  <div class=\"yuzo-img-wrap \" style=\"width: 125px;height:90px;\">\n\t\t\t\t\t\t\t\t\t\t\n\t\t\t\t\t\t\t\t\t\t<div class=\"yuzo-img\" style=\"background:url('https:\/\/agenciabrasil.ebc.com.br\/ebc.png?id=1666431&amp;o=node') 50% 50% no-repeat;width: 125px;height:90px;margin-bottom: 5px;background-size: cover; \"><\/div>\n\t\t\t\t\t\t\t\t\t  <\/div>\n\t\t\t\t\t\t\t\t\t  \n\t\t\t\t\t\t\t\t   <span class=\"yuzo__text--title\" style=\"font-size:13px;\">Munic\u00edpios brasileiros gastaram R$ 732 bilh\u00f5es com...<\/span>\n\t\t\t\t\t\t\t  \n\t\t\t\t\t\t\t  \n\t\t\t\t\t\t\t  <\/a>\n\n\t\t\t\t\t\t  <\/div>\n<\/div> <script>\n\t\t\t\t\t\t  jQuery(document).ready(function( $ ){\n\t\t\t\t\t\t\t\/\/jQuery('.yuzo_related_post').equalizer({ overflow : 'relatedthumb' });\n\t\t\t\t\t\t\tjQuery('.yuzo_related_post .yuzo_wraps').equalizer({ columns : '> div' });\n\t\t\t\t\t\t   })\n\t\t\t\t\t\t  <\/script> <!-- End Yuzo :) -->","protected":false},"excerpt":{"rendered":"<p>An\u00e1lise da revista brit\u00e2nica The Economist revela isolamento total da Coreia do Norte sob o pol\u00eamico ditador, com execu\u00e7\u00f5es por conte\u00fado estrangeiro e alian\u00e7as com R\u00fassia e China, em meio a crise humanit\u00e1ria agravada<\/p>\n<p>O post <a rel=\"nofollow\" href=\"https:\/\/urbsmagna.com\/coreia-do-norte-repressao-kim-jong-un-ameacas-nucleares-2025\/\">Repress\u00e3o pol\u00edtica de Kim Jong Un \u2013 Entenda o que \u00e9 ditadura e compare com narrativas falsas no Brasil<\/a> apareceu primeiro em <a rel=\"nofollow\" href=\"https:\/\/urbsmagna.com\/\"><\/a>.<\/p>\n","protected":false},"author":2,"featured_media":0,"comment_status":"open","ping_status":"closed","sticky":false,"template":"","format":"standard","meta":{"fifu_image_url":"","fifu_image_alt":"","footnotes":""},"categories":[22226,22227,39,22225,1236,4129,307,22228,50,22229,3507,191,267,5471,4236],"tags":[],"class_list":["post-55188","post","type-post","status-publish","format-standard","hentry","category-aliancas-russia-china","category-ameacas-nucleares","category-asia","category-conflitos-globais","category-coreia-do-norte","category-crise-humanitaria","category-direitos-humanos","category-execucoes-estrangeiro","category-internacional","category-isolamento-total","category-kim-jong-un","category-noticias","category-onu","category-politica-nacional","category-repressao-politica"],"_links":{"self":[{"href":"https:\/\/redept.com.br\/blogosfera\/wp-json\/wp\/v2\/posts\/55188","targetHints":{"allow":["GET"]}}],"collection":[{"href":"https:\/\/redept.com.br\/blogosfera\/wp-json\/wp\/v2\/posts"}],"about":[{"href":"https:\/\/redept.com.br\/blogosfera\/wp-json\/wp\/v2\/types\/post"}],"author":[{"embeddable":true,"href":"https:\/\/redept.com.br\/blogosfera\/wp-json\/wp\/v2\/users\/2"}],"replies":[{"embeddable":true,"href":"https:\/\/redept.com.br\/blogosfera\/wp-json\/wp\/v2\/comments?post=55188"}],"version-history":[{"count":0,"href":"https:\/\/redept.com.br\/blogosfera\/wp-json\/wp\/v2\/posts\/55188\/revisions"}],"wp:attachment":[{"href":"https:\/\/redept.com.br\/blogosfera\/wp-json\/wp\/v2\/media?parent=55188"}],"wp:term":[{"taxonomy":"category","embeddable":true,"href":"https:\/\/redept.com.br\/blogosfera\/wp-json\/wp\/v2\/categories?post=55188"},{"taxonomy":"post_tag","embeddable":true,"href":"https:\/\/redept.com.br\/blogosfera\/wp-json\/wp\/v2\/tags?post=55188"}],"curies":[{"name":"wp","href":"https:\/\/api.w.org\/{rel}","templated":true}]}}