{"id":55210,"date":"2025-09-28T19:55:47","date_gmt":"2025-09-28T22:55:47","guid":{"rendered":"https:\/\/redept.com.br\/blogosfera\/apos-bomba-do-filho-de-popo-cachorro-louco-grava-video-e-fara-novos-exames-dor-de-cabeca\/"},"modified":"2025-09-28T19:55:47","modified_gmt":"2025-09-28T22:55:47","slug":"apos-bomba-do-filho-de-popo-cachorro-louco-grava-video-e-fara-novos-exames-dor-de-cabeca","status":"publish","type":"post","link":"https:\/\/redept.com.br\/blogosfera\/apos-bomba-do-filho-de-popo-cachorro-louco-grava-video-e-fara-novos-exames-dor-de-cabeca\/","title":{"rendered":"Ap\u00f3s \u2018bomba\u2019 do filho de Pop\u00f3, \u2018Cachorro Louco\u2019 grava v\u00eddeo e far\u00e1 novos exames: \u201cDor de cabe\u00e7a\u201d"},"content":{"rendered":"<p>Entenda o que aconteceu durante a briga generalizada ap\u00f3s a luta com o tetracampe\u00e3o mundial de boxe, no Spaten Fight Night, na noite do \u00faltimo s\u00e1bado, em S\u00e3o Paulo e a identifica\u00e7\u00e3o via imagens da Globo<\/p>\n<p>O post Ap\u00f3s \u2018bomba\u2019 do filho de Pop\u00f3, \u2018Cachorro Louco\u2019 grava v\u00eddeo e far\u00e1 novos exames: \u201cDor de cabe\u00e7a\u201d apareceu primeiro em .<\/p>\n<!-- Begin Yuzo --><div class='yuzo_related_post style-1'  data-version='5.12.89'><!-- without result --><div class='yuzo_clearfixed yuzo__title yuzo__title'><h3>Related Post<\/h3><\/div>\n\t\t\t\t\t\t  <div class=\"relatedthumb \" style=\"width:125px;float:left;overflow:hidden;\">  \n\t\t\t\t\t\t\t  \n\t\t\t\t\t\t\t  <a  href=\"https:\/\/redept.com.br\/blogosfera\/une-defende-reformulacao-do-arcabouco-fiscal-educacao-nao-pode-ser-alvo-de-ajuste\/\"  >\n\t\t\t\t\t\t\t\t\t  <div class=\"yuzo-img-wrap \" style=\"width: 125px;height:90px;\">\n\t\t\t\t\t\t\t\t\t\t\n\t\t\t\t\t\t\t\t\t\t<div class=\"yuzo-img\" style=\"background:url('https:\/\/redept.com.br\/blogosfera\/wp-content\/uploads\/2025\/07\/Captura-de-Tela-2025-07-10-as-153229-2048x1368-1-150x150.png') 50% 50% no-repeat;width: 125px;height:90px;margin-bottom: 5px;background-size: cover; \"><\/div>\n\t\t\t\t\t\t\t\t\t  <\/div>\n\t\t\t\t\t\t\t\t\t  \n\t\t\t\t\t\t\t\t   <span class=\"yuzo__text--title\" style=\"font-size:13px;\">UNE defende reformula\u00e7\u00e3o do arcabou\u00e7o fiscal: \u201cEdu...<\/span>\n\t\t\t\t\t\t\t  \n\t\t\t\t\t\t\t  \n\t\t\t\t\t\t\t  <\/a>\n\n\t\t\t\t\t\t  <\/div>\n\t\t\t\t\t\t  <div class=\"relatedthumb \" style=\"width:125px;float:left;overflow:hidden;\">  \n\t\t\t\t\t\t\t  \n\t\t\t\t\t\t\t  <a  href=\"https:\/\/redept.com.br\/blogosfera\/desabamento-de-lar-de-idosos-em-belo-horizonte-causa-seis-mortes\/\"  >\n\t\t\t\t\t\t\t\t\t  <div class=\"yuzo-img-wrap \" style=\"width: 125px;height:90px;\">\n\t\t\t\t\t\t\t\t\t\t\n\t\t\t\t\t\t\t\t\t\t<div class=\"yuzo-img\" style=\"background:url('https:\/\/redept.org\/blogosfera\/wp-content\/plugins\/yuzo-related-post\/assets\/images\/default.png') 50% 50% no-repeat;width: 125px;height:90px;margin-bottom: 5px;background-size: cover; \"><\/div>\n\t\t\t\t\t\t\t\t\t  <\/div>\n\t\t\t\t\t\t\t\t\t  \n\t\t\t\t\t\t\t\t   <span class=\"yuzo__text--title\" style=\"font-size:13px;\">Desabamento de lar de idosos em Belo Horizonte cau...<\/span>\n\t\t\t\t\t\t\t  \n\t\t\t\t\t\t\t  \n\t\t\t\t\t\t\t  <\/a>\n\n\t\t\t\t\t\t  <\/div>\n\t\t\t\t\t\t  <div class=\"relatedthumb \" style=\"width:125px;float:left;overflow:hidden;\">  \n\t\t\t\t\t\t\t  \n\t\t\t\t\t\t\t  <a  href=\"https:\/\/redept.com.br\/blogosfera\/cardeais-brasileiros-ganham-forca-no-conclave-que-elegera-novo-papa\/\"  >\n\t\t\t\t\t\t\t\t\t  <div class=\"yuzo-img-wrap \" style=\"width: 125px;height:90px;\">\n\t\t\t\t\t\t\t\t\t\t\n\t\t\t\t\t\t\t\t\t\t<div class=\"yuzo-img\" style=\"background:url('https:\/\/redept.com.br\/blogosfera\/wp-content\/uploads\/2025\/04\/cardeais-na-capela-sistina-foto-vatican-news-150x150.png') 50% 50% no-repeat;width: 125px;height:90px;margin-bottom: 5px;background-size: cover; \"><\/div>\n\t\t\t\t\t\t\t\t\t  <\/div>\n\t\t\t\t\t\t\t\t\t  \n\t\t\t\t\t\t\t\t   <span class=\"yuzo__text--title\" style=\"font-size:13px;\">Cardeais brasileiros ganham for\u00e7a no Conclave que ...<\/span>\n\t\t\t\t\t\t\t  \n\t\t\t\t\t\t\t  \n\t\t\t\t\t\t\t  <\/a>\n\n\t\t\t\t\t\t  <\/div>\n\t\t\t\t\t\t  <div class=\"relatedthumb \" style=\"width:125px;float:left;overflow:hidden;\">  \n\t\t\t\t\t\t\t  \n\t\t\t\t\t\t\t  <a  href=\"https:\/\/redept.com.br\/blogosfera\/hackers-invadem-redes-sociais-do-deputado-bohn-gass\/\"  >\n\t\t\t\t\t\t\t\t\t  <div class=\"yuzo-img-wrap \" style=\"width: 125px;height:90px;\">\n\t\t\t\t\t\t\t\t\t\t\n\t\t\t\t\t\t\t\t\t\t<div class=\"yuzo-img\" style=\"background:url('https:\/\/redept.org\/blogosfera\/wp-content\/plugins\/yuzo-related-post\/assets\/images\/default.png') 50% 50% no-repeat;width: 125px;height:90px;margin-bottom: 5px;background-size: cover; \"><\/div>\n\t\t\t\t\t\t\t\t\t  <\/div>\n\t\t\t\t\t\t\t\t\t  \n\t\t\t\t\t\t\t\t   <span class=\"yuzo__text--title\" style=\"font-size:13px;\">Hackers invadem redes sociais do deputado Bohn Gas...<\/span>\n\t\t\t\t\t\t\t  \n\t\t\t\t\t\t\t  \n\t\t\t\t\t\t\t  <\/a>\n\n\t\t\t\t\t\t  <\/div>\n<\/div> <script>\n\t\t\t\t\t\t  jQuery(document).ready(function( $ ){\n\t\t\t\t\t\t\t\/\/jQuery('.yuzo_related_post').equalizer({ overflow : 'relatedthumb' });\n\t\t\t\t\t\t\tjQuery('.yuzo_related_post .yuzo_wraps').equalizer({ columns : '> div' });\n\t\t\t\t\t\t   })\n\t\t\t\t\t\t  <\/script> <!-- End Yuzo :) -->","protected":false},"excerpt":{"rendered":"<p>Entenda o que aconteceu durante a briga generalizada ap\u00f3s a luta com o tetracampe\u00e3o mundial de boxe, no Spaten Fight Night, na noite do \u00faltimo s\u00e1bado, em S\u00e3o Paulo e a identifica\u00e7\u00e3o via imagens da Globo<\/p>\n<p>O post <a rel=\"nofollow\" href=\"https:\/\/urbsmagna.com\/wanderlei-silva-nocaute-briga-filho-popo-lesoes-graves-spaten-fight-night\/\">Ap\u00f3s \u2018bomba\u2019 do filho de Pop\u00f3, \u2018Cachorro Louco\u2019 grava v\u00eddeo e far\u00e1 novos exames: \u201cDor de cabe\u00e7a\u201d<\/a> apareceu primeiro em <a rel=\"nofollow\" href=\"https:\/\/urbsmagna.com\/\"><\/a>.<\/p>\n","protected":false},"author":2,"featured_media":0,"comment_status":"open","ping_status":"closed","sticky":false,"template":"","format":"standard","meta":{"fifu_image_url":"","fifu_image_alt":"","footnotes":""},"categories":[22252,22253,22254,1507,22255,22256,22257,22258,22259,22260,191,22261,5471,22262,22263,11,22264,11079,22265,22266],"tags":[],"class_list":["post-55210","post","type-post","status-publish","format-standard","hentry","category-boxe-profissional","category-briga-generalizada","category-confusao-ringue","category-esportes","category-fabricio-werdum","category-filho-de-popo","category-lesoes-atletas","category-mma-brasil","category-nariz-quebrado","category-nocaute-pos-luta","category-noticias","category-olho-estourado","category-politica-nacional","category-popo-freitas","category-rafael-freitas","category-redes-sociais","category-spaten-fight-night","category-video","category-vitor-belfort","category-wanderlei-silva"],"_links":{"self":[{"href":"https:\/\/redept.com.br\/blogosfera\/wp-json\/wp\/v2\/posts\/55210","targetHints":{"allow":["GET"]}}],"collection":[{"href":"https:\/\/redept.com.br\/blogosfera\/wp-json\/wp\/v2\/posts"}],"about":[{"href":"https:\/\/redept.com.br\/blogosfera\/wp-json\/wp\/v2\/types\/post"}],"author":[{"embeddable":true,"href":"https:\/\/redept.com.br\/blogosfera\/wp-json\/wp\/v2\/users\/2"}],"replies":[{"embeddable":true,"href":"https:\/\/redept.com.br\/blogosfera\/wp-json\/wp\/v2\/comments?post=55210"}],"version-history":[{"count":0,"href":"https:\/\/redept.com.br\/blogosfera\/wp-json\/wp\/v2\/posts\/55210\/revisions"}],"wp:attachment":[{"href":"https:\/\/redept.com.br\/blogosfera\/wp-json\/wp\/v2\/media?parent=55210"}],"wp:term":[{"taxonomy":"category","embeddable":true,"href":"https:\/\/redept.com.br\/blogosfera\/wp-json\/wp\/v2\/categories?post=55210"},{"taxonomy":"post_tag","embeddable":true,"href":"https:\/\/redept.com.br\/blogosfera\/wp-json\/wp\/v2\/tags?post=55210"}],"curies":[{"name":"wp","href":"https:\/\/api.w.org\/{rel}","templated":true}]}}