{"id":55271,"date":"2025-09-29T10:42:40","date_gmt":"2025-09-29T13:42:40","guid":{"rendered":"https:\/\/redept.com.br\/blogosfera\/conferencia-nacional-para-as-mulheres-comeca-nesta-segunda-29-veja-a-programacao\/"},"modified":"2025-09-29T10:42:40","modified_gmt":"2025-09-29T13:42:40","slug":"conferencia-nacional-para-as-mulheres-comeca-nesta-segunda-29-veja-a-programacao","status":"publish","type":"post","link":"https:\/\/redept.com.br\/blogosfera\/conferencia-nacional-para-as-mulheres-comeca-nesta-segunda-29-veja-a-programacao\/","title":{"rendered":"Confer\u00eancia Nacional para as Mulheres come\u00e7a nesta segunda (29); veja a programa\u00e7\u00e3o"},"content":{"rendered":"<p><img fetchpriority=\"high\" width=\"761\" height=\"425\"src=\"https:\/\/redept.com.br\/blogosfera\/wp-content\/uploads\/2025\/09\/Captura-de-Tela-2025-09-29-as-103726.png\" alt=\"\" decoding=\"async\" srcset=\"https:\/\/redept.com.br\/blogosfera\/wp-content\/uploads\/2025\/09\/Captura-de-Tela-2025-09-29-as-103726.png 761w, https:\/\/vermelho.org.br\/wp-content\/uploads\/2025\/09\/Captura-de-Tela-2025-09-29-as-10.37.26-300x168.png 300w, https:\/\/vermelho.org.br\/wp-content\/uploads\/2025\/09\/Captura-de-Tela-2025-09-29-as-10.37.26-219x121.png 219w\" sizes=\"(max-width: 761px) 100vw, 761px\"><\/p>\n<p>Com o tema \u201cMais Democracia, Mais Igualdade, Mais Conquistas para Todas\u201d, tem in\u00edcio nesta segunda-feira (29), em Bras\u00edlia, a 5\u00aa Confer\u00eancia Nacional de Pol\u00edticas para as Mulheres (5\u00aa CNPM). O evento acontece at\u00e9 a pr\u00f3xima quarta (1\u00ba) e tem a expectativa de reunir cerca de quatro mil mulheres. A abertura contar\u00e1 com o presidente Luiz In\u00e1cio Lula da Silva.<\/p>\n<p>A confer\u00eancia \u00e9 a primeira a ocorrer em dez anos, o que reflete o contexto adverso em que o Brasil foi mergulhado desde o golpe contra a presidenta Dilma Rousseff, passando pelos anos de pandemia e da extrema direita no poder, que despreza as lutas envolvendo a igualdade, em especial, as de g\u00eanero e ra\u00e7a. Na sexta-feira (26), o pr\u00e9dio do Congresso Nacional foi iluminado com proje\u00e7\u00e3o da confer\u00eanca, como forma de chamar aten\u00e7\u00e3o para a import\u00e2ncia do evento. <\/p>\n<p>\u201cSomos mais de 110 milh\u00f5es de mulheres no Brasil, e queremos protagonismo, liberdade, respeito e dignidade. Queremos estar livres de qualquer forma de viol\u00eancia. A 5\u00aa Confer\u00eancia Nacional de Pol\u00edticas para as Mulheres \u00e9 o espa\u00e7o para reafirmar essa luta\u201d, salienta a ministra das Mulheres, M\u00e1rcia Lopes.<\/p>\n<p>Em pauta durante a confer\u00eancia estar\u00e3o temas urgentes como o combate a todas as viol\u00eancias contra as mulheres; a igualdade salarial e de oportunidades no mercado de trabalho e as pol\u00edticas de cuidados para filhos e familiares.<\/p>\n<p>Tamb\u00e9m ser\u00e3o abordados aspectos fundamentais para a igualdade entre homens e mulheres e a autonomia feminina, como o apoio governamental para atividades econ\u00f4micas e empreendedorismo; o atendimento p\u00fablico \u00e0 sa\u00fade da mulher; a necessidade de aumentar o n\u00famero de creches, bem como o acesso \u00e0 educa\u00e7\u00e3o de qualidade e a garantia de participa\u00e7\u00e3o pol\u00edtica sem barreiras de g\u00eanero, entre outros.<\/p>\n<p>O n\u00famero de participantes \u2014 que envolve delegadas, convidadas, observadoras, representantes da sociedade civil e expositores da feira de economia solid\u00e1ria \u2014 reflete o processo de mobiliza\u00e7\u00e3o que envolveu etapas municipais e estaduais, bem como confer\u00eancias livres tem\u00e1ticas e reuniu mulheres representantes dos poderes p\u00fablicos, dos movimentos sociais e populares, das universidades, entre outros segmentos organizados.<\/p>\n<p>A plen\u00e1ria nacional trar\u00e1 o ac\u00famulo resultante dos debates ocorridos nas etapas anteriores e definir\u00e1 as prioridades para a a\u00e7\u00e3o p\u00fablica, al\u00e9m de propor iniciativas pol\u00edticas, tanto para o governo federal, quanto para as demais esferas de poder. Algumas dessas propostas podem virar lei, outras podem ser adotadas como programas e projetos.<\/p>\n<p>Na sexta-feira (26), o pr\u00e9dio do Congresso Nacional foi iluminado com<\/p>\n<p><strong>Confira abaixo a programa\u00e7\u00e3o<\/strong><\/p>\n<h3>Dia 29 de setembro de 2025<\/h3>\n<figure>\n<table>\n<tbody>\n<tr>\n<td>8h \u2013 12h<\/td>\n<td><strong>ACOLHIDA E CREDENCIAMENTO<\/strong><\/td>\n<\/tr>\n<tr>\n<td>9h30 \u2013 10h<\/td>\n<td><strong>INTEGRA\u00c7\u00c3O CULTURAL DAS PARTICIPANTES<\/strong> Local: Audit\u00f3rio Maria da Penha<\/td>\n<\/tr>\n<tr>\n<td>10h \u2013 12h30<\/td>\n<td><strong>CERIM\u00d4NIA DE ABERTURA<\/strong> Local: Audit\u00f3rio Maria da Penha \u2013 <br \/>Presidente Luiz In\u00e1cio Lula da Silva; M\u00e1rcia Lopes \u2013 Ministra das Mulheres; Representante Marcha das Mulheres Negras; Representante Marcha das Margaridas; Representante Marcha das Mulheres Ind\u00edgenas; Representante Marcha da Visibilidade Trans; Representante da Caminhada Lesbi SP; Representante do Conselho Nacional de Direitos da Mulher (CNDM)E demais autoridades presentes<\/td>\n<\/tr>\n<tr>\n<td>12h30 \u2013 14h<\/td>\n<td><strong>ALMO\u00c7O<\/strong><\/td>\n<\/tr>\n<tr>\n<td>14h \u2013 16h<\/td>\n<td><strong>Painel: POL\u00cdTICAS P\u00daBLICAS E A\u00c7\u00d5ES PARA AS MULHERES DO BRASIL<\/strong><br \/>M\u00e1rcia Lopes \u2013 Ministra das Mulheres<br \/>Gleisi Hoffmann \u2013 Ministra das Rela\u00e7\u00f5es Institucionais<br \/>Sonia Guajajara \u2013 Ministra dos Povos Ind\u00edgenas<br \/>Marina Silva \u2013 Ministra do Meio Ambiente e Mudan\u00e7a do Clima<br \/>Anielle Franco \u2013 Ministra da Igualdade Racial\u00a0<br \/>Esther Dweck \u2013 Ministra da Gest\u00e3o e da Inova\u00e7\u00e3o em Servi\u00e7os P\u00fablicos\u00a0<br \/>Simone Tebet \u2013 Ministra do Planejamento e Or\u00e7amento<br \/>Margareth Menezes \u2013 Ministra da Cultura\u00a0<br \/>Maca\u00e9 Evaristo \u2013 Ministra dos Direitos Humanos e da Cidadania<br \/>Luciana Santos \u2013 Ministra da Ci\u00eancia, Tecnologia e Inova\u00e7\u00e3o<\/td>\n<\/tr>\n<tr>\n<td>16h \u2013 17h<\/td>\n<td><strong>APROVA\u00c7\u00c3O DO REGULAMENTO<\/strong><\/td>\n<\/tr>\n<tr>\n<td>18h \u2013 20H<\/td>\n<td><strong>JANTAR <\/strong><strong>APRESENTA\u00c7\u00d5ES MUSICAIS<\/strong><\/td>\n<\/tr>\n<\/tbody>\n<\/table>\n<\/figure>\n<h3>Dia 30 de setembro de 2025<\/h3>\n<figure>\n<table>\n<tbody>\n<tr>\n<td>8h30 \u2013 11h30\u00a0<\/td>\n<td><strong>PAIN\u00c9IS TEM\u00c1TICOS E SIMULT\u00c2NEOS<\/strong><em>(Participa\u00e7\u00e3o definida de acordo com a capacidade das salas)<\/em><br \/><strong>Painel 1: Entre a Lei e a Vida: O Judici\u00e1rio e a Seguran\u00e7a P\u00fablica no Enfrentamento \u00e0 Viol\u00eancia contra as Mulheres<\/strong><br \/>Local: Sala 1 \u2013 piso t\u00e9rreo (1000 lugares)<br \/><em>Painelistas<\/em><br \/>Mara Clara D\u00e1vila Almeida Livia Sant\u2019Anna Deputada Federal Adriana Arcorsi <br \/>Deputada Federal Jandira Fegalli<br \/><em>Coordena\u00e7\u00e3o:\u00a0Secret\u00e1ria Estela Bezerra (MMulheres) e\u00a0Andremara dos Santos (CNDM)<\/em><\/p>\n<p><strong>Painel 2: Trabalho, Renda, Poder e Cuidado: Caminhos para a Autonomia Econ\u00f4mica das Mulheres<\/strong><br \/>Local: Sala 16 \u2013 piso 4 (320 lugares)<em>Painelistas:<\/em><br \/>Marilane Teixeira; Maria Bet\u00e2nia \u00c1vila; Luanna Thomaz; Thamires Ribeiro; Fernanda Machiaveli; Lais Abramo. <em>Coordena\u00e7\u00e3o:\u00a0Rosane Silva (MMulheres) e\u00a0S\u00f4nia Maria Zerino da Silva (CNDM)<\/em><\/p>\n<p><strong>Painel 3: Justi\u00e7a de G\u00eanero e Justi\u00e7a \u00c9tnico-racial: Caminhos Convergentes<\/strong><br \/>Local: Sala 9 \u2013 piso 4 (210 lugares)<em>Painelistas<\/em><br \/>Carla Akotirene; Lucia Xavier; Lucineia Miranda de Freitas; Gilberta Santos. <em>Coordena\u00e7\u00e3o:\u00a0Terl\u00facia Maria Silva (MMulheres) e\u00a0Brenda Natacha de Alencar F\u00e9lix (CNDM)<\/em><\/p>\n<p><strong>Painel 4: Dimens\u00e3o de G\u00eanero e Ra\u00e7a nos Impactos das Mudan\u00e7as Clim\u00e1ticas<\/strong><br \/>Local: Sala 8 \u2013 piso 4 (210 lugares)<br \/><em>Painelistas<\/em><br \/>Vania Marques; Andrea Butto Zarzar; Mariana Belmont. <em>Coordena\u00e7\u00e3o:\u00a0Giovana Cruz (MMulheres) e\u00a0Laudijane Domingos da Silva (CNDM)<\/em><\/p>\n<p><strong>Painel 5: Viol\u00eancia Pol\u00edtica de G\u00eanero: Desafios nas Redes e na Democracia<\/strong><br \/>Sala 15 \u2013 piso 4 (210 lugares)<em>Painelistas<\/em><br \/>Maria Tereza Capra; Benny Brioli; Manuela D\u00e1vila. <em>Coordena\u00e7\u00e3o:\u00a0Janara Kalline Leal (MMulheres) e\u00a0Cec\u00edlia Bizerra Souza (CNDM)<\/em><\/p>\n<p><strong>Painel 6: Corpos e Lutas Criminalizadas: Desafios para as Pol\u00edticas P\u00fablicas e a Democracia<\/strong><br \/>Local: Sala 5 \u2013 piso 4 (560 lugares)<br \/><em>Painelistas<\/em>: Deputada Federal Erika Hilton; Livia Nascimento; Guacira Oliveira; <em>Coordena\u00e7\u00e3o:\u00a0Bruna Gurgel (MMulheres) e\u00a0Symmy Larat (CNDM)<\/em><\/p>\n<p><strong>Painel 7: O desafio de implementa\u00e7\u00e3o de pol\u00edticas p\u00fablicas para as mulheres na rela\u00e7\u00e3o interfederativa<\/strong><br \/>Local: Sala 10 \u2013 piso 4 (320 lugares)<br \/><em>Painelistas<\/em>: Ministra M\u00e1rcia Lopes; Governadora Fatima Bezerra; Prefeita Margarida Salom\u00e3o. <em>Coordena\u00e7\u00e3o:\u00a0Marcia Lucena (MMulheres) e\u00a0Ivania Pereira da Silva Teles (CNDM)<\/em><\/p>\n<p><strong>Painel 8: Mulheres que Envelhecem: Direitos, Desafios e Pol\u00edticas para uma Vida Digna<\/strong><br \/>Sala 3 \u2013 piso t\u00e9rreo (150 lugares)<br \/><em>Painelistas<\/em>: Heliana Hemet\u00e9rio; Maria do Carmo Guido; Cosete Castro; Maria do Socorro <em>Coordena\u00e7\u00e3o:\u00a0Elen Cristina Geraldes (MMulheres) e\u00a0Jovanna Baby (CNDM)<\/em><\/p>\n<p><strong>Painel 9: Democracia e Soberania na perspectiva da emancipa\u00e7\u00e3o das mulheres<\/strong><br \/>Local: Sala 12 \u2013 piso 4 (160 lugares)<br \/><em>Painelistas<\/em>: Tatau Godinho; Ayala Ferreira; Flavia Biroli. <em>Coordena\u00e7\u00e3o: Eut\u00e1lia Barbosa (MMulheres) e\u00a0Val\u00e9ria Cristina Vilhena (CNDM)<\/em><\/p>\n<p><strong>Painel 10: A pol\u00edtica de Assist\u00eancia Social e a garantia dos direitos para as mulheres<\/strong><br \/>Local: Sala 13 \u2013 piso 4 (160 lugares)<br \/><em>Painelistas<\/em>: Maria Luiza Rizzotti; Rosilene Rocha; Ana Caroline Trindade dos Santos. <em>Coordena\u00e7\u00e3o:\u00a0Kenia Figueredo (MMulheres) e\u00a0Adriana Rosa dos Santos (CNDM)<\/em><\/p>\n<p><strong>Painel 11: A pol\u00edtica de Sa\u00fade e a garantia de direitos para as mulheres<\/strong><br \/>Local: Sala 4 \u2013 pisos t\u00e9rreo (560 lugares)<br \/><em>Painelistas<\/em><br \/>Marcelo Kimate; Eliane Cruz; Nathalia Duarte. <em>Coordena\u00e7\u00e3o:\u00a0Sandra Kennedy (MMulheres) e\u00a0Camila Mafioletti Daltoe (CNDM)<\/em><\/p>\n<p><strong>Painel 12: A pol\u00edtica de Educa\u00e7\u00e3o e a garantia de direitos para as mulheres<\/strong><br \/>Local: Sala 2 \u2013 piso t\u00e9rreo (150 lugares)Zara FigueiredoJoedna Lobato Do Amaral HubnerMarisa de Santana da CostaAna Val\u00e9ria da Silva Dantas\u00a0<em>Coordena\u00e7\u00e3o:\u00a0Lygia Lumina Pupatto (MMulheres) e\u00a0Sandra Laules (CNDM)<\/em><\/td>\n<\/tr>\n<tr>\n<td>11h30 \u2013 13h<\/td>\n<td><strong>ALMO\u00c7O<\/strong><\/td>\n<\/tr>\n<tr>\n<td>13h \u2013 17h<\/td>\n<td><strong>ESPA\u00c7OS DE DI\u00c1LOGOS<\/strong><\/p>\n<p>Debate em grupos simult\u00e2neos sobre propostas elaboradas no processo conferencial. Ser\u00e3o\u00a015 grupos no total: <strong>escolha do tema no ato do credenciamento<\/strong>, conforme prefer\u00eancia e capacidade das salas.<strong>Tema 1 \u2013 Trabalho, Emprego e Autonomia Econ\u00f4mica das Mulheres<\/strong><br \/>Local: Piso T\u00e9rreo \u2013 Sala 4B<strong>Tema 2 \u2013 Pol\u00edticas do Cuidado e a Autonomia das Mulheres<\/strong><br \/>Local: Piso 4 \u2013 Sala 15A<strong>Tema 3 \u2013 Mulheres, Empreendedorismo e Economia Solid\u00e1ria<\/strong><br \/>Local: Piso T\u00e9rreo \u2013 Sala 2<strong>Tema 4 \u2013 Educa\u00e7\u00e3o para Igualdade e Cidadania<\/strong><br \/>Local: Piso 4 \u2013 Sala 11<strong>Tema 5 -Sa\u00fade Integral das Mulheres, Direitos Sexuais e Direitos Reprodutivos<\/strong><br \/>Local: Piso 4 \u2013 Sala 6<strong>Tema 5 -Sa\u00fade Integral das Mulheres, Direitos Sexuais e Direitos Reprodutivos<\/strong><br \/>Local: Piso 4 \u2013 Sala 8<strong>Tema 6 \u2013 Viol\u00eancia Contra as Mulheres<\/strong><br \/>Local: Piso T\u00e9rreo \u2013 Sala 1<strong>Tema 6 \u2013 Viol\u00eancia Contra as Mulheres<\/strong><br \/>Local: Piso T\u00e9rreo \u2013 Sala 5A<strong>Tema 7 \u2013 Viol\u00eancia Pol\u00edtica e das Redes contra as Mulheres<\/strong><br \/>Local: Piso T\u00e9rreo \u2013 Sala 3<strong>Tema 7 \u2013 Viol\u00eancia Pol\u00edtica e das Redes contra as Mulheres<\/strong><br \/>Local: Piso T\u00e9rreo \u2013 Sala 4A<strong>Tema 8 \u2013 Participa\u00e7\u00e3o das Mulheres nos Espa\u00e7os de Poder e Decis\u00e3o<\/strong><br \/>Local: Piso 4 \u2013 Sala 7<strong>Tema 9 \u2013 Desenvolvimento Sustent\u00e1vel com Igualdade Econ\u00f4mica e Social<\/strong><br \/>Local: Piso 4 \u2013 Sala 9<strong>Tema 9 \u2013 Desenvolvimento Sustent\u00e1vel com Igualdade Econ\u00f4mica e Social<\/strong><br \/>Local: Piso 4 \u2013 Sala 10<strong>Tema 10 \u2013 Direito \u00e0 Terra com Igualdade para Mulheres do Campo e da Floresta<\/strong><br \/>Local: Piso 4 \u2013 Sala 12<strong>Tema 11 \u2013 Cultura, Esporte, Comunica\u00e7\u00e3o e M\u00eddia<\/strong><br \/>Local: Piso 4 \u2013 Sala 14<strong>Tema 12 \u2013 Enfrentamento do Racismo, Sexismo, Transfobia e Lesbofobia<\/strong><br \/>Local: Piso 4 \u2013 Sala 15B<strong>Tema 12 \u2013 Enfrentamento do Racismo, Sexismo, Transfobia e Lesbofobia<\/strong><br \/>Local: Piso 4 \u2013 Sala 16A<strong>Tema 13 \u2013 Igualdade para Mulheres Jovens, Idosas e com Defici\u00eancia<\/strong><br \/>Local: Piso 4 \u2013 Sala 16B<strong>Tema 14 \u2013\u00a0Outras Pol\u00edticas Publicas para as Mulheres<\/strong><br \/>Local: Piso 4 \u2013 Sala 13<strong>Tema 15 \u2013 Institucionaliza\u00e7\u00e3o dos Organismos para Mulheres<\/strong><br \/>Local: Piso T\u00e9rreo \u2013 Sala 5B<\/td>\n<\/tr>\n<tr>\n<td>17H \u2013 18H<\/td>\n<td><strong>VISITA\u00c7\u00c3O E ESPA\u00c7OS DE EXPOSI\u00c7\u00d5ES<\/strong><\/td>\n<\/tr>\n<tr>\n<td>18H \u2013 20H<\/td>\n<td><strong>JANTAR\/APRESENTA\u00c7\u00d5ES MUSICAIS<\/strong><\/td>\n<\/tr>\n<\/tbody>\n<\/table>\n<\/figure>\n<h3>Dia 1\u00ba de outubro de 2025<\/h3>\n<figure>\n<table>\n<tbody>\n<tr>\n<td>8h30 \u2013 9h30<\/td>\n<td><strong>PAINEL:\u00a0PROCESSO DE CONSTRU\u00c7\u00c3O DA 5\u00aa CNPM E PLATAFORMA DE POL\u00cdTICAS P\u00daBLICAS<\/strong><br \/><em>Local: Audit\u00f3rio Maria da Penha<\/em>Apresenta\u00e7\u00e3o do processo conferencial e da Plataforma das Mulheres<\/td>\n<\/tr>\n<tr>\n<td>9h30 \u2013 12h30<\/td>\n<td><strong>PLEN\u00c1RIA FINAL<\/strong><br \/><em>Local: Audit\u00f3rio Maria da Penha<\/em>Apresenta\u00e7\u00e3o das sistematiza\u00e7\u00f5es dos trabalhos em grupos nos espa\u00e7os de di\u00e1logos<\/td>\n<\/tr>\n<tr>\n<td>12h30 \u2013 14h<\/td>\n<td><strong>ALMO\u00c7O<\/strong><\/td>\n<\/tr>\n<tr>\n<td>14h \u2013 17h<\/td>\n<td><strong>PLEN\u00c1RIA FINAL<\/strong> (continua\u00e7\u00e3o)<em>Local: Audit\u00f3rio Maria da Penha<\/em><\/td>\n<\/tr>\n<tr>\n<td>17H \u2013 19h<\/td>\n<td><strong>JANTAR <\/strong><strong>APRESENTA\u00c7\u00d5ES MUSICAIS<\/strong><\/td>\n<\/tr>\n<tr>\n<td>19H \u2013 21H\u00a0<\/td>\n<td><strong>FESTIVAL DEMOCRACIA, IGUALDADE E SOBERANIA<\/strong><\/td>\n<\/tr>\n<\/tbody>\n<\/table>\n<\/figure>\n<h3>De 29 de setembro a 1\u00ba de outubro \u2013 O DIA TODO<\/h3>\n<ul>\n<li><strong>MOSTRA DE ECONOMIA SOLID\u00c1RIA E CRIATIVA:\u00a0<\/strong>Exposi\u00e7\u00e3o de produtos de mulheres de todo o Brasil\u00a0<\/li>\n<li><strong>LAN\u00c7AMENTO DE LIVROS:\u00a0<\/strong>Espa\u00e7o para lan\u00e7amentos de publica\u00e7\u00f5es autorais<\/li>\n<li><strong>EXPOSI\u00c7\u00c3O DE OBRAS E ARTISTAS PL\u00c1STICAS:\u00a0<\/strong>Espa\u00e7o de exposi\u00e7\u00e3o de obras art\u00edsticas<\/li>\n<li><strong>ALAMEDA<\/strong>\u00a0 \u201cMulheres na luta por democracia, igualdade e soberania\u201d<\/li>\n<li><strong>TENDA MULHERES E CLIMA:<\/strong> atividades\u00a0voltadas \u00e0 justi\u00e7a clim\u00e1tica e de g\u00eanero<\/li>\n<\/ul>\n<p><em>Com ag\u00eancias<\/em><\/p>\n<\/p>\n<p>O post <a href=\"https:\/\/vermelho.org.br\/2025\/09\/29\/conferencia-nacional-para-as-mulheres-comeca-nesta-segunda-29-veja-a-programacao\/\">Confer\u00eancia Nacional para as Mulheres come\u00e7a nesta segunda (29); veja a programa\u00e7\u00e3o<\/a> apareceu primeiro em <a href=\"https:\/\/vermelho.org.br\/\">Vermelho<\/a>.<\/p>\n<!-- Begin Yuzo --><div class='yuzo_related_post style-1'  data-version='5.12.89'><!-- without result --><div class='yuzo_clearfixed yuzo__title yuzo__title'><h3>Related Post<\/h3><\/div>\n\t\t\t\t\t\t  <div class=\"relatedthumb \" style=\"width:125px;float:left;overflow:hidden;\">  \n\t\t\t\t\t\t\t  \n\t\t\t\t\t\t\t  <a  href=\"https:\/\/redept.com.br\/blogosfera\/russia-e-ucrania-realizam-primeira-etapa-da-maior-troca-de-prisioneiros-da-guerra\/\"  >\n\t\t\t\t\t\t\t\t\t  <div class=\"yuzo-img-wrap \" style=\"width: 125px;height:90px;\">\n\t\t\t\t\t\t\t\t\t\t\n\t\t\t\t\t\t\t\t\t\t<div class=\"yuzo-img\" style=\"background:url('https:\/\/redept.org\/blogosfera\/wp-content\/plugins\/yuzo-related-post\/assets\/images\/default.png') 50% 50% no-repeat;width: 125px;height:90px;margin-bottom: 5px;background-size: cover; \"><\/div>\n\t\t\t\t\t\t\t\t\t  <\/div>\n\t\t\t\t\t\t\t\t\t  \n\t\t\t\t\t\t\t\t   <span class=\"yuzo__text--title\" style=\"font-size:13px;\">R\u00fassia e Ucr\u00e2nia realizam primeira etapa da maior ...<\/span>\n\t\t\t\t\t\t\t  \n\t\t\t\t\t\t\t  \n\t\t\t\t\t\t\t  <\/a>\n\n\t\t\t\t\t\t  <\/div>\n\t\t\t\t\t\t  <div class=\"relatedthumb \" style=\"width:125px;float:left;overflow:hidden;\">  \n\t\t\t\t\t\t\t  \n\t\t\t\t\t\t\t  <a  href=\"https:\/\/redept.com.br\/blogosfera\/morre-a-cantora-e-compositora-angela-ro-ro-aos-75-anos\/\"  >\n\t\t\t\t\t\t\t\t\t  <div class=\"yuzo-img-wrap \" style=\"width: 125px;height:90px;\">\n\t\t\t\t\t\t\t\t\t\t\n\t\t\t\t\t\t\t\t\t\t<div class=\"yuzo-img\" style=\"background:url('https:\/\/redept.org\/blogosfera\/wp-content\/plugins\/yuzo-related-post\/assets\/images\/default.png') 50% 50% no-repeat;width: 125px;height:90px;margin-bottom: 5px;background-size: cover; \"><\/div>\n\t\t\t\t\t\t\t\t\t  <\/div>\n\t\t\t\t\t\t\t\t\t  \n\t\t\t\t\t\t\t\t   <span class=\"yuzo__text--title\" style=\"font-size:13px;\">Morre a cantora e compositora Angela Ro Ro, aos 75...<\/span>\n\t\t\t\t\t\t\t  \n\t\t\t\t\t\t\t  \n\t\t\t\t\t\t\t  <\/a>\n\n\t\t\t\t\t\t  <\/div>\n\t\t\t\t\t\t  <div class=\"relatedthumb \" style=\"width:125px;float:left;overflow:hidden;\">  \n\t\t\t\t\t\t\t  \n\t\t\t\t\t\t\t  <a  href=\"https:\/\/sul21.com.br\/noticias\/saude\/2025\/08\/organizacao-contratada-pela-prefeitura-descumpre-obrigacoes-na-gestao-do-hospital-da-restinga\/\"  >\n\t\t\t\t\t\t\t\t\t  <div class=\"yuzo-img-wrap \" style=\"width: 125px;height:90px;\">\n\t\t\t\t\t\t\t\t\t\t\n\t\t\t\t\t\t\t\t\t\t<div class=\"yuzo-img\" style=\"background:url('https:\/\/redept.org\/blogosfera\/wp-content\/plugins\/yuzo-related-post\/assets\/images\/default.png') 50% 50% no-repeat;width: 125px;height:90px;margin-bottom: 5px;background-size: cover; \"><\/div>\n\t\t\t\t\t\t\t\t\t  <\/div>\n\t\t\t\t\t\t\t\t\t  \n\t\t\t\t\t\t\t\t   <span class=\"yuzo__text--title\" style=\"font-size:13px;\">Organiza\u00e7\u00e3o contratada pela Prefeitura descumpre o...<\/span>\n\t\t\t\t\t\t\t  \n\t\t\t\t\t\t\t  \n\t\t\t\t\t\t\t  <\/a>\n\n\t\t\t\t\t\t  <\/div>\n\t\t\t\t\t\t  <div class=\"relatedthumb \" style=\"width:125px;float:left;overflow:hidden;\">  \n\t\t\t\t\t\t\t  \n\t\t\t\t\t\t\t  <a  href=\"https:\/\/redept.com.br\/blogosfera\/espetaculo-de-danca-lumiar-inicia-circulacao-gratuita-e-ocupa-tres-territorios-do-recife\/\"  >\n\t\t\t\t\t\t\t\t\t  <div class=\"yuzo-img-wrap \" style=\"width: 125px;height:90px;\">\n\t\t\t\t\t\t\t\t\t\t\n\t\t\t\t\t\t\t\t\t\t<div class=\"yuzo-img\" style=\"background:url('https:\/\/redept.org\/blogosfera\/wp-content\/plugins\/yuzo-related-post\/assets\/images\/default.png') 50% 50% no-repeat;width: 125px;height:90px;margin-bottom: 5px;background-size: cover; \"><\/div>\n\t\t\t\t\t\t\t\t\t  <\/div>\n\t\t\t\t\t\t\t\t\t  \n\t\t\t\t\t\t\t\t   <span class=\"yuzo__text--title\" style=\"font-size:13px;\">Espet\u00e1culo de dan\u00e7a Lumiar inicia circula\u00e7\u00e3o gratu...<\/span>\n\t\t\t\t\t\t\t  \n\t\t\t\t\t\t\t  \n\t\t\t\t\t\t\t  <\/a>\n\n\t\t\t\t\t\t  <\/div>\n<\/div> <script>\n\t\t\t\t\t\t  jQuery(document).ready(function( $ ){\n\t\t\t\t\t\t\t\/\/jQuery('.yuzo_related_post').equalizer({ overflow : 'relatedthumb' });\n\t\t\t\t\t\t\tjQuery('.yuzo_related_post .yuzo_wraps').equalizer({ columns : '> div' });\n\t\t\t\t\t\t   })\n\t\t\t\t\t\t  <\/script> <!-- End Yuzo :) -->","protected":false},"excerpt":{"rendered":"<p>Com o tema \u201cMais Democracia, Mais Igualdade, Mais Conquistas para Todas\u201d, tem in\u00edcio nesta segunda-feira (29), em Bras\u00edlia, a 5\u00aa Confer\u00eancia Nacional de Pol\u00edticas para as Mulheres (5\u00aa CNPM). O evento acontece at\u00e9 a pr\u00f3xima quarta (1\u00ba) e tem a expectativa de reunir cerca de quatro mil mulheres. A abertura contar\u00e1 com o presidente Luiz [&hellip;]<\/p>\n","protected":false},"author":2,"featured_media":0,"comment_status":"open","ping_status":"closed","sticky":false,"template":"","format":"standard","meta":{"fifu_image_url":"","fifu_image_alt":"","footnotes":""},"categories":[1719,2859,278,82],"tags":[],"class_list":["post-55271","post","type-post","status-publish","format-standard","hentry","category-5a-conferencia-nacional-de-politicas-para-as-mulheres","category-feminismo","category-movimentos","category-mulheres"],"_links":{"self":[{"href":"https:\/\/redept.com.br\/blogosfera\/wp-json\/wp\/v2\/posts\/55271","targetHints":{"allow":["GET"]}}],"collection":[{"href":"https:\/\/redept.com.br\/blogosfera\/wp-json\/wp\/v2\/posts"}],"about":[{"href":"https:\/\/redept.com.br\/blogosfera\/wp-json\/wp\/v2\/types\/post"}],"author":[{"embeddable":true,"href":"https:\/\/redept.com.br\/blogosfera\/wp-json\/wp\/v2\/users\/2"}],"replies":[{"embeddable":true,"href":"https:\/\/redept.com.br\/blogosfera\/wp-json\/wp\/v2\/comments?post=55271"}],"version-history":[{"count":0,"href":"https:\/\/redept.com.br\/blogosfera\/wp-json\/wp\/v2\/posts\/55271\/revisions"}],"wp:attachment":[{"href":"https:\/\/redept.com.br\/blogosfera\/wp-json\/wp\/v2\/media?parent=55271"}],"wp:term":[{"taxonomy":"category","embeddable":true,"href":"https:\/\/redept.com.br\/blogosfera\/wp-json\/wp\/v2\/categories?post=55271"},{"taxonomy":"post_tag","embeddable":true,"href":"https:\/\/redept.com.br\/blogosfera\/wp-json\/wp\/v2\/tags?post=55271"}],"curies":[{"name":"wp","href":"https:\/\/api.w.org\/{rel}","templated":true}]}}