{"id":55278,"date":"2025-09-29T11:26:37","date_gmt":"2025-09-29T14:26:37","guid":{"rendered":"https:\/\/redept.com.br\/blogosfera\/abaixo-de-30-cantareira-vai-operar-com-restricao-a-partir-de-outubro\/"},"modified":"2025-09-29T11:26:37","modified_gmt":"2025-09-29T14:26:37","slug":"abaixo-de-30-cantareira-vai-operar-com-restricao-a-partir-de-outubro","status":"publish","type":"post","link":"https:\/\/redept.com.br\/blogosfera\/abaixo-de-30-cantareira-vai-operar-com-restricao-a-partir-de-outubro\/","title":{"rendered":"Abaixo de 30%, Cantareira vai operar com restri\u00e7\u00e3o a partir de outubro"},"content":{"rendered":"<p>Com o volume \u00fatil abaixo de 30% da capacidade total, o <strong>Sistema Cantareira<\/strong> vai operar na chamada Faixa de Restri\u00e7\u00e3o a partir do dia primeiro de outubro. A medida, que n\u00e3o era adotada desde janeiro de 2022, foi anunciada pela Ag\u00eancia Nacional de \u00c1guas e pela Ag\u00eancia de \u00c1guas do Estado de <strong>S\u00e3o Paulo<\/strong>. Saiba mais na <strong><a href=\"https:\/\/tvtnews.com.br\/\">TVT News<\/a><\/strong>.<\/p>\n<p>No m\u00eas de outubro, a <strong>Sabesp<\/strong>, companhia respons\u00e1vel pelo abastecimento de \u00e1gua no estado paulista, poder\u00e1 retirar at\u00e9 23 metros c\u00fabicos por segundo de \u00e1gua, em vez dos 27 metros c\u00fabicos por segundo, em vigor atualmente.<\/p>\n<p>O Sistema Cantareira \u00e9 respons\u00e1vel por abastecer 46%\u00a0da popula\u00e7\u00e3o da Grande S\u00e3o Paulo. Formado por cinco reservat\u00f3rios, o sistema faz a transposi\u00e7\u00e3o da Bacia do Rio Piracicaba para a Bacia do Alto Tiet\u00ea.<\/p>\n<p>O boletim di\u00e1rio da Ag\u00eancia Nacional de \u00c1guas registrou nesta sexta-feira o volume \u00fatil armazenado de 29,17% da capacidade total do Cantareira.<\/p>\n<p>O governo paulista j\u00e1 vinha adotando medidas como a redu\u00e7\u00e3o da press\u00e3o da \u00e1gua entre as sete da noite e as cinco da manh\u00e3, para preservar o n\u00edvel dos reservat\u00f3rios.<\/p>\n<p>A cidade de S\u00e3o Paulo teve o m\u00eas de agosto mais seco dos \u00faltimos cinco anos. O acumulado de chuvas foi de menos da metade do esperado. O per\u00edodo de seca, normalmente, vai at\u00e9 meados de setembro. Mas, neste ano, est\u00e1 durando um pouco mais e as chuvas est\u00e3o abaixo do esperado.<\/p>\n<p>Nesta semana, o governo de S\u00e3o Paulo tamb\u00e9m proibiu a concess\u00e3o de outorga de capta\u00e7\u00e3o de \u00e1guas nas bacias do estado para fins que n\u00e3o sejam emergenciais.<\/p>\n<p><em>Com <a href=\"https:\/\/agenciabrasil.ebc.com.br\/radioagencia-nacional\/meio-ambiente\/audio\/2025-09\/em-sp-sistema-cantareira-vai-operar-com-restricao-partir-de-outubro#:~:text=Com%20o%20volume%20%C3%BAtil%20abaixo,do%20Estado%20de%20S%C3%A3o%20Paulo.\" target=\"_blank\" rel=\"noreferrer noopener nofollow\">Ag\u00eancia Brasil<\/a><\/em><\/p>\n<\/p>\n<h2>Leia mais not\u00edcias na TVT News<\/h2>\n<ul>\n<li><a href=\"https:\/\/tvtnews.com.br\/corrida-mec-95-anos-lula-em-forma-brasil-soberano\/\">Na Corrida MEC 95 anos, Lula mostra que est\u00e1 em forma e o Brasil segue soberano<\/a><\/li>\n<li><a href=\"https:\/\/tvtnews.com.br\/5conferencia-nacional-de-politicas-para-as-mulheres\/\">5\u00aa Confer\u00eancia Nacional de Pol\u00edticas para as Mulheres come\u00e7a dia 29; confira programa\u00e7\u00e3o<\/a><\/li>\n<li><a href=\"https:\/\/tvtnews.com.br\/fachin-posse-presidencia-stf-segunda-moraes-vice\/\">Fachin toma posse na presid\u00eancia do STF nesta segunda-feira; Moraes ser\u00e1 o vice<\/a><\/li>\n<\/ul>\n<p>The post <a rel=\"nofollow\" href=\"https:\/\/tvtnews.com.br\/abaixo-30-cantareira-vai-operar-restricao-outubro\/\">Abaixo de 30%, Cantareira vai operar com restri\u00e7\u00e3o a partir de outubro<\/a> appeared first on <a rel=\"nofollow\" href=\"https:\/\/tvtnews.com.br\/\">TVT News<\/a>.<\/p>\n<!-- Begin Yuzo --><div class='yuzo_related_post style-1'  data-version='5.12.89'><!-- without result --><div class='yuzo_clearfixed yuzo__title yuzo__title'><h3>Related Post<\/h3><\/div>\n\t\t\t\t\t\t  <div class=\"relatedthumb \" style=\"width:125px;float:left;overflow:hidden;\">  \n\t\t\t\t\t\t\t  \n\t\t\t\t\t\t\t  <a  href=\"https:\/\/redept.com.br\/blogosfera\/israel-aprova-acordo-para-cessar-fogo-e-hamas-diz-que-guerra-acabou\/\"  >\n\t\t\t\t\t\t\t\t\t  <div class=\"yuzo-img-wrap \" style=\"width: 125px;height:90px;\">\n\t\t\t\t\t\t\t\t\t\t\n\t\t\t\t\t\t\t\t\t\t<div class=\"yuzo-img\" style=\"background:url('https:\/\/redept.com.br\/blogosfera\/wp-content\/uploads\/2025\/10\/dsc04774-640x400-1-150x150.jpeg') 50% 50% no-repeat;width: 125px;height:90px;margin-bottom: 5px;background-size: cover; \"><\/div>\n\t\t\t\t\t\t\t\t\t  <\/div>\n\t\t\t\t\t\t\t\t\t  \n\t\t\t\t\t\t\t\t   <span class=\"yuzo__text--title\" style=\"font-size:13px;\">Israel aprova acordo para cessar-fogo, e Hamas diz...<\/span>\n\t\t\t\t\t\t\t  \n\t\t\t\t\t\t\t  \n\t\t\t\t\t\t\t  <\/a>\n\n\t\t\t\t\t\t  <\/div>\n\t\t\t\t\t\t  <div class=\"relatedthumb \" style=\"width:125px;float:left;overflow:hidden;\">  \n\t\t\t\t\t\t\t  \n\t\t\t\t\t\t\t  <a  href=\"https:\/\/redept.com.br\/blogosfera\/trump-um-passo-em-falso-na-russia\/\"  >\n\t\t\t\t\t\t\t\t\t  <div class=\"yuzo-img-wrap \" style=\"width: 125px;height:90px;\">\n\t\t\t\t\t\t\t\t\t\t\n\t\t\t\t\t\t\t\t\t\t<div class=\"yuzo-img\" style=\"background:url('https:\/\/redept.com.br\/blogosfera\/wp-content\/uploads\/2025\/11\/Sem-titulo-150x150.png') 50% 50% no-repeat;width: 125px;height:90px;margin-bottom: 5px;background-size: cover; \"><\/div>\n\t\t\t\t\t\t\t\t\t  <\/div>\n\t\t\t\t\t\t\t\t\t  \n\t\t\t\t\t\t\t\t   <span class=\"yuzo__text--title\" style=\"font-size:13px;\">Trump: um passo em falso na R\u00fassia<\/span>\n\t\t\t\t\t\t\t  \n\t\t\t\t\t\t\t  \n\t\t\t\t\t\t\t  <\/a>\n\n\t\t\t\t\t\t  <\/div>\n\t\t\t\t\t\t  <div class=\"relatedthumb \" style=\"width:125px;float:left;overflow:hidden;\">  \n\t\t\t\t\t\t\t  \n\t\t\t\t\t\t\t  <a  href=\"https:\/\/www.pragmatismopolitico.com.br\/2025\/07\/bolsonarista-preso-por-18-ataques-a-onibus-em-sp-disse-que-queria-consertar-o-brasil.html\"  >\n\t\t\t\t\t\t\t\t\t  <div class=\"yuzo-img-wrap \" style=\"width: 125px;height:90px;\">\n\t\t\t\t\t\t\t\t\t\t\n\t\t\t\t\t\t\t\t\t\t<div class=\"yuzo-img\" style=\"background:url('https:\/\/www.pragmatismopolitico.com.br\/wp-content\/uploads\/2025\/07\/servidor-bus.jpg') 50% 50% no-repeat;width: 125px;height:90px;margin-bottom: 5px;background-size: cover; \"><\/div>\n\t\t\t\t\t\t\t\t\t  <\/div>\n\t\t\t\t\t\t\t\t\t  \n\t\t\t\t\t\t\t\t   <span class=\"yuzo__text--title\" style=\"font-size:13px;\">Bolsonarista preso por 18 ataques a \u00f4nibus em SP d...<\/span>\n\t\t\t\t\t\t\t  \n\t\t\t\t\t\t\t  \n\t\t\t\t\t\t\t  <\/a>\n\n\t\t\t\t\t\t  <\/div>\n\t\t\t\t\t\t  <div class=\"relatedthumb \" style=\"width:125px;float:left;overflow:hidden;\">  \n\t\t\t\t\t\t\t  \n\t\t\t\t\t\t\t  <a  href=\"https:\/\/redept.com.br\/blogosfera\/dois-acusados-de-matar-mae-bernadete-sao-condenados-em-juri-popular-em-salvador\/\"  >\n\t\t\t\t\t\t\t\t\t  <div class=\"yuzo-img-wrap \" style=\"width: 125px;height:90px;\">\n\t\t\t\t\t\t\t\t\t\t\n\t\t\t\t\t\t\t\t\t\t<div class=\"yuzo-img\" style=\"background:url('https:\/\/redept.org\/blogosfera\/wp-content\/plugins\/yuzo-related-post\/assets\/images\/default.png') 50% 50% no-repeat;width: 125px;height:90px;margin-bottom: 5px;background-size: cover; \"><\/div>\n\t\t\t\t\t\t\t\t\t  <\/div>\n\t\t\t\t\t\t\t\t\t  \n\t\t\t\t\t\t\t\t   <span class=\"yuzo__text--title\" style=\"font-size:13px;\">Dois acusados de matar M\u00e3e Bernadete s\u00e3o condenado...<\/span>\n\t\t\t\t\t\t\t  \n\t\t\t\t\t\t\t  \n\t\t\t\t\t\t\t  <\/a>\n\n\t\t\t\t\t\t  <\/div>\n<\/div> <script>\n\t\t\t\t\t\t  jQuery(document).ready(function( $ ){\n\t\t\t\t\t\t\t\/\/jQuery('.yuzo_related_post').equalizer({ overflow : 'relatedthumb' });\n\t\t\t\t\t\t\tjQuery('.yuzo_related_post .yuzo_wraps').equalizer({ columns : '> div' });\n\t\t\t\t\t\t   })\n\t\t\t\t\t\t  <\/script> <!-- End Yuzo :) -->","protected":false},"excerpt":{"rendered":"<p>Com o volume \u00fatil abaixo de 30% da capacidade total, o Sistema Cantareira vai operar na chamada Faixa de Restri\u00e7\u00e3o a partir do dia primeiro de outubro. A medida, que n\u00e3o era adotada desde janeiro de 2022, foi anunciada pela Ag\u00eancia Nacional de \u00c1guas e pela Ag\u00eancia de \u00c1guas do Estado de S\u00e3o Paulo. Saiba [&hellip;]<\/p>\n","protected":false},"author":2,"featured_media":0,"comment_status":"open","ping_status":"closed","sticky":false,"template":"","format":"standard","meta":{"fifu_image_url":"","fifu_image_alt":"","footnotes":""},"categories":[472,94,4040],"tags":[],"class_list":["post-55278","post","type-post","status-publish","format-standard","hentry","category-destaque-ahome","category-geral","category-grande-sao-paulo"],"_links":{"self":[{"href":"https:\/\/redept.com.br\/blogosfera\/wp-json\/wp\/v2\/posts\/55278","targetHints":{"allow":["GET"]}}],"collection":[{"href":"https:\/\/redept.com.br\/blogosfera\/wp-json\/wp\/v2\/posts"}],"about":[{"href":"https:\/\/redept.com.br\/blogosfera\/wp-json\/wp\/v2\/types\/post"}],"author":[{"embeddable":true,"href":"https:\/\/redept.com.br\/blogosfera\/wp-json\/wp\/v2\/users\/2"}],"replies":[{"embeddable":true,"href":"https:\/\/redept.com.br\/blogosfera\/wp-json\/wp\/v2\/comments?post=55278"}],"version-history":[{"count":0,"href":"https:\/\/redept.com.br\/blogosfera\/wp-json\/wp\/v2\/posts\/55278\/revisions"}],"wp:attachment":[{"href":"https:\/\/redept.com.br\/blogosfera\/wp-json\/wp\/v2\/media?parent=55278"}],"wp:term":[{"taxonomy":"category","embeddable":true,"href":"https:\/\/redept.com.br\/blogosfera\/wp-json\/wp\/v2\/categories?post=55278"},{"taxonomy":"post_tag","embeddable":true,"href":"https:\/\/redept.com.br\/blogosfera\/wp-json\/wp\/v2\/tags?post=55278"}],"curies":[{"name":"wp","href":"https:\/\/api.w.org\/{rel}","templated":true}]}}