{"id":55331,"date":"2025-09-29T15:27:43","date_gmt":"2025-09-29T18:27:43","guid":{"rendered":"https:\/\/redept.com.br\/blogosfera\/nao-ha-democracia-plena-sem-a-voz-das-mulheres-diz-lula-na-5a-conferencia\/"},"modified":"2025-09-29T15:27:43","modified_gmt":"2025-09-29T18:27:43","slug":"nao-ha-democracia-plena-sem-a-voz-das-mulheres-diz-lula-na-5a-conferencia","status":"publish","type":"post","link":"https:\/\/redept.com.br\/blogosfera\/nao-ha-democracia-plena-sem-a-voz-das-mulheres-diz-lula-na-5a-conferencia\/","title":{"rendered":"N\u00e3o h\u00e1 democracia plena sem a voz das mulheres, diz Lula na 5\u00aa Confer\u00eancia"},"content":{"rendered":"<p><img fetchpriority=\"high\" width=\"1024\" height=\"652\"src=\"https:\/\/redept.com.br\/blogosfera\/wp-content\/uploads\/2025\/09\/conf-mulheres.jpg\" alt=\"\" decoding=\"async\" srcset=\"https:\/\/vermelho.org.br\/wp-content\/uploads\/2025\/09\/conf-mulheres-1024x652.jpg 1024w, https:\/\/vermelho.org.br\/wp-content\/uploads\/2025\/09\/conf-mulheres-300x191.jpg 300w, https:\/\/vermelho.org.br\/wp-content\/uploads\/2025\/09\/conf-mulheres-768x489.jpg 768w, https:\/\/redept.com.br\/blogosfera\/wp-content\/uploads\/2025\/09\/conf-mulheres.jpg 1299w\" sizes=\"(max-width: 1024px) 100vw, 1024px\"><\/p>\n<p>O presidente Luiz In\u00e1cio Lula da Silva participou, nesta segunda-feira (29), em Bras\u00edlia, da abertura da 5\u00aa Confer\u00eancia Nacional de Pol\u00edticas para as Mulheres (CNPM). Em sua fala, Lula destacou o retorno do evento depois de dez anos de interrup\u00e7\u00e3o, ocorrida ap\u00f3s o golpe contra Dilma Rousseff e a ascens\u00e3o da extrema direita. \u201cN\u00e3o h\u00e1 democracia plena sem a voz de todas mulheres\u201d, afirmou.<\/p>\n<p>\u201cNada disso nasceu por gera\u00e7\u00e3o espont\u00e2nea ou concess\u00e3o do governo. Voc\u00eas nunca receberam nada de m\u00e3o beijada. Todas as conquistas foram resultado de muita luta ao longo da hist\u00f3ria e da vida de voc\u00eas: do direito ao voto at\u00e9 a constru\u00e7\u00e3o de espa\u00e7os de di\u00e1logo e articula\u00e7\u00e3o com o governo, a exemplo desta confer\u00eancia. Tudo isso existe porque voc\u00eas lutaram e foram capazes de construir\u201d, disse Lula.<\/p>\n<p>A fala fez refer\u00eancia \u00e0s conquistas obtidas em seu primeiro governo \u2014 entre as quais a cria\u00e7\u00e3o da Secretaria Especial de Pol\u00edticas para as Mulheres, em 2003 \u2014 e mais recentemente, a partir de 2023, a institui\u00e7\u00e3o do Minist\u00e9rio das Mulheres; a aprova\u00e7\u00e3o da Lei da Igualdade Salarial; os programas de combate ao feminic\u00eddio e a todas as formas de viol\u00eancia contra as mulheres; o retorno de pol\u00edticas de inclus\u00e3o social e iniciativas como o programa de dignidade menstrual.<\/p>\n<p>A abertura contou com as ministras mulheres do atual governo: M\u00e1rcia Lopes (Mulheres); Gleisi Hoffmann (Rela\u00e7\u00f5es Institucionais); Luciana Santos (Ci\u00eancia, Tecnologia e Inova\u00e7\u00e3o); Anielle Franco (Igualdade Racial); Esther Dweck (Gest\u00e3o e Inova\u00e7\u00e3o); Simone Tebet (Planejamento); Marina Silva (Meio Ambiente); Cultura (Margareth Menezes); S\u00f4nia Guajajara (Povos Ind\u00edgenas) e Maca\u00e9 Evaristo (Direitos Humanos), al\u00e9m da primeira-dama, Janja da Silva, governadoras, prefeitas, parlamentares e lideran\u00e7as sociais femininas.<\/p>\n<p><strong>Retomada p\u00f3s-retrocesso<\/strong><\/p>\n<p>Ao abordar o retorno da confer\u00eancia, Lula lembrou que a quinta edi\u00e7\u00e3o acontece ap\u00f3s o intervalo involunt\u00e1rio de uma d\u00e9cada. \u201cForam dez anos de retrocessos em tudo o que hav\u00edamos conquistado; dez anos de sucessivas tentativas de calar a voz das mulheres; de institucionalizar o sil\u00eancio que as mulheres enfrentam todos os dias em casa, no trabalho, em todos os ambientes em que lutam para serem ouvidas\u201d, salientou Lula.<\/p>\n<p>Lula afirmou, ainda, que \u201cn\u00e3o h\u00e1 democracia plena sem a voz de todas as mulheres: pretas, brancas, ind\u00edgenas, do campo e da cidade; trabalhadoras, dom\u00e9sticas, empres\u00e1rias, profissionais liberais que trabalham fora ou se dedicam a cuidar da fam\u00edlia. Mulheres que cumprem dupla ou \u00e0s vezes at\u00e9 tripla jornada de trabalho. As m\u00e3es solo, as av\u00f3s que cuidam de seus netos sozinhas; mulheres que se mobilizam e v\u00e3o \u00e0s ruas lutar n\u00e3o apenas por seus direitos, mas tamb\u00e9m em defesa da democracia e contra todas as formas de injusti\u00e7a\u201d.<\/p>\n<p><strong>Leia tamb\u00e9m:<\/strong> <a href=\"https:\/\/vermelho.org.br\/2025\/09\/29\/conferencia-nacional-para-as-mulheres-comeca-nesta-segunda-29-veja-a-programacao\/\">Confer\u00eancia Nacional para as Mulheres come\u00e7a nesta segunda (29); veja a programa\u00e7\u00e3o<\/a><\/p>\n<p>O presidente tamb\u00e9m recordou que o golpe contra Dilma Rousseff \u201cserviu n\u00e3o apenas para derrubar a primeira mulher a governar esse pa\u00eds, mas tamb\u00e9m uma tentativa de calar milh\u00f5es de vozes femininas porque o autoritarismo n\u00e3o apenas odeia, mas tamb\u00e9m teme as mulheres\u201d.<\/p>\n<p>De l\u00e1 para c\u00e1, ressaltou, \u201cestruturas de prote\u00e7\u00e3o foram desmontadas; discursos preconceituosos, violentos e carregados de \u00f3dio ecoaram do mais alto escal\u00e3o da Rep\u00fablica, fazendo das mulheres um de seus alvos preferidos\u201d.<\/p>\n<p>Ao falar dos esfor\u00e7os do governo para a supera\u00e7\u00e3o das desigualdades de g\u00eanero, ponderou que al\u00e9m das pol\u00edticas focadas nas mulheres, elas s\u00e3o tamb\u00e9m priorizadas em outras iniciativas. De acordo com os dados do governo, elas s\u00e3o 84% dos benefici\u00e1rios do Bolsa Fam\u00edlia; 63% da popula\u00e7\u00e3o atendida pelo Farm\u00e1cia Popular; 85% das linhas subsidiadas do Minha Casa, Minha Vida; 65% dos estudantes bolsistas do ProUni e 59% das matr\u00edculas na educa\u00e7\u00e3o superior.<\/p>\n<p>\u201cSomente com pluralidade e transversalidade seremos capazes de construir pol\u00edticas p\u00fablicas que respeitem e acolham todas as formas de viver e existir\u201d, acrescentou, salientando tamb\u00e9m a import\u00e2ncia da participa\u00e7\u00e3o dos estados e munic\u00edpios nesse tipo de pol\u00edtica.<\/p>\n<p>Lula tamb\u00e9m citou exemplos de brasileiras que abriram caminhos para as mulheres e fizeram o pa\u00eds avan\u00e7ar em v\u00e1rias \u00e1reas. Entre elas, Maria Felipa, Maria Quit\u00e9ria e Joana Ang\u00e9lica, fundamentais para a consolida\u00e7\u00e3o da independ\u00eancia do Brasil no 2 de Julho da Bahia; Chiquinha Gonzaga, que abriu espa\u00e7o para as mulheres na m\u00fasica ao se tornar a primeira regente feminina numa orquestra no Brasil e Maria Carolina de Jesus, que se tornou umas das principais vozes da literatura negra brasileira.<\/p>\n<p>Apontou, ainda, o papel de N\u00edsia Floresta, pioneira no ensino de meninas; Bertha Lutz, fundamental na conquista do voto feminino e na inclus\u00e3o das mulheres na ci\u00eancia e na pol\u00edtica; L\u00e9lia Gonzalez, ativista, fil\u00f3sofa e antrop\u00f3loga, refer\u00eancia nos debates de g\u00eanero, ra\u00e7a e classe; a jogadora Marta, refer\u00eancia mundial do futebol; Ana Maria Magalh\u00e3es, autora do livro \u201cUm Defeito de Cor\u201d, primeira mulher negra eleita para a ABL e Marta Suplicy, que inovou ao falar sobre sexualidade na TV.<\/p>\n<p>Fazendo uma alus\u00e3o \u00e0 primeira-dama, Janja da Silva: \u201cQuero terminar com uma frase que a Janja diz muito: o futuro da humanidade \u00e9 feminino. Portanto, se preparem, pois mais dia, menos dia, voc\u00eas v\u00e3o estar governando este planeta e eu espero que voc\u00eas governem muito mais com o cora\u00e7\u00e3o do que com a cabe\u00e7a, porque o cora\u00e7\u00e3o \u00e9 sempre mais sensato do que a raz\u00e3o\u201d. Ao concluir, entoou: \u201cMarielle vive entre n\u00f3s\u201d.<\/p>\n<p><strong>Novas medidas<\/strong><\/p>\n<figure><img decoding=\"async\" width=\"799\" height=\"260\"src=\"https:\/\/redept.com.br\/blogosfera\/wp-content\/uploads\/2025\/09\/conferencia-stuckert.jpg\" alt=\"\" srcset=\"https:\/\/redept.com.br\/blogosfera\/wp-content\/uploads\/2025\/09\/conferencia-stuckert.jpg 799w, https:\/\/vermelho.org.br\/wp-content\/uploads\/2025\/09\/conferencia-stuckert-300x98.jpg 300w, https:\/\/vermelho.org.br\/wp-content\/uploads\/2025\/09\/conferencia-stuckert-768x250.jpg 768w\" sizes=\"(max-width: 799px) 100vw, 799px\"><figcaption>Foto: Ricardo Stuckert<\/figcaption><\/figure>\n<p>Durante a abertura da 5\u00aa CNPM, o presidente Lula ainda assinou novas medidas voltadas \u00e0s mulheres. O primeiro foi o Projeto de Lei 386\/23, que altera a CLT, estendendo a licen\u00e7a maternidade, que passa a ser de at\u00e9 120 dias ap\u00f3s alta hospitalar do rec\u00e9m-nascido e de sua m\u00e3e.<\/p>\n<p>Outra iniciativa foi a proposta de altera\u00e7\u00e3o da Lei 8.213\/1991, que amplia o prazo de recebimento do sal\u00e1rio-maternidade, e a san\u00e7\u00e3o da Lei 853\/19, que institui a Semana Nacional de Conscientiza\u00e7\u00e3o sobre os Cuidados com as Gestantes e as M\u00e3es (com \u00eanfase nos primeiros mil dias, da gest\u00e3o at\u00e9 o segundo ano de vida do beb\u00ea).<\/p>\n<p><strong>Sonho coletivo<\/strong><\/p>\n<p>Na abertura do evento, a ministra das Mulheres, M\u00e1rcia Lopes, destacou: \u201cO Brasil voltou, as mulheres voltaram\u201d. Referindo-se \u00e0s presentes, disse: \u201cCada uma de voc\u00eas traz consigo a for\u00e7a da sua trajet\u00f3ria e a pot\u00eancia das lutas que nos unem\u201d.<\/p>\n<p>M\u00e1rcia tamb\u00e9m lembrou que \u201choje celebramos um momento hist\u00f3rico, um marco nas lutas do movimento organizado das mulheres. Tentaram nos calar, mas n\u00e3o conseguiram. Esta confer\u00eancia \u00e9 a realiza\u00e7\u00e3o de um sonho coletivo, que sonhamos e constru\u00edmos juntas, que ganhou vida gra\u00e7as \u00e0 mobiliza\u00e7\u00e3o que percorreu todo o Brasil\u201d.<\/p>\n<p>M\u00e1rcia tamb\u00e9m salientou que os debates realizados durante a confer\u00eancia t\u00eam o papel de apontar diretrizes para o Plano Nacional de Pol\u00edticas para as Mulheres, que servir\u00e1 como um guia para o governo federal, bem como para estados e munic\u00edpios.<\/p>\n<p><strong>5\u00aa Confer\u00eancia<\/strong><\/p>\n<p>A 5\u00aa Confer\u00eancia Nacional de Pol\u00edticas para as Mulheres se estende at\u00e9 a quinta-feira (1\u00ba), em Bras\u00edlia, e tem como tema \u201cMais Democracia, Mais Igualdade, Mais Conquistas para Todas\u201d.<\/p>\n<p>O evento \u00e9 organizado pelo Minist\u00e9rio das Mulheres e tem a expectativa de reunir cerca de quatro mil participantes, que se dividem em 1.191 representantes das Confer\u00eancias Livres; 2.336 das Confer\u00eancias Estaduais e Distrital; 240 do governo brasileiro e 64 conselheiras nacionais, al\u00e9m de painelistas, observadoras e convidadas.<\/p>\n<p>De acordo com a organiza\u00e7\u00e3o, as etapas preparat\u00f3rias, realizadas desde abril de 2025, mobilizaram mais de 156 mil brasileiras em confer\u00eancias municipais, estaduais, regionais, distrital e em encontros livres e tem\u00e1ticos nas 27 Unidades da Federa\u00e7\u00e3o.<\/p>\n<p>Nessa edi\u00e7\u00e3o, ser\u00e1 priorizada a discuss\u00e3o de temas como o enfrentamento \u00e0s desigualdades sociais, econ\u00f4micas e raciais; o fortalecimento da participa\u00e7\u00e3o pol\u00edtica das mulheres; o enfrentamento \u00e0 viol\u00eancia de g\u00eanero; pol\u00edticas de cuidado e autonomia econ\u00f4mica e articula\u00e7\u00e3o intersetorial entre governo e sociedade civil.<\/p>\n<p>O post <a href=\"https:\/\/vermelho.org.br\/2025\/09\/29\/nao-ha-democracia-plena-sem-a-voz-das-mulheres-diz-lula-na-5a-conferencia\/\">N\u00e3o h\u00e1 democracia plena sem a voz das mulheres, diz Lula na 5\u00aa Confer\u00eancia<\/a> apareceu primeiro em <a href=\"https:\/\/vermelho.org.br\/\">Vermelho<\/a>.<\/p>\n<!-- Begin Yuzo --><div class='yuzo_related_post style-1'  data-version='5.12.89'><!-- without result --><div class='yuzo_clearfixed yuzo__title yuzo__title'><h3>Related Post<\/h3><\/div>\n\t\t\t\t\t\t  <div class=\"relatedthumb \" style=\"width:125px;float:left;overflow:hidden;\">  \n\t\t\t\t\t\t\t  \n\t\t\t\t\t\t\t  <a  href=\"https:\/\/redept.com.br\/blogosfera\/prefeitura-de-natal-aumenta-a-passagem-do-transporte-para-490-em-meio-a-agressoes-a-populacao\/\"  >\n\t\t\t\t\t\t\t\t\t  <div class=\"yuzo-img-wrap \" style=\"width: 125px;height:90px;\">\n\t\t\t\t\t\t\t\t\t\t\n\t\t\t\t\t\t\t\t\t\t<div class=\"yuzo-img\" style=\"background:url('https:\/\/redept.org\/blogosfera\/wp-content\/plugins\/yuzo-related-post\/assets\/images\/default.png') 50% 50% no-repeat;width: 125px;height:90px;margin-bottom: 5px;background-size: cover; \"><\/div>\n\t\t\t\t\t\t\t\t\t  <\/div>\n\t\t\t\t\t\t\t\t\t  \n\t\t\t\t\t\t\t\t   <span class=\"yuzo__text--title\" style=\"font-size:13px;\">Prefeitura de Natal aumenta a passagem do transpor...<\/span>\n\t\t\t\t\t\t\t  \n\t\t\t\t\t\t\t  \n\t\t\t\t\t\t\t  <\/a>\n\n\t\t\t\t\t\t  <\/div>\n\t\t\t\t\t\t  <div class=\"relatedthumb \" style=\"width:125px;float:left;overflow:hidden;\">  \n\t\t\t\t\t\t\t  \n\t\t\t\t\t\t\t  <a  href=\"https:\/\/redept.com.br\/blogosfera\/governo-suspende-descontos-no-inss-e-promete-ressarcir-aposentados\/\"  >\n\t\t\t\t\t\t\t\t\t  <div class=\"yuzo-img-wrap \" style=\"width: 125px;height:90px;\">\n\t\t\t\t\t\t\t\t\t\t\n\t\t\t\t\t\t\t\t\t\t<div class=\"yuzo-img\" style=\"background:url('https:\/\/redept.com.br\/blogosfera\/wp-content\/uploads\/2025\/04\/image-18-1-150x150.png') 50% 50% no-repeat;width: 125px;height:90px;margin-bottom: 5px;background-size: cover; \"><\/div>\n\t\t\t\t\t\t\t\t\t  <\/div>\n\t\t\t\t\t\t\t\t\t  \n\t\t\t\t\t\t\t\t   <span class=\"yuzo__text--title\" style=\"font-size:13px;\">Governo suspende descontos no INSS e promete ressa...<\/span>\n\t\t\t\t\t\t\t  \n\t\t\t\t\t\t\t  \n\t\t\t\t\t\t\t  <\/a>\n\n\t\t\t\t\t\t  <\/div>\n\t\t\t\t\t\t  <div class=\"relatedthumb \" style=\"width:125px;float:left;overflow:hidden;\">  \n\t\t\t\t\t\t\t  \n\t\t\t\t\t\t\t  <a  href=\"https:\/\/redept.com.br\/blogosfera\/no-rio-cine-cidadania-exibe-classicos-do-sindicalismo-brasileiro-seguido-de-debate\/\"  >\n\t\t\t\t\t\t\t\t\t  <div class=\"yuzo-img-wrap \" style=\"width: 125px;height:90px;\">\n\t\t\t\t\t\t\t\t\t\t\n\t\t\t\t\t\t\t\t\t\t<div class=\"yuzo-img\" style=\"background:url('https:\/\/redept.org\/blogosfera\/wp-content\/plugins\/yuzo-related-post\/assets\/images\/default.png') 50% 50% no-repeat;width: 125px;height:90px;margin-bottom: 5px;background-size: cover; \"><\/div>\n\t\t\t\t\t\t\t\t\t  <\/div>\n\t\t\t\t\t\t\t\t\t  \n\t\t\t\t\t\t\t\t   <span class=\"yuzo__text--title\" style=\"font-size:13px;\">No Rio, Cine Cidadania exibe cl\u00e1ssicos do sindical...<\/span>\n\t\t\t\t\t\t\t  \n\t\t\t\t\t\t\t  \n\t\t\t\t\t\t\t  <\/a>\n\n\t\t\t\t\t\t  <\/div>\n\t\t\t\t\t\t  <div class=\"relatedthumb \" style=\"width:125px;float:left;overflow:hidden;\">  \n\t\t\t\t\t\t\t  \n\t\t\t\t\t\t\t  <a  href=\"https:\/\/redept.com.br\/blogosfera\/veja-bloquinhos-de-carnaval-em-2025-para-curtir-em-sao-paulo-rio-de-janeiro-e-salvador\/\"  >\n\t\t\t\t\t\t\t\t\t  <div class=\"yuzo-img-wrap \" style=\"width: 125px;height:90px;\">\n\t\t\t\t\t\t\t\t\t\t\n\t\t\t\t\t\t\t\t\t\t<div class=\"yuzo-img\" style=\"background:url('https:\/\/redept.com.br\/blogosfera\/wp-content\/uploads\/2025\/02\/carnaval-bloco-do-galo-da-madrugada-em-sp-150x150.png') 50% 50% no-repeat;width: 125px;height:90px;margin-bottom: 5px;background-size: cover; \"><\/div>\n\t\t\t\t\t\t\t\t\t  <\/div>\n\t\t\t\t\t\t\t\t\t  \n\t\t\t\t\t\t\t\t   <span class=\"yuzo__text--title\" style=\"font-size:13px;\">Veja bloquinhos de carnaval em 2025 para curtir em...<\/span>\n\t\t\t\t\t\t\t  \n\t\t\t\t\t\t\t  \n\t\t\t\t\t\t\t  <\/a>\n\n\t\t\t\t\t\t  <\/div>\n<\/div> <script>\n\t\t\t\t\t\t  jQuery(document).ready(function( $ ){\n\t\t\t\t\t\t\t\/\/jQuery('.yuzo_related_post').equalizer({ overflow : 'relatedthumb' });\n\t\t\t\t\t\t\tjQuery('.yuzo_related_post .yuzo_wraps').equalizer({ columns : '> div' });\n\t\t\t\t\t\t   })\n\t\t\t\t\t\t  <\/script> <!-- End Yuzo :) -->","protected":false},"excerpt":{"rendered":"<p>O presidente Luiz In\u00e1cio Lula da Silva participou, nesta segunda-feira (29), em Bras\u00edlia, da abertura da 5\u00aa Confer\u00eancia Nacional de Pol\u00edticas para as Mulheres (CNPM). Em sua fala, Lula destacou o retorno do evento depois de dez anos de interrup\u00e7\u00e3o, ocorrida ap\u00f3s o golpe contra Dilma Rousseff e a ascens\u00e3o da extrema direita. \u201cN\u00e3o h\u00e1 [&hellip;]<\/p>\n","protected":false},"author":2,"featured_media":0,"comment_status":"open","ping_status":"closed","sticky":false,"template":"","format":"standard","meta":{"fifu_image_url":"","fifu_image_alt":"","footnotes":""},"categories":[1719,132],"tags":[],"class_list":["post-55331","post","type-post","status-publish","format-standard","hentry","category-5a-conferencia-nacional-de-politicas-para-as-mulheres","category-politica"],"_links":{"self":[{"href":"https:\/\/redept.com.br\/blogosfera\/wp-json\/wp\/v2\/posts\/55331","targetHints":{"allow":["GET"]}}],"collection":[{"href":"https:\/\/redept.com.br\/blogosfera\/wp-json\/wp\/v2\/posts"}],"about":[{"href":"https:\/\/redept.com.br\/blogosfera\/wp-json\/wp\/v2\/types\/post"}],"author":[{"embeddable":true,"href":"https:\/\/redept.com.br\/blogosfera\/wp-json\/wp\/v2\/users\/2"}],"replies":[{"embeddable":true,"href":"https:\/\/redept.com.br\/blogosfera\/wp-json\/wp\/v2\/comments?post=55331"}],"version-history":[{"count":0,"href":"https:\/\/redept.com.br\/blogosfera\/wp-json\/wp\/v2\/posts\/55331\/revisions"}],"wp:attachment":[{"href":"https:\/\/redept.com.br\/blogosfera\/wp-json\/wp\/v2\/media?parent=55331"}],"wp:term":[{"taxonomy":"category","embeddable":true,"href":"https:\/\/redept.com.br\/blogosfera\/wp-json\/wp\/v2\/categories?post=55331"},{"taxonomy":"post_tag","embeddable":true,"href":"https:\/\/redept.com.br\/blogosfera\/wp-json\/wp\/v2\/tags?post=55331"}],"curies":[{"name":"wp","href":"https:\/\/api.w.org\/{rel}","templated":true}]}}