{"id":55377,"date":"2025-09-29T17:56:01","date_gmt":"2025-09-29T20:56:01","guid":{"rendered":"https:\/\/redept.com.br\/blogosfera\/mst-realiza-o-1o-plantio-de-feijao-para-ogum-no-centro-agroecologico-paulo-kageyama\/"},"modified":"2025-09-29T17:56:01","modified_gmt":"2025-09-29T20:56:01","slug":"mst-realiza-o-1o-plantio-de-feijao-para-ogum-no-centro-agroecologico-paulo-kageyama","status":"publish","type":"post","link":"https:\/\/redept.com.br\/blogosfera\/mst-realiza-o-1o-plantio-de-feijao-para-ogum-no-centro-agroecologico-paulo-kageyama\/","title":{"rendered":"MST realiza o 1\u00ba Plantio de Feij\u00e3o para Ogum no Centro Agroecol\u00f3gico Paulo Kageyama"},"content":{"rendered":"<figure><img fetchpriority=\"high\" fetchpriority=\"high\" decoding=\"async\" width=\"1024\" height=\"683\"src=\"https:\/\/redept.com.br\/blogosfera\/wp-content\/uploads\/2025\/09\/IMG_8931.jpg\" alt=\"\" srcset=\"https:\/\/mst.org.br\/wp-content\/uploads\/2025\/09\/IMG_8931-1024x683.jpg 1024w, https:\/\/mst.org.br\/wp-content\/uploads\/2025\/09\/IMG_8931-300x200.jpg 300w, https:\/\/mst.org.br\/wp-content\/uploads\/2025\/09\/IMG_8931-768x512.jpg 768w, https:\/\/mst.org.br\/wp-content\/uploads\/2025\/09\/IMG_8931-1536x1024.jpg 1536w, https:\/\/redept.com.br\/blogosfera\/wp-content\/uploads\/2025\/09\/IMG_8931.jpg 1920w\" sizes=\"(max-width: 1024px) 100vw, 1024px\"><figcaption><em>Foto: Marta Gomes<\/em><\/figcaption><\/figure>\n<p><em>Por Douglas Fortes e Lays Furtado<br \/>Da P\u00e1gina do MST<\/em><\/p>\n<p>O coletivo de Povos de Terreiro do Movimento dos Trabalhadores Rurais Sem Terra (MST) realizou, neste domingo (28), o plantio de 20 quilos de feij\u00e3o preto durante o 1\u00ba Plantio de Feij\u00e3o Agroecol\u00f3gico para Ogum no Centro Agroecol\u00f3gico Paulo Kageyama, em Jarinu (SP).<\/p>\n<p>A atividade realizada pela milit\u00e2ncia do Movimento em conjunto com as comunidades de terreiro de S\u00e3o Paulo, refor\u00e7a a import\u00e2ncia da natureza e da produ\u00e7\u00e3o de alimentos saud\u00e1veis. Uma das principais a\u00e7\u00f5es foi um mutir\u00e3o que deu in\u00edcio ao cultivo do feij\u00e3o preto, alimento s\u00edmbolo do orix\u00e1 Ogum, cultuado pelas religi\u00f5es de matriz africana.<\/p>\n<p>A expectativa \u00e9 colher 500 quilos de feij\u00e3o, com a colheita prevista para o in\u00edcio de 2026, onde os gr\u00e3os ser\u00e3o ofertados para a Feijoada para Ogum, uma atividade solid\u00e1ria prevista para acontecer no dia 25 de abril do pr\u00f3ximo ano, no Espa\u00e7o Cultural Elza Soares, em S\u00e3o Paulo. A produ\u00e7\u00e3o excedente da colheita tamb\u00e9m ser\u00e1 doada para as cozinhas solid\u00e1rias dos movimentos populares.<\/p>\n<figure><img decoding=\"async\" width=\"1024\" height=\"683\"src=\"https:\/\/redept.com.br\/blogosfera\/wp-content\/uploads\/2025\/09\/IMG_8710.jpg\" alt=\"\" srcset=\"https:\/\/mst.org.br\/wp-content\/uploads\/2025\/09\/IMG_8710-1024x683.jpg 1024w, https:\/\/mst.org.br\/wp-content\/uploads\/2025\/09\/IMG_8710-300x200.jpg 300w, https:\/\/mst.org.br\/wp-content\/uploads\/2025\/09\/IMG_8710-768x512.jpg 768w, https:\/\/mst.org.br\/wp-content\/uploads\/2025\/09\/IMG_8710-1536x1024.jpg 1536w, https:\/\/redept.com.br\/blogosfera\/wp-content\/uploads\/2025\/09\/IMG_8710.jpg 1920w\" sizes=\"(max-width: 1024px) 100vw, 1024px\"><figcaption><em>Foto: Douglas Fortes<\/em><\/figcaption><\/figure>\n<figure><img decoding=\"async\" width=\"1024\" height=\"683\"src=\"https:\/\/redept.com.br\/blogosfera\/wp-content\/uploads\/2025\/09\/IMG_8388.jpg\" alt=\"\" srcset=\"https:\/\/mst.org.br\/wp-content\/uploads\/2025\/09\/IMG_8388-1024x683.jpg 1024w, https:\/\/mst.org.br\/wp-content\/uploads\/2025\/09\/IMG_8388-300x200.jpg 300w, https:\/\/mst.org.br\/wp-content\/uploads\/2025\/09\/IMG_8388-768x512.jpg 768w, https:\/\/mst.org.br\/wp-content\/uploads\/2025\/09\/IMG_8388-1536x1024.jpg 1536w, https:\/\/redept.com.br\/blogosfera\/wp-content\/uploads\/2025\/09\/IMG_8388.jpg 1920w\" sizes=\"(max-width: 1024px) 100vw, 1024px\"><figcaption><em>Foto: Marta Gomes<\/em><\/figcaption><\/figure>\n<p>A Iyalorix\u00e1 Fabiana de Ox\u00f3ssi, militante do MST e lideran\u00e7a no Il\u00ea As\u00e9 Alaketu Od\u00e9 Arolegi, celebrou a atividade, afirmando que este plantio ser\u00e1 o primeiro de uma tradi\u00e7\u00e3o que tem caminhos para seguir adiante, promovendo ax\u00e9, uma energia vital coletiva compartilhada nas rela\u00e7\u00f5es sociais e com o meio ambiente. \u201cO orix\u00e1 \u00e9 o ar que a gente respira, \u00e9 a pr\u00f3pria natureza\u201d, destacou Iya.<\/p>\n<figure>\n<figure><img decoding=\"async\" width=\"1024\" height=\"683\" data-id=\"285696\"src=\"https:\/\/redept.com.br\/blogosfera\/wp-content\/uploads\/2025\/09\/IMG_8476.jpg\" alt=\"\" srcset=\"https:\/\/mst.org.br\/wp-content\/uploads\/2025\/09\/IMG_8476-1024x683.jpg 1024w, https:\/\/mst.org.br\/wp-content\/uploads\/2025\/09\/IMG_8476-300x200.jpg 300w, https:\/\/mst.org.br\/wp-content\/uploads\/2025\/09\/IMG_8476-768x512.jpg 768w, https:\/\/mst.org.br\/wp-content\/uploads\/2025\/09\/IMG_8476-1536x1024.jpg 1536w, https:\/\/redept.com.br\/blogosfera\/wp-content\/uploads\/2025\/09\/IMG_8476.jpg 1920w\" sizes=\"(max-width: 1024px) 100vw, 1024px\"><figcaption><em><strong>Foto: Marta Gomes<\/strong><\/em><\/figcaption><\/figure>\n<figure><img loading=\"lazy\" decoding=\"async\" width=\"1024\" height=\"683\" data-id=\"285697\"src=\"https:\/\/redept.com.br\/blogosfera\/wp-content\/uploads\/2025\/09\/IMG_8288.jpg\" alt=\"\" srcset=\"https:\/\/mst.org.br\/wp-content\/uploads\/2025\/09\/IMG_8288-1024x683.jpg 1024w, https:\/\/mst.org.br\/wp-content\/uploads\/2025\/09\/IMG_8288-300x200.jpg 300w, https:\/\/mst.org.br\/wp-content\/uploads\/2025\/09\/IMG_8288-768x512.jpg 768w, https:\/\/mst.org.br\/wp-content\/uploads\/2025\/09\/IMG_8288-1536x1024.jpg 1536w, https:\/\/redept.com.br\/blogosfera\/wp-content\/uploads\/2025\/09\/IMG_8288.jpg 1920w\" sizes=\"(max-width: 1024px) 100vw, 1024px\"><figcaption><em><strong>Foto: Marta Gomes<\/strong><\/em><\/figcaption><\/figure>\n<\/figure>\n<p>A atividade contou ainda com a presen\u00e7a de Jo\u00e3o Pedro Stedile, da dire\u00e7\u00e3o nacional do MST, que destacou a import\u00e2ncia de assentamentos e acampamentos constru\u00edrem parcerias com povos de terreiro, povos origin\u00e1rios e diferentes denomina\u00e7\u00f5es religiosas. \u201cNosso compromisso n\u00e3o \u00e9 apenas conquistar a terra do latif\u00fandio. \u00c9 produzir alimentos saud\u00e1veis e defender a natureza junto com todas as pessoas de f\u00e9 e de bem\u201d, afirmou a lideran\u00e7a, destacando que f\u00e9 e luta social podem caminhar juntas.<\/p>\n<p><em>*Editado por Solange Engelmann<\/em><\/p>\n<p>O post <a href=\"https:\/\/mst.org.br\/2025\/09\/29\/mst-realiza-o-1o-plantio-de-feijao-para-ogum-no-centro-agroecologico-paulo-kageyama\/\">MST realiza o 1\u00ba Plantio de Feij\u00e3o para Ogum no Centro Agroecol\u00f3gico Paulo Kageyama<\/a> apareceu primeiro em <a href=\"https:\/\/mst.org.br\/\">MST<\/a>.<\/p>\n<!-- Begin Yuzo --><div class='yuzo_related_post style-1'  data-version='5.12.89'><!-- without result --><div class='yuzo_clearfixed yuzo__title yuzo__title'><h3>Related Post<\/h3><\/div>\n\t\t\t\t\t\t  <div class=\"relatedthumb \" style=\"width:125px;float:left;overflow:hidden;\">  \n\t\t\t\t\t\t\t  \n\t\t\t\t\t\t\t  <a  href=\"https:\/\/redept.com.br\/blogosfera\/trofeu-audalio-dantas-celebra-jornalismo-corajoso-de-caco-barcellos-e-mino-carta\/\"  >\n\t\t\t\t\t\t\t\t\t  <div class=\"yuzo-img-wrap \" style=\"width: 125px;height:90px;\">\n\t\t\t\t\t\t\t\t\t\t\n\t\t\t\t\t\t\t\t\t\t<div class=\"yuzo-img\" style=\"background:url('https:\/\/redept.com.br\/blogosfera\/wp-content\/uploads\/2025\/06\/IMG_1006-copia-2048x1365-1-150x150.jpg') 50% 50% no-repeat;width: 125px;height:90px;margin-bottom: 5px;background-size: cover; \"><\/div>\n\t\t\t\t\t\t\t\t\t  <\/div>\n\t\t\t\t\t\t\t\t\t  \n\t\t\t\t\t\t\t\t   <span class=\"yuzo__text--title\" style=\"font-size:13px;\">Trof\u00e9u Aud\u00e1lio Dantas celebra jornalismo corajoso ...<\/span>\n\t\t\t\t\t\t\t  \n\t\t\t\t\t\t\t  \n\t\t\t\t\t\t\t  <\/a>\n\n\t\t\t\t\t\t  <\/div>\n\t\t\t\t\t\t  <div class=\"relatedthumb \" style=\"width:125px;float:left;overflow:hidden;\">  \n\t\t\t\t\t\t\t  \n\t\t\t\t\t\t\t  <a  href=\"https:\/\/redept.com.br\/blogosfera\/universidade-de-columbia-professora-envolvida-em-deportacao-de-aluno-pro-palestina-e-ex-espia-israelense\/\"  >\n\t\t\t\t\t\t\t\t\t  <div class=\"yuzo-img-wrap \" style=\"width: 125px;height:90px;\">\n\t\t\t\t\t\t\t\t\t\t\n\t\t\t\t\t\t\t\t\t\t<div class=\"yuzo-img\" style=\"background:url('https:\/\/redept.com.br\/blogosfera\/wp-content\/uploads\/2025\/03\/475298057_1152428999573682_287395463612829722_n_edited-150x150.jpg') 50% 50% no-repeat;width: 125px;height:90px;margin-bottom: 5px;background-size: cover; \"><\/div>\n\t\t\t\t\t\t\t\t\t  <\/div>\n\t\t\t\t\t\t\t\t\t  \n\t\t\t\t\t\t\t\t   <span class=\"yuzo__text--title\" style=\"font-size:13px;\">Universidade de Columbia: professora envolvida em ...<\/span>\n\t\t\t\t\t\t\t  \n\t\t\t\t\t\t\t  \n\t\t\t\t\t\t\t  <\/a>\n\n\t\t\t\t\t\t  <\/div>\n\t\t\t\t\t\t  <div class=\"relatedthumb \" style=\"width:125px;float:left;overflow:hidden;\">  \n\t\t\t\t\t\t\t  \n\t\t\t\t\t\t\t  <a  href=\"https:\/\/redept.com.br\/blogosfera\/piso-do-magisterio-em-minas-descumprimento-tem-nome-e-sobrenome\/\"  >\n\t\t\t\t\t\t\t\t\t  <div class=\"yuzo-img-wrap \" style=\"width: 125px;height:90px;\">\n\t\t\t\t\t\t\t\t\t\t\n\t\t\t\t\t\t\t\t\t\t<div class=\"yuzo-img\" style=\"background:url('https:\/\/redept.org\/blogosfera\/wp-content\/plugins\/yuzo-related-post\/assets\/images\/default.png') 50% 50% no-repeat;width: 125px;height:90px;margin-bottom: 5px;background-size: cover; \"><\/div>\n\t\t\t\t\t\t\t\t\t  <\/div>\n\t\t\t\t\t\t\t\t\t  \n\t\t\t\t\t\t\t\t   <span class=\"yuzo__text--title\" style=\"font-size:13px;\">Piso do magist\u00e9rio em Minas: descumprimento tem no...<\/span>\n\t\t\t\t\t\t\t  \n\t\t\t\t\t\t\t  \n\t\t\t\t\t\t\t  <\/a>\n\n\t\t\t\t\t\t  <\/div>\n\t\t\t\t\t\t  <div class=\"relatedthumb \" style=\"width:125px;float:left;overflow:hidden;\">  \n\t\t\t\t\t\t\t  \n\t\t\t\t\t\t\t  <a  href=\"https:\/\/redept.com.br\/blogosfera\/brasil-se-declara-pais-livre-da-gripe-aviaria\/\"  >\n\t\t\t\t\t\t\t\t\t  <div class=\"yuzo-img-wrap \" style=\"width: 125px;height:90px;\">\n\t\t\t\t\t\t\t\t\t\t\n\t\t\t\t\t\t\t\t\t\t<div class=\"yuzo-img\" style=\"background:url('https:\/\/redept.org\/blogosfera\/wp-content\/plugins\/yuzo-related-post\/assets\/images\/default.png') 50% 50% no-repeat;width: 125px;height:90px;margin-bottom: 5px;background-size: cover; \"><\/div>\n\t\t\t\t\t\t\t\t\t  <\/div>\n\t\t\t\t\t\t\t\t\t  \n\t\t\t\t\t\t\t\t   <span class=\"yuzo__text--title\" style=\"font-size:13px;\">Brasil se declara pa\u00eds livre da gripe avi\u00e1ria<\/span>\n\t\t\t\t\t\t\t  \n\t\t\t\t\t\t\t  \n\t\t\t\t\t\t\t  <\/a>\n\n\t\t\t\t\t\t  <\/div>\n<\/div> <script>\n\t\t\t\t\t\t  jQuery(document).ready(function( $ ){\n\t\t\t\t\t\t\t\/\/jQuery('.yuzo_related_post').equalizer({ overflow : 'relatedthumb' });\n\t\t\t\t\t\t\tjQuery('.yuzo_related_post .yuzo_wraps').equalizer({ columns : '> div' });\n\t\t\t\t\t\t   })\n\t\t\t\t\t\t  <\/script> <!-- End Yuzo :) -->","protected":false},"excerpt":{"rendered":"<p>Foto: Marta Gomes Por Douglas Fortes e Lays FurtadoDa P\u00e1gina do MST O coletivo de Povos de Terreiro do Movimento dos Trabalhadores Rurais Sem Terra (MST) realizou, neste domingo (28), o plantio de 20 quilos de feij\u00e3o preto durante o 1\u00ba Plantio de Feij\u00e3o Agroecol\u00f3gico para Ogum no Centro Agroecol\u00f3gico Paulo Kageyama, em Jarinu (SP). [&hellip;]<\/p>\n","protected":false},"author":2,"featured_media":0,"comment_status":"open","ping_status":"closed","sticky":false,"template":"","format":"standard","meta":{"fifu_image_url":"","fifu_image_alt":"","footnotes":""},"categories":[22421,191,5776,203,29],"tags":[],"class_list":["post-55377","post","type-post","status-publish","format-standard","hentry","category-centro-agroecologico","category-noticias","category-plantio","category-religiosidade","category-sao-paulo"],"_links":{"self":[{"href":"https:\/\/redept.com.br\/blogosfera\/wp-json\/wp\/v2\/posts\/55377","targetHints":{"allow":["GET"]}}],"collection":[{"href":"https:\/\/redept.com.br\/blogosfera\/wp-json\/wp\/v2\/posts"}],"about":[{"href":"https:\/\/redept.com.br\/blogosfera\/wp-json\/wp\/v2\/types\/post"}],"author":[{"embeddable":true,"href":"https:\/\/redept.com.br\/blogosfera\/wp-json\/wp\/v2\/users\/2"}],"replies":[{"embeddable":true,"href":"https:\/\/redept.com.br\/blogosfera\/wp-json\/wp\/v2\/comments?post=55377"}],"version-history":[{"count":0,"href":"https:\/\/redept.com.br\/blogosfera\/wp-json\/wp\/v2\/posts\/55377\/revisions"}],"wp:attachment":[{"href":"https:\/\/redept.com.br\/blogosfera\/wp-json\/wp\/v2\/media?parent=55377"}],"wp:term":[{"taxonomy":"category","embeddable":true,"href":"https:\/\/redept.com.br\/blogosfera\/wp-json\/wp\/v2\/categories?post=55377"},{"taxonomy":"post_tag","embeddable":true,"href":"https:\/\/redept.com.br\/blogosfera\/wp-json\/wp\/v2\/tags?post=55377"}],"curies":[{"name":"wp","href":"https:\/\/api.w.org\/{rel}","templated":true}]}}