{"id":55447,"date":"2025-09-29T14:26:02","date_gmt":"2025-09-29T17:26:02","guid":{"rendered":"https:\/\/redept.com.br\/blogosfera\/a-ignorancia-politica-da-extrema-direita-da-muito-lucro\/"},"modified":"2025-09-29T14:26:02","modified_gmt":"2025-09-29T17:26:02","slug":"a-ignorancia-politica-da-extrema-direita-da-muito-lucro","status":"publish","type":"post","link":"https:\/\/redept.com.br\/blogosfera\/a-ignorancia-politica-da-extrema-direita-da-muito-lucro\/","title":{"rendered":"A ignor\u00e2ncia pol\u00edtica da \u201cextrema direita\u201d d\u00e1 muito lucro"},"content":{"rendered":"<p>Com a morte em vida de Bolsonaro e outros pares da tentativa frustrada de golpe de Estado, o sistema de arrecada\u00e7\u00e3o de dinheiro f\u00e1cil e farto, teve uma enorme queda, mas ainda assim. d\u00e1 muito lucro aos cafajestes.<\/p>\n<p>A falsa polariza\u00e7\u00e3o pol\u00edtica, amplificada por redes sociais e m\u00eddia sensacionalista, ainda pode gerar engajamento, cliques e receitas publicit\u00e1rias.<\/p>\n<p>Figuras pol\u00edticas ou influencers de extrema direita, muitas vezes, capitalizam com narrativas simplistas ou emocionalmente carregadas de mentiras c\u00ednicas que atraem seguidores leais e doa\u00e7\u00f5es.<\/p>\n<p>Ou seja, ainda \u00e9 um neg\u00f3cio da China para a esc\u00f3ria da pol\u00edtica nacional.<\/p>\n<p>Nikolas, aquele do Pix do PCC, \u00e9 um exemplo claro e simples de gente que usa a desinforma\u00e7\u00e3o como ferramenta para ganhar eleitores e dinheiro em estado puro.<\/p>\n<p>A dissemina\u00e7\u00e3o de narrativas falsas ou distorcidas pode ser lucrativa para quem vende produtos, cursos, livros ou at\u00e9 mesmo poder pol\u00edtico.<\/p>\n<p>A \u201cignor\u00e2ncia\u201d (ou a falta de an\u00e1lise cr\u00edtica) de parte do p\u00fablico de manada, facilita a ades\u00e3o a essas narrativas.<\/p>\n<p>No Brasil, a extrema direita tem explorado temas como corrup\u00e7\u00e3o, valores tradicionais e seguran\u00e7a para mobilizar apoio.<\/p>\n<p>Isso pode gerar lucro para lideran\u00e7as pol\u00edticas, para criadores de conte\u00fado e at\u00e9 para empresas que se alinham a esses discursos.<\/p>\n<p>N\u00e3o \u00e9 nem de longe aquele mina da \u201cera de ouro\u201d da picaretagem nacional quando Bolsonaro estava no poder.<\/p>\n<p>Durante o governo Bolsonaro, por exemplo, existiu uma estrutura formal de dissemina\u00e7\u00e3o de desinforma\u00e7\u00e3o, conhecida como \u201cgabinete do \u00f3dio\u201d, que operava em redes sociais para mobilizar apoiadores.<\/p>\n<p>Essas estrat\u00e9gias n\u00e3o s\u00e3o exclusivas do Brasil: nos EUA, a alt-right e figuras como Steve Bannon usaram big data e algoritmos para radicalizar eleitores, transformando o engajamento em lucro pol\u00edtico e financeiro.<\/p>\n<p>A monetiza\u00e7\u00e3o ocorre via an\u00fancios, impulsionamento de posts e plataformas como o YouTube, onde criadores de conte\u00fado de extrema direita lucram com visualiza\u00e7\u00f5es.<\/p>\n<p>A receita vem de publicidade e parcerias com grupos econ\u00f4micos alinhados, como ruralistas e igrejas evang\u00e9licas.<br \/>\nA extrema direita utiliza narrativas que exploram medos e preconceitos, criando \u201cc\u00e2maras de eco\u201d que mant\u00eam os seguidores engajados e dispostos a consumir produtos ou apoiar causas.<\/p>\n<p>Embora a extrema direita seja eficaz em explorar essas din\u00e2micas, a esquerda tamb\u00e9m tem se adaptado, tentando recuperar espa\u00e7o nas redes com estrat\u00e9gias mais humanizadas, como sugerido por especialistas, e tem dado muito certo em v\u00e1rias frentes.<\/p>\n<p>Debates em podcasts como, por exemplo, os que Breno Altman tem detonado \u201cvultos\u201d do extremismo reacion\u00e1rio, tem um valor pol\u00edtico extremamente vigoroso para a esquerda.<\/p>\n<p>O \u00faltimo de Breno foi com Paulo Bilynskyj foi demolidor, a ponto do troglodita barbudo pedir o bon\u00e9 e pular fora.<\/p>\n<p>Enfim, a esquerda deve adubar cada vez mais seus espa\u00e7os nas redes, nas TVs e r\u00e1dios, porque a direita vem com sangue nos olhos jogando todas as fichas imundas que tem na disputa eleitoral de 2026 na tentativa de recuperar o enorme terreno perdido.<\/p>\n<hr>\n<p><strong>Queridos leitores,<\/strong><br \/>\n<strong>Nosso blog \u00e9 um espa\u00e7o dedicado a compartilhar conhecimento, ideias e hist\u00f3rias que inspiram. Para continuarmos criando conte\u00fado de qualidade e mantendo este projeto vivo, contamos com o seu apoio! Se voc\u00ea gosta do que fazemos, considere contribuir com uma pequena doa\u00e7\u00e3o. Cada gesto faz a diferen\u00e7a e nos ajuda a crescer. Pix: 45013993768. Agradecemos de cora\u00e7\u00e3o o seu apoio.<\/strong><\/p>\n<hr>\n<p><strong>Siga-nos no Facebook:<\/strong> https:\/\/www.facebook.com\/profile.php?id=100070790366110<\/p>\n<p><strong>Siga-nos no Whatsapp:<\/strong> https:\/\/chat.whatsapp.com\/K8Zc6XOHkN258pOahSE1L1mode=ems_copy_c<\/p>\n<p><strong>Siga-nos no X:<\/strong> https:\/\/x.com\/Antropofagista1<\/p>\n<p><strong>Siga-nos no Instagram<\/strong> https:\/\/www.instagram.com\/blogantropofagista?igsh=YzljYTk1ODg3Z<\/p>\n<p>The post A ignor\u00e2ncia pol\u00edtica da \u201cextrema direita\u201d d\u00e1 muito lucro first appeared on Antropofagista.<\/p>\n<!-- Begin Yuzo --><div class='yuzo_related_post style-1'  data-version='5.12.89'><!-- without result --><div class='yuzo_clearfixed yuzo__title yuzo__title'><h3>Related Post<\/h3><\/div>\n\t\t\t\t\t\t  <div class=\"relatedthumb \" style=\"width:125px;float:left;overflow:hidden;\">  \n\t\t\t\t\t\t\t  \n\t\t\t\t\t\t\t  <a  href=\"https:\/\/redept.com.br\/blogosfera\/iof-desde-1992-o-congresso-nao-derrubava-um-decreto-presidencial\/\"  >\n\t\t\t\t\t\t\t\t\t  <div class=\"yuzo-img-wrap \" style=\"width: 125px;height:90px;\">\n\t\t\t\t\t\t\t\t\t\t\n\t\t\t\t\t\t\t\t\t\t<div class=\"yuzo-img\" style=\"background:url('https:\/\/redept.org\/blogosfera\/wp-content\/plugins\/yuzo-related-post\/assets\/images\/default.png') 50% 50% no-repeat;width: 125px;height:90px;margin-bottom: 5px;background-size: cover; \"><\/div>\n\t\t\t\t\t\t\t\t\t  <\/div>\n\t\t\t\t\t\t\t\t\t  \n\t\t\t\t\t\t\t\t   <span class=\"yuzo__text--title\" style=\"font-size:13px;\">IOF: Desde 1992 o Congresso n\u00e3o derrubava um decre...<\/span>\n\t\t\t\t\t\t\t  \n\t\t\t\t\t\t\t  \n\t\t\t\t\t\t\t  <\/a>\n\n\t\t\t\t\t\t  <\/div>\n\t\t\t\t\t\t  <div class=\"relatedthumb \" style=\"width:125px;float:left;overflow:hidden;\">  \n\t\t\t\t\t\t\t  \n\t\t\t\t\t\t\t  <a  href=\"https:\/\/redept.com.br\/blogosfera\/ex-chefe-da-fab-confirma-que-freire-gomes-ameacou-prender-bolsonaro\/\"  >\n\t\t\t\t\t\t\t\t\t  <div class=\"yuzo-img-wrap \" style=\"width: 125px;height:90px;\">\n\t\t\t\t\t\t\t\t\t\t\n\t\t\t\t\t\t\t\t\t\t<div class=\"yuzo-img\" style=\"background:url('https:\/\/redept.org\/blogosfera\/wp-content\/plugins\/yuzo-related-post\/assets\/images\/default.png') 50% 50% no-repeat;width: 125px;height:90px;margin-bottom: 5px;background-size: cover; \"><\/div>\n\t\t\t\t\t\t\t\t\t  <\/div>\n\t\t\t\t\t\t\t\t\t  \n\t\t\t\t\t\t\t\t   <span class=\"yuzo__text--title\" style=\"font-size:13px;\">Ex-chefe da FAB confirma que Freire Gomes amea\u00e7ou ...<\/span>\n\t\t\t\t\t\t\t  \n\t\t\t\t\t\t\t  \n\t\t\t\t\t\t\t  <\/a>\n\n\t\t\t\t\t\t  <\/div>\n\t\t\t\t\t\t  <div class=\"relatedthumb \" style=\"width:125px;float:left;overflow:hidden;\">  \n\t\t\t\t\t\t\t  \n\t\t\t\t\t\t\t  <a  href=\"https:\/\/redept.com.br\/blogosfera\/pesquisa-revela-que-assedios-sao-comuns-dentro-da-policia-cientifica-de-sao-paulo\/\"  >\n\t\t\t\t\t\t\t\t\t  <div class=\"yuzo-img-wrap \" style=\"width: 125px;height:90px;\">\n\t\t\t\t\t\t\t\t\t\t\n\t\t\t\t\t\t\t\t\t\t<div class=\"yuzo-img\" style=\"background:url('https:\/\/redept.org\/blogosfera\/wp-content\/plugins\/yuzo-related-post\/assets\/images\/default.png') 50% 50% no-repeat;width: 125px;height:90px;margin-bottom: 5px;background-size: cover; \"><\/div>\n\t\t\t\t\t\t\t\t\t  <\/div>\n\t\t\t\t\t\t\t\t\t  \n\t\t\t\t\t\t\t\t   <span class=\"yuzo__text--title\" style=\"font-size:13px;\">Pesquisa revela que ass\u00e9dios s\u00e3o comuns dentro da ...<\/span>\n\t\t\t\t\t\t\t  \n\t\t\t\t\t\t\t  \n\t\t\t\t\t\t\t  <\/a>\n\n\t\t\t\t\t\t  <\/div>\n\t\t\t\t\t\t  <div class=\"relatedthumb \" style=\"width:125px;float:left;overflow:hidden;\">  \n\t\t\t\t\t\t\t  \n\t\t\t\t\t\t\t  <a  href=\"https:\/\/redept.com.br\/blogosfera\/fim-dos-riscos-mina-guaiba-e-ute-nova-seival-por-comite-de-combate-a-megamineracao-no-rs\/\"  >\n\t\t\t\t\t\t\t\t\t  <div class=\"yuzo-img-wrap \" style=\"width: 125px;height:90px;\">\n\t\t\t\t\t\t\t\t\t\t\n\t\t\t\t\t\t\t\t\t\t<div class=\"yuzo-img\" style=\"background:url('https:\/\/redept.org\/blogosfera\/wp-content\/plugins\/yuzo-related-post\/assets\/images\/default.png') 50% 50% no-repeat;width: 125px;height:90px;margin-bottom: 5px;background-size: cover; \"><\/div>\n\t\t\t\t\t\t\t\t\t  <\/div>\n\t\t\t\t\t\t\t\t\t  \n\t\t\t\t\t\t\t\t   <span class=\"yuzo__text--title\" style=\"font-size:13px;\">Fim dos riscos Mina Gua\u00edba e UTE Nova Seival? (por...<\/span>\n\t\t\t\t\t\t\t  \n\t\t\t\t\t\t\t  \n\t\t\t\t\t\t\t  <\/a>\n\n\t\t\t\t\t\t  <\/div>\n<\/div> <script>\n\t\t\t\t\t\t  jQuery(document).ready(function( $ ){\n\t\t\t\t\t\t\t\/\/jQuery('.yuzo_related_post').equalizer({ overflow : 'relatedthumb' });\n\t\t\t\t\t\t\tjQuery('.yuzo_related_post .yuzo_wraps').equalizer({ columns : '> div' });\n\t\t\t\t\t\t   })\n\t\t\t\t\t\t  <\/script> <!-- End Yuzo :) -->","protected":false},"excerpt":{"rendered":"<p>Com a morte em vida de Bolsonaro e outros pares da tentativa frustrada de golpe de Estado, o sistema de arrecada\u00e7\u00e3o de dinheiro f\u00e1cil e farto, teve uma enorme queda, mas ainda assim. d\u00e1 muito lucro aos cafajestes. A falsa polariza\u00e7\u00e3o pol\u00edtica, amplificada por redes sociais e m\u00eddia sensacionalista, ainda pode gerar engajamento, cliques e [\u2026]<\/p>\n<p>The post <a href=\"https:\/\/antropofagista.com.br\/2025\/09\/29\/a-ignorancia-politica-da-extrema-direita-da-muito-lucro\/\">A ignor\u00e2ncia pol\u00edtica da \u201cextrema direita\u201d d\u00e1 muito lucro<\/a> first appeared on <a href=\"https:\/\/antropofagista.com.br\/\">Antropofagista<\/a>.<\/p>\n","protected":false},"author":2,"featured_media":0,"comment_status":"open","ping_status":"closed","sticky":false,"template":"","format":"standard","meta":{"fifu_image_url":"","fifu_image_alt":"","footnotes":""},"categories":[1390,423,6750,132],"tags":[],"class_list":["post-55447","post","type-post","status-publish","format-standard","hentry","category-bolsonaro","category-extrema-direita","category-nikolas","category-politica"],"_links":{"self":[{"href":"https:\/\/redept.com.br\/blogosfera\/wp-json\/wp\/v2\/posts\/55447","targetHints":{"allow":["GET"]}}],"collection":[{"href":"https:\/\/redept.com.br\/blogosfera\/wp-json\/wp\/v2\/posts"}],"about":[{"href":"https:\/\/redept.com.br\/blogosfera\/wp-json\/wp\/v2\/types\/post"}],"author":[{"embeddable":true,"href":"https:\/\/redept.com.br\/blogosfera\/wp-json\/wp\/v2\/users\/2"}],"replies":[{"embeddable":true,"href":"https:\/\/redept.com.br\/blogosfera\/wp-json\/wp\/v2\/comments?post=55447"}],"version-history":[{"count":0,"href":"https:\/\/redept.com.br\/blogosfera\/wp-json\/wp\/v2\/posts\/55447\/revisions"}],"wp:attachment":[{"href":"https:\/\/redept.com.br\/blogosfera\/wp-json\/wp\/v2\/media?parent=55447"}],"wp:term":[{"taxonomy":"category","embeddable":true,"href":"https:\/\/redept.com.br\/blogosfera\/wp-json\/wp\/v2\/categories?post=55447"},{"taxonomy":"post_tag","embeddable":true,"href":"https:\/\/redept.com.br\/blogosfera\/wp-json\/wp\/v2\/tags?post=55447"}],"curies":[{"name":"wp","href":"https:\/\/api.w.org\/{rel}","templated":true}]}}