{"id":55654,"date":"2025-09-30T18:18:37","date_gmt":"2025-09-30T21:18:37","guid":{"rendered":"https:\/\/redept.com.br\/blogosfera\/anac-orienta-passageiros-que-perderam-voos-no-santos-dumont\/"},"modified":"2025-09-30T18:18:37","modified_gmt":"2025-09-30T21:18:37","slug":"anac-orienta-passageiros-que-perderam-voos-no-santos-dumont","status":"publish","type":"post","link":"https:\/\/redept.com.br\/blogosfera\/anac-orienta-passageiros-que-perderam-voos-no-santos-dumont\/","title":{"rendered":"Anac orienta passageiros que perderam voos no Santos Dumont"},"content":{"rendered":"<p>A Ag\u00eancia Nacional de Avia\u00e7\u00e3o Civil (Anac) orienta os passageiros que tiveram seus <a href=\"https:\/\/tvtnews.com.br\/tag\/transportes\/\" data-type=\"post_tag\" data-id=\"4593\">voos afetados no Aeroporto Santos Dumont<\/a>, nesta ter\u00e7a-feira (30), que verifiquem a situa\u00e7\u00e3o com a companhia a\u00e9rea respons\u00e1vel pela viagem.\u00a0Os casos de atrasos, cancelamentos e interrup\u00e7\u00e3o do servi\u00e7o devem ser comunicados imediatamente pelas empresas, que devem manter o passageiro informado a cada 30 minutos quanto \u00e0 previs\u00e3o de partida dos voos atrasados.\u00a0Leia em <strong><a href=\"https:\/\/tvtnews.com.br\/\">TVT News<\/a><\/strong>.<\/p>\n<p>Devido a um derramamento de \u00f3leo numa das pistas do Santos Dumont na noite de segunda-feira (29), nenhum voo decolou e pousou no aeroporto, a partir das 6h, quando o aeroporto come\u00e7a a operar.<\/p>\n<p>A nota da Anac esclarece que a empresa a\u00e9rea deve oferecer assist\u00eancia material gratuitamente, de acordo com o tempo de espera no aeroporto, contado a partir do momento em que houve o atraso, o cancelamento ou a interrup\u00e7\u00e3o.\u00a0<\/p>\n<p>Para atrasos superiores a 4 horas, cancelamentos e interrup\u00e7\u00e3o do servi\u00e7o, a empresa deve oferecer, para escolha do passageiro, as op\u00e7\u00f5es de reacomoda\u00e7\u00e3o em outro voo; reembolso integral; e execu\u00e7\u00e3o do servi\u00e7o por outra modalidade de transporte, \u00f4nibus, por exemplo.\u00a0<\/p>\n<p>A Anac ressalta que a reacomoda\u00e7\u00e3o \u00e9 gratuita e deve ocorrer em voo pr\u00f3prio ou de outra empresa a\u00e9rea, na primeira oportunidade, ou seja, em um novo voo cuja data e hor\u00e1rio sejam mais pr\u00f3ximos do voo atrasado, cancelado ou interrompido.\u00a0Se essa alternativa n\u00e3o for conveniente para o passageiro, ele pode optar por um outro voo, em data e hor\u00e1rio de sua conveni\u00eancia, por\u00e9m somente da pr\u00f3pria empresa a\u00e9rea e dentro do prazo de validade restante da passagem.\u00a0<\/p>\n<p>A assist\u00eancia material, aplic\u00e1vel somente a passageiros no Brasil, deve ser oferecida nos casos de atraso, cancelamento, interrup\u00e7\u00e3o de voo e preteri\u00e7\u00e3o de passageiro (negativa de embarque), independentemente do motivo e sempre que o passageiro se encontrar no aeroporto. Ela \u00e9 aplic\u00e1vel tanto para os passageiros aguardando no terminal quanto aos que estejam a bordo da aeronave, com portas abertas.\u00a0<\/p>\n<p>A assist\u00eancia deve ser oferecida, ainda, nas situa\u00e7\u00f5es em que o passageiro teve seu voo alterado com anteced\u00eancia pela empresa a\u00e9rea (altera\u00e7\u00e3o de malha a\u00e9rea), mas n\u00e3o recebeu nenhum aviso a respeito, tomando conhecimento dessa altera\u00e7\u00e3o somente quando j\u00e1 estiver no aeroporto para embarque.\u00a0<\/p>\n<p>A assist\u00eancia deve ser oferecida gratuitamente pela empresa a\u00e9rea, de acordo com o tempo de espera no aeroporto, contado a partir do momento em que houve o problema com o voo, conforme regras a seguir:\u00a0<\/p>\n<ul>\n<li>A partir de 1 hora: direito \u00e0 comunica\u00e7\u00e3o (internet, telefone etc.);\u00a0<\/li>\n<li>A partir de 2 horas: direito \u00e0 alimenta\u00e7\u00e3o (voucher, refei\u00e7\u00e3o, lanche etc.);\u00a0<\/li>\n<li>A partir de 4 horas: direito a servi\u00e7o de hospedagem (somente em caso de pernoite no aeroporto) e transporte de ida e volta ao local da hospedagem.<\/li>\n<\/ul>\n<p>Se o passageiro estiver no local de seu domic\u00edlio, a empresa pode oferecer apenas o transporte para sua resid\u00eancia e de sua casa para o aeroporto.\u00a0<\/p>\n<p>O Passageiro com Necessidade de Assist\u00eancia Especial (Pnae) e seus acompanhantes sempre ter\u00e3o direito \u00e0 hospedagem, independentemente da exig\u00eancia de pernoite no aeroporto.\u00a0<\/p>\n<p>A empresa poder\u00e1 suspender a presta\u00e7\u00e3o da assist\u00eancia material para proceder ao embarque imediato.\u00a0<\/p>\n<p>As orienta\u00e7\u00f5es seguem as disposi\u00e7\u00f5es da Resolu\u00e7\u00e3o n\u00ba 400 da Anac, que versa sobre as condi\u00e7\u00f5es do transporte a\u00e9reo.<\/p>\n<h2>Infraero<\/h2>\n<p>Em nota, a Infraero informou que a retomada dos voos no Aeroporto Santos Dumont est\u00e1 condicionada \u00e0 completa remo\u00e7\u00e3o do produto, j\u00e1 que a pista precisa atender aos mais altos padr\u00f5es de seguran\u00e7a.\u00a0Ap\u00f3s a conclus\u00e3o do servi\u00e7o, ser\u00e1 realizada vistoria e medi\u00e7\u00e3o do coeficiente de atrito do pavimento para libera\u00e7\u00e3o da pista.\u00a0<\/p>\n<p>A Infraero n\u00e3o fez uma previs\u00e3o de quando o Santos Dumont ser\u00e1 aberto para as opera\u00e7\u00f5es de pouso e decolagem.<\/p>\n<p>At\u00e9 o momento, 80 voos de chegada e 82 voos de partida foram cancelados. Outros 14 voos foram desviados para o Aeroporto Internacional do Rio, o Gale\u00e3o.<\/p>\n<p><em>Douglas Corr\u00eaa \u2013 Rep\u00f3rter da <a href=\"https:\/\/agenciabrasil.ebc.com.br\/geral\/noticia\/2025-09\/anac-orienta-passageiros-que-perderam-voos-no-santos-dumont\" target=\"_blank\" rel=\"noopener noreferrer nofollow\">Ag\u00eancia Brasil<\/a><\/em><\/p>\n<p>The post <a rel=\"nofollow\" href=\"https:\/\/tvtnews.com.br\/anac-orienta-passageiros-que-perderam-voos-no-santos-dumont\/\">Anac orienta passageiros que perderam voos no Santos Dumont<\/a> appeared first on <a rel=\"nofollow\" href=\"https:\/\/tvtnews.com.br\/\">TVT News<\/a>.<\/p>\n<!-- Begin Yuzo --><div class='yuzo_related_post style-1'  data-version='5.12.89'><!-- without result --><div class='yuzo_clearfixed yuzo__title yuzo__title'><h3>Related Post<\/h3><\/div>\n\t\t\t\t\t\t  <div class=\"relatedthumb \" style=\"width:125px;float:left;overflow:hidden;\">  \n\t\t\t\t\t\t\t  \n\t\t\t\t\t\t\t  <a  href=\"https:\/\/redept.com.br\/blogosfera\/cni-ja-admite-que-o-brasil-vai-crescer-mais-do-que-o-previsto-em-2026\/\"  >\n\t\t\t\t\t\t\t\t\t  <div class=\"yuzo-img-wrap \" style=\"width: 125px;height:90px;\">\n\t\t\t\t\t\t\t\t\t\t\n\t\t\t\t\t\t\t\t\t\t<div class=\"yuzo-img\" style=\"background:url('https:\/\/redept.com.br\/blogosfera\/wp-content\/uploads\/2026\/04\/renault-08-2048x1365-1-150x150.jpg') 50% 50% no-repeat;width: 125px;height:90px;margin-bottom: 5px;background-size: cover; \"><\/div>\n\t\t\t\t\t\t\t\t\t  <\/div>\n\t\t\t\t\t\t\t\t\t  \n\t\t\t\t\t\t\t\t   <span class=\"yuzo__text--title\" style=\"font-size:13px;\">CNI j\u00e1 admite que o Brasil vai crescer mais do que...<\/span>\n\t\t\t\t\t\t\t  \n\t\t\t\t\t\t\t  \n\t\t\t\t\t\t\t  <\/a>\n\n\t\t\t\t\t\t  <\/div>\n\t\t\t\t\t\t  <div class=\"relatedthumb \" style=\"width:125px;float:left;overflow:hidden;\">  \n\t\t\t\t\t\t\t  \n\t\t\t\t\t\t\t  <a  href=\"https:\/\/redept.com.br\/blogosfera\/iaraa-mst-lanca-inteligencia-artificial-a-servico-da-agroecologia-e-da-reforma-agraria-popular\/\"  >\n\t\t\t\t\t\t\t\t\t  <div class=\"yuzo-img-wrap \" style=\"width: 125px;height:90px;\">\n\t\t\t\t\t\t\t\t\t\t\n\t\t\t\t\t\t\t\t\t\t<div class=\"yuzo-img\" style=\"background:url('https:\/\/redept.com.br\/blogosfera\/wp-content\/uploads\/2026\/01\/Lancamento-da-Iaraa-Foto-Dowglas-Silva4-150x150.jpg') 50% 50% no-repeat;width: 125px;height:90px;margin-bottom: 5px;background-size: cover; \"><\/div>\n\t\t\t\t\t\t\t\t\t  <\/div>\n\t\t\t\t\t\t\t\t\t  \n\t\t\t\t\t\t\t\t   <span class=\"yuzo__text--title\" style=\"font-size:13px;\">IARAA: MST lan\u00e7a Intelig\u00eancia Artificial a servi\u00e7o...<\/span>\n\t\t\t\t\t\t\t  \n\t\t\t\t\t\t\t  \n\t\t\t\t\t\t\t  <\/a>\n\n\t\t\t\t\t\t  <\/div>\n\t\t\t\t\t\t  <div class=\"relatedthumb \" style=\"width:125px;float:left;overflow:hidden;\">  \n\t\t\t\t\t\t\t  \n\t\t\t\t\t\t\t  <a  href=\"https:\/\/redept.com.br\/blogosfera\/maioria-das-mulheres-negras-conhece-pouco-a-lei-maria-da-penha\/\"  >\n\t\t\t\t\t\t\t\t\t  <div class=\"yuzo-img-wrap \" style=\"width: 125px;height:90px;\">\n\t\t\t\t\t\t\t\t\t\t\n\t\t\t\t\t\t\t\t\t\t<div class=\"yuzo-img\" style=\"background:url('https:\/\/redept.org\/blogosfera\/wp-content\/plugins\/yuzo-related-post\/assets\/images\/default.png') 50% 50% no-repeat;width: 125px;height:90px;margin-bottom: 5px;background-size: cover; \"><\/div>\n\t\t\t\t\t\t\t\t\t  <\/div>\n\t\t\t\t\t\t\t\t\t  \n\t\t\t\t\t\t\t\t   <span class=\"yuzo__text--title\" style=\"font-size:13px;\">Maioria das mulheres negras conhece pouco a Lei Ma...<\/span>\n\t\t\t\t\t\t\t  \n\t\t\t\t\t\t\t  \n\t\t\t\t\t\t\t  <\/a>\n\n\t\t\t\t\t\t  <\/div>\n\t\t\t\t\t\t  <div class=\"relatedthumb \" style=\"width:125px;float:left;overflow:hidden;\">  \n\t\t\t\t\t\t\t  \n\t\t\t\t\t\t\t  <a  href=\"https:\/\/redept.com.br\/blogosfera\/o-que-eu-ganho-com-isso-isencao-do-ir-mais-tempo-e-futuro-para-os-trabalhadores\/\"  >\n\t\t\t\t\t\t\t\t\t  <div class=\"yuzo-img-wrap \" style=\"width: 125px;height:90px;\">\n\t\t\t\t\t\t\t\t\t\t\n\t\t\t\t\t\t\t\t\t\t<div class=\"yuzo-img\" style=\"background:url('https:\/\/redept.org\/blogosfera\/wp-content\/plugins\/yuzo-related-post\/assets\/images\/default.png') 50% 50% no-repeat;width: 125px;height:90px;margin-bottom: 5px;background-size: cover; \"><\/div>\n\t\t\t\t\t\t\t\t\t  <\/div>\n\t\t\t\t\t\t\t\t\t  \n\t\t\t\t\t\t\t\t   <span class=\"yuzo__text--title\" style=\"font-size:13px;\">O que eu ganho com isso? Isen\u00e7\u00e3o do IR, mais tempo...<\/span>\n\t\t\t\t\t\t\t  \n\t\t\t\t\t\t\t  \n\t\t\t\t\t\t\t  <\/a>\n\n\t\t\t\t\t\t  <\/div>\n<\/div> <script>\n\t\t\t\t\t\t  jQuery(document).ready(function( $ ){\n\t\t\t\t\t\t\t\/\/jQuery('.yuzo_related_post').equalizer({ overflow : 'relatedthumb' });\n\t\t\t\t\t\t\tjQuery('.yuzo_related_post .yuzo_wraps').equalizer({ columns : '> div' });\n\t\t\t\t\t\t   })\n\t\t\t\t\t\t  <\/script> <!-- End Yuzo :) -->","protected":false},"excerpt":{"rendered":"<p>A Ag\u00eancia Nacional de Avia\u00e7\u00e3o Civil (Anac) orienta os passageiros que tiveram seus voos afetados no Aeroporto Santos Dumont, nesta ter\u00e7a-feira (30), que verifiquem a situa\u00e7\u00e3o com a companhia a\u00e9rea respons\u00e1vel pela viagem.\u00a0Os casos de atrasos, cancelamentos e interrup\u00e7\u00e3o do servi\u00e7o devem ser comunicados imediatamente pelas empresas, que devem manter o passageiro informado a cada [&hellip;]<\/p>\n","protected":false},"author":2,"featured_media":0,"comment_status":"open","ping_status":"closed","sticky":false,"template":"","format":"standard","meta":{"fifu_image_url":"","fifu_image_alt":"","footnotes":""},"categories":[489,94,2921,1232],"tags":[],"class_list":["post-55654","post","type-post","status-publish","format-standard","hentry","category-destaque-pequeno","category-geral","category-transportes","category-turismo"],"_links":{"self":[{"href":"https:\/\/redept.com.br\/blogosfera\/wp-json\/wp\/v2\/posts\/55654","targetHints":{"allow":["GET"]}}],"collection":[{"href":"https:\/\/redept.com.br\/blogosfera\/wp-json\/wp\/v2\/posts"}],"about":[{"href":"https:\/\/redept.com.br\/blogosfera\/wp-json\/wp\/v2\/types\/post"}],"author":[{"embeddable":true,"href":"https:\/\/redept.com.br\/blogosfera\/wp-json\/wp\/v2\/users\/2"}],"replies":[{"embeddable":true,"href":"https:\/\/redept.com.br\/blogosfera\/wp-json\/wp\/v2\/comments?post=55654"}],"version-history":[{"count":0,"href":"https:\/\/redept.com.br\/blogosfera\/wp-json\/wp\/v2\/posts\/55654\/revisions"}],"wp:attachment":[{"href":"https:\/\/redept.com.br\/blogosfera\/wp-json\/wp\/v2\/media?parent=55654"}],"wp:term":[{"taxonomy":"category","embeddable":true,"href":"https:\/\/redept.com.br\/blogosfera\/wp-json\/wp\/v2\/categories?post=55654"},{"taxonomy":"post_tag","embeddable":true,"href":"https:\/\/redept.com.br\/blogosfera\/wp-json\/wp\/v2\/tags?post=55654"}],"curies":[{"name":"wp","href":"https:\/\/api.w.org\/{rel}","templated":true}]}}