{"id":55718,"date":"2025-09-30T15:18:02","date_gmt":"2025-09-30T18:18:02","guid":{"rendered":"https:\/\/redept.com.br\/blogosfera\/plano-cohen-a-farsa-dos-militares-que-justificou-a-ditadura-de-vargas\/"},"modified":"2025-09-30T15:18:02","modified_gmt":"2025-09-30T18:18:02","slug":"plano-cohen-a-farsa-dos-militares-que-justificou-a-ditadura-de-vargas","status":"publish","type":"post","link":"https:\/\/redept.com.br\/blogosfera\/plano-cohen-a-farsa-dos-militares-que-justificou-a-ditadura-de-vargas\/","title":{"rendered":"Plano Cohen: a farsa dos militares que justificou a ditadura de Vargas"},"content":{"rendered":"<p>H\u00e1 88 anos, em 30 de setembro de 1937, o governo brasileiro anunciava publicamente a \u201cdescoberta\u201d do Plano Cohen. Atribu\u00eddo \u00e0 Comintern, o documento detalhava um suposto plano dos comunistas para tomar o poder no Brasil, fazendo uso de assassinatos em massa, ataques com g\u00e1s venenoso e outras atrocidades.<\/p>\n<p>Era tudo mentira. O Plano Cohen foi forjado pelos pr\u00f3prios militares, em colabora\u00e7\u00e3o com l\u00edderes integralistas e membros da c\u00fapula do governo. O objetivo era causar pavor na popula\u00e7\u00e3o e pressionar o Congresso a autorizar a decreta\u00e7\u00e3o de estado de exce\u00e7\u00e3o.<\/p>\n<p>O plano deu certo. O Congresso aprovou a decreta\u00e7\u00e3o de estado de guerra e Vargas obteve apoio das For\u00e7as Armadas e da burguesia para fechar o regime. Quarenta dias depois, em 10 de novembro de 1937, Vargas dissolveu o Congresso, suspendeu as elei\u00e7\u00f5es e instaurou a ditadura do Estado Novo, permanecendo no poder por mais oito anos.<\/p>\n<h3>O governo Vargas e o anticomunismo<\/h3>\n<p>Al\u00e7ado \u00e0 chefia do poder executivo ap\u00f3s a Revolu\u00e7\u00e3o de 1930, Get\u00falio Vargas seria respons\u00e1vel por implementar uma s\u00e9rie de medidas modernizantes e centralizadoras, deixando um legado ambivalente.<\/p>\n<p>Vargas limitou o poder pol\u00edtico das velhas oligarquias, implementou reformas trabalhistas e sociais, incentivou a industrializa\u00e7\u00e3o e a diversifica\u00e7\u00e3o da estrutura produtiva. Ao mesmo tempo, ele governou de forma autorit\u00e1ria, reprimindo severamente seus opositores, institucionalizando o controle sobre a imprensa e ampliando os instrumentos de repress\u00e3o e vigil\u00e2ncia.<\/p>\n<p>O discurso anticomunista, em franca ascens\u00e3o na d\u00e9cada de 1930, serviria de lastro a v\u00e1rias medidas repressivas adotadas por Vargas. Alarmadas pela crescente organiza\u00e7\u00e3o da esquerda radical e do movimento oper\u00e1rio, as elites passaram a financiar e promover a propaganda anticomunista e as organiza\u00e7\u00f5es de extrema-direita, quase sempre vinculadas ao pensamento fascista.<\/p>\n<p>\u00c9 o caso, sobretudo, da A\u00e7\u00e3o Integralista Brasileira (AIB), organiza\u00e7\u00e3o fundada por Pl\u00ednio Salgado que se expandiu rapidamente no Brasil gra\u00e7as ao patroc\u00ednio de banqueiros e industriais. Os integralistas seguiam o modus operandi das grandes agremia\u00e7\u00f5es fascistas europeias, com a cria\u00e7\u00e3o de mil\u00edcias e a estrat\u00e9gia de infiltra\u00e7\u00e3o nas organiza\u00e7\u00f5es da sociedade civil.<\/p>\n<p>O movimento integralista comandava uma grande estrutura editorial, publicando livros, revistas e jornais que serviam \u00e0 difus\u00e3o da propaganda anticomunista em larga escala. Frequentemente, essa propaganda buscava adaptar mitos conspirat\u00f3rios ao contexto brasileiro.<\/p>\n<p>Um dos mitos mais difundidos pelos integralistas afirmava que existia uma alian\u00e7a judaico-comunista que pretendia dominar o Brasil e o resto do mundo \u2014 uma tese que unia a paranoia anticomunista \u00e0s teorias da conspira\u00e7\u00e3o antissemitas, em especial aquelas impulsionadas por uma infame falsifica\u00e7\u00e3o conhecida como \u201cOs Protocolos dos S\u00e1bios de Si\u00e3o\u201d.<\/p>\n<p>V\u00e1rios integralistas e admiradores do regime fascista compunham a c\u00fapula do governo Vargas e ajudaram a institucionalizar o anticomunismo. Em abril de 1935, sob o pretexto de combater a \u201camea\u00e7a comunista\u201d, Vargas sancionou a Lei de Seguran\u00e7a Nacional (LSN), suprimindo as liberdades civis asseguradas pela Constitui\u00e7\u00e3o de 1934, criminalizando a \u201cincita\u00e7\u00e3o ao \u00f3dio entre as classes sociais\u201d e as tentativas de \u201csubvers\u00e3o da ordem pol\u00edtica\u201d.<\/p>\n<p>A LSN possibilitou a Vargas o recrudescimento da ofensiva contra os dissidentes. Tr\u00eas meses ap\u00f3s sua cria\u00e7\u00e3o, a lei seria utilizada para banir a Alian\u00e7a Nacional Libertadora (ANL), uma frente antifascista vinculada ao Partido Comunista do Brasil (antigo PCB), que fazia firme oposi\u00e7\u00e3o aos integralistas e ao regime de Vargas.<\/p>\n<p>Uma tentativa fracassada de insurrei\u00e7\u00e3o organizada pela ANL em novembro de 1935 daria a Vargas o pretexto ideal para ampliar a repress\u00e3o. Logo ap\u00f3s o levante, Vargas decretou estado de s\u00edtio, ampliando os poderes do governo para restringir liberdades civis e intensificar a censura \u00e0 imprensa.<\/p>\n<p>Milhares de pessoas que criticavam o governo seriam presas e torturadas, mesmo sem possuir qualquer liga\u00e7\u00e3o com o levante. Muitos comunistas foram assassinados pela repress\u00e3o levada a cabo por Filinto M\u00fcller, o chefe da pol\u00edcia pol\u00edtica.<\/p>\n<h3>O Plano Cohen<\/h3>\n<p>A \u201camea\u00e7a comunista\u201d seria instrumentalizada por Vargas mais uma vez em 1937, como um subterf\u00fagio para estender o seu mandato. Vargas passou quatro anos no poder como presidente provis\u00f3rio e obteve um mandato adicional por elei\u00e7\u00e3o indireta do Congresso, ap\u00f3s a promulga\u00e7\u00e3o da Constitui\u00e7\u00e3o de 1934. Ele deveria, portanto, deixar o governo em 1938, quando seria realizada a 14\u00aa elei\u00e7\u00e3o presidencial brasileira.<\/p>\n<p>Tr\u00eas presidenci\u00e1veis j\u00e1 haviam apresentado suas candidaturas: Armando de Sales Oliveira (apoiado pela oposi\u00e7\u00e3o liberal paulista), Jos\u00e9 Am\u00e9rico de Almeida (pr\u00f3ximo de Vargas, mas de lealdade question\u00e1vel) e Pl\u00ednio Salgado (l\u00edder dos integralistas). Nenhuma das candidaturas agradava a Vargas e n\u00e3o havia a possibilidade legal de obter mais um mandato.<\/p>\n<p>O presidente tamb\u00e9m se ressentia da crescente oposi\u00e7\u00e3o que sofria no Congresso, principalmente ap\u00f3s os parlamentares barrarem a prorroga\u00e7\u00e3o do estado de s\u00edtio decretado em 1936. Vargas passou a defender a ideia de que era necess\u00e1rio for\u00e7ar uma mudan\u00e7a do regime pol\u00edtico e reformar a Constitui\u00e7\u00e3o. A solu\u00e7\u00e3o, portanto, seria um golpe de Estado.<\/p>\n<p>Vargas obteve prontamente o apoio das For\u00e7as Armadas ao seu plano golpista, cooptando-as com a promessa de mais recursos financeiros. Ele tamb\u00e9m conseguiu a ades\u00e3o de Pl\u00ednio Salgado, que recebeu a oferta de um minist\u00e9rio. Faltava, no entanto, um pretexto que justificasse o golpe.<\/p>\n<p>Eurico Gaspar Dutra, o Ministro da Guerra de Vargas, foi incumbido de arrumar uma justificativa para a interven\u00e7\u00e3o. A ideia era criar um fato novo, a ser apresentado como uma grave amea\u00e7a ao pa\u00eds, justificando a suspens\u00e3o das elei\u00e7\u00f5es e das garantias constitucionais. Surgiu assim o \u201cPlano Cohen\u201d.<\/p>\n<p>A cria\u00e7\u00e3o do plano ficou a cargo de oficiais do Ex\u00e9rcito Brasileiro. O autor do texto foi o capit\u00e3o Ol\u00edmpio Mour\u00e3o Filho, membro do servi\u00e7o de intelig\u00eancia do Ex\u00e9rcito e organizador das mil\u00edcias integralistas. Mour\u00e3o afirmou ter criado o documento como um exerc\u00edcio hipot\u00e9tico, uma simula\u00e7\u00e3o de revolu\u00e7\u00e3o comunista para uso da AIB. Uma c\u00f3pia desse documento foi remetida ao general G\u00f3is Monteiro, chefe do Estado-Maior do Ex\u00e9rcito, que a considerou como o subterf\u00fagio ideal para justificar o golpe.<\/p>\n<p>O \u201cPlano Cohen\u201d descrevia compl\u00f4 comunista para tomar o poder no Brasil. O texto foi falsamente atribu\u00eddo \u00e0 Internacional Comunista (Comintern) e descrevia uma s\u00e9rie de a\u00e7\u00f5es violentas: assassinato de l\u00edderes pol\u00edticos e militares, inc\u00eandio de pr\u00e9dios p\u00fablicos, sabotagem de infraestrutura, sequestros de autoridades, uso de g\u00e1s venenoso, execu\u00e7\u00f5es sum\u00e1rias, liberta\u00e7\u00e3o dos presos, saques e depreda\u00e7\u00f5es.<\/p>\n<p>O nome \u201cCohen\u201d, de origem judaica, foi escolhido para evocar a tese da conspira\u00e7\u00e3o judaico-comunista, t\u00e3o propalada pelos integralistas. O documento tinha diversas semelhan\u00e7as com os \u201cProtocolos dos S\u00e1bios de Si\u00e3o\u201d. \u201cCohen\u201d tamb\u00e9m era uma refer\u00eancia a B\u00e9la Kun, l\u00edder de uma ef\u00eamera revolu\u00e7\u00e3o comunista na Hungria, que os integralistas costumavam chamar de \u201cB\u00e9la Cohen\u201d.<\/p>\n<p>Em posse do documento, Dutra convocou uma reuni\u00e3o de emerg\u00eancia com os altos oficiais das For\u00e7as Armadas, a fim de convenc\u00ea-los sobre a necessidade de tomar medidas urgentes para garantir \u201ca salva\u00e7\u00e3o da P\u00e1tria\u201d. G\u00f3is Monteiro participou da reuni\u00e3o e concordou que havia a necessidade de um golpe de Estado para \u201cpreservar as institui\u00e7\u00f5es nacionais\u201d.<\/p>\n<p>No dia 30 de setembro de 1937, o governo Vargas anunciou publicamente a \u201cdescoberta\u201d do Plano Cohen. Durante um pronunciamento radiof\u00f4nico no programa \u201cHora do Brasil\u201d, G\u00f3is Monteiro revelou o conte\u00fado do documento, anunciando as \u201cterr\u00edveis barbaridades\u201d que os comunistas pretendiam cometer no Brasil.<\/p>\n<p>A not\u00edcia caiu como uma bomba, causando espanto e terror na popula\u00e7\u00e3o. O plano dominou o notici\u00e1rio pelas semanas seguintes, sendo amplamente difundido pelas r\u00e1dios e jornais oficiais do governo. Intelectuais, l\u00edderes conservadores e religiosos cobravam provid\u00eancias imediatas.<\/p>\n<p>A grande imprensa n\u00e3o cogitou questionar a autenticidade do documento, preferindo endossar integralmente o relato governamental atrav\u00e9s de mat\u00e9rias sensacionalistas, ajudando a espalhar o p\u00e2nico moral.<\/p>\n<figure aria-describedby=\"caption-attachment-232975\"><img loading=\"lazy\" loading=\"lazy\" decoding=\"async\"src=\"https:\/\/redept.com.br\/blogosfera\/wp-content\/uploads\/2025\/10\/presidente_getulio_vargas_inaugura_o_aeroporto_santos_dumonttif.jpg\" alt=\"\" width=\"800\" height=\"507\" srcset=\"https:\/\/redept.com.br\/blogosfera\/wp-content\/uploads\/2025\/10\/presidente_getulio_vargas_inaugura_o_aeroporto_santos_dumonttif.jpg 800w, https:\/\/operamundi.uol.com.br\/wp-content\/uploads\/2025\/09\/presidente_getulio_vargas_inaugura_o_aeroporto_santos_dumont.tif-300x190.jpg 300w, https:\/\/operamundi.uol.com.br\/wp-content\/uploads\/2025\/09\/presidente_getulio_vargas_inaugura_o_aeroporto_santos_dumont.tif-768x487.jpg 768w, https:\/\/operamundi.uol.com.br\/wp-content\/uploads\/2025\/09\/presidente_getulio_vargas_inaugura_o_aeroporto_santos_dumont.tif-150x95.jpg 150w, https:\/\/operamundi.uol.com.br\/wp-content\/uploads\/2025\/09\/presidente_getulio_vargas_inaugura_o_aeroporto_santos_dumont.tif-750x475.jpg 750w\" sizes=\"auto, (max-width: 800px) 100vw, 800px\"><figcaption>Get\u00falio Vargas e oficiais militares em 1936 <br \/>Arquivo Nacional\/Wikimedia Commons<\/figcaption><\/figure>\n<h3>As consequ\u00eancias do plano<\/h3>\n<p>Um dia ap\u00f3s a divulga\u00e7\u00e3o do Plano Cohen, em 1\u00ba de outubro de 1937, o Ministro da Justi\u00e7a, Macedo Soares, submeteu ao Congresso um pedido de decreta\u00e7\u00e3o de estado de guerra.<\/p>\n<p>A requisi\u00e7\u00e3o foi aprovada por ampla maioria \u2014 138 votos favor\u00e1veis e 52 contr\u00e1rios na C\u00e2mara dos Deputados, 23 votos a favor e 5 contra no Senado. Os poucos parlamentares que exigiram averiguar o documento foram acusados de \u201cantipatriotas\u201d e recriminados por questionarem a \u201chonestidade dos militares\u201d.<\/p>\n<p>Respaldado pelo decreto, Vargas suspendeu as liberdades civis, intensificou a censura e a repress\u00e3o. Em 6 de outubro, o presidente instalou uma comiss\u00e3o para supervisionar o cumprimento do estado de guerra e das determina\u00e7\u00f5es governamentais.<\/p>\n<p>Vargas ordenou a pris\u00e3o de \u201ctodos os praticantes e simpatizantes de doutrinas comunistas\u201d e mandou criar campos de concentra\u00e7\u00e3o \u201cdestinados a receber jovens que tenham transviado de seus deveres c\u00edvicos\u201d. Tamb\u00e9m orientou a cria\u00e7\u00e3o de espa\u00e7os para a \u201creeduca\u00e7\u00e3o de filhos de comunistas presos\u201d.<\/p>\n<p>Diversas lideran\u00e7as pol\u00edticas da oposi\u00e7\u00e3o foram perseguidas e os parlamentares n\u00e3o alinhados foram presos. O governador ga\u00facho Jos\u00e9 Ant\u00f4nio Flores da Cunha foi for\u00e7ado a renunciar e a partir para o ex\u00edlio no Uruguai.<\/p>\n<p>No dia 1\u00ba de novembro de 1937, uma enorme marcha com mais de 50.000 integralistas saiu \u00e0s ruas do Rio de Janeiro para demonstrar apoio a Vargas. O presidente assistiu ao desfile de uma sacada do Pal\u00e1cio do Catete e foi reverenciado com a sauda\u00e7\u00e3o integralista de \u201cAnau\u00ea!\u201d.<\/p>\n<p>O Plano Cohen pavimentou o caminho para o golpe de 10 de novembro de 1937, quando Vargas ordenou a dissolu\u00e7\u00e3o do Congresso, cancelou as elei\u00e7\u00f5es presidenciais e outorgou uma nova Constitui\u00e7\u00e3o, conhecida como \u201cPolaca\u201d, inspirada na carta magna autorit\u00e1ria da Pol\u00f4nia.<\/p>\n<p>Nascia assim o Estado Novo, uma ditadura que aboliu os partidos pol\u00edticos, baniu os movimentos sociais e sindicatos independentes, proibiu greves e extinguiu a autonomia dos estados. O regime ditatorial se estenderia por oito anos, at\u00e9 a redemocratiza\u00e7\u00e3o em 1945.<\/p>\n<p>Milhares de opositores, sobretudo de esquerda, seriam presos, torturados ou exilados. Lideran\u00e7as liberais e jornalistas tamb\u00e9m foram perseguidos. At\u00e9 mesmo os integralistas se tornaram, posteriormente, alvos do regime, ap\u00f3s uma tentativa fracassada de levante. O anticomunismo se consolidou como uma doutrina oficial de Estado, passando a ter enorme influ\u00eancia sobre a forma\u00e7\u00e3o das For\u00e7as Armadas e os princ\u00edpios basilares da pol\u00edtica externa.<\/p>\n<p>A farsa do Plano Cohen s\u00f3 foi admitida publicamente anos depois, em meio \u00e0 crise do Estado Novo. Em 1945, o general G\u00f3is Monteiro, agora convertido em advers\u00e1rio de Vargas, admitiu que o documento fora forjado. Ol\u00edmpio Mour\u00e3o Filho confessou ser o autor do plano. Anos mais tarde, Ol\u00edmpio seria um dos principais l\u00edderes do golpe de 1964, que derrubou Jo\u00e3o Goulart e instaurou uma nova ditadura.<\/p>\n<p>O post Plano Cohen: a farsa dos militares que justificou a ditadura de Vargas apareceu primeiro em Opera Mundi.<\/p>\n<!-- Begin Yuzo --><div class='yuzo_related_post style-1'  data-version='5.12.89'><!-- without result --><div class='yuzo_clearfixed yuzo__title yuzo__title'><h3>Related Post<\/h3><\/div>\n\t\t\t\t\t\t  <div class=\"relatedthumb \" style=\"width:125px;float:left;overflow:hidden;\">  \n\t\t\t\t\t\t\t  \n\t\t\t\t\t\t\t  <a  href=\"https:\/\/redept.com.br\/blogosfera\/delegacao-do-hamas-chega-ao-egito-para-discutir-segunda-fase-do-cessar-fogo\/\"  >\n\t\t\t\t\t\t\t\t\t  <div class=\"yuzo-img-wrap \" style=\"width: 125px;height:90px;\">\n\t\t\t\t\t\t\t\t\t\t\n\t\t\t\t\t\t\t\t\t\t<div class=\"yuzo-img\" style=\"background:url('https:\/\/redept.com.br\/blogosfera\/wp-content\/uploads\/2025\/03\/demonstration_in_lisbon_for_a_ceasefire_in_gaza-150x150.jpg') 50% 50% no-repeat;width: 125px;height:90px;margin-bottom: 5px;background-size: cover; \"><\/div>\n\t\t\t\t\t\t\t\t\t  <\/div>\n\t\t\t\t\t\t\t\t\t  \n\t\t\t\t\t\t\t\t   <span class=\"yuzo__text--title\" style=\"font-size:13px;\">Delega\u00e7\u00e3o do Hamas chega ao Egito para discutir se...<\/span>\n\t\t\t\t\t\t\t  \n\t\t\t\t\t\t\t  \n\t\t\t\t\t\t\t  <\/a>\n\n\t\t\t\t\t\t  <\/div>\n\t\t\t\t\t\t  <div class=\"relatedthumb \" style=\"width:125px;float:left;overflow:hidden;\">  \n\t\t\t\t\t\t\t  \n\t\t\t\t\t\t\t  <a  href=\"https:\/\/redept.com.br\/blogosfera\/as-vesperas-de-julgamento-no-tse-claudio-castro-deve-renunciar-ao-cargo-de-governador-do-rio\/\"  >\n\t\t\t\t\t\t\t\t\t  <div class=\"yuzo-img-wrap \" style=\"width: 125px;height:90px;\">\n\t\t\t\t\t\t\t\t\t\t\n\t\t\t\t\t\t\t\t\t\t<div class=\"yuzo-img\" style=\"background:url('https:\/\/redept.org\/blogosfera\/wp-content\/plugins\/yuzo-related-post\/assets\/images\/default.png') 50% 50% no-repeat;width: 125px;height:90px;margin-bottom: 5px;background-size: cover; \"><\/div>\n\t\t\t\t\t\t\t\t\t  <\/div>\n\t\t\t\t\t\t\t\t\t  \n\t\t\t\t\t\t\t\t   <span class=\"yuzo__text--title\" style=\"font-size:13px;\">\u00c0s v\u00e9speras de julgamento no TSE, Cl\u00e1udio Castro d...<\/span>\n\t\t\t\t\t\t\t  \n\t\t\t\t\t\t\t  \n\t\t\t\t\t\t\t  <\/a>\n\n\t\t\t\t\t\t  <\/div>\n\t\t\t\t\t\t  <div class=\"relatedthumb \" style=\"width:125px;float:left;overflow:hidden;\">  \n\t\t\t\t\t\t\t  \n\t\t\t\t\t\t\t  <a  href=\"https:\/\/redept.com.br\/blogosfera\/pena-maior-para-homicidio-e-agressao-em-escolas-vai-a-sancao\/\"  >\n\t\t\t\t\t\t\t\t\t  <div class=\"yuzo-img-wrap \" style=\"width: 125px;height:90px;\">\n\t\t\t\t\t\t\t\t\t\t\n\t\t\t\t\t\t\t\t\t\t<div class=\"yuzo-img\" style=\"background:url('https:\/\/redept.org\/blogosfera\/wp-content\/plugins\/yuzo-related-post\/assets\/images\/default.png') 50% 50% no-repeat;width: 125px;height:90px;margin-bottom: 5px;background-size: cover; \"><\/div>\n\t\t\t\t\t\t\t\t\t  <\/div>\n\t\t\t\t\t\t\t\t\t  \n\t\t\t\t\t\t\t\t   <span class=\"yuzo__text--title\" style=\"font-size:13px;\">Pena maior para homic\u00eddio e agress\u00e3o em escolas va...<\/span>\n\t\t\t\t\t\t\t  \n\t\t\t\t\t\t\t  \n\t\t\t\t\t\t\t  <\/a>\n\n\t\t\t\t\t\t  <\/div>\n\t\t\t\t\t\t  <div class=\"relatedthumb \" style=\"width:125px;float:left;overflow:hidden;\">  \n\t\t\t\t\t\t\t  \n\t\t\t\t\t\t\t  <a  href=\"https:\/\/redept.com.br\/blogosfera\/ira-agradece-apoio-de-pequim-e-propoe-alianca-de-seguranca-em-cupula-na-china\/\"  >\n\t\t\t\t\t\t\t\t\t  <div class=\"yuzo-img-wrap \" style=\"width: 125px;height:90px;\">\n\t\t\t\t\t\t\t\t\t\t\n\t\t\t\t\t\t\t\t\t\t<div class=\"yuzo-img\" style=\"background:url('https:\/\/redept.com.br\/blogosfera\/wp-content\/uploads\/2025\/07\/1404042509575159233444374-150x150.jpg') 50% 50% no-repeat;width: 125px;height:90px;margin-bottom: 5px;background-size: cover; \"><\/div>\n\t\t\t\t\t\t\t\t\t  <\/div>\n\t\t\t\t\t\t\t\t\t  \n\t\t\t\t\t\t\t\t   <span class=\"yuzo__text--title\" style=\"font-size:13px;\">Ir\u00e3 agradece apoio de Pequim e prop\u00f5e alian\u00e7a de s...<\/span>\n\t\t\t\t\t\t\t  \n\t\t\t\t\t\t\t  \n\t\t\t\t\t\t\t  <\/a>\n\n\t\t\t\t\t\t  <\/div>\n<\/div> <script>\n\t\t\t\t\t\t  jQuery(document).ready(function( $ ){\n\t\t\t\t\t\t\t\/\/jQuery('.yuzo_related_post').equalizer({ overflow : 'relatedthumb' });\n\t\t\t\t\t\t\tjQuery('.yuzo_related_post .yuzo_wraps').equalizer({ columns : '> div' });\n\t\t\t\t\t\t   })\n\t\t\t\t\t\t  <\/script> <!-- End Yuzo :) -->","protected":false},"excerpt":{"rendered":"<p>H\u00e1 88 anos, em 30 de setembro de 1937, o governo brasileiro anunciava publicamente a \u201cdescoberta\u201d do Plano Cohen. Atribu\u00eddo \u00e0 Comintern, o documento detalhava um suposto plano dos comunistas para tomar o poder no Brasil, fazendo uso de assassinatos em massa, ataques com g\u00e1s venenoso e outras atrocidades. Era tudo mentira. O Plano Cohen [\u2026]<\/p>\n<p>O post <a href=\"https:\/\/operamundi.uol.com.br\/pensar-a-historia\/plano-cohen-a-farsa-dos-militares-que-justificou-a-ditadura-de-vargas\/\">Plano Cohen: a farsa dos militares que justificou a ditadura de Vargas<\/a> apareceu primeiro em <a href=\"https:\/\/operamundi.uol.com.br\/\">Opera Mundi<\/a>.<\/p>\n","protected":false},"author":2,"featured_media":55719,"comment_status":"closed","ping_status":"closed","sticky":false,"template":"","format":"standard","meta":{"fifu_image_url":"","fifu_image_alt":"","footnotes":""},"categories":[45,1311,1284,3108,10144,1627,1797,2735,5622,22676],"tags":[],"class_list":["post-55718","post","type-post","status-publish","format-standard","has-post-thumbnail","hentry","category-brasil","category-comunismo","category-ditadura","category-esquerda","category-estado-novo","category-getulio-vargas","category-golpe","category-oposicao","category-pensar-a-historia","category-plano-cohen"],"_links":{"self":[{"href":"https:\/\/redept.com.br\/blogosfera\/wp-json\/wp\/v2\/posts\/55718","targetHints":{"allow":["GET"]}}],"collection":[{"href":"https:\/\/redept.com.br\/blogosfera\/wp-json\/wp\/v2\/posts"}],"about":[{"href":"https:\/\/redept.com.br\/blogosfera\/wp-json\/wp\/v2\/types\/post"}],"author":[{"embeddable":true,"href":"https:\/\/redept.com.br\/blogosfera\/wp-json\/wp\/v2\/users\/2"}],"replies":[{"embeddable":true,"href":"https:\/\/redept.com.br\/blogosfera\/wp-json\/wp\/v2\/comments?post=55718"}],"version-history":[{"count":0,"href":"https:\/\/redept.com.br\/blogosfera\/wp-json\/wp\/v2\/posts\/55718\/revisions"}],"wp:featuredmedia":[{"embeddable":true,"href":"https:\/\/redept.com.br\/blogosfera\/wp-json\/wp\/v2\/media\/55719"}],"wp:attachment":[{"href":"https:\/\/redept.com.br\/blogosfera\/wp-json\/wp\/v2\/media?parent=55718"}],"wp:term":[{"taxonomy":"category","embeddable":true,"href":"https:\/\/redept.com.br\/blogosfera\/wp-json\/wp\/v2\/categories?post=55718"},{"taxonomy":"post_tag","embeddable":true,"href":"https:\/\/redept.com.br\/blogosfera\/wp-json\/wp\/v2\/tags?post=55718"}],"curies":[{"name":"wp","href":"https:\/\/api.w.org\/{rel}","templated":true}]}}