{"id":55860,"date":"2025-10-01T16:01:52","date_gmt":"2025-10-01T19:01:52","guid":{"rendered":"https:\/\/redept.com.br\/blogosfera\/justica-no-rs-obriga-jbs-aves-a-tomar-medidas-contra-trabalho-escravo-em-granjas\/"},"modified":"2025-10-01T16:01:52","modified_gmt":"2025-10-01T19:01:52","slug":"justica-no-rs-obriga-jbs-aves-a-tomar-medidas-contra-trabalho-escravo-em-granjas","status":"publish","type":"post","link":"https:\/\/redept.com.br\/blogosfera\/justica-no-rs-obriga-jbs-aves-a-tomar-medidas-contra-trabalho-escravo-em-granjas\/","title":{"rendered":"Justi\u00e7a no RS obriga JBS Aves a tomar medidas contra trabalho escravo em granjas"},"content":{"rendered":"<p><strong>UMA LIMINAR<\/strong> (decis\u00e3o provis\u00f3ria) da Justi\u00e7a do Trabalho no Rio Grande do Sul, publicada na ter\u00e7a-feira (30), determina que a JBS Aves adote uma s\u00e9rie de a\u00e7\u00f5es para coibir casos de trabalho escravo na apanha de frangos em granjas fornecedoras. A empresa faz parte do grupo JBS, maior processador de prote\u00edna animal do mundo.<\/p>\n<p>A medida de primeira inst\u00e2ncia, e da qual a companhia pode recorrer, atende a um pedido do MPT (Minist\u00e9rio P\u00fablico do Trabalho). O \u00f3rg\u00e3o move uma a\u00e7\u00e3o civil p\u00fablica contra a JBS Aves e pede uma indeniza\u00e7\u00e3o de R$ 20 milh\u00f5es por danos morais coletivos \u2014 em dezembro do ano passado, uma fiscaliza\u00e7\u00e3o do governo federal responsabilizou a empresa por trabalho escravo numa granja localizada em Arvorezinha, a 200 quil\u00f4metros da capital ga\u00facha.<\/p>\n<figure>\n<div>\n<\/div>\n<\/figure>\n<p>Al\u00e9m da disputa judicial, o caso vem gerando uma crise no MTE (Minist\u00e9rio do Trabalho e Emprego), pasta comandada por Luiz Marinho, um dos mais pr\u00f3ximos do presidente Luiz In\u00e1cio Lula da Silva.\u00a0<\/p>\n<p>Em 18 de setembro, Marinho \u201cavocou\u201d (chamou) para si pr\u00f3prio a decis\u00e3o sobre a inclus\u00e3o da JBS na chamada Lista Suja do trabalho escravo \u2014 cadastro oficial do governo federal que torna p\u00fablicos os dados de empregadores responsabilizados por essa pr\u00e1tica.<\/p>\n<p>Em protesto contra o ato de Marinho, 19 auditores fiscais do MTE deixaram cargos de coordena\u00e7\u00e3o regional de combate ao trabalho escravo em todo o pa\u00eds, na \u00faltima quinta-feira (25). A falta de um coordenador regional n\u00e3o inviabiliza, mas prejudica e atrasa o planejamento de opera\u00e7\u00f5es de resgate de trabalhadores e a articula\u00e7\u00e3o com outros \u00f3rg\u00e3os p\u00fablicos envolvidos nessas a\u00e7\u00f5es, como PF (Pol\u00edcia Federal) e MPT.<\/p>\n<p>Em nota, a assessoria de imprensa afirmou que os autos de infra\u00e7\u00e3o aplicados pelos auditores fiscais do MTE ainda est\u00e3o em discuss\u00e3o na esfera administrativa, \u201csem conclus\u00e3o definitiva\u201d, e que a empresa tem \u201ctoler\u00e2ncia zero com viola\u00e7\u00f5es de pr\u00e1ticas trabalhistas e de direitos humanos\u201d.<\/p>\n<p>O posicionamento informa ainda que a granja n\u00e3o trabalhava com exclusividade para a Seara, marca da JBS Aves. \u201cA Companhia imediatamente encerrou o contrato e bloqueou o prestador assim que tomou conhecimento das den\u00fancias. Adicionalmente, a Seara contratou uma auditoria externa para checagem da documenta\u00e7\u00e3o dos trabalhadores de empresas terceiras, bem como intensificou a auditoria interna, com an\u00e1lise e verifica\u00e7\u00e3o di\u00e1ria de todas as condi\u00e7\u00f5es da presta\u00e7\u00e3o de servi\u00e7os de apanha realizada por terceiros\u201d, continua a nota.<\/p>\n<div data-elementor-type=\"section\" data-elementor-id=\"77670\" data-elementor-post-type=\"elementor_library\">\n<div data-id=\"17a659f\" data-element_type=\"container\" data-settings='{\"background_background\":\"classic\"}'>\n<div>\n<div data-id=\"386385d\" data-element_type=\"widget\" data-widget_type=\"heading.default\">\n<div>\n<h2>ASSINE NOSSA NEWSLETTER<\/h2>\n<\/p><\/div>\n<\/p><\/div>\n<div data-id=\"6546917\" data-element_type=\"widget\" data-widget_type=\"html.default\">\n<div>\n\t\t\t\t\t\t\t\t\t<\/div>\n<\/p><\/div>\n<div data-id=\"8c2e333\" data-element_type=\"widget\" data-settings='{\"button_width\":\"20\",\"step_next_label\":\"Next\",\"step_previous_label\":\"Previous\",\"button_width_mobile\":\"20\",\"step_type\":\"number_text\",\"step_icon_shape\":\"circle\"}' data-widget_type=\"form.default\">\n<div>\n<div>\n<div>\n\t\t\t\t\t\t\t\t\t\t\t\t<label for=\"form-field-email\"><br \/>\n\t\t\t\t\t\t\t\tEmail\t\t\t\t\t\t\t<\/label><\/p><\/div>\n<div>\n\t\t\t\t\t<button type=\"submit\"><br \/>\n\t\t\t\t\t\t<span><br \/>\n\t\t\t\t\t\t\t\t\t\t\t\t\t\t\t<span><br \/>\n\t\t\t\t\t\t\t\t\t<i aria-hidden=\"true\"><\/i>\t\t\t\t\t\t\t\t\t\t\t\t\t\t\t\t\t\t\t<span>Submit<\/span><br \/>\n\t\t\t\t\t\t\t\t\t\t\t\t\t\t\t\t\t<\/span><br \/>\n\t\t\t\t\t\t\t\t\t\t\t\t\t\t\t\t\t\t\t\t<\/span><br \/>\n\t\t\t\t\t<\/button>\n\t\t\t\t<\/div>\n<\/p><\/div>\n<\/p><\/div>\n<\/p><\/div>\n<\/p><\/div>\n<\/p><\/div>\n<\/p><\/div>\n<h2>Por que a JBS Aves foi responsabilizada por trabalho an\u00e1logo ao de escravo no RS<\/h2>\n<p>Em dezembro de 2024, uma inspe\u00e7\u00e3o realizada por auditores fiscais do MTE resgatou dez trabalhadores, entre 21 e 33 anos, de uma granja no interior do Rio Grande do Sul.\u00a0<\/p>\n<p>Segundo os respons\u00e1veis pelo flagrante, o grupo se dedicava \u00e0 apanha de aves e estaria submetido a jornadas exaustivas, de at\u00e9 16 horas di\u00e1rias. Os trabalhadores teriam se alimentado de frangos descartados por estarem supostamente fora do padr\u00e3o da JBS.\u00a0<\/p>\n<p>Ainda segundo a fiscaliza\u00e7\u00e3o, um dos alojamentos teria ficado sem \u00e1gua por ao menos duas semanas, obrigando trabalhadores a recorrer a um po\u00e7o para cozinhar e realizar a higiene pessoal. De acordo com os auditores do MTE, alguns trabalhadores chegaram a ser encaminhados a um hospital, com sintomas de esgotamento f\u00edsico.\u00a0<\/p>\n<figure><img fetchpriority=\"high\" fetchpriority=\"high\" decoding=\"async\" width=\"1024\" height=\"683\"src=\"https:\/\/redept.com.br\/blogosfera\/wp-content\/uploads\/2025\/10\/resgate_mrj_granja_jbs_mte.jpg\" alt=\"Trabalhador da MRJ em granja: caso em empresa terceirizada levou JBS Aves a ser autuada por trabalho escravo (Foto: MTE)\" srcset=\"https:\/\/reporterbrasil.org.br\/wp-content\/uploads\/2025\/05\/resgate_mrj_granja_jbs_mte-1024x683.jpg 1024w, https:\/\/reporterbrasil.org.br\/wp-content\/uploads\/2025\/05\/resgate_mrj_granja_jbs_mte-300x200.jpg 300w, https:\/\/reporterbrasil.org.br\/wp-content\/uploads\/2025\/05\/resgate_mrj_granja_jbs_mte-768x512.jpg 768w, https:\/\/redept.com.br\/blogosfera\/wp-content\/uploads\/2025\/10\/resgate_mrj_granja_jbs_mte.jpg 1200w\" sizes=\"(max-width: 1024px) 100vw, 1024px\"><figcaption>Caso em granja fornecedora levou JBS Aves a ser autuada por trabalho escravo (Foto: Divulga\u00e7\u00e3o\/MTE)<\/figcaption><\/figure>\n<p>Al\u00e9m disso, o MTE identificou a submiss\u00e3o dos resgatados a condi\u00e7\u00f5es degradantes e a trabalhos for\u00e7ados mediante a imposi\u00e7\u00e3o de d\u00edvidas ilegais decorrentes de despesas com transporte e alimenta\u00e7\u00e3o<\/p>\n<p>Originalmente, os trabalhadores foram contratados por uma terceirizada. No entanto, o MTE considerou a unidade da JBS Aves de Passo Fundo (RS) a \u201cprincipal respons\u00e1vel\u201d pelas infra\u00e7\u00f5es que caracterizariam a explora\u00e7\u00e3o de m\u00e3o de obra em condi\u00e7\u00f5es an\u00e1logas \u00e0s de escravo, j\u00e1 que a companhia exerceria controle total sobre a opera\u00e7\u00e3o da apanha de frango.<\/p>\n<figure><img decoding=\"async\" width=\"768\" height=\"1024\"src=\"https:\/\/redept.com.br\/blogosfera\/wp-content\/uploads\/2025\/10\/WhatsApp-Image-2025-09-25-at-172414.jpeg\" alt=\"De acordo com auditores fiscais do MTE, trabalhadores estariam submetido a jornadas exaustivas, de at\u00e9 16 horas di\u00e1rias (Foto: Divulga\u00e7\u00e3o\/MTE)\" srcset=\"https:\/\/reporterbrasil.org.br\/wp-content\/uploads\/2025\/10\/WhatsApp-Image-2025-09-25-at-17.24.14-768x1024.jpeg 768w, https:\/\/reporterbrasil.org.br\/wp-content\/uploads\/2025\/10\/WhatsApp-Image-2025-09-25-at-17.24.14-225x300.jpeg 225w, https:\/\/reporterbrasil.org.br\/wp-content\/uploads\/2025\/10\/WhatsApp-Image-2025-09-25-at-17.24.14-1152x1536.jpeg 1152w, https:\/\/redept.com.br\/blogosfera\/wp-content\/uploads\/2025\/10\/WhatsApp-Image-2025-09-25-at-172414.jpeg 1200w\" sizes=\"(max-width: 768px) 100vw, 768px\"><figcaption>De acordo com auditores fiscais do MTE, trabalhadores estariam submetido a jornadas exaustivas, de at\u00e9 16 horas di\u00e1rias (Foto: Divulga\u00e7\u00e3o\/MTE)<\/figcaption><\/figure>\n<h2>O que diz a liminar concedida pela Justi\u00e7a do Trabalho contra a JBS<\/h2>\n<p>A liminar concedida pelo juiz Jos\u00e9 Renato Stangler, da Vara do Trabalho de Soledade (RS), estabelece 17 obriga\u00e7\u00f5es imediatas \u00e0 JBS Aves.<\/p>\n<p>Segundo a decis\u00e3o, a empresa fica respons\u00e1vel por garantir que trabalhadores diretos ou terceirizados da cadeia de produ\u00e7\u00e3o tenham garantidos direitos previstos em lei. Al\u00e9m de fornecer \u00e1gua pot\u00e1vel e alojamentos adequados, a companhia fica obrigada a monitorar o cumprimento de normas de sa\u00fade e seguran\u00e7a, como o fornecimento de EPIs (Equipamentos de Prote\u00e7\u00e3o Individual).<\/p>\n<p>A liminar determina ainda que a JBS Aves tamb\u00e9m dimensione adequadamente o tamanho das equipes para assegurar o n\u00famero m\u00ednimo de trabalhadores para respeitar limites de jornada e evitar sobrecarga f\u00edsica nas granjas.\u00a0<\/p>\n<p>Segundo a decis\u00e3o da Vara de Soledade, o descumprimento das obriga\u00e7\u00f5es pode ser punida com multas de R$ 10 mil a R$ 300 mil por ocorr\u00eancia.<\/p>\n<figure><img decoding=\"async\" width=\"768\" height=\"1024\"src=\"https:\/\/redept.com.br\/blogosfera\/wp-content\/uploads\/2025\/10\/WhatsApp-Image-2025-09-25-at-172404.jpeg\" alt=\"Segundo a fiscaliza\u00e7\u00e3o, um dos alojamentos teria ficado sem \u00e1gua por ao menos duas semanas, obrigando trabalhadores a recorrer a um po\u00e7o para cozinhar e realizar a higiene pessoal (Foto: Divulga\u00e7\u00e3o\/MTE)\" srcset=\"https:\/\/reporterbrasil.org.br\/wp-content\/uploads\/2025\/10\/WhatsApp-Image-2025-09-25-at-17.24.04-768x1024.jpeg 768w, https:\/\/reporterbrasil.org.br\/wp-content\/uploads\/2025\/10\/WhatsApp-Image-2025-09-25-at-17.24.04-225x300.jpeg 225w, https:\/\/reporterbrasil.org.br\/wp-content\/uploads\/2025\/10\/WhatsApp-Image-2025-09-25-at-17.24.04-1152x1536.jpeg 1152w, https:\/\/redept.com.br\/blogosfera\/wp-content\/uploads\/2025\/10\/WhatsApp-Image-2025-09-25-at-172404.jpeg 1200w\" sizes=\"(max-width: 768px) 100vw, 768px\"><figcaption>Segundo a fiscaliza\u00e7\u00e3o, um dos alojamentos teria ficado sem \u00e1gua por ao menos duas semanas, obrigando trabalhadores a recorrer a um po\u00e7o para cozinhar e realizar a higiene pessoal (Foto: Divulga\u00e7\u00e3o\/MTE)<\/figcaption><\/figure>\n<h2>Medida de Marinho foi alvo de cr\u00edticas por risco de \u2018politiza\u00e7\u00e3o\u2019 de decis\u00e3o t\u00e9cnica<\/h2>\n<p>A decis\u00e3o de Luiz Marinho de barrar a entrada da JBS Aves na Lista Suja do trabalho escravo, at\u00e9 que o pr\u00f3prio ministro do Trabalho emita um parecer final, foi alvo de cr\u00edticas de autoridades e entidades dedicadas ao combate ao trabalho escravo.<\/p>\n<p>Pelas regras atuais, pessoas f\u00edsicas e jur\u00eddicas autuadas pelos auditores fiscais do MTE podem se defender em duas inst\u00e2ncias administrativas, antes de terem seus nomes inclu\u00eddos na Lista Suja. Desde novembro de 2003, quando o cadastro foi criado, uma \u201cavoca\u00e7\u00e3o\u201d por um ministro do Trabalho nunca havia acontecido.\u00a0<\/p>\n<p>\u201cEstamos diante de um precedente extremamente perigoso: empresas com grande porte econ\u00f4mico podem ter seus casos de trabalho escravo retirados da esfera t\u00e9cnica e transferidos para negocia\u00e7\u00e3o pol\u00edtica. Isso institucionaliza a impunidade seletiva e corr\u00f3i toda a credibilidade do sistema de combate ao trabalho escravo no Brasil\u201d, afirmou Luciano Arag\u00e3o, procurador do MPT (Minist\u00e9rio P\u00fablico do Trabalho), em entrevista \u00e0 <strong>Rep\u00f3rter Brasil<\/strong>.\u00a0<\/p>\n<p>O artigo 648 da CLT (Consolida\u00e7\u00e3o das Leis do Trabalho) permite que o titular do Minist\u00e9rio do Trabalho tenha a palavra final sobre o assunto, mas isso bate de frente com tratados internacionais que o Brasil j\u00e1 ratificou, segundo Luciano Arag\u00e3o.<\/p>\n<figure><img loading=\"lazy\" loading=\"lazy\" decoding=\"async\" width=\"1024\" height=\"683\"src=\"https:\/\/redept.com.br\/blogosfera\/wp-content\/uploads\/2025\/10\/0d9a5759.jpg\" alt=\"Bras\u00edlia (DF), 28\/03\/2025 - O Ministro do Trabalho e Emprego, Luiz Marinho, apresenta os dados do Novo Cadastro Geral de Empregados e Desempregados (Novo Caged) referentes ao m\u00eas de fevereiro de 2025. Foto: Jos\u00e9 Cruz\/Ag\u00eancia Brasil\" srcset=\"https:\/\/reporterbrasil.org.br\/wp-content\/uploads\/2025\/09\/0d9a5759-1024x683.jpg 1024w, https:\/\/reporterbrasil.org.br\/wp-content\/uploads\/2025\/09\/0d9a5759-300x200.jpg 300w, https:\/\/reporterbrasil.org.br\/wp-content\/uploads\/2025\/09\/0d9a5759-768x512.jpg 768w, https:\/\/redept.com.br\/blogosfera\/wp-content\/uploads\/2025\/10\/0d9a5759.jpg 1200w\" sizes=\"auto, (max-width: 1024px) 100vw, 1024px\"><figcaption>O Ministro do Trabalho e Emprego, Luiz Marinho, \u2018avocou\u2019 para si mesmo a decis\u00e3o sobre a entrada da JBS na Lista Suja do trabalho escravo do governo federal  (Foto: Jos\u00e9 Cruz\/Ag\u00eancia Brasil)<\/figcaption><\/figure>\n<p>\u201cA avoca\u00e7\u00e3o pelo ministro do Trabalho do processo administrativo contra a JBS por trabalho escravo representa grave viola\u00e7\u00e3o \u00e0 Conven\u00e7\u00e3o 81 da OIT (Organiza\u00e7\u00e3o Internacional do Trabalho), que garante a independ\u00eancia t\u00e9cnica da fiscaliza\u00e7\u00e3o trabalhista\u201d, disse o procurador do MPT.<\/p>\n<p>Em nota enviada \u00e0 reportagem, o MTE afirmou que \u201ca avoca\u00e7\u00e3o \u00e9 um instrumento previsto em lei, n\u00e3o possui car\u00e1ter in\u00e9dito ou exclusivo e tampouco se fundamenta no porte da empresa\u201d. Segundo o posicionamento, \u201ctrata-se da an\u00e1lise, pela autoridade competente, de atos administrativos sob sua responsabilidade, com a prerrogativa legal de rev\u00ea-los\u201d.<\/p>\n<div data-elementor-type=\"container\" data-elementor-id=\"75228\" data-elementor-post-type=\"elementor_library\">\n<div data-id=\"5e8db1e6\" data-element_type=\"container\">\n<div>\n<div data-id=\"36eb6c91\" data-element_type=\"container\">\n<div>\n<div data-id=\"6f52f515\" data-element_type=\"container\">\n<div data-id=\"65d9f401\" data-element_type=\"widget\" data-widget_type=\"divider.default\">\n<div>\n<div>\n\t\t\t<span><br \/>\n\t\t\t\t\t\t<\/span>\n\t\t<\/div>\n<\/p><\/div>\n<\/p><\/div>\n<\/p><\/div>\n<div data-id=\"134a1245\" data-element_type=\"container\">\n<div>\n<div data-id=\"10fe55fe\" data-element_type=\"widget\" data-widget_type=\"text-editor.default\">\n<div>\n<p>Leia tamb\u00e9m<\/p>\n<\/p><\/div>\n<\/p><\/div>\n<\/p><\/div>\n<\/p><\/div>\n<\/p><\/div>\n<\/p><\/div>\n<div data-id=\"3c9495ae\" data-element_type=\"widget\" data-settings='{\"template_id\":\"75221\",\"columns\":1,\"row_gap\":{\"unit\":\"px\",\"size\":10,\"sizes\":[]},\"_skin\":\"post\",\"columns_tablet\":\"2\",\"columns_mobile\":\"1\",\"edit_handle_selector\":\"[data-elementor-type=\"loop-item\"]\",\"row_gap_tablet\":{\"unit\":\"px\",\"size\":\"\",\"sizes\":[]},\"row_gap_mobile\":{\"unit\":\"px\",\"size\":\"\",\"sizes\":[]}}' data-widget_type=\"loop-grid.post\">\n<div>\n<div>\n\t\t<\/div>\n<\/p><\/div>\n<\/p><\/div>\n<\/p><\/div>\n<\/p><\/div>\n<\/p><\/div>\n<p><\/p>\n<p><\/p>\n<p><\/p>\n<p>The post Justi\u00e7a no RS obriga JBS Aves a tomar medidas contra trabalho escravo em granjas appeared first on Rep\u00f3rter Brasil.<\/p>\n<!-- Begin Yuzo --><div class='yuzo_related_post style-1'  data-version='5.12.89'><!-- without result --><div class='yuzo_clearfixed yuzo__title yuzo__title'><h3>Related Post<\/h3><\/div>\n\t\t\t\t\t\t  <div class=\"relatedthumb \" style=\"width:125px;float:left;overflow:hidden;\">  \n\t\t\t\t\t\t\t  \n\t\t\t\t\t\t\t  <a  href=\"https:\/\/redept.com.br\/blogosfera\/biorrefinarias-de-pequena-escala-oportunidade-para-territorios-sustentaveis\/\"  >\n\t\t\t\t\t\t\t\t\t  <div class=\"yuzo-img-wrap \" style=\"width: 125px;height:90px;\">\n\t\t\t\t\t\t\t\t\t\t\n\t\t\t\t\t\t\t\t\t\t<div class=\"yuzo-img\" style=\"background:url('https:\/\/redept.com.br\/blogosfera\/wp-content\/uploads\/2025\/02\/image-2-150x150.png') 50% 50% no-repeat;width: 125px;height:90px;margin-bottom: 5px;background-size: cover; \"><\/div>\n\t\t\t\t\t\t\t\t\t  <\/div>\n\t\t\t\t\t\t\t\t\t  \n\t\t\t\t\t\t\t\t   <span class=\"yuzo__text--title\" style=\"font-size:13px;\">Biorrefinarias de pequena escala: oportunidade par...<\/span>\n\t\t\t\t\t\t\t  \n\t\t\t\t\t\t\t  \n\t\t\t\t\t\t\t  <\/a>\n\n\t\t\t\t\t\t  <\/div>\n\t\t\t\t\t\t  <div class=\"relatedthumb \" style=\"width:125px;float:left;overflow:hidden;\">  \n\t\t\t\t\t\t\t  \n\t\t\t\t\t\t\t  <a  href=\"https:\/\/redept.com.br\/blogosfera\/maioria-quer-bolsonaro-preso-mas-teme-impunidade-56-rejeitam-anistia\/\"  >\n\t\t\t\t\t\t\t\t\t  <div class=\"yuzo-img-wrap \" style=\"width: 125px;height:90px;\">\n\t\t\t\t\t\t\t\t\t\t\n\t\t\t\t\t\t\t\t\t\t<div class=\"yuzo-img\" style=\"background:url('https:\/\/redept.com.br\/blogosfera\/wp-content\/uploads\/2025\/04\/983806ba-36e0-468a-af6c-daa4175a0934-150x150.jpg') 50% 50% no-repeat;width: 125px;height:90px;margin-bottom: 5px;background-size: cover; \"><\/div>\n\t\t\t\t\t\t\t\t\t  <\/div>\n\t\t\t\t\t\t\t\t\t  \n\t\t\t\t\t\t\t\t   <span class=\"yuzo__text--title\" style=\"font-size:13px;\">Maioria quer Bolsonaro preso, mas teme impunidade;...<\/span>\n\t\t\t\t\t\t\t  \n\t\t\t\t\t\t\t  \n\t\t\t\t\t\t\t  <\/a>\n\n\t\t\t\t\t\t  <\/div>\n\t\t\t\t\t\t  <div class=\"relatedthumb \" style=\"width:125px;float:left;overflow:hidden;\">  \n\t\t\t\t\t\t\t  \n\t\t\t\t\t\t\t  <a  href=\"https:\/\/redept.com.br\/blogosfera\/combate-a-criminalidade-e-feito-com-inteligencia-e-integracao-das-forcas-de-seguranca\/\"  >\n\t\t\t\t\t\t\t\t\t  <div class=\"yuzo-img-wrap \" style=\"width: 125px;height:90px;\">\n\t\t\t\t\t\t\t\t\t\t\n\t\t\t\t\t\t\t\t\t\t<div class=\"yuzo-img\" style=\"background:url('https:\/\/redept.org\/blogosfera\/wp-content\/plugins\/yuzo-related-post\/assets\/images\/default.png') 50% 50% no-repeat;width: 125px;height:90px;margin-bottom: 5px;background-size: cover; \"><\/div>\n\t\t\t\t\t\t\t\t\t  <\/div>\n\t\t\t\t\t\t\t\t\t  \n\t\t\t\t\t\t\t\t   <span class=\"yuzo__text--title\" style=\"font-size:13px;\">Combate \u00e0 criminalidade \u00e9 feito com intelig\u00eancia e...<\/span>\n\t\t\t\t\t\t\t  \n\t\t\t\t\t\t\t  \n\t\t\t\t\t\t\t  <\/a>\n\n\t\t\t\t\t\t  <\/div>\n\t\t\t\t\t\t  <div class=\"relatedthumb \" style=\"width:125px;float:left;overflow:hidden;\">  \n\t\t\t\t\t\t\t  \n\t\t\t\t\t\t\t  <a  href=\"https:\/\/redept.com.br\/blogosfera\/alexandre-ramagem-e-preso-pelo-ice-nos-eua\/\"  >\n\t\t\t\t\t\t\t\t\t  <div class=\"yuzo-img-wrap \" style=\"width: 125px;height:90px;\">\n\t\t\t\t\t\t\t\t\t\t\n\t\t\t\t\t\t\t\t\t\t<div class=\"yuzo-img\" style=\"background:url('https:\/\/redept.com.br\/blogosfera\/wp-content\/uploads\/2026\/04\/1000003840-2048x1365-1-150x150.jpg') 50% 50% no-repeat;width: 125px;height:90px;margin-bottom: 5px;background-size: cover; \"><\/div>\n\t\t\t\t\t\t\t\t\t  <\/div>\n\t\t\t\t\t\t\t\t\t  \n\t\t\t\t\t\t\t\t   <span class=\"yuzo__text--title\" style=\"font-size:13px;\">Alexandre Ramagem \u00e9 preso pelo ICE nos EUA<\/span>\n\t\t\t\t\t\t\t  \n\t\t\t\t\t\t\t  \n\t\t\t\t\t\t\t  <\/a>\n\n\t\t\t\t\t\t  <\/div>\n<\/div> <script>\n\t\t\t\t\t\t  jQuery(document).ready(function( $ ){\n\t\t\t\t\t\t\t\/\/jQuery('.yuzo_related_post').equalizer({ overflow : 'relatedthumb' });\n\t\t\t\t\t\t\tjQuery('.yuzo_related_post .yuzo_wraps').equalizer({ columns : '> div' });\n\t\t\t\t\t\t   })\n\t\t\t\t\t\t  <\/script> <!-- End Yuzo :) -->","protected":false},"excerpt":{"rendered":"<p>Decis\u00e3o liminar da Vara do Trabalho de Soledade (RS) obriga JBS a adotar 17 medidas para monitorar granjas fornecedoras; caso j\u00e1 motivou crise no Minist\u00e9rio do Trabalho e pedidos de exonera\u00e7\u00e3o de auditores fiscais contra a\u00e7\u00e3o do titular da pasta, Luiz Marinho<\/p>\n<p>The post <a href=\"https:\/\/reporterbrasil.org.br\/2025\/10\/justica-jbs-aves-medidas-contra-trabalho-escravo-granjas\/\">Justi\u00e7a no RS obriga JBS Aves a tomar medidas contra trabalho escravo em granjas<\/a> appeared first on <a href=\"https:\/\/reporterbrasil.org.br\/\">Rep\u00f3rter Brasil<\/a>.<\/p>\n","protected":false},"author":2,"featured_media":55861,"comment_status":"open","ping_status":"closed","sticky":false,"template":"","format":"standard","meta":{"fifu_image_url":"","fifu_image_alt":"","footnotes":""},"categories":[13690,5879,5891,5799,19,974],"tags":[],"class_list":["post-55860","post","type-post","status-publish","format-standard","has-post-thumbnail","hentry","category-_destaque-da-home-1","category-conteudo-original-em-portugues","category-jbs","category-reportagens","category-rio-grande-do-sul","category-trabalho-escravo"],"_links":{"self":[{"href":"https:\/\/redept.com.br\/blogosfera\/wp-json\/wp\/v2\/posts\/55860","targetHints":{"allow":["GET"]}}],"collection":[{"href":"https:\/\/redept.com.br\/blogosfera\/wp-json\/wp\/v2\/posts"}],"about":[{"href":"https:\/\/redept.com.br\/blogosfera\/wp-json\/wp\/v2\/types\/post"}],"author":[{"embeddable":true,"href":"https:\/\/redept.com.br\/blogosfera\/wp-json\/wp\/v2\/users\/2"}],"replies":[{"embeddable":true,"href":"https:\/\/redept.com.br\/blogosfera\/wp-json\/wp\/v2\/comments?post=55860"}],"version-history":[{"count":0,"href":"https:\/\/redept.com.br\/blogosfera\/wp-json\/wp\/v2\/posts\/55860\/revisions"}],"wp:featuredmedia":[{"embeddable":true,"href":"https:\/\/redept.com.br\/blogosfera\/wp-json\/wp\/v2\/media\/55861"}],"wp:attachment":[{"href":"https:\/\/redept.com.br\/blogosfera\/wp-json\/wp\/v2\/media?parent=55860"}],"wp:term":[{"taxonomy":"category","embeddable":true,"href":"https:\/\/redept.com.br\/blogosfera\/wp-json\/wp\/v2\/categories?post=55860"},{"taxonomy":"post_tag","embeddable":true,"href":"https:\/\/redept.com.br\/blogosfera\/wp-json\/wp\/v2\/tags?post=55860"}],"curies":[{"name":"wp","href":"https:\/\/api.w.org\/{rel}","templated":true}]}}