{"id":56032,"date":"2025-10-02T09:49:04","date_gmt":"2025-10-02T12:49:04","guid":{"rendered":"https:\/\/redept.com.br\/blogosfera\/governo-avanca-em-proposta-que-dispensa-autoescola-para-tirar-cnh\/"},"modified":"2025-10-02T09:49:04","modified_gmt":"2025-10-02T12:49:04","slug":"governo-avanca-em-proposta-que-dispensa-autoescola-para-tirar-cnh","status":"publish","type":"post","link":"https:\/\/redept.com.br\/blogosfera\/governo-avanca-em-proposta-que-dispensa-autoescola-para-tirar-cnh\/","title":{"rendered":"Governo avan\u00e7a em proposta que dispensa autoescola para tirar CNH"},"content":{"rendered":"<p>O Minist\u00e9rio dos Transportes d\u00e1 um passo em dire\u00e7\u00e3o ao fim da obrigatoriedade das aulas em autoescolas para obten\u00e7\u00e3o da Carteira Nacional de Habilita\u00e7\u00e3o (CNH) nesta quinta-feira (2). Ap\u00f3s aval do presidente <a href=\"https:\/\/tvtnews.com.br\/tag\/lula\/\" data-type=\"post_tag\" data-id=\"4337\" target=\"_blank\" rel=\"noreferrer noopener\">Lula<\/a>, uma consulta p\u00fablica ser\u00e1 aberta hoje para que cidad\u00e3os enviem sugest\u00f5es. Tornar as aulas em autoescolas facultativas \u00e9 uma tentativa de desburocratizar e baratear a obten\u00e7\u00e3o da carteira. Entenda em <a href=\"http:\/\/tvtnews.com.br\/\" target=\"_blank\" rel=\"noreferrer noopener\">TVT News<\/a>.<\/p>\n<\/p>\n<h2>Fim da obrigatoriedade da autoescola<\/h2>\n<\/p>\n<p>O Minist\u00e9rio dos <a href=\"https:\/\/tvtnews.com.br\/tag\/transportes\/\" target=\"_blank\" data-type=\"post_tag\" data-id=\"4593\" rel=\"noreferrer noopener\">Transportes<\/a> entende que a obrigatoriedade das aulas \u00e9 um entrave para que os brasileiros tirem carteira. Hoje, 20 milh\u00f5es de brasileiros dirigem carros e motos sem o documento, que pode custar at\u00e9 R$ 3,2 mil. Com o novo modelo, a expectativa \u00e9 ampliar o n\u00famero de condutores habilitados.<\/p>\n<p>De acordo com o projeto, os exames te\u00f3rico e pr\u00e1tico continuar\u00e3o obrigat\u00f3rios para obten\u00e7\u00e3o da CNH, mas o modo como o candidato se prepara para eles n\u00e3o precisar\u00e1 mais depender exclusivamente da autoescola.<\/p>\n<p>A exig\u00eancia da carga hor\u00e1ria m\u00ednima de 20 horas-aula pr\u00e1ticas ser\u00e1 encerrada e o candidato decide entre contratar um centro de forma\u00e7\u00e3o de condutores (CFC) ou um instrutor aut\u00f4nomo credenciado pelo Departamento Estadual de Tr\u00e2nsito (Detran).<\/p>\n<p>J\u00e1 para a prova te\u00f3rica, ser\u00e1 poss\u00edvel se preparar nos CFCs, por ensino a dist\u00e2ncia (EAD) em empresas credenciadas ou de forma aut\u00f4noma. O Minist\u00e9rio dos Transportes destaca que o projeto n\u00e3o diminui a import\u00e2ncia dos CFCs, que continuar\u00e3o oferecendo aulas e poder\u00e3o ofertar cursos EAD.<\/p>\n<p>A proposta visa beneficiar os futuros motoristas das categorias A (motocicletas e triciclos) e B (carros de passeio), mas tamb\u00e9m facilitar\u00e1 o processo para tirar a CNH das categorias C (ve\u00edculos de carga), D (ve\u00edculos para mais de oito passageiros) e E (carretas e ve\u00edculos articulados). O processo para retirada das tr\u00eas \u00faltimas poder\u00e1 ser realizado por CFCs ou outras entidades.<\/p>\n<p>O governo prev\u00ea que o custo para obten\u00e7\u00e3o da CNH poder\u00e1 cair em at\u00e9 80%. De acordo com a pasta, grande parte dos 161 milh\u00f5es de brasileiros que est\u00e3o em idade legal para dirigir n\u00e3o tira a habilita\u00e7\u00e3o pelo custo do processo atual.<\/p>\n<\/p>\n<h2>Consulta p\u00fablica<\/h2>\n<\/p>\n<p>A proposta ficar\u00e1 dispon\u00edvel por 30 dias na plataforma <a href=\"https:\/\/www.gov.br\/participamaisbrasil\/consultas-publicas\" target=\"_blank\" rel=\"noreferrer noopener nofollow\">Participa + Brasil<\/a> e depois seguir\u00e1 para an\u00e1lise do Conselho Nacional de Tr\u00e2nsito (Contran). A consulta p\u00fablica permite que brasileiros enviem sugest\u00f5es e contribui\u00e7\u00f5es ao projeto.<\/p>\n<\/p>\n<h2>Acompanhe o Jornal TVT News Primeira Edi\u00e7\u00e3o<\/h2>\n<\/p>\n<figure>\n<div>\n<\/div>\n<\/figure>\n<p>The post <a rel=\"nofollow\" href=\"https:\/\/tvtnews.com.br\/governo-avanca-dispensa-autoescola-para-tirar-cnh\/\">Governo avan\u00e7a em proposta que dispensa autoescola para tirar CNH<\/a> appeared first on <a rel=\"nofollow\" href=\"https:\/\/tvtnews.com.br\/\">TVT News<\/a>.<\/p>\n<!-- Begin Yuzo --><div class='yuzo_related_post style-1'  data-version='5.12.89'><!-- without result --><div class='yuzo_clearfixed yuzo__title yuzo__title'><h3>Related Post<\/h3><\/div>\n\t\t\t\t\t\t  <div class=\"relatedthumb \" style=\"width:125px;float:left;overflow:hidden;\">  \n\t\t\t\t\t\t\t  \n\t\t\t\t\t\t\t  <a  href=\"https:\/\/redept.com.br\/blogosfera\/ultimas-noticias-da-guerra-no-oriente-medio-no-feriado-de-pascoa\/\"  >\n\t\t\t\t\t\t\t\t\t  <div class=\"yuzo-img-wrap \" style=\"width: 125px;height:90px;\">\n\t\t\t\t\t\t\t\t\t\t\n\t\t\t\t\t\t\t\t\t\t<div class=\"yuzo-img\" style=\"background:url('https:\/\/redept.com.br\/blogosfera\/wp-content\/uploads\/2026\/04\/Flotilha-Global-Sumud-parte-da-Tunisia-rumo-a-Gaza--150x150.jpg') 50% 50% no-repeat;width: 125px;height:90px;margin-bottom: 5px;background-size: cover; \"><\/div>\n\t\t\t\t\t\t\t\t\t  <\/div>\n\t\t\t\t\t\t\t\t\t  \n\t\t\t\t\t\t\t\t   <span class=\"yuzo__text--title\" style=\"font-size:13px;\">\u00daltimas not\u00edcias da guerra no Oriente M\u00e9dio no fer...<\/span>\n\t\t\t\t\t\t\t  \n\t\t\t\t\t\t\t  \n\t\t\t\t\t\t\t  <\/a>\n\n\t\t\t\t\t\t  <\/div>\n\t\t\t\t\t\t  <div class=\"relatedthumb \" style=\"width:125px;float:left;overflow:hidden;\">  \n\t\t\t\t\t\t\t  \n\t\t\t\t\t\t\t  <a  href=\"https:\/\/redept.com.br\/blogosfera\/sem-enfrentar-a-questao-dos-agrotoxicos-nao-existe-agroecologia-afirma-alan-tygel\/\"  >\n\t\t\t\t\t\t\t\t\t  <div class=\"yuzo-img-wrap \" style=\"width: 125px;height:90px;\">\n\t\t\t\t\t\t\t\t\t\t\n\t\t\t\t\t\t\t\t\t\t<div class=\"yuzo-img\" style=\"background:url('https:\/\/redept.com.br\/blogosfera\/wp-content\/uploads\/2025\/05\/Capa-2-1024x682-1-150x150.jpeg') 50% 50% no-repeat;width: 125px;height:90px;margin-bottom: 5px;background-size: cover; \"><\/div>\n\t\t\t\t\t\t\t\t\t  <\/div>\n\t\t\t\t\t\t\t\t\t  \n\t\t\t\t\t\t\t\t   <span class=\"yuzo__text--title\" style=\"font-size:13px;\">\u201cSem enfrentar a quest\u00e3o dos agrot\u00f3xicos, n\u00e3o exis...<\/span>\n\t\t\t\t\t\t\t  \n\t\t\t\t\t\t\t  \n\t\t\t\t\t\t\t  <\/a>\n\n\t\t\t\t\t\t  <\/div>\n\t\t\t\t\t\t  <div class=\"relatedthumb \" style=\"width:125px;float:left;overflow:hidden;\">  \n\t\t\t\t\t\t\t  \n\t\t\t\t\t\t\t  <a  href=\"https:\/\/redept.com.br\/blogosfera\/posicionamentos-enviados-para-reportagem-sobre-galoes-de-agrotoxicos-no-rio-tocantins-apos-desabamento-de-ponte\/\"  >\n\t\t\t\t\t\t\t\t\t  <div class=\"yuzo-img-wrap \" style=\"width: 125px;height:90px;\">\n\t\t\t\t\t\t\t\t\t\t\n\t\t\t\t\t\t\t\t\t\t<div class=\"yuzo-img\" style=\"background:url('https:\/\/redept.org\/blogosfera\/wp-content\/plugins\/yuzo-related-post\/assets\/images\/default.png') 50% 50% no-repeat;width: 125px;height:90px;margin-bottom: 5px;background-size: cover; \"><\/div>\n\t\t\t\t\t\t\t\t\t  <\/div>\n\t\t\t\t\t\t\t\t\t  \n\t\t\t\t\t\t\t\t   <span class=\"yuzo__text--title\" style=\"font-size:13px;\">Posicionamentos enviados para reportagem sobre gal...<\/span>\n\t\t\t\t\t\t\t  \n\t\t\t\t\t\t\t  \n\t\t\t\t\t\t\t  <\/a>\n\n\t\t\t\t\t\t  <\/div>\n\t\t\t\t\t\t  <div class=\"relatedthumb \" style=\"width:125px;float:left;overflow:hidden;\">  \n\t\t\t\t\t\t\t  \n\t\t\t\t\t\t\t  <a  href=\"https:\/\/redept.com.br\/blogosfera\/terremoto-na-russia-tremor-de-magnitude-8-8-causa-destruicao-e-gera-alerta-de-tsunami-em-diversos-paises\/\"  >\n\t\t\t\t\t\t\t\t\t  <div class=\"yuzo-img-wrap \" style=\"width: 125px;height:90px;\">\n\t\t\t\t\t\t\t\t\t\t\n\t\t\t\t\t\t\t\t\t\t<div class=\"yuzo-img\" style=\"background:url('https:\/\/redept.com.br\/blogosfera\/wp-content\/uploads\/2025\/07\/bdf-20250730-110227-3a8ee1-150x150.jpg') 50% 50% no-repeat;width: 125px;height:90px;margin-bottom: 5px;background-size: cover; \"><\/div>\n\t\t\t\t\t\t\t\t\t  <\/div>\n\t\t\t\t\t\t\t\t\t  \n\t\t\t\t\t\t\t\t   <span class=\"yuzo__text--title\" style=\"font-size:13px;\">Terremoto na R\u00fassia: tremor de magnitude 8.8 causa...<\/span>\n\t\t\t\t\t\t\t  \n\t\t\t\t\t\t\t  \n\t\t\t\t\t\t\t  <\/a>\n\n\t\t\t\t\t\t  <\/div>\n<\/div> <script>\n\t\t\t\t\t\t  jQuery(document).ready(function( $ ){\n\t\t\t\t\t\t\t\/\/jQuery('.yuzo_related_post').equalizer({ overflow : 'relatedthumb' });\n\t\t\t\t\t\t\tjQuery('.yuzo_related_post .yuzo_wraps').equalizer({ columns : '> div' });\n\t\t\t\t\t\t   })\n\t\t\t\t\t\t  <\/script> <!-- End Yuzo :) -->","protected":false},"excerpt":{"rendered":"<p>O Minist\u00e9rio dos Transportes d\u00e1 um passo em dire\u00e7\u00e3o ao fim da obrigatoriedade das aulas em autoescolas para obten\u00e7\u00e3o da Carteira Nacional de Habilita\u00e7\u00e3o (CNH) nesta quinta-feira (2). Ap\u00f3s aval do presidente Lula, uma consulta p\u00fablica ser\u00e1 aberta hoje para que cidad\u00e3os enviem sugest\u00f5es. Tornar as aulas em autoescolas facultativas \u00e9 uma tentativa de desburocratizar [&hellip;]<\/p>\n","protected":false},"author":2,"featured_media":0,"comment_status":"open","ping_status":"closed","sticky":false,"template":"","format":"standard","meta":{"fifu_image_url":"","fifu_image_alt":"","footnotes":""},"categories":[472,17,142,61,2921],"tags":[],"class_list":["post-56032","post","type-post","status-publish","format-standard","hentry","category-destaque-ahome","category-governo-lula","category-mobilidade","category-sociedade","category-transportes"],"_links":{"self":[{"href":"https:\/\/redept.com.br\/blogosfera\/wp-json\/wp\/v2\/posts\/56032","targetHints":{"allow":["GET"]}}],"collection":[{"href":"https:\/\/redept.com.br\/blogosfera\/wp-json\/wp\/v2\/posts"}],"about":[{"href":"https:\/\/redept.com.br\/blogosfera\/wp-json\/wp\/v2\/types\/post"}],"author":[{"embeddable":true,"href":"https:\/\/redept.com.br\/blogosfera\/wp-json\/wp\/v2\/users\/2"}],"replies":[{"embeddable":true,"href":"https:\/\/redept.com.br\/blogosfera\/wp-json\/wp\/v2\/comments?post=56032"}],"version-history":[{"count":0,"href":"https:\/\/redept.com.br\/blogosfera\/wp-json\/wp\/v2\/posts\/56032\/revisions"}],"wp:attachment":[{"href":"https:\/\/redept.com.br\/blogosfera\/wp-json\/wp\/v2\/media?parent=56032"}],"wp:term":[{"taxonomy":"category","embeddable":true,"href":"https:\/\/redept.com.br\/blogosfera\/wp-json\/wp\/v2\/categories?post=56032"},{"taxonomy":"post_tag","embeddable":true,"href":"https:\/\/redept.com.br\/blogosfera\/wp-json\/wp\/v2\/tags?post=56032"}],"curies":[{"name":"wp","href":"https:\/\/api.w.org\/{rel}","templated":true}]}}