{"id":56052,"date":"2025-10-02T11:35:06","date_gmt":"2025-10-02T14:35:06","guid":{"rendered":"https:\/\/redept.com.br\/blogosfera\/cercada-pela-soja-aldeia-tem-agrotoxico-na-agua-de-beber-na-chuva-e-nascentes\/"},"modified":"2025-10-02T11:35:06","modified_gmt":"2025-10-02T14:35:06","slug":"cercada-pela-soja-aldeia-tem-agrotoxico-na-agua-de-beber-na-chuva-e-nascentes","status":"publish","type":"post","link":"https:\/\/redept.com.br\/blogosfera\/cercada-pela-soja-aldeia-tem-agrotoxico-na-agua-de-beber-na-chuva-e-nascentes\/","title":{"rendered":"Cercada pela soja, aldeia tem agrot\u00f3xico na \u00e1gua de beber, na chuva e nascentes"},"content":{"rendered":"<figure><img fetchpriority=\"high\" fetchpriority=\"high\" decoding=\"async\" width=\"1024\" height=\"678\"src=\"https:\/\/redept.com.br\/blogosfera\/wp-content\/uploads\/2025\/10\/image-7.jpg\" alt=\"\" srcset=\"https:\/\/redept.com.br\/blogosfera\/wp-content\/uploads\/2025\/10\/image-7.jpg 1024w, https:\/\/mst.org.br\/wp-content\/uploads\/2025\/10\/image-7-300x199.jpg 300w, https:\/\/mst.org.br\/wp-content\/uploads\/2025\/10\/image-7-768x509.jpg 768w\" sizes=\"(max-width: 1024px) 100vw, 1024px\"><figcaption><em>Comunidade ind\u00edgena Guyrarok\u00e1, no munic\u00edpio de Caarap\u00f3. Foto: Ascom MPF\/MS<\/em><\/figcaption><\/figure>\n<p><em>Por Aline dos Santos<br \/>Do Campo Grande News<\/em><\/p>\n<p>Espremida entre as lavouras de soja em Caarap\u00f3, a terra ind\u00edgena Guyrarok\u00e1, cujo processo de demarca\u00e7\u00e3o se arrasta desde 2009, tem agrot\u00f3xico em todas as \u00e1guas: da torneira (vinda de po\u00e7o artesiano), nascentes e chuva. A constata\u00e7\u00e3o \u00e9 da pesquisa \u201cAgrot\u00f3xicos e viola\u00e7\u00f5es nos direitos \u00e0 sa\u00fade e \u00e0 soberania alimentar em comunidades Guarani Kaiow\u00e1\u201d, realizada entre 2021 e 2024.<\/p>\n<p>Na pele, os ind\u00edgenas, incluindo beb\u00eas, crian\u00e7as e idosos, sentem sintomas como coceiras, n\u00e1useas, diarreia e dores. O veneno tamb\u00e9m cai do c\u00e9u com a pulveriza\u00e7\u00e3o de agrot\u00f3xicos nas planta\u00e7\u00f5es vizinhas.<\/p>\n<p>\u201cA pesquisa encontrou quantidades alarmantes de agrot\u00f3xicos diferentes. Em poucas amostras foi detectada concentra\u00e7\u00e3o acima do m\u00e1ximo permitido. Mas ficamos muito assustados com a quantidade de agrot\u00f3xico. Inclusive na Guirarok\u00e1\u201d, afirma a pesquisadora Alexandra Penedo de Pinho, que \u00e9 bi\u00f3loga, doutora em engenharia agr\u00edcola e professora no Instituto de Bioci\u00eancias da UFMS (Universidade Federal de Mato Grosso do Sul).<\/p>\n<p>As amostras foram colhidas seguindo o ciclo da soja, a commodity vice-l\u00edder nas exporta\u00e7\u00f5es no 1\u00ba semestre de 2025, que rendeu 1,8 bilh\u00e3o de d\u00f3lares na balan\u00e7a comercial de Mato Grosso do Sul.<\/p>\n<p>A primeira coleta foi no in\u00edcio do plantio (novembro\/dezembro de 2021). A segunda aconteceu no per\u00edodo da colheita (fevereiro\/mar\u00e7o de 2022) e a terceira na \u00e9poca do vazio sanit\u00e1rio da soja (agosto de 2022), quando n\u00e3o \u00e9 permitido o plantio do gr\u00e3o em MS.<\/p>\n<figure><img decoding=\"async\" width=\"1024\" height=\"683\"src=\"https:\/\/redept.com.br\/blogosfera\/wp-content\/uploads\/2025\/10\/image-6.jpg\" alt=\"\" srcset=\"https:\/\/redept.com.br\/blogosfera\/wp-content\/uploads\/2025\/10\/image-6.jpg 1024w, https:\/\/mst.org.br\/wp-content\/uploads\/2025\/10\/image-6-300x200.jpg 300w, https:\/\/mst.org.br\/wp-content\/uploads\/2025\/10\/image-6-768x512.jpg 768w\" sizes=\"(max-width: 1024px) 100vw, 1024px\"><figcaption><em>Alexandra Penedo de Pinho \u00e9 bi\u00f3loga e professora da UFMS. Foto: Henrique Kawaminami<\/em><\/figcaption><\/figure>\n<blockquote>\n<p><em>Em fevereiro de 2022, encontramos 11 agrot\u00f3xicos diferentes na \u00e1gua da chuva. E \u00e9 importante ressaltar que n\u00e3o tem legisla\u00e7\u00e3o que diga qual o valor m\u00e1ximo permitido. A contamina\u00e7\u00e3o da \u00e1gua da chuva \u00e9 totalmente difusa. Porque ela cai em todos os lugares: no sistema aqu\u00e1tico, em cima da casa das pessoas\u201d, diz a pesquisadora\u201d<\/em><\/p>\n<\/blockquote>\n<p>Segundo o estudo, a chuva com agrot\u00f3xicos \u00e9 uma situa\u00e7\u00e3o muito grave, pois indica que h\u00e1 contamina\u00e7\u00e3o em todos os ambientes, podendo alcan\u00e7ar locais onde n\u00e3o h\u00e1 aplica\u00e7\u00e3o direta. Os ventos e as chuvas t\u00eam fluxo livre na regi\u00e3o, potencializando a dispers\u00e3o da chuva t\u00f3xica.<\/p>\n<p>Conforme Alexandra, h\u00e1 ingrediente ativo como o 2,4-D, o mesmo presente na composi\u00e7\u00e3o do \u201cAgente Laranja, desfolhante qu\u00edmico altamente t\u00f3xico usado pelos Estados Unidos na Guerra do Vietn\u00e3. O veneno resultou em m\u00e1-forma\u00e7\u00e3o nas crian\u00e7as. \u201cO 2,4-D tamb\u00e9m foi usado na capina qu\u00edmica do Pantanal em Mato Grosso\u201d, lembra a professora.<\/p>\n<p>Al\u00e9m disso, o 2,4-D e a atrazina apresentam alta capacidade de infiltra\u00e7\u00e3o e alcance de \u00e1guas subterr\u00e2neas.<\/p>\n<p>Na nascente do C\u00f3rrego Ypyt\u00e3, um dos achados em fevereiro de 2022 foi o propiconazol, com efeitos end\u00f3crinos reconhecidos em pesquisas. A pesquisadora destaca que na pulveriza\u00e7\u00e3o a\u00e9rea podem ser adicionados os surfactantes, que s\u00e3o respons\u00e1veis por aumentar a absor\u00e7\u00e3o dos agrot\u00f3xicos nos seres vivos.<\/p>\n<p>As amostras foram enviadas ao Laborat\u00f3rio de An\u00e1lise de Res\u00edduos de Pesticidas do Departamento de Qu\u00edmica da UFSM (Universidade Federal de Santa Maria), no Rio Grande do Sul. Alexandra explica que a longa viagem \u00e9 necess\u00e1ria porque n\u00e3o h\u00e1 laborat\u00f3rios que analisem agrot\u00f3xico em Mato Grosso do Sul nem no Centro-Oeste, principais produtores de gr\u00e3os no Brasil.<\/p>\n<p>O levantamento, que percorreu aldeias e assentamentos em Mato Grosso do Sul, foi financiado com recursos vindos da Alemanha e Su\u00ed\u00e7a.<\/p>\n<figure><img decoding=\"async\" width=\"1024\" height=\"765\"src=\"https:\/\/redept.com.br\/blogosfera\/wp-content\/uploads\/2025\/10\/image-5.jpg\" alt=\"\" srcset=\"https:\/\/redept.com.br\/blogosfera\/wp-content\/uploads\/2025\/10\/image-5.jpg 1024w, https:\/\/mst.org.br\/wp-content\/uploads\/2025\/10\/image-5-300x224.jpg 300w, https:\/\/mst.org.br\/wp-content\/uploads\/2025\/10\/image-5-768x574.jpg 768w\" sizes=\"(max-width: 1024px) 100vw, 1024px\"><figcaption><em>Avi\u00e3o agr\u00edcola lan\u00e7a agrot\u00f3xicos sobre as planta\u00e7\u00f5es em Caarap\u00f3. Foto: Comunidade Guyrarok\u00e1\/Cimi<\/em><\/figcaption><\/figure>\n<p>\u201cA gente tem dois tipos de contamina\u00e7\u00e3o. \u00a0A aguda, que acontece quando a deriva atinge uma aldeia com grandes concentra\u00e7\u00f5es, provocando v\u00f4mito, coceira e diarreia. E a cr\u00f4nica, com um pouquinho de contamina\u00e7\u00e3o todo dia. Vai contaminando pela \u00e1gua da chuva, pela \u00e1gua que bebe, pela \u00e1gua do rio onde toma banho, os alimentos\u201d.<\/p>\n<p>Para que as comunidades passem por exames laboratoriais, ser\u00e1 necess\u00e1rio um novo financiamento. Mas essa modalidade de pesquisa encontra dificuldade em obter dinheiro no pa\u00eds, mas uma lacuna providencial para que n\u00e3o haja refer\u00eancia cient\u00edfica da quantidade de herbicidas, fungicidas e inseticidas.<\/p>\n<p>\u201cAcho que falta incentivo para esse tipo de pesquisa, porque a presen\u00e7a do agro \u00e9 important\u00edssima no Brasil, \u00e9 muito forte. Mas est\u00e1 sendo feito de maneira n\u00e3o saud\u00e1vel.<\/p>\n<\/p>\n<p>O post <a href=\"https:\/\/mst.org.br\/2025\/10\/02\/cercada-pela-soja-aldeia-tem-agrotoxico-na-agua-de-beber-na-chuva-e-nascentes\/\">Cercada pela soja, aldeia tem agrot\u00f3xico na \u00e1gua de beber, na chuva e nascentes<\/a> apareceu primeiro em <a href=\"https:\/\/mst.org.br\/\">MST<\/a>.<\/p>\n<!-- Begin Yuzo --><div class='yuzo_related_post style-1'  data-version='5.12.89'><!-- without result --><div class='yuzo_clearfixed yuzo__title yuzo__title'><h3>Related Post<\/h3><\/div>\n\t\t\t\t\t\t  <div class=\"relatedthumb \" style=\"width:125px;float:left;overflow:hidden;\">  \n\t\t\t\t\t\t\t  \n\t\t\t\t\t\t\t  <a  href=\"https:\/\/redept.com.br\/blogosfera\/justica-condena-gayer-por-chamar-gleisi-de-garota-de-programa-veja-o-que-o-tjdft-decidiu\/\"  >\n\t\t\t\t\t\t\t\t\t  <div class=\"yuzo-img-wrap \" style=\"width: 125px;height:90px;\">\n\t\t\t\t\t\t\t\t\t\t\n\t\t\t\t\t\t\t\t\t\t<div class=\"yuzo-img\" style=\"background:url('https:\/\/redept.org\/blogosfera\/wp-content\/plugins\/yuzo-related-post\/assets\/images\/default.png') 50% 50% no-repeat;width: 125px;height:90px;margin-bottom: 5px;background-size: cover; \"><\/div>\n\t\t\t\t\t\t\t\t\t  <\/div>\n\t\t\t\t\t\t\t\t\t  \n\t\t\t\t\t\t\t\t   <span class=\"yuzo__text--title\" style=\"font-size:13px;\">Justi\u00e7a condena Gayer por chamar Gleisi de \u201cgarota...<\/span>\n\t\t\t\t\t\t\t  \n\t\t\t\t\t\t\t  \n\t\t\t\t\t\t\t  <\/a>\n\n\t\t\t\t\t\t  <\/div>\n\t\t\t\t\t\t  <div class=\"relatedthumb \" style=\"width:125px;float:left;overflow:hidden;\">  \n\t\t\t\t\t\t\t  \n\t\t\t\t\t\t\t  <a  href=\"https:\/\/redept.com.br\/blogosfera\/espetaculo-metamorfose-musicado-em-cartaz-no-centro-de-sp-propoe-reflexao-sobre-opressao-e-transformacao-coletiva\/\"  >\n\t\t\t\t\t\t\t\t\t  <div class=\"yuzo-img-wrap \" style=\"width: 125px;height:90px;\">\n\t\t\t\t\t\t\t\t\t\t\n\t\t\t\t\t\t\t\t\t\t<div class=\"yuzo-img\" style=\"background:url('https:\/\/redept.org\/blogosfera\/wp-content\/plugins\/yuzo-related-post\/assets\/images\/default.png') 50% 50% no-repeat;width: 125px;height:90px;margin-bottom: 5px;background-size: cover; \"><\/div>\n\t\t\t\t\t\t\t\t\t  <\/div>\n\t\t\t\t\t\t\t\t\t  \n\t\t\t\t\t\t\t\t   <span class=\"yuzo__text--title\" style=\"font-size:13px;\">Espet\u00e1culo \u2018Metamorfose Musicado\u2019, em cartaz no ce...<\/span>\n\t\t\t\t\t\t\t  \n\t\t\t\t\t\t\t  \n\t\t\t\t\t\t\t  <\/a>\n\n\t\t\t\t\t\t  <\/div>\n\t\t\t\t\t\t  <div class=\"relatedthumb \" style=\"width:125px;float:left;overflow:hidden;\">  \n\t\t\t\t\t\t\t  \n\t\t\t\t\t\t\t  <a  href=\"https:\/\/redept.com.br\/blogosfera\/guia-do-dirigente-pontape-inicial-para-ser-um-craque-da-direcao-politica\/\"  >\n\t\t\t\t\t\t\t\t\t  <div class=\"yuzo-img-wrap \" style=\"width: 125px;height:90px;\">\n\t\t\t\t\t\t\t\t\t\t\n\t\t\t\t\t\t\t\t\t\t<div class=\"yuzo-img\" style=\"background:url('https:\/\/redept.org\/blogosfera\/wp-content\/plugins\/yuzo-related-post\/assets\/images\/default.png') 50% 50% no-repeat;width: 125px;height:90px;margin-bottom: 5px;background-size: cover; \"><\/div>\n\t\t\t\t\t\t\t\t\t  <\/div>\n\t\t\t\t\t\t\t\t\t  \n\t\t\t\t\t\t\t\t   <span class=\"yuzo__text--title\" style=\"font-size:13px;\">Guia do Dirigente: pontap\u00e9 inicial para ser um cra...<\/span>\n\t\t\t\t\t\t\t  \n\t\t\t\t\t\t\t  \n\t\t\t\t\t\t\t  <\/a>\n\n\t\t\t\t\t\t  <\/div>\n\t\t\t\t\t\t  <div class=\"relatedthumb \" style=\"width:125px;float:left;overflow:hidden;\">  \n\t\t\t\t\t\t\t  \n\t\t\t\t\t\t\t  <a  href=\"https:\/\/redept.com.br\/blogosfera\/nao-gostou-do-presente-do-amigo-secreto-saiba-como-trocar\/\"  >\n\t\t\t\t\t\t\t\t\t  <div class=\"yuzo-img-wrap \" style=\"width: 125px;height:90px;\">\n\t\t\t\t\t\t\t\t\t\t\n\t\t\t\t\t\t\t\t\t\t<div class=\"yuzo-img\" style=\"background:url('https:\/\/redept.org\/blogosfera\/wp-content\/plugins\/yuzo-related-post\/assets\/images\/default.png') 50% 50% no-repeat;width: 125px;height:90px;margin-bottom: 5px;background-size: cover; \"><\/div>\n\t\t\t\t\t\t\t\t\t  <\/div>\n\t\t\t\t\t\t\t\t\t  \n\t\t\t\t\t\t\t\t   <span class=\"yuzo__text--title\" style=\"font-size:13px;\">N\u00e3o gostou do presente do amigo secreto? Saiba com...<\/span>\n\t\t\t\t\t\t\t  \n\t\t\t\t\t\t\t  \n\t\t\t\t\t\t\t  <\/a>\n\n\t\t\t\t\t\t  <\/div>\n<\/div> <script>\n\t\t\t\t\t\t  jQuery(document).ready(function( $ ){\n\t\t\t\t\t\t\t\/\/jQuery('.yuzo_related_post').equalizer({ overflow : 'relatedthumb' });\n\t\t\t\t\t\t\tjQuery('.yuzo_related_post .yuzo_wraps').equalizer({ columns : '> div' });\n\t\t\t\t\t\t   })\n\t\t\t\t\t\t  <\/script> <!-- End Yuzo :) -->","protected":false},"excerpt":{"rendered":"<p>Comunidade ind\u00edgena Guyrarok\u00e1, no munic\u00edpio de Caarap\u00f3. Foto: Ascom MPF\/MS Por Aline dos SantosDo Campo Grande News Espremida entre as lavouras de soja em Caarap\u00f3, a terra ind\u00edgena Guyrarok\u00e1, cujo processo de demarca\u00e7\u00e3o se arrasta desde 2009, tem agrot\u00f3xico em todas as \u00e1guas: da torneira (vinda de po\u00e7o artesiano), nascentes e chuva. A constata\u00e7\u00e3o \u00e9 [&hellip;]<\/p>\n","protected":false},"author":2,"featured_media":0,"comment_status":"open","ping_status":"closed","sticky":false,"template":"","format":"standard","meta":{"fifu_image_url":"","fifu_image_alt":"","footnotes":""},"categories":[117,2059,12562,759,191,2060],"tags":[],"class_list":["post-56052","post","type-post","status-publish","format-standard","hentry","category-agronegocio","category-agrotoxico","category-comunidades-indigenas","category-mato-grosso-do-sul","category-noticias","category-veneno"],"_links":{"self":[{"href":"https:\/\/redept.com.br\/blogosfera\/wp-json\/wp\/v2\/posts\/56052","targetHints":{"allow":["GET"]}}],"collection":[{"href":"https:\/\/redept.com.br\/blogosfera\/wp-json\/wp\/v2\/posts"}],"about":[{"href":"https:\/\/redept.com.br\/blogosfera\/wp-json\/wp\/v2\/types\/post"}],"author":[{"embeddable":true,"href":"https:\/\/redept.com.br\/blogosfera\/wp-json\/wp\/v2\/users\/2"}],"replies":[{"embeddable":true,"href":"https:\/\/redept.com.br\/blogosfera\/wp-json\/wp\/v2\/comments?post=56052"}],"version-history":[{"count":0,"href":"https:\/\/redept.com.br\/blogosfera\/wp-json\/wp\/v2\/posts\/56052\/revisions"}],"wp:attachment":[{"href":"https:\/\/redept.com.br\/blogosfera\/wp-json\/wp\/v2\/media?parent=56052"}],"wp:term":[{"taxonomy":"category","embeddable":true,"href":"https:\/\/redept.com.br\/blogosfera\/wp-json\/wp\/v2\/categories?post=56052"},{"taxonomy":"post_tag","embeddable":true,"href":"https:\/\/redept.com.br\/blogosfera\/wp-json\/wp\/v2\/tags?post=56052"}],"curies":[{"name":"wp","href":"https:\/\/api.w.org\/{rel}","templated":true}]}}