{"id":56126,"date":"2025-10-02T16:50:56","date_gmt":"2025-10-02T19:50:56","guid":{"rendered":"https:\/\/redept.com.br\/blogosfera\/movimentos-encontram-lula-destacam-isencao-no-ir-e-cobram-reducao-da-jornada\/"},"modified":"2025-10-02T16:50:56","modified_gmt":"2025-10-02T19:50:56","slug":"movimentos-encontram-lula-destacam-isencao-no-ir-e-cobram-reducao-da-jornada","status":"publish","type":"post","link":"https:\/\/redept.com.br\/blogosfera\/movimentos-encontram-lula-destacam-isencao-no-ir-e-cobram-reducao-da-jornada\/","title":{"rendered":"Movimentos encontram Lula, destacam isen\u00e7\u00e3o no IR e cobram redu\u00e7\u00e3o da jornada"},"content":{"rendered":"<p><img loading=\"lazy\" width=\"1024\" height=\"683\"src=\"https:\/\/redept.com.br\/blogosfera\/wp-content\/uploads\/2025\/10\/fotogeral.jpg\" alt=\"\" decoding=\"async\" loading=\"lazy\" srcset=\"https:\/\/vermelho.org.br\/wp-content\/uploads\/2025\/10\/fotogeral-1024x683.jpg 1024w, https:\/\/vermelho.org.br\/wp-content\/uploads\/2025\/10\/fotogeral-300x200.jpg 300w, https:\/\/vermelho.org.br\/wp-content\/uploads\/2025\/10\/fotogeral-768x512.jpg 768w, https:\/\/vermelho.org.br\/wp-content\/uploads\/2025\/10\/fotogeral-272x182.jpg 272w, https:\/\/redept.com.br\/blogosfera\/wp-content\/uploads\/2025\/10\/fotogeral.jpg 1440w\" sizes=\"auto, (max-width: 1024px) 100vw, 1024px\"><\/p>\n<p>Lideran\u00e7as de entidades que est\u00e3o \u00e0 frente do Plebiscito Popular 2025 tiveram audi\u00eancias nesta quinta-feira (1\u00ba\/10), em Bras\u00edlia, com os presidentes da Rep\u00fablica, Luiz In\u00e1cio Lula da Silva (PT), e da C\u00e2mara Federal, deputado Hugo Motta (Republicanos-PB). As agendas ocorreram no mesmo dia em que a comitiva foi \u00e0 C\u00e2mara para acompanhar a vota\u00e7\u00e3o do Projeto de Lei N\u00ba 1087\/25 \u2013 o PL do Imposto Zero.<\/p>\n<p>Iniciado em 1\u00ba de julho, o Plebiscito vai coletar votos at\u00e9 12 de outubro. Uma de suas pautas centrais \u00e9 justamente a isen\u00e7\u00e3o no pagamento do Imposto de Renda (IR) para quem ganha at\u00e9 R$ 5 mil por m\u00eas. O projeto, aprovado por unanimidade pelos deputados, atende tamb\u00e9m a outra reinvindica\u00e7\u00e3o dos movimentos sociais \u2013 a taxa\u00e7\u00e3o dos mais ricos, que recebem ao menos R$ 50 mil mensais.<\/p>\n<p>Igor Felippe Santos, da coordena\u00e7\u00e3o nacional do Plebiscito, entregou a Lula uma placa que certifica a marca de 1,5 milh\u00e3o de assinaturas j\u00e1 coletadas apenas na modalidade virtual. H\u00e1, ainda, mais de 10 mil urnas f\u00edsicas para vota\u00e7\u00e3o presencial em todos os estados brasileiros.<\/p>\n<div>\n<figure><img loading=\"lazy\" loading=\"lazy\" decoding=\"async\" width=\"1024\" height=\"446\"src=\"https:\/\/redept.com.br\/blogosfera\/wp-content\/uploads\/2025\/10\/54824948082_373cec7b9e_o-2048x893-1.jpg\" alt=\"\" srcset=\"https:\/\/vermelho.org.br\/wp-content\/uploads\/2025\/10\/54824948082_373cec7b9e_o-1024x446.jpg 1024w, https:\/\/vermelho.org.br\/wp-content\/uploads\/2025\/10\/54824948082_373cec7b9e_o-300x131.jpg 300w, https:\/\/vermelho.org.br\/wp-content\/uploads\/2025\/10\/54824948082_373cec7b9e_o-768x335.jpg 768w, https:\/\/vermelho.org.br\/wp-content\/uploads\/2025\/10\/54824948082_373cec7b9e_o-1536x669.jpg 1536w, https:\/\/redept.com.br\/blogosfera\/wp-content\/uploads\/2025\/10\/54824948082_373cec7b9e_o-2048x893-1.jpg 2048w\" sizes=\"auto, (max-width: 1024px) 100vw, 1024px\"><figcaption><em>Foto: Ricardo Stuckert \/ PR<\/em><\/figcaption><\/figure>\n<\/div>\n<p>\u201cEste \u00e9 o s\u00e9timo plebiscito popular que n\u00f3s realizamos na hist\u00f3ria do nosso pa\u00eds\u201d, afirmou Igor. Segundo ele, al\u00e9m da justi\u00e7a tribut\u00e1ria, o Plebiscito promove um debate nacional em defesa da redu\u00e7\u00e3o da jornada de trabalho e do fim da escala 6\u00d71. \u201cAqui, presidente Lula, est\u00e1 o conjunto das for\u00e7as populares, do movimento sindical, do movimento estudantil, do movimento popular, das organiza\u00e7\u00f5es da igreja, das entidades da sociedade civil, da juventude.\u201d<\/p>\n<p>Lula elogiou a iniciativa das entidades em levar pautas relevantes para a sociedade. \u201cN\u00e3o \u00e9 apenas o sonho de conquistar uma coisa a mais para o povo trabalhador \u2013 mas \u00e9 fazer com que a conquista seja resultado da participa\u00e7\u00e3o da popula\u00e7\u00e3o, para ela saber o que est\u00e1 em jogo\u201d, disse o presidente.<\/p>\n<p>Ao abordar a redu\u00e7\u00e3o da jornada, Lula voltou a enfatizar a import\u00e2ncia de uma mobiliza\u00e7\u00e3o crescente em torno dessas lutas. \u201cVoc\u00eas encontraram um outro jeito de fazer novas lutas aqui nesse pa\u00eds. \u00c9 muito importante que a gente coloque o povo para participar das coisas que \u00e9 preciso conquistar\u201d, afirmou.<\/p>\n<div>\n<figure><img loading=\"lazy\" loading=\"lazy\" decoding=\"async\" width=\"1024\" height=\"716\"src=\"https:\/\/redept.com.br\/blogosfera\/wp-content\/uploads\/2025\/10\/Lula_une.jpg\" alt=\"\" srcset=\"https:\/\/vermelho.org.br\/wp-content\/uploads\/2025\/10\/Lula_une-1024x716.jpg 1024w, https:\/\/vermelho.org.br\/wp-content\/uploads\/2025\/10\/Lula_une-300x210.jpg 300w, https:\/\/vermelho.org.br\/wp-content\/uploads\/2025\/10\/Lula_une-768x537.jpg 768w, https:\/\/redept.com.br\/blogosfera\/wp-content\/uploads\/2025\/10\/Lula_une.jpg 1440w\" sizes=\"auto, (max-width: 1024px) 100vw, 1024px\"><\/figure>\n<\/div>\n<p>Na vis\u00e3o de Lula, \u201cesse plebiscito, simbolicamente, \u00e9 muito importante. \u00c9 um processo de conscientiza\u00e7\u00e3o, sobretudo em uma \u00e9poca pol\u00edtica em que a democracia est\u00e1 correndo risco, em que o extremismo conservador tem crescido em v\u00e1rias partes do mundo, em que o negacionismo tem criado corpo no mundo inteiro, em que as pessoas querem desvalorizar o multilateralismo\u201d.<\/p>\n<p>Ap\u00f3s a cerim\u00f4nia, Lula falou bilateralmente com alguns representantes dos movimentos sociais. Foi o caso de Ubiraci Dantas de Oliveira, o \u201cBira\u201d, vice-presidente nacional da CTB (Central dos Trabalhadores e Trabalhadoras do Brasil). \u201cLevei ao presidente quest\u00f5es que a CTB considera priorit\u00e1rias, como a luta pelo crescimento e pelo desenvolvimento. Em nome da nossa central, solicitei uma audi\u00eancia para levarmos nossas contribui\u00e7\u00f5es\u201d, declarou Bira.<\/p>\n<p>Bianca Borges, presidenta da UNE (Uni\u00e3o Nacional dos Estudantes), entregou a Lula uma carta de reivindica\u00e7\u00f5es \u201cpara o fortalecimento da educa\u00e7\u00e3o superior, da ci\u00eancia nacional e da soberania brasileira\u201d. De acordo com Bianca, o presidente se comprometeu em receber o movimento estudantil e deu aten\u00e7\u00e3o especial a duas propostas: a remodela\u00e7\u00e3o do Projeto Rondon Urbano \/ Milton Santos e a cria\u00e7\u00e3o da\u00a0Universidade da Integra\u00e7\u00e3o Amaz\u00f4nica (UniAmaz\u00f4nica).<\/p>\n<div>\n<figure><img loading=\"lazy\" loading=\"lazy\" decoding=\"async\" width=\"750\" height=\"790\"src=\"https:\/\/redept.com.br\/blogosfera\/wp-content\/uploads\/2025\/10\/1759434188330390.jpg\" alt=\"\" srcset=\"https:\/\/redept.com.br\/blogosfera\/wp-content\/uploads\/2025\/10\/1759434188330390.jpg 750w, https:\/\/vermelho.org.br\/wp-content\/uploads\/2025\/10\/1759434188330390-285x300.jpg 285w\" sizes=\"auto, (max-width: 750px) 100vw, 750px\"><\/figure>\n<\/div>\n<p>M\u00e1rcia Viotto, da dire\u00e7\u00e3o nacional da UBM (Uni\u00e3o Brasileira de Mulheres), representou o movimento feminista \u2013 que estava em peso em Bras\u00edlia para participar da 5\u00aa Confer\u00eancia Nacional de Pol\u00edticas para as Mulheres (CNPM). \u201cManifestei ao presidente Lula nossa preocupa\u00e7\u00e3o com pautas do nosso movimento, como os \u00edndices ainda elevados de viol\u00eancia contra as mulheres e, especialmente, de feminic\u00eddios\u201d, disse M\u00e1rcia.<\/p>\n<p>O encontro com Lula ocorreu no in\u00edcio da tarde. Pela manh\u00e3, os movimentos entregaram o resultado do Plebiscito ao presidente da C\u00e2mara. \u00a0Na reuni\u00e3o com Hugo Motta, Igor Felippe informou tratar-se da \u201cprincipal iniciativa das for\u00e7as populares em 2025\u201d. Parlamentares e dirigentes partid\u00e1rios tamb\u00e9m participaram das duas audi\u00eancias.<\/p>\n<p>O post <a href=\"https:\/\/vermelho.org.br\/2025\/10\/02\/movimentos-encontram-lula-destacam-isencao-no-ir-e-cobram-reducao-da-jornada\/\">Movimentos encontram Lula, destacam isen\u00e7\u00e3o no IR e cobram redu\u00e7\u00e3o da jornada<\/a> apareceu primeiro em <a href=\"https:\/\/vermelho.org.br\/\">Vermelho<\/a>.<\/p>\n<!-- Begin Yuzo --><div class='yuzo_related_post style-1'  data-version='5.12.89'><!-- without result --><div class='yuzo_clearfixed yuzo__title yuzo__title'><h3>Related Post<\/h3><\/div>\n\t\t\t\t\t\t  <div class=\"relatedthumb \" style=\"width:125px;float:left;overflow:hidden;\">  \n\t\t\t\t\t\t\t  \n\t\t\t\t\t\t\t  <a  href=\"https:\/\/redept.com.br\/blogosfera\/retaliacao-a-parlamentares-da-base-governista-que-apoiam-anistia-para-golpistas-seria-passo-arriscado-diz-consultor-politico\/\"  >\n\t\t\t\t\t\t\t\t\t  <div class=\"yuzo-img-wrap \" style=\"width: 125px;height:90px;\">\n\t\t\t\t\t\t\t\t\t\t\n\t\t\t\t\t\t\t\t\t\t<div class=\"yuzo-img\" style=\"background:url('https:\/\/redept.org\/blogosfera\/wp-content\/plugins\/yuzo-related-post\/assets\/images\/default.png') 50% 50% no-repeat;width: 125px;height:90px;margin-bottom: 5px;background-size: cover; \"><\/div>\n\t\t\t\t\t\t\t\t\t  <\/div>\n\t\t\t\t\t\t\t\t\t  \n\t\t\t\t\t\t\t\t   <span class=\"yuzo__text--title\" style=\"font-size:13px;\">Retalia\u00e7\u00e3o a parlamentares da base governista que ...<\/span>\n\t\t\t\t\t\t\t  \n\t\t\t\t\t\t\t  \n\t\t\t\t\t\t\t  <\/a>\n\n\t\t\t\t\t\t  <\/div>\n\t\t\t\t\t\t  <div class=\"relatedthumb \" style=\"width:125px;float:left;overflow:hidden;\">  \n\t\t\t\t\t\t\t  \n\t\t\t\t\t\t\t  <a  href=\"https:\/\/redept.com.br\/blogosfera\/no-panama-lula-e-destacado-pela-imprensa-e-governo-como-principal-lider-presente-na-davos-latina\/\"  >\n\t\t\t\t\t\t\t\t\t  <div class=\"yuzo-img-wrap \" style=\"width: 125px;height:90px;\">\n\t\t\t\t\t\t\t\t\t\t\n\t\t\t\t\t\t\t\t\t\t<div class=\"yuzo-img\" style=\"background:url('https:\/\/redept.org\/blogosfera\/wp-content\/plugins\/yuzo-related-post\/assets\/images\/default.png') 50% 50% no-repeat;width: 125px;height:90px;margin-bottom: 5px;background-size: cover; \"><\/div>\n\t\t\t\t\t\t\t\t\t  <\/div>\n\t\t\t\t\t\t\t\t\t  \n\t\t\t\t\t\t\t\t   <span class=\"yuzo__text--title\" style=\"font-size:13px;\">No Panam\u00e1, Lula \u00e9 destacado pela imprensa e govern...<\/span>\n\t\t\t\t\t\t\t  \n\t\t\t\t\t\t\t  \n\t\t\t\t\t\t\t  <\/a>\n\n\t\t\t\t\t\t  <\/div>\n\t\t\t\t\t\t  <div class=\"relatedthumb \" style=\"width:125px;float:left;overflow:hidden;\">  \n\t\t\t\t\t\t\t  \n\t\t\t\t\t\t\t  <a  href=\"https:\/\/redept.com.br\/blogosfera\/pgr-denuncia-casal-que-arrecadou-r-1-milhao-para-acampamento-golpista\/\"  >\n\t\t\t\t\t\t\t\t\t  <div class=\"yuzo-img-wrap \" style=\"width: 125px;height:90px;\">\n\t\t\t\t\t\t\t\t\t\t\n\t\t\t\t\t\t\t\t\t\t<div class=\"yuzo-img\" style=\"background:url('https:\/\/redept.org\/blogosfera\/wp-content\/plugins\/yuzo-related-post\/assets\/images\/default.png') 50% 50% no-repeat;width: 125px;height:90px;margin-bottom: 5px;background-size: cover; \"><\/div>\n\t\t\t\t\t\t\t\t\t  <\/div>\n\t\t\t\t\t\t\t\t\t  \n\t\t\t\t\t\t\t\t   <span class=\"yuzo__text--title\" style=\"font-size:13px;\">PGR denuncia casal que arrecadou R$ 1 milh\u00e3o para ...<\/span>\n\t\t\t\t\t\t\t  \n\t\t\t\t\t\t\t  \n\t\t\t\t\t\t\t  <\/a>\n\n\t\t\t\t\t\t  <\/div>\n\t\t\t\t\t\t  <div class=\"relatedthumb \" style=\"width:125px;float:left;overflow:hidden;\">  \n\t\t\t\t\t\t\t  \n\t\t\t\t\t\t\t  <a  href=\"https:\/\/redept.com.br\/blogosfera\/deputados-exigem-investigacao-sobre-gravacoes-ilegais-no-maranhao\/\"  >\n\t\t\t\t\t\t\t\t\t  <div class=\"yuzo-img-wrap \" style=\"width: 125px;height:90px;\">\n\t\t\t\t\t\t\t\t\t\t\n\t\t\t\t\t\t\t\t\t\t<div class=\"yuzo-img\" style=\"background:url('https:\/\/redept.com.br\/blogosfera\/wp-content\/uploads\/2025\/10\/Marcio-Jerry-e-Rubens-Pereira-Jr_-suspeita-de-grampo-no-Maranhao_Foto_Camara-dos-Deputados_reproducao-150x150.png') 50% 50% no-repeat;width: 125px;height:90px;margin-bottom: 5px;background-size: cover; \"><\/div>\n\t\t\t\t\t\t\t\t\t  <\/div>\n\t\t\t\t\t\t\t\t\t  \n\t\t\t\t\t\t\t\t   <span class=\"yuzo__text--title\" style=\"font-size:13px;\">Deputados exigem investiga\u00e7\u00e3o sobre grava\u00e7\u00f5es ileg...<\/span>\n\t\t\t\t\t\t\t  \n\t\t\t\t\t\t\t  \n\t\t\t\t\t\t\t  <\/a>\n\n\t\t\t\t\t\t  <\/div>\n<\/div> <script>\n\t\t\t\t\t\t  jQuery(document).ready(function( $ ){\n\t\t\t\t\t\t\t\/\/jQuery('.yuzo_related_post').equalizer({ overflow : 'relatedthumb' });\n\t\t\t\t\t\t\tjQuery('.yuzo_related_post .yuzo_wraps').equalizer({ columns : '> div' });\n\t\t\t\t\t\t   })\n\t\t\t\t\t\t  <\/script> <!-- End Yuzo :) -->","protected":false},"excerpt":{"rendered":"<p>Lideran\u00e7as de entidades que est\u00e3o \u00e0 frente do Plebiscito Popular 2025 tiveram audi\u00eancias nesta quinta-feira (1\u00ba\/10), em Bras\u00edlia, com os presidentes da Rep\u00fablica, Luiz In\u00e1cio Lula da Silva (PT), e da C\u00e2mara Federal, deputado Hugo Motta (Republicanos-PB). As agendas ocorreram no mesmo dia em que a comitiva foi \u00e0 C\u00e2mara para acompanhar a vota\u00e7\u00e3o do [&hellip;]<\/p>\n","protected":false},"author":2,"featured_media":0,"comment_status":"open","ping_status":"closed","sticky":false,"template":"","format":"standard","meta":{"fifu_image_url":"","fifu_image_alt":"","footnotes":""},"categories":[8615,282,3325,8151,3581,112,23055,278,1689,8966,1970,1506,5743,1957],"tags":[],"class_list":["post-56126","post","type-post","status-publish","format-standard","hentry","category-bianca-borges","category-ctb","category-hugo-motta","category-igor-felippe-santos","category-isencao-de-ir","category-lula","category-marcia-viotto","category-movimentos","category-movimentos-sociais","category-plebiscito-popular-2025","category-reducao-da-jornada-de-trabalho","category-ubiraci-dantas-oliveira","category-ubm","category-une"],"_links":{"self":[{"href":"https:\/\/redept.com.br\/blogosfera\/wp-json\/wp\/v2\/posts\/56126","targetHints":{"allow":["GET"]}}],"collection":[{"href":"https:\/\/redept.com.br\/blogosfera\/wp-json\/wp\/v2\/posts"}],"about":[{"href":"https:\/\/redept.com.br\/blogosfera\/wp-json\/wp\/v2\/types\/post"}],"author":[{"embeddable":true,"href":"https:\/\/redept.com.br\/blogosfera\/wp-json\/wp\/v2\/users\/2"}],"replies":[{"embeddable":true,"href":"https:\/\/redept.com.br\/blogosfera\/wp-json\/wp\/v2\/comments?post=56126"}],"version-history":[{"count":0,"href":"https:\/\/redept.com.br\/blogosfera\/wp-json\/wp\/v2\/posts\/56126\/revisions"}],"wp:attachment":[{"href":"https:\/\/redept.com.br\/blogosfera\/wp-json\/wp\/v2\/media?parent=56126"}],"wp:term":[{"taxonomy":"category","embeddable":true,"href":"https:\/\/redept.com.br\/blogosfera\/wp-json\/wp\/v2\/categories?post=56126"},{"taxonomy":"post_tag","embeddable":true,"href":"https:\/\/redept.com.br\/blogosfera\/wp-json\/wp\/v2\/tags?post=56126"}],"curies":[{"name":"wp","href":"https:\/\/api.w.org\/{rel}","templated":true}]}}