{"id":56141,"date":"2025-10-02T17:26:53","date_gmt":"2025-10-02T20:26:53","guid":{"rendered":"https:\/\/redept.com.br\/blogosfera\/sintaema-aprova-greve-na-sabesp-a-partir-de-7-de-outubro\/"},"modified":"2025-10-02T17:26:53","modified_gmt":"2025-10-02T20:26:53","slug":"sintaema-aprova-greve-na-sabesp-a-partir-de-7-de-outubro","status":"publish","type":"post","link":"https:\/\/redept.com.br\/blogosfera\/sintaema-aprova-greve-na-sabesp-a-partir-de-7-de-outubro\/","title":{"rendered":"Sintaema aprova greve na Sabesp a partir de 7 de outubro"},"content":{"rendered":"<p><img fetchpriority=\"high\" width=\"1024\" height=\"575\"src=\"https:\/\/redept.com.br\/blogosfera\/wp-content\/uploads\/2025\/10\/IMG_7653-scaled-1-2048x1150-1.jpg\" alt=\"\" decoding=\"async\" srcset=\"https:\/\/vermelho.org.br\/wp-content\/uploads\/2025\/10\/IMG_7653-scaled-1-1024x575.jpg 1024w, https:\/\/vermelho.org.br\/wp-content\/uploads\/2025\/10\/IMG_7653-scaled-1-300x168.jpg 300w, https:\/\/vermelho.org.br\/wp-content\/uploads\/2025\/10\/IMG_7653-scaled-1-768x431.jpg 768w, https:\/\/vermelho.org.br\/wp-content\/uploads\/2025\/10\/IMG_7653-scaled-1-1536x862.jpg 1536w, https:\/\/redept.com.br\/blogosfera\/wp-content\/uploads\/2025\/10\/IMG_7653-scaled-1-2048x1150-1.jpg 2048w\" sizes=\"(max-width: 1024px) 100vw, 1024px\"><\/p>\n<p>Em uma assembleia virtual realizada pelo Sintaema (Sindicato dos Trabalhadores em \u00c1gua, Esgoto e Meio Ambiente do Estado de S\u00e3o Paulo), nesta ter\u00e7a (30), a categoria aprovou entrar em estado de greve por conta do desmonte do plano de sa\u00fade pela Sabesp\u00a0(Companhia de Saneamento B\u00e1sico do Estado de S\u00e3o Paulo). Caso as negocia\u00e7\u00f5es n\u00e3o apresentem avan\u00e7os, os trabalhadores entrar\u00e3o em greve a partir da\u00a0meia-noite do dia 7, pr\u00f3xima ter\u00e7a-feira.<\/p>\n<p>Na segunda-feira (6), est\u00e1 agendada uma nova assembleia \u00e0s 18 horas para debater as negocia\u00e7\u00f5es. At\u00e9 l\u00e1 a expectativa \u00e9 de que alguma sinaliza\u00e7\u00e3o seja dada pela Companhia \u2014 \u00a0privatizada em julho de 2024 \u2014 depois de uma semana de mobiliza\u00e7\u00f5es dos funcion\u00e1rios.<\/p>\n<p>A insatisfa\u00e7\u00e3o ocorre desde 22 de setembro, quando a Sabesp apresentou a proposta de um novo plano de sa\u00fade. Ao analisar a oferta, o Sintaema observou graves problemas como viola\u00e7\u00e3o da isonomia, pois h\u00e1 diferencia\u00e7\u00e3o no plano entre n\u00edveis de trabalhadores, e a aus\u00eancia de hospitais de refer\u00eancia.<\/p>\n<p>\u201cO motivo da greve \u00e9 a mudan\u00e7a no plano de sa\u00fade, que est\u00e1 dentro de um contexto mais geral de tentativa de retirada de direitos e de aumento de ass\u00e9dio, de precariza\u00e7\u00e3o das condi\u00e7\u00f5es de trabalho e do ambiente t\u00f3xico em que os trabalhadores est\u00e3o inseridos\u201d, cr\u00edtica Jos\u00e9 Faggian, presidente do Sintaema, ao <strong>Portal Vermelho<\/strong>.<\/p>\n<p><strong>Leia mais: <\/strong><a href=\"https:\/\/vermelho.org.br\/2025\/09\/06\/trabalhadores-resistem-ao-desmonte-de-tarcisio-apos-privatizacao-da-sabesp\/\">Trabalhadores resistem ao desmonte de Tarc\u00edsio ap\u00f3s privatiza\u00e7\u00e3o da Sabesp<\/a><\/p>\n<\/p>\n<p>Segundo o sindicalista, o plano de sa\u00fade \u00e9 muito importante para as fam\u00edlias dos trabalhadores e o plano da HapVida oferecido \u00e9 \u201cextremamente\u201d inferior. Para piorar, o CEO da Sabesp,\u00a0Carlos Piani, \u00e9 membro do conselho da HapVida.<\/p>\n<p>\u201cO plano HapVida, que est\u00e1 sendo implementado aqui de maneira unilateral, al\u00e9m dele ser muito inferior em rela\u00e7\u00e3o ao que a gente possui, existe a quest\u00e3o de conflito de interesses, porque o Piani, presidente da empresa, tamb\u00e9m faz parte do conselho de administra\u00e7\u00e3o da HapVida. Isso \u00e9 uma coisa importante a se destacar, pois a HapVida est\u00e1 entrando aqui na Sabesp por uma determina\u00e7\u00e3o, at\u00e9 onde a gente sabe, do presidente, e n\u00e3o teve op\u00e7\u00e3o de discuss\u00e3o sobre outras possibilidades dessa mudan\u00e7a\u201d, acusa Faggian.<\/p>\n<p><strong>Ataques aos trabalhadores<\/strong><\/p>\n<p>Mas n\u00e3o \u00e9 s\u00f3 o plano de sa\u00fade que preocupa. Segundo Faggian, os dirigentes da empresa atuam para reduzir custos com cortes por meio do Programa de Demiss\u00e3o Volunt\u00e1ria (PDV). A estrat\u00e9gia visa reduzir custos ao \u201cse livrar dos trabalhadores mais antigos, concursados, dos trabalhadores com maiores sal\u00e1rios que v\u00eam da Sabesp p\u00fablica\u201d, aponta.<\/p>\n<p>De forma complementar, conforme o sindicalista, a empresa tamb\u00e9m coloca em sua linha de ataque a cultura \u201csabespiana\u201d, que sustenta e d\u00e1 for\u00e7a \u00e0 categoria.<\/p>\n<p>\u201cAl\u00e9m da quest\u00e3o econ\u00f4mica, a gente percebe que tem uma inten\u00e7\u00e3o da empresa de acabar com a cultura \u2018sabespiana\u2019 que foi constru\u00edda ao longo dos 50 anos da empresa. Essa cultura de pertencimento \u00e0 empresa e \u00e0 categoria gerou toda a condi\u00e7\u00e3o de a gente fazer o saneamento de qualidade, e tamb\u00e9m gera esse esp\u00edrito de corpo que ajuda a resistir \u00e0s dificuldades e lutar contra o desmonte da empresa\u201d, destaca.<\/p>\n<p><strong>Piora com a privatiza\u00e7\u00e3o<\/strong><\/p>\n<p>Em pouco mais de um ano de privatiza\u00e7\u00e3o pelo governo Tarc\u00edsio de Freitas, a Sabesp precariza as condi\u00e7\u00f5es de trabalho dos funcion\u00e1rios, enquanto acumula reclama\u00e7\u00f5es de clientes.<\/p>\n<p>Nos \u00faltimos meses, a companhia passou a reduzir diariamente a press\u00e3o da \u00e1gua na Grande S\u00e3o Paulo, afetando o fornecimento para a popula\u00e7\u00e3o. Chama a aten\u00e7\u00e3o a m\u00e1 gest\u00e3o dos recursos h\u00eddricos em t\u00e3o pouco tempo, n\u00e3o sendo justificativa apenas as irregularidades nos ciclos de chuvas.<\/p>\n<p>Outro efeito nefasto da privatiza\u00e7\u00e3o \u00e9 o reajuste da conta de \u00e1gua. Clientes t\u00eam relatado <a href=\"https:\/\/vermelho.org.br\/2025\/07\/26\/usuarios-da-sabesp-sentem-consequencias-nefastas-da-privatizacao-um-ano-depois\/\">aumentos abusivos <\/a>que ferem a promessa feita pelo governador de que as tarifas iriam diminuir.<\/p>\n<p><strong>Leia mais: <\/strong><a href=\"https:\/\/vermelho.org.br\/2025\/07\/26\/usuarios-da-sabesp-sentem-consequencias-nefastas-da-privatizacao-um-ano-depois\/\">Usu\u00e1rios da Sabesp sentem consequ\u00eancias nefastas da privatiza\u00e7\u00e3o<\/a><\/p>\n<\/p>\n<p>Um fato ainda mais complicado aconteceu em setembro, quando Cleia dos Santos Pimentel, de 79 anos, foi morta dentro de casa, em Mau\u00e1 (SP), ap\u00f3s tubula\u00e7\u00e3o da Sabesp pertencente a uma obra se desprender durante o i\u00e7amento.<\/p>\n<p>Para denunciar todo este quadro, o <a href=\"https:\/\/vermelho.org.br\/2025\/09\/06\/trabalhadores-resistem-ao-desmonte-de-tarcisio-apos-privatizacao-da-sabesp\/\">Sintaema promoveu um protesto, tamb\u00e9m no m\u00eas passado,<\/a> para denunciar as demiss\u00f5es em massa, o ass\u00e9dio contra os trabalhadores e trabalhadoras, assim como a derrocada da qualidade dos servi\u00e7os prestados.<\/p>\n<p>\u201cA l\u00f3gica [na Sabesp] \u00e9 economizar e reduzir custos, e a gente tem visto o aumento dos casos de \u00e1gua suja, desabastecimento, acidentes, todo um contexto que vai prejudicando a popula\u00e7\u00e3o, com alguns sistemas e cidades, ficando v\u00e1rios dias sem \u00e1gua, tudo reflexo da privatiza\u00e7\u00e3o, da redu\u00e7\u00e3o do quadro de trabalhadores e da precariza\u00e7\u00e3o das condi\u00e7\u00f5es de trabalho\u201d, lamenta Faggian.<\/p>\n<p><strong>Defasagem<\/strong><\/p>\n<p>O presidente do Sintaema avalia com preocupa\u00e7\u00e3o as condi\u00e7\u00f5es oferecidas aos trabalhadores somada a defasagem do quadro acumulada, uma vez que postos de trabalho n\u00e3o s\u00e3o repostos, ou s\u00e3o preenchidos por pessoas sem experi\u00eancia.<\/p>\n<p>Desde a privatiza\u00e7\u00e3o, j\u00e1 ocorreram tr\u00eas Programas de Demiss\u00e3o Volunt\u00e1ria. Com o \u00faltimo, encerrado em 26 de setembro, j\u00e1 s\u00e3o mais de 4 mil trabalhadores que sa\u00edram da empresa.<\/p>\n<p>Ao se somar com os PDVs realizados como prepara\u00e7\u00e3o para a privatiza\u00e7\u00e3o, s\u00e3o mais de 6 mil trabalhadores, praticamente a metade do quadro original.<\/p>\n<p>\u201cPara quem ficou \u00e9 um ambiente de ass\u00e9dio, muitas dificuldades, excesso de trabalho, precariza\u00e7\u00e3o das condi\u00e7\u00f5es de trabalho, excesso de terceiriza\u00e7\u00e3o e amea\u00e7as. Com certeza, isso j\u00e1 est\u00e1 se refletindo no servi\u00e7o prestado para a popula\u00e7\u00e3o, seja pela falta de m\u00e3o de obra, seja pela perda dos profissionais que t\u00eam conhecimento sobre o sistema e pelas condi\u00e7\u00f5es de trabalho que est\u00e3o sendo precarizadas\u201d, entende Faggian.<\/p>\n<p>O post <a href=\"https:\/\/vermelho.org.br\/2025\/10\/02\/sintaema-aprova-greve-na-sabesp-a-partir-de-7-de-outubro\/\">Sintaema aprova greve na Sabesp a partir de 7 de outubro<\/a> apareceu primeiro em <a href=\"https:\/\/vermelho.org.br\/\">Vermelho<\/a>.<\/p>\n<!-- Begin Yuzo --><div class='yuzo_related_post style-1'  data-version='5.12.89'><!-- without result --><div class='yuzo_clearfixed yuzo__title yuzo__title'><h3>Related Post<\/h3><\/div>\n\t\t\t\t\t\t  <div class=\"relatedthumb \" style=\"width:125px;float:left;overflow:hidden;\">  \n\t\t\t\t\t\t\t  \n\t\t\t\t\t\t\t  <a  href=\"https:\/\/redept.com.br\/blogosfera\/no-maranhao-intercambistas-do-programa-caminhos-amefricanos-destacam-ligacao-historica\/\"  >\n\t\t\t\t\t\t\t\t\t  <div class=\"yuzo-img-wrap \" style=\"width: 125px;height:90px;\">\n\t\t\t\t\t\t\t\t\t\t\n\t\t\t\t\t\t\t\t\t\t<div class=\"yuzo-img\" style=\"background:url('https:\/\/redept.org\/blogosfera\/wp-content\/plugins\/yuzo-related-post\/assets\/images\/default.png') 50% 50% no-repeat;width: 125px;height:90px;margin-bottom: 5px;background-size: cover; \"><\/div>\n\t\t\t\t\t\t\t\t\t  <\/div>\n\t\t\t\t\t\t\t\t\t  \n\t\t\t\t\t\t\t\t   <span class=\"yuzo__text--title\" style=\"font-size:13px;\">No Maranh\u00e3o, intercambistas do programa \u2018Cam...<\/span>\n\t\t\t\t\t\t\t  \n\t\t\t\t\t\t\t  \n\t\t\t\t\t\t\t  <\/a>\n\n\t\t\t\t\t\t  <\/div>\n\t\t\t\t\t\t  <div class=\"relatedthumb \" style=\"width:125px;float:left;overflow:hidden;\">  \n\t\t\t\t\t\t\t  \n\t\t\t\t\t\t\t  <a  href=\"https:\/\/redept.com.br\/blogosfera\/juros-altos-sufocam-a-economia-e-reforcam-a-urgencia-de-democratizar-a-politica-monetaria\/\"  >\n\t\t\t\t\t\t\t\t\t  <div class=\"yuzo-img-wrap \" style=\"width: 125px;height:90px;\">\n\t\t\t\t\t\t\t\t\t\t\n\t\t\t\t\t\t\t\t\t\t<div class=\"yuzo-img\" style=\"background:url('https:\/\/redept.com.br\/blogosfera\/wp-content\/uploads\/2026\/03\/juros-150x150.jpg') 50% 50% no-repeat;width: 125px;height:90px;margin-bottom: 5px;background-size: cover; \"><\/div>\n\t\t\t\t\t\t\t\t\t  <\/div>\n\t\t\t\t\t\t\t\t\t  \n\t\t\t\t\t\t\t\t   <span class=\"yuzo__text--title\" style=\"font-size:13px;\">Juros altos sufocam a economia e refor\u00e7am a urg\u00eanc...<\/span>\n\t\t\t\t\t\t\t  \n\t\t\t\t\t\t\t  \n\t\t\t\t\t\t\t  <\/a>\n\n\t\t\t\t\t\t  <\/div>\n\t\t\t\t\t\t  <div class=\"relatedthumb \" style=\"width:125px;float:left;overflow:hidden;\">  \n\t\t\t\t\t\t\t  \n\t\t\t\t\t\t\t  <a  href=\"https:\/\/redept.com.br\/blogosfera\/paz-americana-em-washington-expoe-limites-de-kiev-e-vantagem-russa\/\"  >\n\t\t\t\t\t\t\t\t\t  <div class=\"yuzo-img-wrap \" style=\"width: 125px;height:90px;\">\n\t\t\t\t\t\t\t\t\t\t\n\t\t\t\t\t\t\t\t\t\t<div class=\"yuzo-img\" style=\"background:url('https:\/\/redept.com.br\/blogosfera\/wp-content\/uploads\/2025\/08\/0de3e84a-cf4b-49c0-a882-e3fca6042fb3-150x150.jpeg') 50% 50% no-repeat;width: 125px;height:90px;margin-bottom: 5px;background-size: cover; \"><\/div>\n\t\t\t\t\t\t\t\t\t  <\/div>\n\t\t\t\t\t\t\t\t\t  \n\t\t\t\t\t\t\t\t   <span class=\"yuzo__text--title\" style=\"font-size:13px;\">\u201cPaz americana\u201d em Washington exp\u00f5e limites de Kie...<\/span>\n\t\t\t\t\t\t\t  \n\t\t\t\t\t\t\t  \n\t\t\t\t\t\t\t  <\/a>\n\n\t\t\t\t\t\t  <\/div>\n\t\t\t\t\t\t  <div class=\"relatedthumb \" style=\"width:125px;float:left;overflow:hidden;\">  \n\t\t\t\t\t\t\t  \n\t\t\t\t\t\t\t  <a  href=\"https:\/\/redept.com.br\/blogosfera\/ex-comandante-da-fab-presta-depoimento-nesta-quarta-feira-sobre-trama-golpista\/\"  >\n\t\t\t\t\t\t\t\t\t  <div class=\"yuzo-img-wrap \" style=\"width: 125px;height:90px;\">\n\t\t\t\t\t\t\t\t\t\t\n\t\t\t\t\t\t\t\t\t\t<div class=\"yuzo-img\" style=\"background:url('https:\/\/redept.org\/blogosfera\/wp-content\/plugins\/yuzo-related-post\/assets\/images\/default.png') 50% 50% no-repeat;width: 125px;height:90px;margin-bottom: 5px;background-size: cover; \"><\/div>\n\t\t\t\t\t\t\t\t\t  <\/div>\n\t\t\t\t\t\t\t\t\t  \n\t\t\t\t\t\t\t\t   <span class=\"yuzo__text--title\" style=\"font-size:13px;\">Ex-comandante da FAB presta depoimento nesta quart...<\/span>\n\t\t\t\t\t\t\t  \n\t\t\t\t\t\t\t  \n\t\t\t\t\t\t\t  <\/a>\n\n\t\t\t\t\t\t  <\/div>\n<\/div> <script>\n\t\t\t\t\t\t  jQuery(document).ready(function( $ ){\n\t\t\t\t\t\t\t\/\/jQuery('.yuzo_related_post').equalizer({ overflow : 'relatedthumb' });\n\t\t\t\t\t\t\tjQuery('.yuzo_related_post .yuzo_wraps').equalizer({ columns : '> div' });\n\t\t\t\t\t\t   })\n\t\t\t\t\t\t  <\/script> <!-- End Yuzo :) -->","protected":false},"excerpt":{"rendered":"<p>Em uma assembleia virtual realizada pelo Sintaema (Sindicato dos Trabalhadores em \u00c1gua, Esgoto e Meio Ambiente do Estado de S\u00e3o Paulo), nesta ter\u00e7a (30), a categoria aprovou entrar em estado de greve por conta do desmonte do plano de sa\u00fade pela Sabesp\u00a0(Companhia de Saneamento B\u00e1sico do Estado de S\u00e3o Paulo). Caso as negocia\u00e7\u00f5es n\u00e3o apresentem [&hellip;]<\/p>\n","protected":false},"author":2,"featured_media":0,"comment_status":"open","ping_status":"closed","sticky":false,"template":"","format":"standard","meta":{"fifu_image_url":"","fifu_image_alt":"","footnotes":""},"categories":[756,23068,6161,278,23069,6162,6164,1112,6165],"tags":[],"class_list":["post-56141","post","type-post","status-publish","format-standard","hentry","category-greve","category-hapvida","category-jose-faggian","category-movimentos","category-plano-de-saude","category-privatizacao-da-sabesp","category-sabesp","category-saneamento-basico","category-sintaema"],"_links":{"self":[{"href":"https:\/\/redept.com.br\/blogosfera\/wp-json\/wp\/v2\/posts\/56141","targetHints":{"allow":["GET"]}}],"collection":[{"href":"https:\/\/redept.com.br\/blogosfera\/wp-json\/wp\/v2\/posts"}],"about":[{"href":"https:\/\/redept.com.br\/blogosfera\/wp-json\/wp\/v2\/types\/post"}],"author":[{"embeddable":true,"href":"https:\/\/redept.com.br\/blogosfera\/wp-json\/wp\/v2\/users\/2"}],"replies":[{"embeddable":true,"href":"https:\/\/redept.com.br\/blogosfera\/wp-json\/wp\/v2\/comments?post=56141"}],"version-history":[{"count":0,"href":"https:\/\/redept.com.br\/blogosfera\/wp-json\/wp\/v2\/posts\/56141\/revisions"}],"wp:attachment":[{"href":"https:\/\/redept.com.br\/blogosfera\/wp-json\/wp\/v2\/media?parent=56141"}],"wp:term":[{"taxonomy":"category","embeddable":true,"href":"https:\/\/redept.com.br\/blogosfera\/wp-json\/wp\/v2\/categories?post=56141"},{"taxonomy":"post_tag","embeddable":true,"href":"https:\/\/redept.com.br\/blogosfera\/wp-json\/wp\/v2\/tags?post=56141"}],"curies":[{"name":"wp","href":"https:\/\/api.w.org\/{rel}","templated":true}]}}