{"id":56412,"date":"2025-10-03T19:06:43","date_gmt":"2025-10-03T22:06:43","guid":{"rendered":"https:\/\/redept.com.br\/blogosfera\/conferencia-nacional-de-mulheres-avanca-para-mais-conquistas-e-direitos\/"},"modified":"2025-10-03T19:06:43","modified_gmt":"2025-10-03T22:06:43","slug":"conferencia-nacional-de-mulheres-avanca-para-mais-conquistas-e-direitos","status":"publish","type":"post","link":"https:\/\/redept.com.br\/blogosfera\/conferencia-nacional-de-mulheres-avanca-para-mais-conquistas-e-direitos\/","title":{"rendered":"Confer\u00eancia Nacional de Mulheres avan\u00e7a para mais conquistas e direitos"},"content":{"rendered":"<p><img loading=\"lazy\" width=\"759\" height=\"434\"src=\"https:\/\/redept.com.br\/blogosfera\/wp-content\/uploads\/2025\/10\/Conferencia.jpg\" alt=\"\" decoding=\"async\" loading=\"lazy\" srcset=\"https:\/\/redept.com.br\/blogosfera\/wp-content\/uploads\/2025\/10\/Conferencia.jpg 759w, https:\/\/vermelho.org.br\/wp-content\/uploads\/2025\/10\/Conferencia-300x172.jpg 300w\" sizes=\"auto, (max-width: 759px) 100vw, 759px\"><\/p>\n<p>A 5\u00aa Confer\u00eancia Nacional de Pol\u00edticas para as Mulheres, realizada entre 29 de setembro e 1\u00ba de outubro, em Bras\u00edlia, reuniu mais de 4 mil mulheres para avaliar a\u00e7\u00f5es do governo do presidente Luiz In\u00e1cio Lula da Silva e propor avan\u00e7os que venham consolidar conquistas e direitos.<\/p>\n<p>\u201c\u00c9 uma prioridade do governo do Brasil dialogar e descobrir mais formas de combater viol\u00eancias contra a mulher, seja com penas mais pesadas, campanhas de conscientiza\u00e7\u00e3o, forma\u00e7\u00e3o e inclus\u00e3o de conte\u00fados nas escolas\u201d, disse a ministra das Mulheres, M\u00e1rcia Lopes.<\/p>\n<p>Ela ressalta que a confer\u00eancia reafirma o compromisso do governo com a participa\u00e7\u00e3o popular, a cidadania e a diversidade cultural, pol\u00edtica e criativa das mulheres.<\/p>\n<p>A presidenta da Uni\u00e3o Brasileira de Mulheres (UBM), Vanja Andrea Santos, avalia o encontro como positivo, pois serviu n\u00e3o s\u00f3 para debater a necessidade de intensificar pol\u00edticas j\u00e1 iniciadas pelo atual governo como a igualdade salarial e a pol\u00edtica de cuidados, que em breve ser\u00e1 lan\u00e7ada, mas tamb\u00e9m avan\u00e7ar em outras demandas.<\/p>\n<p><strong>Leia mais:<\/strong> <a href=\"https:\/\/vermelho.org.br\/2025\/09\/29\/nao-ha-democracia-plena-sem-a-voz-das-mulheres-diz-lula-na-5a-conferencia\/\">N\u00e3o h\u00e1 democracia plena sem a voz das mulheres, diz Lula na 5\u00aa Confer\u00eancia<\/a><\/p>\n<p>\u201cO trabalho \u00e9 no sentido de criar um sistema nacional de pol\u00edticas p\u00fablicas, como tem o Sistema \u00danico de Sa\u00fade (SUS), com um fundo nacional para a execu\u00e7\u00e3o dessas pol\u00edticas. Esse fundo, inclusive, incentivando fundos municipais e estaduais, porque a pol\u00edtica tem de ser executada nos territ\u00f3rios\u201d, diz Vanja.<\/p>\n<p>Para a presidenta da UBM, as mulheres brasileiras deram um importante passo rumo \u00e0 garantia e \u00e0 efetiva\u00e7\u00e3o dos seus direitos com o apoio do governo federal.<\/p>\n<p>\u201cEsse governo que \u00e9 democr\u00e1tico. \u00c9 por isso que n\u00f3s, dentro dessa constru\u00e7\u00e3o, ousamos dizer com todas as letras que \u00e9 necess\u00e1rio defender a democracia e a soberania. Isso porque sem democracia e sem soberania n\u00e3o h\u00e1 direito que possa ser afirmado\u201d, considera.<\/p>\n<p>Vanja tamb\u00e9m avalia como conveniente o debate realizado sobre o aborto que dialoga com v\u00e1rias outras necessidades das mulheres com que existe dentro dos direitos sexuais e reprodutivos.<\/p>\n<p>\u201c\u00c9 o acesso a absorvente, o acesso \u00e0 camisinha, o acesso a esses tipos de instrumentos que impedem que a mulher tenha filho num per\u00edodo em que n\u00e3o quer, n\u00e3o pode ter. Acho que essa legaliza\u00e7\u00e3o que foi discutida na confer\u00eancia dialoga com isso e a lei, que ainda precisa ser bastante estruturada. A lei que d\u00e1 acesso ao aborto \u00e0s mulheres que foram violentadas, estupradas e que t\u00eam uma gravidez de risco\u201d, diz.<\/p>\n<p>Para ela, houve avan\u00e7o ainda no debate sobre o enfrentamento ao racismo, \u00e0 transfobia, \u00e0 lesbofobia e \u00e0 autonomia do cuidado e da economia das mulheres.<\/p>\n<figure><img loading=\"lazy\" loading=\"lazy\" decoding=\"async\" width=\"926\" height=\"570\"src=\"https:\/\/redept.com.br\/blogosfera\/wp-content\/uploads\/2025\/10\/UBM-conferencia.jpg\" alt=\"\" srcset=\"https:\/\/redept.com.br\/blogosfera\/wp-content\/uploads\/2025\/10\/UBM-conferencia.jpg 926w, https:\/\/vermelho.org.br\/wp-content\/uploads\/2025\/10\/UBM-conferencia-300x185.jpg 300w, https:\/\/vermelho.org.br\/wp-content\/uploads\/2025\/10\/UBM-conferencia-768x473.jpg 768w\" sizes=\"auto, (max-width: 926px) 100vw, 926px\"><figcaption>Foto: Divulga\u00e7\u00e3o<\/figcaption><\/figure>\n<p><strong>CTB<\/strong><\/p>\n<p>A diretora nacional da quest\u00e3o da mulher da Central dos Trabalhadores e Trabalhadoras do Brasil (CTB), K\u00e1tia Branco, avalia a confer\u00eancia como \u201cgigante\u201d.<\/p>\n<p>\u201cForam tr\u00eas dias intensos com troca de experi\u00eancias, debates e grandes resolu\u00e7\u00f5es. No segundo dia, aconteceu a caminhada em que levamos todas as nossas pautas para as ruas de Bras\u00edlia. Depois de dez anos, a confer\u00eancia foi um acontecimento hist\u00f3rico com grande representatividade das mulheres cetebistas\u00a0de todo pa\u00eds\u201d, afirma.<\/p>\n<p>Na avalia\u00e7\u00e3o dela, outra marca do encontro foi o consenso. \u201cAs propostas de todas as mulheres foram aprovadas com 98% de votos favor\u00e1veis na plen\u00e1ria final. As sugest\u00f5es foram divididas em 15 eixos tem\u00e1ticos que ir\u00e3o compor as diretrizes do novo Plano Nacional de Pol\u00edticas para as Mulheres\u201d, destaca.<\/p>\n<p>K\u00e1tia elenca algumas propostas defendidas pelo movimento sindical: promo\u00e7\u00e3o da igualdade de g\u00eanero e incentivo \u00e0 igualdade salarial; redu\u00e7\u00e3o da jornada de trabalho e fim da escala 6\u00d71; fortalecimento de mecanismos de prote\u00e7\u00e3o contra viol\u00eancia pol\u00edtica e dom\u00e9stica; e amplia\u00e7\u00e3o de medidas de cuidado, participa\u00e7\u00e3o social e garantia de direitos em toda diversidade de mulheres.<\/p>\n<figure><img loading=\"lazy\" loading=\"lazy\" decoding=\"async\" width=\"792\" height=\"563\"src=\"https:\/\/redept.com.br\/blogosfera\/wp-content\/uploads\/2025\/10\/CTB-conferencia.jpg\" alt=\"\" srcset=\"https:\/\/redept.com.br\/blogosfera\/wp-content\/uploads\/2025\/10\/CTB-conferencia.jpg 792w, https:\/\/vermelho.org.br\/wp-content\/uploads\/2025\/10\/CTB-conferencia-300x213.jpg 300w, https:\/\/vermelho.org.br\/wp-content\/uploads\/2025\/10\/CTB-conferencia-768x546.jpg 768w\" sizes=\"auto, (max-width: 792px) 100vw, 792px\"><figcaption>Foto: Divulga\u00e7\u00e3o<\/figcaption><\/figure>\n<p>O post <a href=\"https:\/\/vermelho.org.br\/2025\/10\/03\/conferencia-nacional-de-mulheres-avanca-para-mais-conquistas-e-direitos\/\">Confer\u00eancia Nacional de Mulheres avan\u00e7a para mais conquistas e direitos<\/a> apareceu primeiro em <a href=\"https:\/\/vermelho.org.br\/\">Vermelho<\/a>.<\/p>\n<!-- Begin Yuzo --><div class='yuzo_related_post style-1'  data-version='5.12.89'><!-- without result --><div class='yuzo_clearfixed yuzo__title yuzo__title'><h3>Related Post<\/h3><\/div>\n\t\t\t\t\t\t  <div class=\"relatedthumb \" style=\"width:125px;float:left;overflow:hidden;\">  \n\t\t\t\t\t\t\t  \n\t\t\t\t\t\t\t  <a  href=\"https:\/\/redept.com.br\/blogosfera\/brics-e-economia-internacional-caminhos-para-a-justica-economica\/\"  >\n\t\t\t\t\t\t\t\t\t  <div class=\"yuzo-img-wrap \" style=\"width: 125px;height:90px;\">\n\t\t\t\t\t\t\t\t\t\t\n\t\t\t\t\t\t\t\t\t\t<div class=\"yuzo-img\" style=\"background:url('https:\/\/redept.com.br\/blogosfera\/wp-content\/uploads\/2025\/07\/IMG_5855-150x150.jpg') 50% 50% no-repeat;width: 125px;height:90px;margin-bottom: 5px;background-size: cover; \"><\/div>\n\t\t\t\t\t\t\t\t\t  <\/div>\n\t\t\t\t\t\t\t\t\t  \n\t\t\t\t\t\t\t\t   <span class=\"yuzo__text--title\" style=\"font-size:13px;\">BRICS e economia internacional, caminhos para a ju...<\/span>\n\t\t\t\t\t\t\t  \n\t\t\t\t\t\t\t  \n\t\t\t\t\t\t\t  <\/a>\n\n\t\t\t\t\t\t  <\/div>\n\t\t\t\t\t\t  <div class=\"relatedthumb \" style=\"width:125px;float:left;overflow:hidden;\">  \n\t\t\t\t\t\t\t  \n\t\t\t\t\t\t\t  <a  href=\"https:\/\/redept.com.br\/blogosfera\/teresa-leitao-defende-cultura-da-leitura-e-mais-tempo-livre-para-trabalhadores\/\"  >\n\t\t\t\t\t\t\t\t\t  <div class=\"yuzo-img-wrap \" style=\"width: 125px;height:90px;\">\n\t\t\t\t\t\t\t\t\t\t\n\t\t\t\t\t\t\t\t\t\t<div class=\"yuzo-img\" style=\"background:url('https:\/\/redept.org\/blogosfera\/wp-content\/plugins\/yuzo-related-post\/assets\/images\/default.png') 50% 50% no-repeat;width: 125px;height:90px;margin-bottom: 5px;background-size: cover; \"><\/div>\n\t\t\t\t\t\t\t\t\t  <\/div>\n\t\t\t\t\t\t\t\t\t  \n\t\t\t\t\t\t\t\t   <span class=\"yuzo__text--title\" style=\"font-size:13px;\">Teresa Leit\u00e3o defende cultura da leitura e mais te...<\/span>\n\t\t\t\t\t\t\t  \n\t\t\t\t\t\t\t  \n\t\t\t\t\t\t\t  <\/a>\n\n\t\t\t\t\t\t  <\/div>\n\t\t\t\t\t\t  <div class=\"relatedthumb \" style=\"width:125px;float:left;overflow:hidden;\">  \n\t\t\t\t\t\t\t  \n\t\t\t\t\t\t\t  <a  href=\"https:\/\/redept.com.br\/blogosfera\/o-mundo-esta-caminhando-para-uma-situacao-climatica-insustentavel-alerta-secretario-do-observatorio-do-clima\/\"  >\n\t\t\t\t\t\t\t\t\t  <div class=\"yuzo-img-wrap \" style=\"width: 125px;height:90px;\">\n\t\t\t\t\t\t\t\t\t\t\n\t\t\t\t\t\t\t\t\t\t<div class=\"yuzo-img\" style=\"background:url('https:\/\/redept.org\/blogosfera\/wp-content\/plugins\/yuzo-related-post\/assets\/images\/default.png') 50% 50% no-repeat;width: 125px;height:90px;margin-bottom: 5px;background-size: cover; \"><\/div>\n\t\t\t\t\t\t\t\t\t  <\/div>\n\t\t\t\t\t\t\t\t\t  \n\t\t\t\t\t\t\t\t   <span class=\"yuzo__text--title\" style=\"font-size:13px;\">\u2018O mundo est\u00e1 caminhando para uma situa\u00e7\u00e3o clim\u00e1ti...<\/span>\n\t\t\t\t\t\t\t  \n\t\t\t\t\t\t\t  \n\t\t\t\t\t\t\t  <\/a>\n\n\t\t\t\t\t\t  <\/div>\n\t\t\t\t\t\t  <div class=\"relatedthumb \" style=\"width:125px;float:left;overflow:hidden;\">  \n\t\t\t\t\t\t\t  \n\t\t\t\t\t\t\t  <a  href=\"https:\/\/redept.com.br\/blogosfera\/regulamentacao-das-cotas-no-servico-publico-representa-grande-avanco-apontam-senadores\/\"  >\n\t\t\t\t\t\t\t\t\t  <div class=\"yuzo-img-wrap \" style=\"width: 125px;height:90px;\">\n\t\t\t\t\t\t\t\t\t\t\n\t\t\t\t\t\t\t\t\t\t<div class=\"yuzo-img\" style=\"background:url('https:\/\/redept.org\/blogosfera\/wp-content\/plugins\/yuzo-related-post\/assets\/images\/default.png') 50% 50% no-repeat;width: 125px;height:90px;margin-bottom: 5px;background-size: cover; \"><\/div>\n\t\t\t\t\t\t\t\t\t  <\/div>\n\t\t\t\t\t\t\t\t\t  \n\t\t\t\t\t\t\t\t   <span class=\"yuzo__text--title\" style=\"font-size:13px;\">Regulamenta\u00e7\u00e3o das cotas no servi\u00e7o p\u00fablico repres...<\/span>\n\t\t\t\t\t\t\t  \n\t\t\t\t\t\t\t  \n\t\t\t\t\t\t\t  <\/a>\n\n\t\t\t\t\t\t  <\/div>\n<\/div> <script>\n\t\t\t\t\t\t  jQuery(document).ready(function( $ ){\n\t\t\t\t\t\t\t\/\/jQuery('.yuzo_related_post').equalizer({ overflow : 'relatedthumb' });\n\t\t\t\t\t\t\tjQuery('.yuzo_related_post .yuzo_wraps').equalizer({ columns : '> div' });\n\t\t\t\t\t\t   })\n\t\t\t\t\t\t  <\/script> <!-- End Yuzo :) -->","protected":false},"excerpt":{"rendered":"<p>A 5\u00aa Confer\u00eancia Nacional de Pol\u00edticas para as Mulheres, realizada entre 29 de setembro e 1\u00ba de outubro, em Bras\u00edlia, reuniu mais de 4 mil mulheres para avaliar a\u00e7\u00f5es do governo do presidente Luiz In\u00e1cio Lula da Silva e propor avan\u00e7os que venham consolidar conquistas e direitos. \u201c\u00c9 uma prioridade do governo do Brasil dialogar [&hellip;]<\/p>\n","protected":false},"author":2,"featured_media":0,"comment_status":"open","ping_status":"closed","sticky":false,"template":"","format":"standard","meta":{"fifu_image_url":"","fifu_image_alt":"","footnotes":""},"categories":[1719,4147,282,4126,132,5743],"tags":[],"class_list":["post-56412","post","type-post","status-publish","format-standard","hentry","category-5a-conferencia-nacional-de-politicas-para-as-mulheres","category-conquistas","category-ctb","category-direitos","category-politica","category-ubm"],"_links":{"self":[{"href":"https:\/\/redept.com.br\/blogosfera\/wp-json\/wp\/v2\/posts\/56412","targetHints":{"allow":["GET"]}}],"collection":[{"href":"https:\/\/redept.com.br\/blogosfera\/wp-json\/wp\/v2\/posts"}],"about":[{"href":"https:\/\/redept.com.br\/blogosfera\/wp-json\/wp\/v2\/types\/post"}],"author":[{"embeddable":true,"href":"https:\/\/redept.com.br\/blogosfera\/wp-json\/wp\/v2\/users\/2"}],"replies":[{"embeddable":true,"href":"https:\/\/redept.com.br\/blogosfera\/wp-json\/wp\/v2\/comments?post=56412"}],"version-history":[{"count":0,"href":"https:\/\/redept.com.br\/blogosfera\/wp-json\/wp\/v2\/posts\/56412\/revisions"}],"wp:attachment":[{"href":"https:\/\/redept.com.br\/blogosfera\/wp-json\/wp\/v2\/media?parent=56412"}],"wp:term":[{"taxonomy":"category","embeddable":true,"href":"https:\/\/redept.com.br\/blogosfera\/wp-json\/wp\/v2\/categories?post=56412"},{"taxonomy":"post_tag","embeddable":true,"href":"https:\/\/redept.com.br\/blogosfera\/wp-json\/wp\/v2\/tags?post=56412"}],"curies":[{"name":"wp","href":"https:\/\/api.w.org\/{rel}","templated":true}]}}