{"id":56491,"date":"2025-10-04T11:43:49","date_gmt":"2025-10-04T14:43:49","guid":{"rendered":"https:\/\/redept.com.br\/blogosfera\/fiocruz-divulga-nota-de-apoio-ao-curso-de-medicina-para-assentados-rurais-e-quilombolas\/"},"modified":"2025-10-04T11:43:49","modified_gmt":"2025-10-04T14:43:49","slug":"fiocruz-divulga-nota-de-apoio-ao-curso-de-medicina-para-assentados-rurais-e-quilombolas","status":"publish","type":"post","link":"https:\/\/redept.com.br\/blogosfera\/fiocruz-divulga-nota-de-apoio-ao-curso-de-medicina-para-assentados-rurais-e-quilombolas\/","title":{"rendered":"Fiocruz divulga nota de apoio ao Curso de Medicina para Assentados Rurais e Quilombolas"},"content":{"rendered":"<figure><img fetchpriority=\"high\" fetchpriority=\"high\" decoding=\"async\" width=\"750\" height=\"375\"src=\"https:\/\/redept.com.br\/blogosfera\/wp-content\/uploads\/2025\/10\/40406783331_46165e123c_b-1.jpg\" alt=\"Fiocruz \u00e9 alvo de censura em pesquisa sobre agrot\u00f3xicos\" srcset=\"https:\/\/redept.com.br\/blogosfera\/wp-content\/uploads\/2025\/10\/40406783331_46165e123c_b-1.jpg 750w, https:\/\/mst.org.br\/wp-content\/uploads\/2019\/11\/40406783331_46165e123c_b-1-300x150.jpg 300w\" sizes=\"(max-width: 750px) 100vw, 750px\"><figcaption><em>Foto: Reprodu\u00e7\u00e3o<\/em><\/figcaption><\/figure>\n<p><em>Da Ag\u00eancia Fiocruz de Not\u00edcias (AFN)<\/em><\/p>\n<p>Nesta sexta-feira (3\/10), o Conselho Deliberativo da Fiocruz divulga uma manifesta\u00e7\u00e3o de apoio \u00e0 iniciativa do Programa Nacional de Educa\u00e7\u00e3o na Reforma Agr\u00e1ria (Pronera), em parceria com a Universidade Federal de Pernambuco (UFPE), que visa promover um curso de gradua\u00e7\u00e3o em medicina voltado para assentados rurais e quilombolas e adequado \u00e0 realidade dessas popula\u00e7\u00f5es.<\/p>\n<p>O edital de chamamento ao curso foi contestado judicialmente, sob argumentos de violar a universalidade do acesso, gerando privil\u00e9gios. A Fiocruz apoia a iniciativa do Pronera e da UFPE, que forma profissionais comprometidos com os princ\u00edpios do Sistema \u00danico de Sa\u00fade (SUS) para a redu\u00e7\u00e3o das desigualdades sociais brasileiras.<\/p>\n<p>Confira a nota na \u00edntegra:<\/p>\n<p><strong>Nota de apoio do Conselho Deliberativo da Fiocruz ao Curso de Medicina para Assentados Rurais e Quilombolas (Pronera\/UFPE)<\/strong><\/p>\n<p>Ciente da import\u00e2ncia da forma\u00e7\u00e3o de profissionais de sa\u00fade comprometidos com os princ\u00edpios do Sistema \u00danico de Sa\u00fade (SUS) para a redu\u00e7\u00e3o das iniquidades em sa\u00fade e das desigualdades sociais como um todo, o Conselho Deliberativo da Fiocruz vem manifestar seu apoio \u00e0 iniciativa do Programa Nacional de Educa\u00e7\u00e3o na Reforma Agr\u00e1ria (Pronera), em parceria com a Universidade Federal de Pernambuco (UFPE), de promover um curso de gradua\u00e7\u00e3o em medicina voltado para assentados rurais e quilombolas e adequado \u00e0 realidade dessas popula\u00e7\u00f5es. Como tem sido noticiado, recentemente o edital de chamamento ao curso foi contestado judicialmente, sob argumentos de violar a universalidade do acesso, gerando privil\u00e9gios.<\/p>\n<p>A concep\u00e7\u00e3o de que as a\u00e7\u00f5es de sa\u00fade devem ser orientadas por um olhar sobre os territ\u00f3rios e as necessidades locais tem sido validada pela experi\u00eancia das \u00faltimas d\u00e9cadas e constitui um marco do pensamento da Reforma Sanit\u00e1ria brasileira. Elaborada no \u00e2mbito desse mesmo movimento e formalizada como um dos princ\u00edpios do SUS, a ideia de equidade refor\u00e7a a import\u00e2ncia do respeito \u00e0 diversidade e \u00e0s necessidades espec\u00edficas de grupos sociais atingidos de forma distinta por mazelas sociais que operam como determina\u00e7\u00f5es do processo de sa\u00fade e doen\u00e7a.<\/p>\n<p>Ao tratarem de forma distinta os segmentos sociais que t\u00eam necessidades e condi\u00e7\u00f5es de vida igualmente distintas, as pol\u00edticas p\u00fablicas n\u00e3o promovem privil\u00e9gios, mas, ao contr\u00e1rio, tra\u00e7am estrat\u00e9gias para alcan\u00e7ar uma maior justi\u00e7a social \u2014 concep\u00e7\u00e3o que remete aos princ\u00edpios fundantes do SUS brasileiro. Esse parece ser, precisamente, o retrato do que ocorre, no Brasil, com vastos segmentos das popula\u00e7\u00f5es do campo, ribeirinhas e quilombolas, que apresentam piores indicadores sociais e sanit\u00e1rios na compara\u00e7\u00e3o com a popula\u00e7\u00e3o como um todo, como mostram v\u00e1rios estudos cient\u00edficos.<\/p>\n<p>Logo, o que prop\u00f5e o edital n\u00b0 31\/2025 (Processo Seletivo Espec\u00edfico para o curso de Medicina do Pronera), publicado pela UFPE em parceria com o Pronera, e financiado com recursos desse programa, n\u00e3o constitui nenhuma novidade, representando apenas a continuidade da trajet\u00f3ria de quase 30 anos de uma pol\u00edtica p\u00fablica exitosa. Desde a sua cria\u00e7\u00e3o, em 1998, o Pronera vem fortalecendo o esfor\u00e7o de redu\u00e7\u00e3o das desigualdades no campo, por meio de a\u00e7\u00f5es que visam ampliar a escolaridade dessas popula\u00e7\u00f5es e fornecer-lhe instrumentos para a melhoria das condi\u00e7\u00f5es gerais e coletivas de vida nessas regi\u00f5es.<\/p>\n<p>Trata-se de uma iniciativa comprovadamente exitosa, que tem contribu\u00eddo, inclusive, para aproximar e comprometer uma importante rede de institui\u00e7\u00f5es p\u00fablicas, entre elas a Fiocruz, com a realidade e as necessidades da popula\u00e7\u00e3o do campo. Na \u00e1rea da sa\u00fade, como em v\u00e1rias outras, ao longo desses anos foram diversos os cursos, de diferentes n\u00edveis de ensino e \u00e1reas tem\u00e1ticas \u2013 desde a especializa\u00e7\u00e3o t\u00e9cnica at\u00e9 a p\u00f3s-gradua\u00e7\u00e3o \u2013, realizados com sucesso no \u00e2mbito do Pronera, experi\u00eancias essas que, de modo intersetorial, buscam articular objetivos fundamentais para o desenvolvimento do pa\u00eds, como a amplia\u00e7\u00e3o da escolaridade e a fixa\u00e7\u00e3o das popula\u00e7\u00f5es do campo e o fortalecimento do SUS em territ\u00f3rios mais vulner\u00e1veis.<\/p>\n<p>A Fiocruz tem, portanto, convic\u00e7\u00e3o de afirmar que, como profiss\u00e3o fundamental para o funcionamento do sistema de sa\u00fade e cumprimento dos seus princ\u00edpios, comprometida com a democratiza\u00e7\u00e3o do conhecimento cient\u00edfico voltado \u00e0 redu\u00e7\u00e3o das desigualdades sociais e territoriais, a medicina n\u00e3o deve ser exclu\u00edda dessa experi\u00eancia. A Fiocruz apoia a iniciativa do Pronera, Programa Nacional de Educa\u00e7\u00e3o na Reforma Agr\u00e1ria, em parceria com a Universidade Federal de Pernambuco de promover um curso de gradua\u00e7\u00e3o em medicina voltado \u00e0s especificidades de assentados rurais e popula\u00e7\u00f5es quilombolas, formando profissionais comprometidos com os princ\u00edpios do SUS para a redu\u00e7\u00e3o das desigualdades sociais brasileiras.<\/p>\n<p>Conselho Deliberativo da Fiocruz, em 03\/10\/2025.<\/p>\n<p>O post <a href=\"https:\/\/mst.org.br\/2025\/10\/04\/fiocruz-divulga-nota-de-apoio-ao-curso-de-medicina-para-assentados-rurais-e-quilombolas\/\">Fiocruz divulga nota de apoio ao Curso de Medicina para Assentados Rurais e Quilombolas<\/a> apareceu primeiro em <a href=\"https:\/\/mst.org.br\/\">MST<\/a>.<\/p>\n<!-- Begin Yuzo --><div class='yuzo_related_post style-1'  data-version='5.12.89'><!-- without result --><div class='yuzo_clearfixed yuzo__title yuzo__title'><h3>Related Post<\/h3><\/div>\n\t\t\t\t\t\t  <div class=\"relatedthumb \" style=\"width:125px;float:left;overflow:hidden;\">  \n\t\t\t\t\t\t\t  \n\t\t\t\t\t\t\t  <a  href=\"https:\/\/redept.com.br\/blogosfera\/derrota-de-orban-encerra-ciclo-e-redesenha-politica-hungara\/\"  >\n\t\t\t\t\t\t\t\t\t  <div class=\"yuzo-img-wrap \" style=\"width: 125px;height:90px;\">\n\t\t\t\t\t\t\t\t\t\t\n\t\t\t\t\t\t\t\t\t\t<div class=\"yuzo-img\" style=\"background:url('https:\/\/redept.com.br\/blogosfera\/wp-content\/uploads\/2026\/04\/Captura-de-Tela-2026-04-12-as-172754-2048x1404-1-150x150.png') 50% 50% no-repeat;width: 125px;height:90px;margin-bottom: 5px;background-size: cover; \"><\/div>\n\t\t\t\t\t\t\t\t\t  <\/div>\n\t\t\t\t\t\t\t\t\t  \n\t\t\t\t\t\t\t\t   <span class=\"yuzo__text--title\" style=\"font-size:13px;\">Derrota de Orb\u00e1n encerra ciclo e redesenha pol\u00edtic...<\/span>\n\t\t\t\t\t\t\t  \n\t\t\t\t\t\t\t  \n\t\t\t\t\t\t\t  <\/a>\n\n\t\t\t\t\t\t  <\/div>\n\t\t\t\t\t\t  <div class=\"relatedthumb \" style=\"width:125px;float:left;overflow:hidden;\">  \n\t\t\t\t\t\t\t  \n\t\t\t\t\t\t\t  <a  href=\"https:\/\/redept.com.br\/blogosfera\/lula-recebe-alta\/\"  >\n\t\t\t\t\t\t\t\t\t  <div class=\"yuzo-img-wrap \" style=\"width: 125px;height:90px;\">\n\t\t\t\t\t\t\t\t\t\t\n\t\t\t\t\t\t\t\t\t\t<div class=\"yuzo-img\" style=\"background:url('https:\/\/redept.com.br\/blogosfera\/wp-content\/uploads\/2024\/12\/Lula-alta-150x150.jpg') 50% 50% no-repeat;width: 125px;height:90px;margin-bottom: 5px;background-size: cover; \"><\/div>\n\t\t\t\t\t\t\t\t\t  <\/div>\n\t\t\t\t\t\t\t\t\t  \n\t\t\t\t\t\t\t\t   <span class=\"yuzo__text--title\" style=\"font-size:13px;\">Lula recebe alta<\/span>\n\t\t\t\t\t\t\t  \n\t\t\t\t\t\t\t  \n\t\t\t\t\t\t\t  <\/a>\n\n\t\t\t\t\t\t  <\/div>\n\t\t\t\t\t\t  <div class=\"relatedthumb \" style=\"width:125px;float:left;overflow:hidden;\">  \n\t\t\t\t\t\t\t  \n\t\t\t\t\t\t\t  <a  href=\"https:\/\/redept.com.br\/blogosfera\/marina-silva-cop30-reforcara-protagonismo-do-brasil-na-agenda-do-clima\/\"  >\n\t\t\t\t\t\t\t\t\t  <div class=\"yuzo-img-wrap \" style=\"width: 125px;height:90px;\">\n\t\t\t\t\t\t\t\t\t\t\n\t\t\t\t\t\t\t\t\t\t<div class=\"yuzo-img\" style=\"background:url('https:\/\/redept.com.br\/blogosfera\/wp-content\/uploads\/2024\/12\/belem-150x150.jpg') 50% 50% no-repeat;width: 125px;height:90px;margin-bottom: 5px;background-size: cover; \"><\/div>\n\t\t\t\t\t\t\t\t\t  <\/div>\n\t\t\t\t\t\t\t\t\t  \n\t\t\t\t\t\t\t\t   <span class=\"yuzo__text--title\" style=\"font-size:13px;\">Marina Silva: COP30 refor\u00e7ar\u00e1 protagonismo do Bras...<\/span>\n\t\t\t\t\t\t\t  \n\t\t\t\t\t\t\t  \n\t\t\t\t\t\t\t  <\/a>\n\n\t\t\t\t\t\t  <\/div>\n\t\t\t\t\t\t  <div class=\"relatedthumb \" style=\"width:125px;float:left;overflow:hidden;\">  \n\t\t\t\t\t\t\t  \n\t\t\t\t\t\t\t  <a  href=\"https:\/\/redept.com.br\/blogosfera\/o-que-e-noticia-no-jornal-tvt-news-primeira-edicao-21-10-2025\/\"  >\n\t\t\t\t\t\t\t\t\t  <div class=\"yuzo-img-wrap \" style=\"width: 125px;height:90px;\">\n\t\t\t\t\t\t\t\t\t\t\n\t\t\t\t\t\t\t\t\t\t<div class=\"yuzo-img\" style=\"background:url('https:\/\/redept.com.br\/blogosfera\/wp-content\/uploads\/2025\/10\/jornal_tvt_news-25-150x150.jpeg') 50% 50% no-repeat;width: 125px;height:90px;margin-bottom: 5px;background-size: cover; \"><\/div>\n\t\t\t\t\t\t\t\t\t  <\/div>\n\t\t\t\t\t\t\t\t\t  \n\t\t\t\t\t\t\t\t   <span class=\"yuzo__text--title\" style=\"font-size:13px;\">O que \u00e9 not\u00edcia no Jornal TVT News Primeira Edi\u00e7\u00e3o...<\/span>\n\t\t\t\t\t\t\t  \n\t\t\t\t\t\t\t  \n\t\t\t\t\t\t\t  <\/a>\n\n\t\t\t\t\t\t  <\/div>\n<\/div> <script>\n\t\t\t\t\t\t  jQuery(document).ready(function( $ ){\n\t\t\t\t\t\t\t\/\/jQuery('.yuzo_related_post').equalizer({ overflow : 'relatedthumb' });\n\t\t\t\t\t\t\tjQuery('.yuzo_related_post .yuzo_wraps').equalizer({ columns : '> div' });\n\t\t\t\t\t\t   })\n\t\t\t\t\t\t  <\/script> <!-- End Yuzo :) -->","protected":false},"excerpt":{"rendered":"<p>Foto: Reprodu\u00e7\u00e3o Da Ag\u00eancia Fiocruz de Not\u00edcias (AFN) Nesta sexta-feira (3\/10), o Conselho Deliberativo da Fiocruz divulga uma manifesta\u00e7\u00e3o de apoio \u00e0 iniciativa do Programa Nacional de Educa\u00e7\u00e3o na Reforma Agr\u00e1ria (Pronera), em parceria com a Universidade Federal de Pernambuco (UFPE), que visa promover um curso de gradua\u00e7\u00e3o em medicina voltado para assentados rurais e [&hellip;]<\/p>\n","protected":false},"author":2,"featured_media":0,"comment_status":"open","ping_status":"closed","sticky":false,"template":"","format":"standard","meta":{"fifu_image_url":"","fifu_image_alt":"","footnotes":""},"categories":[2520,691,321,191,1374,2392],"tags":[],"class_list":["post-56491","post","type-post","status-publish","format-standard","hentry","category-fiocruz","category-nota","category-notas","category-noticias","category-pronera","category-ufpe"],"_links":{"self":[{"href":"https:\/\/redept.com.br\/blogosfera\/wp-json\/wp\/v2\/posts\/56491","targetHints":{"allow":["GET"]}}],"collection":[{"href":"https:\/\/redept.com.br\/blogosfera\/wp-json\/wp\/v2\/posts"}],"about":[{"href":"https:\/\/redept.com.br\/blogosfera\/wp-json\/wp\/v2\/types\/post"}],"author":[{"embeddable":true,"href":"https:\/\/redept.com.br\/blogosfera\/wp-json\/wp\/v2\/users\/2"}],"replies":[{"embeddable":true,"href":"https:\/\/redept.com.br\/blogosfera\/wp-json\/wp\/v2\/comments?post=56491"}],"version-history":[{"count":0,"href":"https:\/\/redept.com.br\/blogosfera\/wp-json\/wp\/v2\/posts\/56491\/revisions"}],"wp:attachment":[{"href":"https:\/\/redept.com.br\/blogosfera\/wp-json\/wp\/v2\/media?parent=56491"}],"wp:term":[{"taxonomy":"category","embeddable":true,"href":"https:\/\/redept.com.br\/blogosfera\/wp-json\/wp\/v2\/categories?post=56491"},{"taxonomy":"post_tag","embeddable":true,"href":"https:\/\/redept.com.br\/blogosfera\/wp-json\/wp\/v2\/tags?post=56491"}],"curies":[{"name":"wp","href":"https:\/\/api.w.org\/{rel}","templated":true}]}}