{"id":56556,"date":"2025-10-04T13:15:58","date_gmt":"2025-10-04T16:15:58","guid":{"rendered":"https:\/\/redept.com.br\/blogosfera\/pm-reu-pelo-8-de-janeiro-passa-em-exame-da-oab-e-coloca-instituicao-em-situacao-inedita\/"},"modified":"2025-10-04T13:15:58","modified_gmt":"2025-10-04T16:15:58","slug":"pm-reu-pelo-8-de-janeiro-passa-em-exame-da-oab-e-coloca-instituicao-em-situacao-inedita","status":"publish","type":"post","link":"https:\/\/redept.com.br\/blogosfera\/pm-reu-pelo-8-de-janeiro-passa-em-exame-da-oab-e-coloca-instituicao-em-situacao-inedita\/","title":{"rendered":"PM r\u00e9u pelo 8 de Janeiro passa em exame da OAB e coloca institui\u00e7\u00e3o em situa\u00e7\u00e3o in\u00e9dita"},"content":{"rendered":"<div><\/div>\n<p>Por Tha\u00edsa Oliveira A aprova\u00e7\u00e3o de um candidato no 42\u00ba exame da\u00a0OAB\u00a0(Ordem dos Advogados do Brasil), obrigat\u00f3rio para quem quer exercer a advocacia no pa\u00eds, colocou a institui\u00e7\u00e3o em uma situa\u00e7\u00e3o in\u00e9dita descrita como \u201cjuridicamente delicada, hist\u00f3rica e sociologicamente sens\u00edvel\u201d. Jorge Eduardo Naime Barreto\u00a0recebeu o certificado de aprova\u00e7\u00e3o no Exame de Ordem em 28 de [\u2026]<\/p>\n<!-- Begin Yuzo --><div class='yuzo_related_post style-1'  data-version='5.12.89'><!-- without result --><div class='yuzo_clearfixed yuzo__title yuzo__title'><h3>Related Post<\/h3><\/div>\n\t\t\t\t\t\t  <div class=\"relatedthumb \" style=\"width:125px;float:left;overflow:hidden;\">  \n\t\t\t\t\t\t\t  \n\t\t\t\t\t\t\t  <a  href=\"https:\/\/redept.com.br\/blogosfera\/esquerda-do-equador-acusa-governo-noboa-de-manipulacao-eleitoral-apos-anulacao-de-mais-dois-partidos-de-oposicao\/\"  >\n\t\t\t\t\t\t\t\t\t  <div class=\"yuzo-img-wrap \" style=\"width: 125px;height:90px;\">\n\t\t\t\t\t\t\t\t\t\t\n\t\t\t\t\t\t\t\t\t\t<div class=\"yuzo-img\" style=\"background:url('https:\/\/redept.org\/blogosfera\/wp-content\/plugins\/yuzo-related-post\/assets\/images\/default.png') 50% 50% no-repeat;width: 125px;height:90px;margin-bottom: 5px;background-size: cover; \"><\/div>\n\t\t\t\t\t\t\t\t\t  <\/div>\n\t\t\t\t\t\t\t\t\t  \n\t\t\t\t\t\t\t\t   <span class=\"yuzo__text--title\" style=\"font-size:13px;\">Esquerda do Equador acusa governo Noboa de manipul...<\/span>\n\t\t\t\t\t\t\t  \n\t\t\t\t\t\t\t  \n\t\t\t\t\t\t\t  <\/a>\n\n\t\t\t\t\t\t  <\/div>\n\t\t\t\t\t\t  <div class=\"relatedthumb \" style=\"width:125px;float:left;overflow:hidden;\">  \n\t\t\t\t\t\t\t  \n\t\t\t\t\t\t\t  <a  href=\"https:\/\/redept.com.br\/blogosfera\/como-o-natal-e-comemorado-no-mundo\/\"  >\n\t\t\t\t\t\t\t\t\t  <div class=\"yuzo-img-wrap \" style=\"width: 125px;height:90px;\">\n\t\t\t\t\t\t\t\t\t\t\n\t\t\t\t\t\t\t\t\t\t<div class=\"yuzo-img\" style=\"background:url('https:\/\/redept.com.br\/blogosfera\/wp-content\/uploads\/2024\/12\/Decorative-Mexican-traditional-pinata-Paricutina-150x150.jpg') 50% 50% no-repeat;width: 125px;height:90px;margin-bottom: 5px;background-size: cover; \"><\/div>\n\t\t\t\t\t\t\t\t\t  <\/div>\n\t\t\t\t\t\t\t\t\t  \n\t\t\t\t\t\t\t\t   <span class=\"yuzo__text--title\" style=\"font-size:13px;\">Como o Natal \u00e9 comemorado no mundo<\/span>\n\t\t\t\t\t\t\t  \n\t\t\t\t\t\t\t  \n\t\t\t\t\t\t\t  <\/a>\n\n\t\t\t\t\t\t  <\/div>\n\t\t\t\t\t\t  <div class=\"relatedthumb \" style=\"width:125px;float:left;overflow:hidden;\">  \n\t\t\t\t\t\t\t  \n\t\t\t\t\t\t\t  <a  href=\"https:\/\/redept.com.br\/blogosfera\/cobrado-por-abusos-da-pm-tarcisio-ironizou-denuncias-de-mortes-por-policiais-em-marco-deste-ano-to-nem-ai\/\"  >\n\t\t\t\t\t\t\t\t\t  <div class=\"yuzo-img-wrap \" style=\"width: 125px;height:90px;\">\n\t\t\t\t\t\t\t\t\t\t\n\t\t\t\t\t\t\t\t\t\t<div class=\"yuzo-img\" style=\"background:url('https:\/\/redept.org\/blogosfera\/wp-content\/plugins\/yuzo-related-post\/assets\/images\/default.png') 50% 50% no-repeat;width: 125px;height:90px;margin-bottom: 5px;background-size: cover; \"><\/div>\n\t\t\t\t\t\t\t\t\t  <\/div>\n\t\t\t\t\t\t\t\t\t  \n\t\t\t\t\t\t\t\t   <span class=\"yuzo__text--title\" style=\"font-size:13px;\">Cobrado por abusos da PM, Tarc\u00edsio ironizou den\u00fanc...<\/span>\n\t\t\t\t\t\t\t  \n\t\t\t\t\t\t\t  \n\t\t\t\t\t\t\t  <\/a>\n\n\t\t\t\t\t\t  <\/div>\n\t\t\t\t\t\t  <div class=\"relatedthumb \" style=\"width:125px;float:left;overflow:hidden;\">  \n\t\t\t\t\t\t\t  \n\t\t\t\t\t\t\t  <a  href=\"https:\/\/redept.com.br\/blogosfera\/cobrasma-lucrou-milhoes-ao-apoiar-ditadura-e-reprimir-movimentos-sociais\/\"  >\n\t\t\t\t\t\t\t\t\t  <div class=\"yuzo-img-wrap \" style=\"width: 125px;height:90px;\">\n\t\t\t\t\t\t\t\t\t\t\n\t\t\t\t\t\t\t\t\t\t<div class=\"yuzo-img\" style=\"background:url('https:\/\/redept.org\/blogosfera\/wp-content\/plugins\/yuzo-related-post\/assets\/images\/default.png') 50% 50% no-repeat;width: 125px;height:90px;margin-bottom: 5px;background-size: cover; \"><\/div>\n\t\t\t\t\t\t\t\t\t  <\/div>\n\t\t\t\t\t\t\t\t\t  \n\t\t\t\t\t\t\t\t   <span class=\"yuzo__text--title\" style=\"font-size:13px;\">Cobrasma lucrou milh\u00f5es ao apoiar ditadura e repri...<\/span>\n\t\t\t\t\t\t\t  \n\t\t\t\t\t\t\t  \n\t\t\t\t\t\t\t  <\/a>\n\n\t\t\t\t\t\t  <\/div>\n<\/div> <script>\n\t\t\t\t\t\t  jQuery(document).ready(function( $ ){\n\t\t\t\t\t\t\t\/\/jQuery('.yuzo_related_post').equalizer({ overflow : 'relatedthumb' });\n\t\t\t\t\t\t\tjQuery('.yuzo_related_post .yuzo_wraps').equalizer({ columns : '> div' });\n\t\t\t\t\t\t   })\n\t\t\t\t\t\t  <\/script> <!-- End Yuzo :) -->","protected":false},"excerpt":{"rendered":"<div><img loading=\"lazy\" decoding=\"async\" width=\"848\" height=\"477\" src=\"https:\/\/iclnoticias.com.br\/app\/uploads\/2025\/01\/Jorge-Eduardo-Naime-CPI-do-8-de-Janeiro-26jun2023-848x477-1.webp\" alt=\"\" loading=\"lazy\"><\/div>\n<p>Por Tha\u00edsa Oliveira A aprova\u00e7\u00e3o de um candidato no 42\u00ba exame da\u00a0OAB\u00a0(Ordem dos Advogados do Brasil), obrigat\u00f3rio para quem quer exercer a advocacia no pa\u00eds, colocou a institui\u00e7\u00e3o em uma situa\u00e7\u00e3o in\u00e9dita descrita como \u201cjuridicamente delicada, hist\u00f3rica e sociologicamente sens\u00edvel\u201d. Jorge Eduardo Naime Barreto\u00a0recebeu o certificado de aprova\u00e7\u00e3o no Exame de Ordem em 28 de [\u2026]<\/p>\n","protected":false},"author":2,"featured_media":0,"comment_status":"open","ping_status":"closed","sticky":false,"template":"","format":"standard","meta":{"fifu_image_url":"","fifu_image_alt":"","footnotes":""},"categories":[1269,23426,2099,132],"tags":[],"class_list":["post-56556","post","type-post","status-publish","format-standard","hentry","category-8-de-janeiro","category-naime","category-pm","category-politica"],"_links":{"self":[{"href":"https:\/\/redept.com.br\/blogosfera\/wp-json\/wp\/v2\/posts\/56556","targetHints":{"allow":["GET"]}}],"collection":[{"href":"https:\/\/redept.com.br\/blogosfera\/wp-json\/wp\/v2\/posts"}],"about":[{"href":"https:\/\/redept.com.br\/blogosfera\/wp-json\/wp\/v2\/types\/post"}],"author":[{"embeddable":true,"href":"https:\/\/redept.com.br\/blogosfera\/wp-json\/wp\/v2\/users\/2"}],"replies":[{"embeddable":true,"href":"https:\/\/redept.com.br\/blogosfera\/wp-json\/wp\/v2\/comments?post=56556"}],"version-history":[{"count":0,"href":"https:\/\/redept.com.br\/blogosfera\/wp-json\/wp\/v2\/posts\/56556\/revisions"}],"wp:attachment":[{"href":"https:\/\/redept.com.br\/blogosfera\/wp-json\/wp\/v2\/media?parent=56556"}],"wp:term":[{"taxonomy":"category","embeddable":true,"href":"https:\/\/redept.com.br\/blogosfera\/wp-json\/wp\/v2\/categories?post=56556"},{"taxonomy":"post_tag","embeddable":true,"href":"https:\/\/redept.com.br\/blogosfera\/wp-json\/wp\/v2\/tags?post=56556"}],"curies":[{"name":"wp","href":"https:\/\/api.w.org\/{rel}","templated":true}]}}