{"id":56673,"date":"2025-10-06T08:25:59","date_gmt":"2025-10-06T11:25:59","guid":{"rendered":"https:\/\/redept.com.br\/blogosfera\/sabesp-recorre-a-agua-de-esgoto-tratada-em-meio-a-crise-hidrica-e-criticas-por-privatizacao\/"},"modified":"2025-10-06T08:25:59","modified_gmt":"2025-10-06T11:25:59","slug":"sabesp-recorre-a-agua-de-esgoto-tratada-em-meio-a-crise-hidrica-e-criticas-por-privatizacao","status":"publish","type":"post","link":"https:\/\/redept.com.br\/blogosfera\/sabesp-recorre-a-agua-de-esgoto-tratada-em-meio-a-crise-hidrica-e-criticas-por-privatizacao\/","title":{"rendered":"Sabesp recorre a \u00e1gua de esgoto tratada em meio a crise h\u00eddrica e cr\u00edticas por privatiza\u00e7\u00e3o"},"content":{"rendered":"<p>Re\u00faso de efluentes surge como solu\u00e7\u00e3o para escassez na Grande S\u00e3o Paulo, mas falhas no abastecimento p\u00f3s-privatiza\u00e7\u00e3o intensificam desconfian\u00e7a sobre gest\u00e3o<\/p>\n<p>O post Sabesp recorre a \u00e1gua de esgoto tratada em meio a crise h\u00eddrica e cr\u00edticas por privatiza\u00e7\u00e3o apareceu primeiro em .<\/p>\n<!-- Begin Yuzo --><div class='yuzo_related_post style-1'  data-version='5.12.89'><!-- without result --><div class='yuzo_clearfixed yuzo__title yuzo__title'><h3>Related Post<\/h3><\/div>\n\t\t\t\t\t\t  <div class=\"relatedthumb \" style=\"width:125px;float:left;overflow:hidden;\">  \n\t\t\t\t\t\t\t  \n\t\t\t\t\t\t\t  <a  href=\"https:\/\/redept.com.br\/blogosfera\/mst-realiza-seminario-que-fortalece-a-producao-e-comercializacao-de-farinha-de-mandioca-no-estado-da-bahia\/\"  >\n\t\t\t\t\t\t\t\t\t  <div class=\"yuzo-img-wrap \" style=\"width: 125px;height:90px;\">\n\t\t\t\t\t\t\t\t\t\t\n\t\t\t\t\t\t\t\t\t\t<div class=\"yuzo-img\" style=\"background:url('https:\/\/redept.com.br\/blogosfera\/wp-content\/uploads\/2025\/07\/WhatsApp-Image-2025-07-30-at-110644-2-e1753984754662-150x150.jpeg') 50% 50% no-repeat;width: 125px;height:90px;margin-bottom: 5px;background-size: cover; \"><\/div>\n\t\t\t\t\t\t\t\t\t  <\/div>\n\t\t\t\t\t\t\t\t\t  \n\t\t\t\t\t\t\t\t   <span class=\"yuzo__text--title\" style=\"font-size:13px;\">MST realiza semin\u00e1rio que fortalece a produ\u00e7\u00e3o e c...<\/span>\n\t\t\t\t\t\t\t  \n\t\t\t\t\t\t\t  \n\t\t\t\t\t\t\t  <\/a>\n\n\t\t\t\t\t\t  <\/div>\n\t\t\t\t\t\t  <div class=\"relatedthumb \" style=\"width:125px;float:left;overflow:hidden;\">  \n\t\t\t\t\t\t\t  \n\t\t\t\t\t\t\t  <a  href=\"https:\/\/redept.com.br\/blogosfera\/ainda-estamos-de-pe-em-meio-as-ruinas\/\"  >\n\t\t\t\t\t\t\t\t\t  <div class=\"yuzo-img-wrap \" style=\"width: 125px;height:90px;\">\n\t\t\t\t\t\t\t\t\t\t\n\t\t\t\t\t\t\t\t\t\t<div class=\"yuzo-img\" style=\"background:url('https:\/\/redept.com.br\/blogosfera\/wp-content\/uploads\/2025\/10\/Screenshot-2025-10-13-at-20-00-51-2025-01-19t133520z_546990715_rc2xccaoi0h5_rtrmadp_3_israel-palestinians-gazawebp-imagem-WEBP-1170-700-pixels-Redimensionada-85-150x150.png') 50% 50% no-repeat;width: 125px;height:90px;margin-bottom: 5px;background-size: cover; \"><\/div>\n\t\t\t\t\t\t\t\t\t  <\/div>\n\t\t\t\t\t\t\t\t\t  \n\t\t\t\t\t\t\t\t   <span class=\"yuzo__text--title\" style=\"font-size:13px;\">\u201cAinda estamos de p\u00e9 em meio \u00e0s ru\u00ednas\u201d<\/span>\n\t\t\t\t\t\t\t  \n\t\t\t\t\t\t\t  \n\t\t\t\t\t\t\t  <\/a>\n\n\t\t\t\t\t\t  <\/div>\n\t\t\t\t\t\t  <div class=\"relatedthumb \" style=\"width:125px;float:left;overflow:hidden;\">  \n\t\t\t\t\t\t\t  \n\t\t\t\t\t\t\t  <a  href=\"https:\/\/redept.com.br\/blogosfera\/trump-suspende-batidas-contra-imigrantes-em-fazendas-apos-pressao-do-agronegocio\/\"  >\n\t\t\t\t\t\t\t\t\t  <div class=\"yuzo-img-wrap \" style=\"width: 125px;height:90px;\">\n\t\t\t\t\t\t\t\t\t\t\n\t\t\t\t\t\t\t\t\t\t<div class=\"yuzo-img\" style=\"background:url('https:\/\/redept.com.br\/blogosfera\/wp-content\/uploads\/2025\/07\/Captura-de-Tela-2025-07-03-as-150358-2048x1362-1-150x150.png') 50% 50% no-repeat;width: 125px;height:90px;margin-bottom: 5px;background-size: cover; \"><\/div>\n\t\t\t\t\t\t\t\t\t  <\/div>\n\t\t\t\t\t\t\t\t\t  \n\t\t\t\t\t\t\t\t   <span class=\"yuzo__text--title\" style=\"font-size:13px;\">Trump suspende batidas contra imigrantes em fazend...<\/span>\n\t\t\t\t\t\t\t  \n\t\t\t\t\t\t\t  \n\t\t\t\t\t\t\t  <\/a>\n\n\t\t\t\t\t\t  <\/div>\n\t\t\t\t\t\t  <div class=\"relatedthumb \" style=\"width:125px;float:left;overflow:hidden;\">  \n\t\t\t\t\t\t\t  \n\t\t\t\t\t\t\t  <a  href=\"https:\/\/redept.com.br\/blogosfera\/wikifavelas-uma-autoanalise-para-a-soberania-tecnologica\/\"  >\n\t\t\t\t\t\t\t\t\t  <div class=\"yuzo-img-wrap \" style=\"width: 125px;height:90px;\">\n\t\t\t\t\t\t\t\t\t\t\n\t\t\t\t\t\t\t\t\t\t<div class=\"yuzo-img\" style=\"background:url('https:\/\/redept.com.br\/blogosfera\/wp-content\/uploads\/2025\/10\/5152445602867120964-150x150.jpg') 50% 50% no-repeat;width: 125px;height:90px;margin-bottom: 5px;background-size: cover; \"><\/div>\n\t\t\t\t\t\t\t\t\t  <\/div>\n\t\t\t\t\t\t\t\t\t  \n\t\t\t\t\t\t\t\t   <span class=\"yuzo__text--title\" style=\"font-size:13px;\">Wikifavelas: Uma autoan\u00e1lise para a soberania tecn...<\/span>\n\t\t\t\t\t\t\t  \n\t\t\t\t\t\t\t  \n\t\t\t\t\t\t\t  <\/a>\n\n\t\t\t\t\t\t  <\/div>\n<\/div> <script>\n\t\t\t\t\t\t  jQuery(document).ready(function( $ ){\n\t\t\t\t\t\t\t\/\/jQuery('.yuzo_related_post').equalizer({ overflow : 'relatedthumb' });\n\t\t\t\t\t\t\tjQuery('.yuzo_related_post .yuzo_wraps').equalizer({ columns : '> div' });\n\t\t\t\t\t\t   })\n\t\t\t\t\t\t  <\/script> <!-- End Yuzo :) -->","protected":false},"excerpt":{"rendered":"<p>Re\u00faso de efluentes surge como solu\u00e7\u00e3o para escassez na Grande S\u00e3o Paulo, mas falhas no abastecimento p\u00f3s-privatiza\u00e7\u00e3o intensificam desconfian\u00e7a sobre gest\u00e3o<\/p>\n<p>O post <a rel=\"nofollow\" href=\"https:\/\/urbsmagna.com\/sabesp-agua-esgoto-tratada-crise-hidrica-sp-privatizacao-falhas-2025\/\">Sabesp recorre a \u00e1gua de esgoto tratada em meio a crise h\u00eddrica e cr\u00edticas por privatiza\u00e7\u00e3o<\/a> apareceu primeiro em <a rel=\"nofollow\" href=\"https:\/\/urbsmagna.com\/\"><\/a>.<\/p>\n","protected":false},"author":2,"featured_media":0,"comment_status":"open","ping_status":"closed","sticky":false,"template":"","format":"standard","meta":{"fifu_image_url":"","fifu_image_alt":"","footnotes":""},"categories":[1337,23504,23505,13763,4040,23506,18,191,132,5471,23507,1180,23508,6164,1112,23509,23510],"tags":[],"class_list":["post-56673","post","type-post","status-publish","format-standard","hentry","category-crise-hidrica","category-esgoto-tratado","category-falhas-abastecimento","category-gestao-publica","category-grande-sao-paulo","category-grupo-equatorial","category-meio-ambiente","category-noticias","category-politica","category-politica-nacional","category-privatizacao-sabesp","category-privatizacoes","category-reuso-de-agua","category-sabesp","category-saneamento-basico","category-sustentabilidade-hidrica","category-tarifas-agua"],"_links":{"self":[{"href":"https:\/\/redept.com.br\/blogosfera\/wp-json\/wp\/v2\/posts\/56673","targetHints":{"allow":["GET"]}}],"collection":[{"href":"https:\/\/redept.com.br\/blogosfera\/wp-json\/wp\/v2\/posts"}],"about":[{"href":"https:\/\/redept.com.br\/blogosfera\/wp-json\/wp\/v2\/types\/post"}],"author":[{"embeddable":true,"href":"https:\/\/redept.com.br\/blogosfera\/wp-json\/wp\/v2\/users\/2"}],"replies":[{"embeddable":true,"href":"https:\/\/redept.com.br\/blogosfera\/wp-json\/wp\/v2\/comments?post=56673"}],"version-history":[{"count":0,"href":"https:\/\/redept.com.br\/blogosfera\/wp-json\/wp\/v2\/posts\/56673\/revisions"}],"wp:attachment":[{"href":"https:\/\/redept.com.br\/blogosfera\/wp-json\/wp\/v2\/media?parent=56673"}],"wp:term":[{"taxonomy":"category","embeddable":true,"href":"https:\/\/redept.com.br\/blogosfera\/wp-json\/wp\/v2\/categories?post=56673"},{"taxonomy":"post_tag","embeddable":true,"href":"https:\/\/redept.com.br\/blogosfera\/wp-json\/wp\/v2\/tags?post=56673"}],"curies":[{"name":"wp","href":"https:\/\/api.w.org\/{rel}","templated":true}]}}