{"id":56686,"date":"2025-10-06T10:36:31","date_gmt":"2025-10-06T13:36:31","guid":{"rendered":"https:\/\/redept.com.br\/blogosfera\/caso-lollapalooza-e-fornecedores-da-jbs-entram-para-lista-suja-do-trabalho-escravo\/"},"modified":"2025-10-06T10:36:31","modified_gmt":"2025-10-06T13:36:31","slug":"caso-lollapalooza-e-fornecedores-da-jbs-entram-para-lista-suja-do-trabalho-escravo","status":"publish","type":"post","link":"https:\/\/redept.com.br\/blogosfera\/caso-lollapalooza-e-fornecedores-da-jbs-entram-para-lista-suja-do-trabalho-escravo\/","title":{"rendered":"Caso Lollapalooza e fornecedores da JBS entram para Lista Suja do trabalho escravo"},"content":{"rendered":"<p><strong>UMA PRESTADORA DE SERVI\u00c7OS<\/strong> do megafestival Lollapalooza e dois fornecedores da JBS, maior processadora de carne do mundo e dona da marca Seara, aparecem na nova atualiza\u00e7\u00e3o da chamada Lista Suja do trabalho escravo, divulgada nesta segunda-feira (6) pelo MTE (Minist\u00e9rio do Trabalho e Emprego).<\/p>\n<p>O cadastro oficial lista pessoas f\u00edsicas e jur\u00eddicas responsabilizadas por trabalho escravo, ap\u00f3s exercerem o direito de defesa na esfera administrativa em duas inst\u00e2ncias. Os empregadores permanecem na lista por dois anos, mas podem ser retirados antes caso fechem acordo com o MTE, quando passam a integrar uma lista de observa\u00e7\u00e3o.\u00a0<\/p>\n<p>A atualiza\u00e7\u00e3o desta segunda-feira traz 159 novos nomes, responsabilizados por manter 1.530 trabalhadores em condi\u00e7\u00f5es an\u00e1logas \u00e0 escravid\u00e3o. O cadastro do MTE aponta a inclus\u00e3o de 37 empregadores da agricultura, 27 pecuaristas, 15 da constru\u00e7\u00e3o civil, 15 do trabalho dom\u00e9stico, 11 ligados \u00e0 produ\u00e7\u00e3o de carv\u00e3o vegetal, entre outros setores.<\/p>\n<p>Com a atualiza\u00e7\u00e3o, a Lista Suja chega a 691 nomes. Confira o cadastro na \u00edntegra.<\/p>\n<p>O estado com maior n\u00famero de novos empregadores \u00e9 Minas Gerais, com 33 registros, seguido de S\u00e3o Paulo (19), Mato Grosso do Sul (13) e Bahia (12). Maranh\u00e3o, Pernambuco, Rio de Janeiro e Para\u00edba aparecem com oito casos cada. Par\u00e1, Rio Grande do Sul e Distrito Federal tiveram sete inclus\u00f5es cada. Paran\u00e1 e Goi\u00e1s registraram cinco casos cada.<\/p>\n<p>Um dos nomes inseridos \u00e9 o da Ozone. Contratada pela T4F Entretenimento, organizadora do Lollapalooza, para carregamento de bebidas no festival de 2023, a empresa foi autuada por auditores fiscais do Minist\u00e9rio do Trabalho por submeter cinco trabalhadores a condi\u00e7\u00f5es degradantes.\u00a0<\/p>\n<p>Sem registro, os funcion\u00e1rios atuavam por cerca de 12 horas di\u00e1rias no manejo de bebidas e depois eram obrigados a permanecer no local para vigiar os estoques, ficando \u00e0 disposi\u00e7\u00e3o da empresa por 24 horas seguidas, de acordo com a fiscaliza\u00e7\u00e3o do MTE.<\/p>\n<p>Procuradas, a Ozone e a T4F ainda n\u00e3o responderam. O espa\u00e7o est\u00e1 aberto para manifesta\u00e7\u00f5es<\/p>\n<p>Na \u00e9poca, a T4F declarou \u00e0 <strong>Rep\u00f3rter Brasil<\/strong> que a pr\u00e1tica de dormir no local era \u201cterminantemente proibida\u201d pela empresa e que, ap\u00f3s a constata\u00e7\u00e3o dos auditores, rescindiu imediatamente o contrato com a empresa, ent\u00e3o chamada de Yellow Stripe.<\/p>\n<figure><img fetchpriority=\"high\" fetchpriority=\"high\" decoding=\"async\" width=\"922\" height=\"1024\"src=\"https:\/\/redept.com.br\/blogosfera\/wp-content\/uploads\/2025\/10\/GRAFICO-Lista-Suja_1-1843x2048.png\" alt=\"\" srcset=\"https:\/\/reporterbrasil.org.br\/wp-content\/uploads\/2025\/10\/GRAFICO-Lista-Suja_1-922x1024.png 922w, https:\/\/reporterbrasil.org.br\/wp-content\/uploads\/2025\/10\/GRAFICO-Lista-Suja_1-270x300.png 270w, https:\/\/reporterbrasil.org.br\/wp-content\/uploads\/2025\/10\/GRAFICO-Lista-Suja_1-768x853.png 768w, https:\/\/reporterbrasil.org.br\/wp-content\/uploads\/2025\/10\/GRAFICO-Lista-Suja_1-1382x1536.png 1382w, https:\/\/redept.com.br\/blogosfera\/wp-content\/uploads\/2025\/10\/GRAFICO-Lista-Suja_1-1843x2048.png 1843w\" sizes=\"(max-width: 922px) 100vw, 922px\"><\/figure>\n<p><strong>Duas fornecedoras da JBS Aves entram na Lista Suja<\/strong><\/p>\n<p>A nova lista \u00e9 marcada pela aus\u00eancia da JBS Aves, responsabilizada em abril deste ano por trabalho escravo ap\u00f3s o resgate de dez trabalhadores que atuavam em condi\u00e7\u00f5es degradantes na coleta de frango em uma granja em Arvorezinha (RS).\u00a0<\/p>\n<p>O grupo chegava a trabalhar 16 horas di\u00e1rias, o que levou alguns deles ao hospital por esgotamento f\u00edsico, segundo a fiscaliza\u00e7\u00e3o. Os trabalhadores tamb\u00e9m teriam sido v\u00edtimas de d\u00edvidas ilegais decorrentes de despesas com transporte e alimenta\u00e7\u00e3o.<\/p>\n<p>Embora os funcion\u00e1rios fossem terceirizados, os auditores fiscais do Trabalho consideraram a unidade da JBS Aves de Passo Fundo (RS) a \u201cprincipal respons\u00e1vel\u201d pelas infra\u00e7\u00f5es, j\u00e1 que a companhia exerceria controle total sobre a opera\u00e7\u00e3o da apanha de frango.<\/p>\n<p>A inclus\u00e3o da JBS Aves na Lista Suja, por\u00e9m, foi suspensa por decis\u00e3o do ministro do Trabalho, Luiz Marinho, que avocou (chamou para si) a responsabilidade sobre o processo. Apesar de previsto pela CLT,\u00a0 a avoca\u00e7\u00e3o nunca havia sido usada por um ministro desde a cria\u00e7\u00e3o da Lista Suja, em 2003.<\/p>\n<p>Em protesto, 19 auditores do MTE deixaram cargos de coordena\u00e7\u00e3o regional de combate ao trabalho escravo, no ofinal de setembro. Na semana passada, a Justi\u00e7a do RS determinou que a JBS Aves adote uma s\u00e9rie de medidas para coibir trabalho escravo em granjas do estado<\/p>\n<figure><img decoding=\"async\" width=\"1024\" height=\"683\"src=\"https:\/\/redept.com.br\/blogosfera\/wp-content\/uploads\/2025\/10\/image.png\" alt=\"\" srcset=\"https:\/\/redept.com.br\/blogosfera\/wp-content\/uploads\/2025\/10\/image.png 1024w, https:\/\/reporterbrasil.org.br\/wp-content\/uploads\/2025\/10\/image-300x200.png 300w, https:\/\/reporterbrasil.org.br\/wp-content\/uploads\/2025\/10\/image-768x512.png 768w\" sizes=\"(max-width: 1024px) 100vw, 1024px\"><figcaption>Caso em granja fornecedora levou JBS Aves a ser autuada por trabalho escravo (Foto: Divulga\u00e7\u00e3o\/MTE)<\/figcaption><\/figure>\n<p><strong>:: Leia tamb\u00e9m: A \u00e1rdua tarefa de p\u00f4r o frango na caixa ::<\/strong><\/p>\n<p>Apesar da interven\u00e7\u00e3o do ministro, duas fornecedoras diretas da JBS Aves entraram na Lista Suja. A primeira \u00e9 a MRJ Prestadora de Servi\u00e7os, respons\u00e1vel pelos trabalhadores resgatados em Arvorezinha.\u00a0<\/p>\n<p>O segundo \u00e9 Vilson Aguiar Ribeiro. De acordo com auditores fiscais do MTE, ele teria oferecido ocupa\u00e7\u00e3o a um trabalhador em troca de comida e moradia em uma granja fornecedora da Seara, do grupo JBS, em Nova Ponte (MG).\u00a0<\/p>\n<p>Procuradas, a JBS Aves e a MRJ ainda n\u00e3o responderam at\u00e9 o momento. \u00c0 \u00e9poca da autua\u00e7\u00e3o, a JBS declarou que suspendeu imediatamente a presta\u00e7\u00e3o de servi\u00e7os, encerrou o contrato e bloqueou a empresa terceirizada assim que tomou conhecimento das den\u00fancias. A empresa tamb\u00e9m disse ter \u201ctoler\u00e2ncia zero com viola\u00e7\u00f5es de pr\u00e1ticas trabalhistas e de direitos humanos\u201d.<\/p>\n<p>A respeito da avoca\u00e7\u00e3o pelo ministro Luiz Marinho, a JBS declarou anteriormente que os autos de infra\u00e7\u00e3o aplicados pelos auditores ainda est\u00e3o em discuss\u00e3o na esfera administrativa, \u201csem conclus\u00e3o definitiva\u201d. Disse ainda que a granja n\u00e3o trabalhava com exclusividade para a Seara, marca da JBS Aves. \u201cA Companhia imediatamente encerrou o contrato e bloqueou o prestador assim que tomou conhecimento das den\u00fancias. Adicionalmente, a Seara contratou uma auditoria externa para checagem da documenta\u00e7\u00e3o dos trabalhadores de empresas terceiras, bem como intensificou a auditoria interna, com an\u00e1lise e verifica\u00e7\u00e3o di\u00e1ria de todas as condi\u00e7\u00f5es da presta\u00e7\u00e3o de servi\u00e7os de apanha realizada por terceiros\u201d, disse a empresa.<\/p>\n<p>Vilson Aguiar Ribeiro, empregador do caso de Nova Ponte (MG), n\u00e3o foi localizado at\u00e9 o fechamento desta reportagem.\u00a0<\/p>\n<h2>Paraguaios resgatados na mandioca<\/h2>\n<p>Quatro empregadores que atuavam no cultivo da mandioca em fazendas do Paran\u00e1 e de Mato Grosso do Sul tiveram tamb\u00e9m seus nomes inclu\u00eddos na Lista Suja, ap\u00f3s resgates em novembro de 2024. Foram resgatados 63 trabalhadores paraguaios e quatro adolescentes brasileiros ao todo.\u00a0<\/p>\n<p>Na Fazenda Santa Mercedes, em Alto Para\u00edso (PR), onde sete trabalhadores foram encontrados pelos auditores fiscais do MTE, os colhedores recebiam cerca de R$ 200 por semana, quando a produ\u00e7\u00e3o rendia at\u00e9 R$ 900, de acordo com o relat\u00f3rio de fiscaliza\u00e7\u00e3o. O restante do valor era retido para abater d\u00edvidas com transporte, alimenta\u00e7\u00e3o e EPI, situa\u00e7\u00e3o caracterizada como servid\u00e3o por d\u00edvida e sin\u00f4nimo de trabalho escravo no Brasil.\u00a0<\/p>\n<p>O empregador Kaio Cesar Rodrigues Rubio foi autuado e teve seu nome inclu\u00eddo na Lista Suja. Procurado, ele n\u00e3o respondeu at\u00e9 o momento.<\/p>\n<p>No S\u00edtio Garoa, em Tapira (PR), o acesso a um dos alojamentos improvisados era por um chiqueiro. Outro local que servia de abrigo aos trabalhadores estava com grandes rachaduras nas paredes, e imin\u00eancia de desabar, conforme informa\u00e7\u00f5es do relat\u00f3rio de fiscaliza\u00e7\u00e3o. Crian\u00e7as que vieram com os pais dormiam em alojamentos compartilhados, em condi\u00e7\u00f5es insalubres.\u00a0<\/p>\n<p>J\u00e1 em Tapira (PR), o empregador Alexsandro Marcoti entrou na Lista Suja por manter 19 trabalhadores em condi\u00e7\u00f5es an\u00e1logas \u00e0 de escravo, entre eles um adolescente. Crian\u00e7as viviam com os pais em alojamentos compartilhado de condi\u00e7\u00f5es insalubres, segundo a fiscaliza\u00e7\u00e3o. Procurado, Marcoti n\u00e3o respondeu at\u00e9 o momento.\u00a0<\/p>\n<p>Nos dois casos, os auditores configuraram tr\u00e1fico de pessoas, que ocorre quando h\u00e1 coer\u00e7\u00e3o de pessoas ao trabalho for\u00e7ado.\u00a0<\/p>\n<p>E em duas fazendas do Mato Grosso do Sul, al\u00e9m de quatro adolescentes brasileiros, foram resgatados 31 ind\u00edgenas paraguaios.\u00a0<\/p>\n<h2>O que \u00e9 a Lista Suja?<\/h2>\n<p>Criada em novembro de 2003, a Lista Suja \u00e9 atualizada semestralmente pelo governo federal. O cadastro n\u00e3o gera puni\u00e7\u00f5es aos empregadores, mas \u00e9 usado por empresas, bancos e setor financeiro para gerenciamento de risco. \u00c9 considerado pelas Na\u00e7\u00f5es Unidas um dos mais relevantes instrumentos de combate ao trabalho escravo no mundo.<\/p>\n<p>A Lista Suja \u00e9 o cadastro oficial do governo federal que re\u00fane os nomes de empregadores flagrados mantendo pessoas em condi\u00e7\u00f5es an\u00e1logas \u00e0 escravid\u00e3o. O cadastro \u00e9 coordenado pelo Minist\u00e9rio do Trabalho e Emprego e funciona como uma forma de dar transpar\u00eancia \u00e0 sociedade sobre quem j\u00e1 foi responsabilizado por esse tipo de viola\u00e7\u00e3o. A cada atualiza\u00e7\u00e3o, empresas e pessoas f\u00edsicas que tiveram decis\u00f5es administrativas conclu\u00eddas aparecem na rela\u00e7\u00e3o.<\/p>\n<p>Para que um nome entre na lista, \u00e9 preciso que fiscais do trabalho tenham realizado uma opera\u00e7\u00e3o, lavrado autos de infra\u00e7\u00e3o e conclu\u00eddo o processo administrativo, assegurando o direito de defesa do empregador. S\u00f3 depois desse tr\u00e2mite \u00e9 que o caso se torna p\u00fablico. O nome fica na lista por, no m\u00ednimo, dois anos, per\u00edodo em que a empresa ou a pessoa precisa cumprir todas as obriga\u00e7\u00f5es determinadas pelo governo, como pagamento de multas e indeniza\u00e7\u00f5es aos trabalhadores resgatados.<\/p>\n<p>A publica\u00e7\u00e3o da lista tem efeitos diretos no mercado. Bancos p\u00fablicos e privados, al\u00e9m de grandes compradores de commodities, usam o cadastro como crit\u00e9rio para restringir cr\u00e9dito e romper contratos com empregadores que aparecem na rela\u00e7\u00e3o. Assim, al\u00e9m de informar a sociedade sobre casos de trabalho escravo, a lista tamb\u00e9m funciona como um instrumento de press\u00e3o econ\u00f4mica para que empresas e produtores adotem melhores pr\u00e1ticas e respeitem a legisla\u00e7\u00e3o trabalhista.<\/p>\n<p>De acordo com o artigo 149 do C\u00f3digo Penal, quatro elementos podem definir trabalho escravo no Brasil: trabalho for\u00e7ado (que envolve cerceamento do direito de ir e vir); servid\u00e3o por d\u00edvida (um cativeiro atrelado a d\u00edvidas, muitas vezes fraudulentas); condi\u00e7\u00f5es degradantes (trabalho que nega a dignidade humana, colocando em risco a sa\u00fade e a vida); ou jornada exaustiva (levar ao trabalhador ao completo esgotamento dado \u00e0 intensidade da explora\u00e7\u00e3o, tamb\u00e9m colocando em risco sua sa\u00fade e vida). A presen\u00e7a de apenas um dos elementos j\u00e1 configura trabalho escravo.<\/p>\n<p><em>* colaboraram Poliana Dallabrida, Igor Ojeda e Bruna Borges<\/em><\/p>\n<div data-elementor-type=\"container\" data-elementor-id=\"75228\" data-elementor-post-type=\"elementor_library\">\n<div data-id=\"5e8db1e6\" data-element_type=\"container\">\n<div>\n<div data-id=\"36eb6c91\" data-element_type=\"container\">\n<div>\n<div data-id=\"6f52f515\" data-element_type=\"container\">\n<div data-id=\"65d9f401\" data-element_type=\"widget\" data-widget_type=\"divider.default\">\n<div>\n<div>\n\t\t\t<span><br \/>\n\t\t\t\t\t\t<\/span>\n\t\t<\/div>\n<\/p><\/div>\n<\/p><\/div>\n<\/p><\/div>\n<div data-id=\"134a1245\" data-element_type=\"container\">\n<div>\n<div data-id=\"10fe55fe\" data-element_type=\"widget\" data-widget_type=\"text-editor.default\">\n<div>\n<p>Leia tamb\u00e9m<\/p>\n<\/p><\/div>\n<\/p><\/div>\n<\/p><\/div>\n<\/p><\/div>\n<\/p><\/div>\n<\/p><\/div>\n<div data-id=\"3c9495ae\" data-element_type=\"widget\" data-settings='{\"template_id\":\"75221\",\"columns\":1,\"row_gap\":{\"unit\":\"px\",\"size\":10,\"sizes\":[]},\"_skin\":\"post\",\"columns_tablet\":\"2\",\"columns_mobile\":\"1\",\"edit_handle_selector\":\"[data-elementor-type=\"loop-item\"]\",\"row_gap_tablet\":{\"unit\":\"px\",\"size\":\"\",\"sizes\":[]},\"row_gap_mobile\":{\"unit\":\"px\",\"size\":\"\",\"sizes\":[]}}' data-widget_type=\"loop-grid.post\">\n<div>\n<div>\n\t\t<\/div>\n<\/p><\/div>\n<\/p><\/div>\n<\/p><\/div>\n<\/p><\/div>\n<\/p><\/div>\n<p>The post Caso Lollapalooza e fornecedores da JBS entram para Lista Suja do trabalho escravo appeared first on Rep\u00f3rter Brasil.<\/p>\n<!-- Begin Yuzo --><div class='yuzo_related_post style-1'  data-version='5.12.89'><!-- without result --><div class='yuzo_clearfixed yuzo__title yuzo__title'><h3>Related Post<\/h3><\/div>\n\t\t\t\t\t\t  <div class=\"relatedthumb \" style=\"width:125px;float:left;overflow:hidden;\">  \n\t\t\t\t\t\t\t  \n\t\t\t\t\t\t\t  <a  href=\"https:\/\/redept.com.br\/blogosfera\/noticias-do-dia-com-o-jornal-tvt-news-segunda-edicao-24-09-2025\/\"  >\n\t\t\t\t\t\t\t\t\t  <div class=\"yuzo-img-wrap \" style=\"width: 125px;height:90px;\">\n\t\t\t\t\t\t\t\t\t\t\n\t\t\t\t\t\t\t\t\t\t<div class=\"yuzo-img\" style=\"background:url('https:\/\/redept.com.br\/blogosfera\/wp-content\/uploads\/2025\/09\/jornal_tvt_news-26-150x150.jpeg') 50% 50% no-repeat;width: 125px;height:90px;margin-bottom: 5px;background-size: cover; \"><\/div>\n\t\t\t\t\t\t\t\t\t  <\/div>\n\t\t\t\t\t\t\t\t\t  \n\t\t\t\t\t\t\t\t   <span class=\"yuzo__text--title\" style=\"font-size:13px;\">Not\u00edcias do dia com o Jornal TVT News Segunda Edi\u00e7...<\/span>\n\t\t\t\t\t\t\t  \n\t\t\t\t\t\t\t  \n\t\t\t\t\t\t\t  <\/a>\n\n\t\t\t\t\t\t  <\/div>\n\t\t\t\t\t\t  <div class=\"relatedthumb \" style=\"width:125px;float:left;overflow:hidden;\">  \n\t\t\t\t\t\t\t  \n\t\t\t\t\t\t\t  <a  href=\"https:\/\/redept.com.br\/blogosfera\/alvaro-damiao-promove-cortes-no-samu-de-bh-e-servidores-denunciam-risco-a-populacao\/\"  >\n\t\t\t\t\t\t\t\t\t  <div class=\"yuzo-img-wrap \" style=\"width: 125px;height:90px;\">\n\t\t\t\t\t\t\t\t\t\t\n\t\t\t\t\t\t\t\t\t\t<div class=\"yuzo-img\" style=\"background:url('https:\/\/redept.org\/blogosfera\/wp-content\/plugins\/yuzo-related-post\/assets\/images\/default.png') 50% 50% no-repeat;width: 125px;height:90px;margin-bottom: 5px;background-size: cover; \"><\/div>\n\t\t\t\t\t\t\t\t\t  <\/div>\n\t\t\t\t\t\t\t\t\t  \n\t\t\t\t\t\t\t\t   <span class=\"yuzo__text--title\" style=\"font-size:13px;\">\u00c1lvaro Dami\u00e3o promove cortes no Samu de BH e servi...<\/span>\n\t\t\t\t\t\t\t  \n\t\t\t\t\t\t\t  \n\t\t\t\t\t\t\t  <\/a>\n\n\t\t\t\t\t\t  <\/div>\n\t\t\t\t\t\t  <div class=\"relatedthumb \" style=\"width:125px;float:left;overflow:hidden;\">  \n\t\t\t\t\t\t\t  \n\t\t\t\t\t\t\t  <a  href=\"https:\/\/redept.com.br\/blogosfera\/paz-em-gaza-e-na-ucrania-foi-ultimo-apelo-de-papa-francisco\/\"  >\n\t\t\t\t\t\t\t\t\t  <div class=\"yuzo-img-wrap \" style=\"width: 125px;height:90px;\">\n\t\t\t\t\t\t\t\t\t\t\n\t\t\t\t\t\t\t\t\t\t<div class=\"yuzo-img\" style=\"background:url('https:\/\/redept.com.br\/blogosfera\/wp-content\/uploads\/2025\/04\/papa-francisco-1-1-150x150.jpg') 50% 50% no-repeat;width: 125px;height:90px;margin-bottom: 5px;background-size: cover; \"><\/div>\n\t\t\t\t\t\t\t\t\t  <\/div>\n\t\t\t\t\t\t\t\t\t  \n\t\t\t\t\t\t\t\t   <span class=\"yuzo__text--title\" style=\"font-size:13px;\">Paz\u00a0em Gaza e na Ucr\u00e2nia foi \u00faltimo apelo de Papa ...<\/span>\n\t\t\t\t\t\t\t  \n\t\t\t\t\t\t\t  \n\t\t\t\t\t\t\t  <\/a>\n\n\t\t\t\t\t\t  <\/div>\n\t\t\t\t\t\t  <div class=\"relatedthumb \" style=\"width:125px;float:left;overflow:hidden;\">  \n\t\t\t\t\t\t\t  \n\t\t\t\t\t\t\t  <a  href=\"https:\/\/redept.com.br\/blogosfera\/trump-admite-impacto-do-tarifaco-e-diz-a-lula-que-cafe-faz-falta-nos-eua\/\"  >\n\t\t\t\t\t\t\t\t\t  <div class=\"yuzo-img-wrap \" style=\"width: 125px;height:90px;\">\n\t\t\t\t\t\t\t\t\t\t\n\t\t\t\t\t\t\t\t\t\t<div class=\"yuzo-img\" style=\"background:url('https:\/\/redept.com.br\/blogosfera\/wp-content\/uploads\/2025\/10\/invezz_d58501a47bc81-eb62b5c4c9e96a64422b3182d0a28870-resized-150x150.jpeg') 50% 50% no-repeat;width: 125px;height:90px;margin-bottom: 5px;background-size: cover; \"><\/div>\n\t\t\t\t\t\t\t\t\t  <\/div>\n\t\t\t\t\t\t\t\t\t  \n\t\t\t\t\t\t\t\t   <span class=\"yuzo__text--title\" style=\"font-size:13px;\">Trump admite impacto do tarifa\u00e7o e diz a Lula que ...<\/span>\n\t\t\t\t\t\t\t  \n\t\t\t\t\t\t\t  \n\t\t\t\t\t\t\t  <\/a>\n\n\t\t\t\t\t\t  <\/div>\n<\/div> <script>\n\t\t\t\t\t\t  jQuery(document).ready(function( $ ){\n\t\t\t\t\t\t\t\/\/jQuery('.yuzo_related_post').equalizer({ overflow : 'relatedthumb' });\n\t\t\t\t\t\t\tjQuery('.yuzo_related_post .yuzo_wraps').equalizer({ columns : '> div' });\n\t\t\t\t\t\t   })\n\t\t\t\t\t\t  <\/script> <!-- End Yuzo :) -->","protected":false},"excerpt":{"rendered":"<p>Cadastro oficial de empregadores responsabilizados por trabalho escravo foi atualizado nesta segunda-feira (6) pelo Minist\u00e9rio do Trabalho e Emprego. Com 691 nomes ao todo, a nova Lista Suja n\u00e3o traz a JBS Aves, ap\u00f3s pol\u00eamica medida tomada pelo ministro Luiz Marinho, mas inclui dois fornecedores da empresa na cadeia de frango<\/p>\n<p>The post <a href=\"https:\/\/reporterbrasil.org.br\/2025\/10\/caso-lollapalooza-e-fornecedores-da-jbs-entram-para-lista-suja-do-trabalho-escravo\/\">Caso Lollapalooza e fornecedores da JBS entram para Lista Suja do trabalho escravo<\/a> appeared first on <a href=\"https:\/\/reporterbrasil.org.br\/\">Rep\u00f3rter Brasil<\/a>.<\/p>\n","protected":false},"author":2,"featured_media":56687,"comment_status":"open","ping_status":"closed","sticky":false,"template":"","format":"standard","meta":{"fifu_image_url":"","fifu_image_alt":"","footnotes":""},"categories":[13690,5879,5891,5853,23534,5799,974],"tags":[],"class_list":["post-56686","post","type-post","status-publish","format-standard","has-post-thumbnail","hentry","category-_destaque-da-home-1","category-conteudo-original-em-portugues","category-jbs","category-lista-suja","category-lollapalooza","category-reportagens","category-trabalho-escravo"],"_links":{"self":[{"href":"https:\/\/redept.com.br\/blogosfera\/wp-json\/wp\/v2\/posts\/56686","targetHints":{"allow":["GET"]}}],"collection":[{"href":"https:\/\/redept.com.br\/blogosfera\/wp-json\/wp\/v2\/posts"}],"about":[{"href":"https:\/\/redept.com.br\/blogosfera\/wp-json\/wp\/v2\/types\/post"}],"author":[{"embeddable":true,"href":"https:\/\/redept.com.br\/blogosfera\/wp-json\/wp\/v2\/users\/2"}],"replies":[{"embeddable":true,"href":"https:\/\/redept.com.br\/blogosfera\/wp-json\/wp\/v2\/comments?post=56686"}],"version-history":[{"count":0,"href":"https:\/\/redept.com.br\/blogosfera\/wp-json\/wp\/v2\/posts\/56686\/revisions"}],"wp:featuredmedia":[{"embeddable":true,"href":"https:\/\/redept.com.br\/blogosfera\/wp-json\/wp\/v2\/media\/56687"}],"wp:attachment":[{"href":"https:\/\/redept.com.br\/blogosfera\/wp-json\/wp\/v2\/media?parent=56686"}],"wp:term":[{"taxonomy":"category","embeddable":true,"href":"https:\/\/redept.com.br\/blogosfera\/wp-json\/wp\/v2\/categories?post=56686"},{"taxonomy":"post_tag","embeddable":true,"href":"https:\/\/redept.com.br\/blogosfera\/wp-json\/wp\/v2\/tags?post=56686"}],"curies":[{"name":"wp","href":"https:\/\/api.w.org\/{rel}","templated":true}]}}