{"id":56722,"date":"2025-10-06T12:23:27","date_gmt":"2025-10-06T15:23:27","guid":{"rendered":"https:\/\/redept.com.br\/blogosfera\/racismo-comeca-no-berco-e-ja-marca-a-vida-de-milhoes-de-criancas\/"},"modified":"2025-10-06T12:23:27","modified_gmt":"2025-10-06T15:23:27","slug":"racismo-comeca-no-berco-e-ja-marca-a-vida-de-milhoes-de-criancas","status":"publish","type":"post","link":"https:\/\/redept.com.br\/blogosfera\/racismo-comeca-no-berco-e-ja-marca-a-vida-de-milhoes-de-criancas\/","title":{"rendered":"Racismo come\u00e7a no ber\u00e7o e j\u00e1 marca a vida de milh\u00f5es de crian\u00e7as"},"content":{"rendered":"<p><img fetchpriority=\"high\" width=\"960\" height=\"540\"src=\"https:\/\/redept.com.br\/blogosfera\/wp-content\/uploads\/2025\/10\/racismo-atinge-milhoes-de-criancas-no-Barasil.jpg\" alt=\"\" decoding=\"async\" srcset=\"https:\/\/redept.com.br\/blogosfera\/wp-content\/uploads\/2025\/10\/racismo-atinge-milhoes-de-criancas-no-Barasil.jpg 960w, https:\/\/vermelho.org.br\/wp-content\/uploads\/2025\/10\/racismo-atinge-milhoes-de-criancas-no-Barasil-300x169.jpg 300w, https:\/\/vermelho.org.br\/wp-content\/uploads\/2025\/10\/racismo-atinge-milhoes-de-criancas-no-Barasil-768x432.jpg 768w\" sizes=\"(max-width: 960px) 100vw, 960px\"><\/p>\n<p>Mesmo sendo um pa\u00eds de maioria negra \u2014 55,5% da popula\u00e7\u00e3o \u2014 o Brasil continua permitindo que o racismo comece antes mesmo do nascimento e siga marcando a vida de crian\u00e7as que ainda nem aprenderam a falar. Uma nova pesquisa nacional revela que 63% dos cuidadores reconhecem que o racismo \u00e9 comum e atinge tamb\u00e9m a primeira inf\u00e2ncia, escancarando um problema que muitos insistem em negar ou minimizar.<\/p>\n<p>O levantamento, divulgado nesta segunda-feira (6) pela Funda\u00e7\u00e3o Maria Cecilia Souto Vidigal em parceria com o Datafolha, mostra que 16% das crian\u00e7as de at\u00e9 6 anos j\u00e1 sofreram discrimina\u00e7\u00e3o, principalmente em creches e pr\u00e9-escolas \u2014 justamente os ambientes que deveriam garantir acolhimento e prote\u00e7\u00e3o.<\/p>\n<p><strong>Racismo come\u00e7a antes do ber\u00e7o<\/strong><\/p>\n<p>As evid\u00eancias mostram que o racismo no Brasil n\u00e3o espera a inf\u00e2ncia acontecer: ele come\u00e7a no parto. Mulheres negras e pobres s\u00e3o mais expostas \u00e0 viol\u00eancia obst\u00e9trica e recebem menos aten\u00e7\u00e3o nos servi\u00e7os de sa\u00fade. Beb\u00eas e crian\u00e7as pequenas sofrem discrimina\u00e7\u00e3o que muitas vezes n\u00e3o sabem nomear, mas que deixa marcas emocionais e sociais que se arrastam por toda a vida.<\/p>\n<p>O impacto \u00e9 devastador: compromete a sa\u00fade f\u00edsica e mental, a autopercep\u00e7\u00e3o, as rela\u00e7\u00f5es familiares, o acesso a direitos b\u00e1sicos e as oportunidades de aprendizagem. O racismo tira da crian\u00e7a o direito de ser apenas crian\u00e7a.<\/p>\n<p><strong>Creches e escolas reproduzem desigualdades<\/strong><\/p>\n<p>A pesquisa revelou um dado inc\u00f4modo: 54% dos casos relatados de racismo ocorreram em creches e pr\u00e9-escolas, ambientes que deveriam promover educa\u00e7\u00e3o antirracista conforme determina a lei n\u00ba 10.639\/2003. O que se v\u00ea, no entanto, \u00e9 uma rede de ensino despreparada e muitas vezes c\u00famplice de pr\u00e1ticas discriminat\u00f3rias.<\/p>\n<p>A percep\u00e7\u00e3o de que crian\u00e7as pequenas s\u00e3o v\u00edtimas de racismo \u00e9 maior entre cuidadores negros e pardos (65%) do que entre brancos (57%). Entre os mais escolarizados, o \u00edndice chega a 74%, contra 53% entre quem tem ensino fundamental. Quando o pa\u00eds insiste em dizer que \u201ccrian\u00e7a n\u00e3o v\u00ea cor\u201d, est\u00e1 apenas legitimando o sil\u00eancio.<\/p>\n<p><strong>Racismo institucionalizado em espa\u00e7os de conviv\u00eancia<\/strong><\/p>\n<p>Os relatos de discrimina\u00e7\u00e3o tamb\u00e9m aparecem em:<\/p>\n<ul>\n<li>Espa\u00e7os p\u00fablicos como ruas e pra\u00e7as<\/li>\n<li>Vizinhan\u00e7a e condom\u00ednios<\/li>\n<li>Servi\u00e7os de sa\u00fade<\/li>\n<li>Ambientes familiares<\/li>\n<li>Igrejas, templos e clubes<\/li>\n<\/ul>\n<p>Proporcionalmente, crian\u00e7as de 0 a 3 anos sofrem mais racismo no ambiente familiar, em servi\u00e7os de sa\u00fade e espa\u00e7os religiosos do que as mais velhas. Ou seja: o preconceito est\u00e1 entranhado nos lugares considerados de confian\u00e7a.<\/p>\n<p>Quando a sociedade normaliza o racismo na primeira inf\u00e2ncia, ela n\u00e3o s\u00f3 viola direitos, como compromete o futuro. As chamadas experi\u00eancias adversas na inf\u00e2ncia \u2014 entre elas o preconceito \u2014 exp\u00f5em crian\u00e7as negras ao estresse t\u00f3xico, afetando seu desenvolvimento integral, sua identidade e autoestima.<\/p>\n<p>N\u00e3o \u00e9 exagero dizer que o Brasil est\u00e1 falhando com suas crian\u00e7as. Afinal, um pa\u00eds que deixa o racismo alcan\u00e7ar beb\u00eas n\u00e3o \u00e9 apenas desigual \u2014 \u00e9 negligente.<\/p>\n<p><strong>Sobre a pesquisa<\/strong><\/p>\n<p>Foram ouvidas 2.206 pessoas, sendo 822 respons\u00e1veis diretos por crian\u00e7as de 0 a 6 anos de idade. As entrevistas aconteceram presencialmente em abril deste ano, em locais de grande circula\u00e7\u00e3o em todas as regi\u00f5es do pa\u00eds. Para acessar a \u00edntegra da pesquisa, <a href=\"file:\/\/\/C:\/Users\/barba\/Desktop\/_______PCDOB\/Panorama%20da%20Primeira%20Inf%C3%A2ncia_%20O%20que%20o%20Brasil%20sabe,%20vive%20e%20pensa%20sobre%20os%20primeiros%20seis%20anos%20de%20vida%20(1).pdf\">clique aqui.<\/a><\/p>\n<p>Os resultados integram o relat\u00f3rio <em>Panorama da Primeira Inf\u00e2ncia<\/em>, que re\u00fane percep\u00e7\u00f5es, conhecimentos e pr\u00e1ticas da popula\u00e7\u00e3o brasileira sobre os primeiros anos de vida. O levantamento tamb\u00e9m dialoga com evid\u00eancias anteriores que apontam que mais de 70% das pessoas em situa\u00e7\u00e3o de pobreza no Brasil s\u00e3o negras e que a maioria das m\u00e3es solo de baixa renda tamb\u00e9m \u00e9 negra.<\/p>\n<p>O post <a href=\"https:\/\/vermelho.org.br\/2025\/10\/06\/racismo-comeca-no-berco-e-ja-marca-a-vida-de-milhoes-de-criancas\/\">Racismo come\u00e7a no ber\u00e7o e j\u00e1 marca a vida de milh\u00f5es de crian\u00e7as<\/a> apareceu primeiro em <a href=\"https:\/\/vermelho.org.br\/\">Vermelho<\/a>.<\/p>\n<!-- Begin Yuzo --><div class='yuzo_related_post style-1'  data-version='5.12.89'><!-- without result --><div class='yuzo_clearfixed yuzo__title yuzo__title'><h3>Related Post<\/h3><\/div>\n\t\t\t\t\t\t  <div class=\"relatedthumb \" style=\"width:125px;float:left;overflow:hidden;\">  \n\t\t\t\t\t\t\t  \n\t\t\t\t\t\t\t  <a  href=\"https:\/\/redept.com.br\/blogosfera\/israelenses-se-recusam-a-servir-ao-exercito-porque-sionismo-e-genocidio-e-apartheid\/\"  >\n\t\t\t\t\t\t\t\t\t  <div class=\"yuzo-img-wrap \" style=\"width: 125px;height:90px;\">\n\t\t\t\t\t\t\t\t\t\t\n\t\t\t\t\t\t\t\t\t\t<div class=\"yuzo-img\" style=\"background:url('https:\/\/redept.com.br\/blogosfera\/wp-content\/uploads\/2026\/03\/WhatsApp-Image-2026-03-14-at-104220-150x150.jpeg') 50% 50% no-repeat;width: 125px;height:90px;margin-bottom: 5px;background-size: cover; \"><\/div>\n\t\t\t\t\t\t\t\t\t  <\/div>\n\t\t\t\t\t\t\t\t\t  \n\t\t\t\t\t\t\t\t   <span class=\"yuzo__text--title\" style=\"font-size:13px;\">Israelenses se recusam a servir ao Ex\u00e9rcito porque...<\/span>\n\t\t\t\t\t\t\t  \n\t\t\t\t\t\t\t  \n\t\t\t\t\t\t\t  <\/a>\n\n\t\t\t\t\t\t  <\/div>\n\t\t\t\t\t\t  <div class=\"relatedthumb \" style=\"width:125px;float:left;overflow:hidden;\">  \n\t\t\t\t\t\t\t  \n\t\t\t\t\t\t\t  <a  href=\"https:\/\/redept.com.br\/blogosfera\/o-impenetravel-mundo-dos-senhores-brancos\/\"  >\n\t\t\t\t\t\t\t\t\t  <div class=\"yuzo-img-wrap \" style=\"width: 125px;height:90px;\">\n\t\t\t\t\t\t\t\t\t\t\n\t\t\t\t\t\t\t\t\t\t<div class=\"yuzo-img\" style=\"background:url('https:\/\/redept.org\/blogosfera\/wp-content\/plugins\/yuzo-related-post\/assets\/images\/default.png') 50% 50% no-repeat;width: 125px;height:90px;margin-bottom: 5px;background-size: cover; \"><\/div>\n\t\t\t\t\t\t\t\t\t  <\/div>\n\t\t\t\t\t\t\t\t\t  \n\t\t\t\t\t\t\t\t   <span class=\"yuzo__text--title\" style=\"font-size:13px;\">O impenetr\u00e1vel mundo dos senhores brancos<\/span>\n\t\t\t\t\t\t\t  \n\t\t\t\t\t\t\t  \n\t\t\t\t\t\t\t  <\/a>\n\n\t\t\t\t\t\t  <\/div>\n\t\t\t\t\t\t  <div class=\"relatedthumb \" style=\"width:125px;float:left;overflow:hidden;\">  \n\t\t\t\t\t\t\t  \n\t\t\t\t\t\t\t  <a  href=\"https:\/\/sul21.com.br\/noticias\/geral\/2025\/09\/pgr-envia-parecer-ao-stf-contra-vinculo-trabalhista-entre-motoristas-e-aplicativos\/\"  >\n\t\t\t\t\t\t\t\t\t  <div class=\"yuzo-img-wrap \" style=\"width: 125px;height:90px;\">\n\t\t\t\t\t\t\t\t\t\t\n\t\t\t\t\t\t\t\t\t\t<div class=\"yuzo-img\" style=\"background:url('https:\/\/agenciabrasil.ebc.com.br\/ebc.png?id=1660830&amp;o=node') 50% 50% no-repeat;width: 125px;height:90px;margin-bottom: 5px;background-size: cover; \"><\/div>\n\t\t\t\t\t\t\t\t\t  <\/div>\n\t\t\t\t\t\t\t\t\t  \n\t\t\t\t\t\t\t\t   <span class=\"yuzo__text--title\" style=\"font-size:13px;\">PGR envia parecer ao STF contra v\u00ednculo trabalhist...<\/span>\n\t\t\t\t\t\t\t  \n\t\t\t\t\t\t\t  \n\t\t\t\t\t\t\t  <\/a>\n\n\t\t\t\t\t\t  <\/div>\n\t\t\t\t\t\t  <div class=\"relatedthumb \" style=\"width:125px;float:left;overflow:hidden;\">  \n\t\t\t\t\t\t\t  \n\t\t\t\t\t\t\t  <a  href=\"https:\/\/redept.com.br\/blogosfera\/chelsea-vence-psg-e-conquista-o-1o-mundial-de-clubes-da-fifa\/\"  >\n\t\t\t\t\t\t\t\t\t  <div class=\"yuzo-img-wrap \" style=\"width: 125px;height:90px;\">\n\t\t\t\t\t\t\t\t\t\t\n\t\t\t\t\t\t\t\t\t\t<div class=\"yuzo-img\" style=\"background:url('https:\/\/redept.org\/blogosfera\/wp-content\/plugins\/yuzo-related-post\/assets\/images\/default.png') 50% 50% no-repeat;width: 125px;height:90px;margin-bottom: 5px;background-size: cover; \"><\/div>\n\t\t\t\t\t\t\t\t\t  <\/div>\n\t\t\t\t\t\t\t\t\t  \n\t\t\t\t\t\t\t\t   <span class=\"yuzo__text--title\" style=\"font-size:13px;\">Chelsea vence PSG e conquista o 1\u00ba Mundial de Club...<\/span>\n\t\t\t\t\t\t\t  \n\t\t\t\t\t\t\t  \n\t\t\t\t\t\t\t  <\/a>\n\n\t\t\t\t\t\t  <\/div>\n<\/div> <script>\n\t\t\t\t\t\t  jQuery(document).ready(function( $ ){\n\t\t\t\t\t\t\t\/\/jQuery('.yuzo_related_post').equalizer({ overflow : 'relatedthumb' });\n\t\t\t\t\t\t\tjQuery('.yuzo_related_post .yuzo_wraps').equalizer({ columns : '> div' });\n\t\t\t\t\t\t   })\n\t\t\t\t\t\t  <\/script> <!-- End Yuzo :) -->","protected":false},"excerpt":{"rendered":"<p>Mesmo sendo um pa\u00eds de maioria negra \u2014 55,5% da popula\u00e7\u00e3o \u2014 o Brasil continua permitindo que o racismo comece antes mesmo do nascimento e siga marcando a vida de crian\u00e7as que ainda nem aprenderam a falar. Uma nova pesquisa nacional revela que 63% dos cuidadores reconhecem que o racismo \u00e9 comum e atinge tamb\u00e9m [&hellip;]<\/p>\n","protected":false},"author":2,"featured_media":0,"comment_status":"open","ping_status":"closed","sticky":false,"template":"","format":"standard","meta":{"fifu_image_url":"","fifu_image_alt":"","footnotes":""},"categories":[4096,19438,2277,307,19417,13536,23574],"tags":[],"class_list":["post-56722","post","type-post","status-publish","format-standard","hentry","category-creches","category-desenvolvimento-infantil","category-desigualdade-racial","category-direitos-humanos","category-pesquisa-datafolha","category-primeira-infancia","category-racismo-infantil"],"_links":{"self":[{"href":"https:\/\/redept.com.br\/blogosfera\/wp-json\/wp\/v2\/posts\/56722","targetHints":{"allow":["GET"]}}],"collection":[{"href":"https:\/\/redept.com.br\/blogosfera\/wp-json\/wp\/v2\/posts"}],"about":[{"href":"https:\/\/redept.com.br\/blogosfera\/wp-json\/wp\/v2\/types\/post"}],"author":[{"embeddable":true,"href":"https:\/\/redept.com.br\/blogosfera\/wp-json\/wp\/v2\/users\/2"}],"replies":[{"embeddable":true,"href":"https:\/\/redept.com.br\/blogosfera\/wp-json\/wp\/v2\/comments?post=56722"}],"version-history":[{"count":0,"href":"https:\/\/redept.com.br\/blogosfera\/wp-json\/wp\/v2\/posts\/56722\/revisions"}],"wp:attachment":[{"href":"https:\/\/redept.com.br\/blogosfera\/wp-json\/wp\/v2\/media?parent=56722"}],"wp:term":[{"taxonomy":"category","embeddable":true,"href":"https:\/\/redept.com.br\/blogosfera\/wp-json\/wp\/v2\/categories?post=56722"},{"taxonomy":"post_tag","embeddable":true,"href":"https:\/\/redept.com.br\/blogosfera\/wp-json\/wp\/v2\/tags?post=56722"}],"curies":[{"name":"wp","href":"https:\/\/api.w.org\/{rel}","templated":true}]}}