{"id":56746,"date":"2025-10-06T15:02:31","date_gmt":"2025-10-06T18:02:31","guid":{"rendered":"https:\/\/redept.com.br\/blogosfera\/reservas-internacionais-sobem-a-us-357-bilhoes-no-governo-lula\/"},"modified":"2025-10-06T15:02:31","modified_gmt":"2025-10-06T18:02:31","slug":"reservas-internacionais-sobem-a-us-357-bilhoes-no-governo-lula","status":"publish","type":"post","link":"https:\/\/redept.com.br\/blogosfera\/reservas-internacionais-sobem-a-us-357-bilhoes-no-governo-lula\/","title":{"rendered":"Reservas internacionais sobem a US$ 357 bilh\u00f5es no governo Lula"},"content":{"rendered":"<p><img fetchpriority=\"high\" width=\"1024\" height=\"576\"src=\"https:\/\/redept.com.br\/blogosfera\/wp-content\/uploads\/2025\/10\/Design-sem-nome.jpg\" alt=\"\" decoding=\"async\" srcset=\"https:\/\/vermelho.org.br\/wp-content\/uploads\/2025\/10\/Design-sem-nome-1024x576.jpg 1024w, https:\/\/vermelho.org.br\/wp-content\/uploads\/2025\/10\/Design-sem-nome-300x169.jpg 300w, https:\/\/vermelho.org.br\/wp-content\/uploads\/2025\/10\/Design-sem-nome-768x432.jpg 768w, https:\/\/vermelho.org.br\/wp-content\/uploads\/2025\/10\/Design-sem-nome-1536x864.jpg 1536w, https:\/\/redept.com.br\/blogosfera\/wp-content\/uploads\/2025\/10\/Design-sem-nome.jpg 1920w\" sizes=\"(max-width: 1024px) 100vw, 1024px\"><\/p>\n<p>As reservas internacionais s\u00e3o um importante \u201ccolch\u00e3o de seguran\u00e7a\u201d de um pa\u00eds contra crises, por isso s\u00e3o entendidas como o seguro do pa\u00eds contra choques no mercado mundial e varia\u00e7\u00f5es de demanda, assim como garantem a estabilidade cambial. De acordo com o Banco Central (BC) do Brasil, as reservas internacionais do pa\u00eds cresceram US$ 32,2 bilh\u00f5es nestes 3 anos do 3\u00ba\u00a0mandato do presidente Lula, alcan\u00e7ando o montante de US$ 357 bilh\u00f5es. Os dados est\u00e3o na Tabela da S\u00e9rie Di\u00e1ria das Reservas e podem ser consultadas no Sistema Gerenciador de S\u00e9ries Temporais do BC.<\/p>\n<p>O excepcional resultado contraria os abutres do mercado financeiro e da m\u00eddia golpista. Esses atores constantemente alardeiam falsas expectativas quanto \u00e0 falta de credibilidade internacional do governo brasileiro. A aposta em uma fantasiosa derrocada por parte desses agentes, t\u00e3o elogiosos do <a href=\"https:\/\/vermelho.org.br\/2025\/09\/01\/milei-enfrenta-pior-momento-do-governo-em-meio-a-escandalo-e-crise-economica\/\">governo Javier Milei,<\/a> na Argentina, mostra, cada vez mais, o comportamento de \u201ctorcedor\u201d desses falsos analistas de extrema direita.<\/p>\n<p>Enquanto o Brasil acumula ativos em moeda estrangeira para salvaguardar a na\u00e7\u00e3o, mesmo em um momento de aten\u00e7\u00e3o com o <a href=\"https:\/\/vermelho.org.br\/2025\/09\/25\/recursos-para-combater-o-tarifaco-dos-eua-ficam-fora-do-teto-de-gastos\/\">tarifa\u00e7o<\/a>, ainda que este j\u00e1 esteja ficando para tr\u00e1s a partir <a href=\"https:\/\/vermelho.org.br\/2025\/10\/06\/lula-recebe-ligacao-de-trump-e-pede-fim-de-tarifas-e-sancoes-contra-ministros\/\">da manuten\u00e7\u00e3o do di\u00e1logo entre Lula e Donald Trump<\/a>, a Argentina se afunda em uma crise acentuada, entre outros motivos, pela falta de reservas internacionais dos hermanos, que padecem com falta de liquidez por d\u00e9cadas.<\/p>\n<p><strong>Leia mais: <\/strong><a href=\"https:\/\/vermelho.org.br\/2025\/10\/03\/governo-lula-prepara-a-entrega-gratuita-de-botijoes-de-gas-em-novembro\/\">Governo Lula prepara a entrega gratuita de botij\u00f5es de g\u00e1s em novembro<\/a><\/p>\n<p>Outro ponto a se destacar \u00e9 que o cen\u00e1rio de reservas brasileiras s\u00f3 se encontra no atual patamar, t\u00e3o invejado por nossos vizinhos, por conta do esfor\u00e7o do presidente Lula em seus primeiros mandatos em pagar a d\u00edvida externa nacional e aumentar as reservas de c\u00e2mbio.<\/p>\n<p>A heran\u00e7a deixada pelo governo Fernando Henrique Cardoso para Lula era de apenas US$ 16,3 bilh\u00f5es em reservas internacionais l\u00edquidas. No \u00faltimo ano completo do governo Dilma Rousseff, em 2015, as reservas eram de US$ 368,7 bilh\u00f5es.<\/p>\n<p>J\u00e1 o governo de Jair Bolsonaro foi <a href=\"https:\/\/vermelho.org.br\/2023\/03\/17\/reservas-internacionais-saltam-us-142-bi-com-bolsonaro-cairam-us-66-bi\/\">o \u00fanico, desde 2003, em que as reservas n\u00e3o aumentaram.<\/a> Pelo contr\u00e1rio, ele deixou o governo com um valor 13,4% menor, uma vez que assumiu com US$ 374,7 bilh\u00f5es e deixou US$ 324,7 bilh\u00f5es em reservas cambiais.<\/p>\n<p>Portanto, desde que assumiu a sua terceira gest\u00e3o presidencial, Lula j\u00e1 aumentou em 9,93% o \u201ccolch\u00e3o de seguran\u00e7a\u201d do Brasil.<\/p>\n<p>O post <a href=\"https:\/\/vermelho.org.br\/2025\/10\/06\/reservas-internacionais-sobem-a-us-357-bilhoes-no-governo-lula\/\">Reservas internacionais sobem a US$ 357 bilh\u00f5es no governo Lula<\/a> apareceu primeiro em <a href=\"https:\/\/vermelho.org.br\/\">Vermelho<\/a>.<\/p>\n<!-- Begin Yuzo --><div class='yuzo_related_post style-1'  data-version='5.12.89'><!-- without result --><div class='yuzo_clearfixed yuzo__title yuzo__title'><h3>Related Post<\/h3><\/div>\n\t\t\t\t\t\t  <div class=\"relatedthumb \" style=\"width:125px;float:left;overflow:hidden;\">  \n\t\t\t\t\t\t\t  \n\t\t\t\t\t\t\t  <a  href=\"https:\/\/redept.com.br\/blogosfera\/rogerio-carvalho-elogia-conducao-da-area-economica-e-destaca-crescimento-do-pais\/\"  >\n\t\t\t\t\t\t\t\t\t  <div class=\"yuzo-img-wrap \" style=\"width: 125px;height:90px;\">\n\t\t\t\t\t\t\t\t\t\t\n\t\t\t\t\t\t\t\t\t\t<div class=\"yuzo-img\" style=\"background:url('https:\/\/redept.org\/blogosfera\/wp-content\/plugins\/yuzo-related-post\/assets\/images\/default.png') 50% 50% no-repeat;width: 125px;height:90px;margin-bottom: 5px;background-size: cover; \"><\/div>\n\t\t\t\t\t\t\t\t\t  <\/div>\n\t\t\t\t\t\t\t\t\t  \n\t\t\t\t\t\t\t\t   <span class=\"yuzo__text--title\" style=\"font-size:13px;\">Rog\u00e9rio Carvalho elogia condu\u00e7\u00e3o da \u00e1rea econ\u00f4mica...<\/span>\n\t\t\t\t\t\t\t  \n\t\t\t\t\t\t\t  \n\t\t\t\t\t\t\t  <\/a>\n\n\t\t\t\t\t\t  <\/div>\n\t\t\t\t\t\t  <div class=\"relatedthumb \" style=\"width:125px;float:left;overflow:hidden;\">  \n\t\t\t\t\t\t\t  \n\t\t\t\t\t\t\t  <a  href=\"https:\/\/redept.com.br\/blogosfera\/governo-do-brasil-do-lado-do-povo-brasileiro-e-nova-marca-da-gestao-de-lula\/\"  >\n\t\t\t\t\t\t\t\t\t  <div class=\"yuzo-img-wrap \" style=\"width: 125px;height:90px;\">\n\t\t\t\t\t\t\t\t\t\t\n\t\t\t\t\t\t\t\t\t\t<div class=\"yuzo-img\" style=\"background:url('https:\/\/redept.org\/blogosfera\/wp-content\/plugins\/yuzo-related-post\/assets\/images\/default.png') 50% 50% no-repeat;width: 125px;height:90px;margin-bottom: 5px;background-size: cover; \"><\/div>\n\t\t\t\t\t\t\t\t\t  <\/div>\n\t\t\t\t\t\t\t\t\t  \n\t\t\t\t\t\t\t\t   <span class=\"yuzo__text--title\" style=\"font-size:13px;\">\u2018Governo do Brasil, do lado do povo brasileiro\u2019 \u00e9 ...<\/span>\n\t\t\t\t\t\t\t  \n\t\t\t\t\t\t\t  \n\t\t\t\t\t\t\t  <\/a>\n\n\t\t\t\t\t\t  <\/div>\n\t\t\t\t\t\t  <div class=\"relatedthumb \" style=\"width:125px;float:left;overflow:hidden;\">  \n\t\t\t\t\t\t\t  \n\t\t\t\t\t\t\t  <a  href=\"https:\/\/redept.com.br\/blogosfera\/primeiro-colocado-em-medicina-na-usp-pelo-enem-e-filho-de-domestica-e-pedreiro\/\"  >\n\t\t\t\t\t\t\t\t\t  <div class=\"yuzo-img-wrap \" style=\"width: 125px;height:90px;\">\n\t\t\t\t\t\t\t\t\t\t\n\t\t\t\t\t\t\t\t\t\t<div class=\"yuzo-img\" style=\"background:url('https:\/\/redept.org\/blogosfera\/wp-content\/plugins\/yuzo-related-post\/assets\/images\/default.png') 50% 50% no-repeat;width: 125px;height:90px;margin-bottom: 5px;background-size: cover; \"><\/div>\n\t\t\t\t\t\t\t\t\t  <\/div>\n\t\t\t\t\t\t\t\t\t  \n\t\t\t\t\t\t\t\t   <span class=\"yuzo__text--title\" style=\"font-size:13px;\">Primeiro colocado em Medicina na USP pelo Enem \u00e9 f...<\/span>\n\t\t\t\t\t\t\t  \n\t\t\t\t\t\t\t  \n\t\t\t\t\t\t\t  <\/a>\n\n\t\t\t\t\t\t  <\/div>\n\t\t\t\t\t\t  <div class=\"relatedthumb \" style=\"width:125px;float:left;overflow:hidden;\">  \n\t\t\t\t\t\t\t  \n\t\t\t\t\t\t\t  <a  href=\"https:\/\/redept.com.br\/blogosfera\/trump-ameaca-impor-tarifa-adicional-de-50-contra-china\/\"  >\n\t\t\t\t\t\t\t\t\t  <div class=\"yuzo-img-wrap \" style=\"width: 125px;height:90px;\">\n\t\t\t\t\t\t\t\t\t\t\n\t\t\t\t\t\t\t\t\t\t<div class=\"yuzo-img\" style=\"background:url('https:\/\/redept.org\/blogosfera\/wp-content\/plugins\/yuzo-related-post\/assets\/images\/default.png') 50% 50% no-repeat;width: 125px;height:90px;margin-bottom: 5px;background-size: cover; \"><\/div>\n\t\t\t\t\t\t\t\t\t  <\/div>\n\t\t\t\t\t\t\t\t\t  \n\t\t\t\t\t\t\t\t   <span class=\"yuzo__text--title\" style=\"font-size:13px;\">Trump amea\u00e7a impor tarifa adicional de 50% contra ...<\/span>\n\t\t\t\t\t\t\t  \n\t\t\t\t\t\t\t  \n\t\t\t\t\t\t\t  <\/a>\n\n\t\t\t\t\t\t  <\/div>\n<\/div> <script>\n\t\t\t\t\t\t  jQuery(document).ready(function( $ ){\n\t\t\t\t\t\t\t\/\/jQuery('.yuzo_related_post').equalizer({ overflow : 'relatedthumb' });\n\t\t\t\t\t\t\tjQuery('.yuzo_related_post .yuzo_wraps').equalizer({ columns : '> div' });\n\t\t\t\t\t\t   })\n\t\t\t\t\t\t  <\/script> <!-- End Yuzo :) -->","protected":false},"excerpt":{"rendered":"<p>As reservas internacionais s\u00e3o um importante \u201ccolch\u00e3o de seguran\u00e7a\u201d de um pa\u00eds contra crises, por isso s\u00e3o entendidas como o seguro do pa\u00eds contra choques no mercado mundial e varia\u00e7\u00f5es de demanda, assim como garantem a estabilidade cambial. De acordo com o Banco Central (BC) do Brasil, as reservas internacionais do pa\u00eds cresceram US$ 32,2 [&hellip;]<\/p>\n","protected":false},"author":2,"featured_media":0,"comment_status":"open","ping_status":"closed","sticky":false,"template":"","format":"standard","meta":{"fifu_image_url":"","fifu_image_alt":"","footnotes":""},"categories":[45,221,17,112,23596,10997,23597],"tags":[],"class_list":["post-56746","post","type-post","status-publish","format-standard","hentry","category-brasil","category-economia","category-governo-lula","category-lula","category-reservas-brasileiras","category-reservas-cambiais","category-reservas-internacionais"],"_links":{"self":[{"href":"https:\/\/redept.com.br\/blogosfera\/wp-json\/wp\/v2\/posts\/56746","targetHints":{"allow":["GET"]}}],"collection":[{"href":"https:\/\/redept.com.br\/blogosfera\/wp-json\/wp\/v2\/posts"}],"about":[{"href":"https:\/\/redept.com.br\/blogosfera\/wp-json\/wp\/v2\/types\/post"}],"author":[{"embeddable":true,"href":"https:\/\/redept.com.br\/blogosfera\/wp-json\/wp\/v2\/users\/2"}],"replies":[{"embeddable":true,"href":"https:\/\/redept.com.br\/blogosfera\/wp-json\/wp\/v2\/comments?post=56746"}],"version-history":[{"count":0,"href":"https:\/\/redept.com.br\/blogosfera\/wp-json\/wp\/v2\/posts\/56746\/revisions"}],"wp:attachment":[{"href":"https:\/\/redept.com.br\/blogosfera\/wp-json\/wp\/v2\/media?parent=56746"}],"wp:term":[{"taxonomy":"category","embeddable":true,"href":"https:\/\/redept.com.br\/blogosfera\/wp-json\/wp\/v2\/categories?post=56746"},{"taxonomy":"post_tag","embeddable":true,"href":"https:\/\/redept.com.br\/blogosfera\/wp-json\/wp\/v2\/tags?post=56746"}],"curies":[{"name":"wp","href":"https:\/\/api.w.org\/{rel}","templated":true}]}}