{"id":56815,"date":"2025-10-06T19:17:59","date_gmt":"2025-10-06T22:17:59","guid":{"rendered":"https:\/\/redept.com.br\/blogosfera\/pl-da-dosimetria-fica-sem-apoio-e-pode-ser-enterrado-na-camara\/"},"modified":"2025-10-06T19:17:59","modified_gmt":"2025-10-06T22:17:59","slug":"pl-da-dosimetria-fica-sem-apoio-e-pode-ser-enterrado-na-camara","status":"publish","type":"post","link":"https:\/\/redept.com.br\/blogosfera\/pl-da-dosimetria-fica-sem-apoio-e-pode-ser-enterrado-na-camara\/","title":{"rendered":"PL da Dosimetria fica sem apoio e pode ser enterrado na C\u00e2mara"},"content":{"rendered":"<p><img fetchpriority=\"high\" width=\"846\" height=\"466\"src=\"https:\/\/redept.com.br\/blogosfera\/wp-content\/uploads\/2025\/10\/Plenario-Camara.jpg\" alt=\"\" decoding=\"async\" srcset=\"https:\/\/redept.com.br\/blogosfera\/wp-content\/uploads\/2025\/10\/Plenario-Camara.jpg 846w, https:\/\/vermelho.org.br\/wp-content\/uploads\/2025\/07\/Plenario-Camara-300x166.jpg 300w, https:\/\/vermelho.org.br\/wp-content\/uploads\/2025\/07\/Plenario-Camara-768x423.jpg 768w, https:\/\/vermelho.org.br\/wp-content\/uploads\/2025\/07\/Plenario-Camara-700x387.jpg 700w, https:\/\/vermelho.org.br\/wp-content\/uploads\/2025\/07\/Plenario-Camara-219x121.jpg 219w\" sizes=\"(max-width: 846px) 100vw, 846px\"><\/p>\n<p>Sem apoio do PL de Bolsonaro e o PT do presidente Luiz In\u00e1cio Lula da Silva, os dois maiores partidos, o chamado PL da Dosimetria que prop\u00f5e a redu\u00e7\u00e3o de pena para os condenados pela tentativa de golpe de estado pode n\u00e3o ser votado e enterrado na C\u00e2mara dos Deputados.<\/p>\n<p>O relator do projeto, deputado Paulinho da For\u00e7a (Solidariedade-SP), quer emplacar vota\u00e7\u00e3o nesta semana, mas n\u00e3o tem respaldo para isso das principais siglas na Casa.<\/p>\n<p>\u201cContinuo defendendo a minha ideia de apresentar o relat\u00f3rio nessas condi\u00e7\u00f5es (de redu\u00e7\u00e3o de penas). O relat\u00f3rio \u00e9 um neg\u00f3cio muito simples. Eu tenho brincado que meu relat\u00f3rio n\u00e3o \u00e9 o voto do Fux [ministro do STF]. \u00c9 um neg\u00f3cio curto e grosso de mexer em duas ou tr\u00eas penas e com isso pacificar o pa\u00eds\u201d, defende o relator.<\/p>\n<p>Leia mais: <a href=\"https:\/\/vermelho.org.br\/2025\/09\/30\/bancada-do-pcdob-diz-a-paulinho-da-forca-que-e-contra-pl-da-dosimetria\/\">Bancada do PCdoB diz a Paulinho da For\u00e7a que \u00e9 contra \u201cPL da Dosimetria\u201d<\/a><\/p>\n<p>De acordo com o G1, os defensores do projeto est\u00e3o alertando os aliados do ex-presidente Jair Bolsonaro (PL): \u201cSe o PL insistir numa anistia ou numa redu\u00e7\u00e3o expressiva da pena do ex-presidente da Rep\u00fablica, o projeto corre o risco de travar totalmente. Os articuladores da proposta classificam essa semana como decisiva. Segundo eles, o partido de Bolsonaro est\u00e1 apostando no tudo ou nada e pode ficar com nada\u201d.<\/p>\n<p>Na semana passada, o presidente da C\u00e2mara dos Deputados, Hugo Motta (republicanos-PB), deu a entender que o clima tamb\u00e9m n\u00e3o \u00e9 favor\u00e1vel a vota\u00e7\u00e3o. <\/p>\n<p>\u201cN\u00e3o tenho uma temperatura precisa de como tem sido a conversa do relator, at\u00e9 porque ele n\u00e3o conversou ainda com todos os partidos, e eu n\u00e3o conversei com os l\u00edderes ap\u00f3s a sua passagem de conversa com os deputados de cada bancada, de cada partido. Ent\u00e3o eu preciso de um pouco mais de tempo para poder entender qual \u00e9 o sentimento da casa e decidir sobre pautar ou n\u00e3o o projeto que est\u00e1 sendo relatado pelo deputado Paulinho da For\u00e7a\u201d, afirma Motta.<\/p>\n<p>Na bancada do PCdoB, o relator ouviu que o voto \u00e9 100% contra o PL da Dosimetria. \u201cEssa dosimetria que est\u00e1 sendo apresentada estamos vendo como outro tipo de anistia. Ent\u00e3o o PCdoB ser\u00e1 contr\u00e1rio\u201d, disse na ocasi\u00e3o l\u00edder do partido na C\u00e2mara, Renildo Calheiros (PE).<\/p>\n<p>\u201cEle [Paulinho] falou abertamente que tem redu\u00e7\u00e3o de penas para Jair Bolsonaro. Eu tive acesso ao texto: golpe de Estado cairia para dois a seis anos, menos que um roubo de celular. \u00c9 uma interfer\u00eancia brutal do Legislativo em um julgamento em curso\u201d, critica o l\u00edder do PT na C\u00e2mara, Lindbergh Farias (RJ).<\/p>\n<p>O post <a href=\"https:\/\/vermelho.org.br\/2025\/10\/06\/pl-da-dosimetria-fica-sem-apoio-e-pode-ser-enterrado-na-camara\/\">PL da Dosimetria fica sem apoio e pode ser enterrado na C\u00e2mara<\/a> apareceu primeiro em <a href=\"https:\/\/vermelho.org.br\/\">Vermelho<\/a>.<\/p>\n<!-- Begin Yuzo --><div class='yuzo_related_post style-1'  data-version='5.12.89'><!-- without result --><div class='yuzo_clearfixed yuzo__title yuzo__title'><h3>Related Post<\/h3><\/div>\n\t\t\t\t\t\t  <div class=\"relatedthumb \" style=\"width:125px;float:left;overflow:hidden;\">  \n\t\t\t\t\t\t\t  \n\t\t\t\t\t\t\t  <a  href=\"https:\/\/redept.com.br\/blogosfera\/paises-arabes-ameacam-cortar-bilhoes-em-investimentos-nos-eua-por-guerra-com-ira\/\"  >\n\t\t\t\t\t\t\t\t\t  <div class=\"yuzo-img-wrap \" style=\"width: 125px;height:90px;\">\n\t\t\t\t\t\t\t\t\t\t\n\t\t\t\t\t\t\t\t\t\t<div class=\"yuzo-img\" style=\"background:url('https:\/\/redept.org\/blogosfera\/wp-content\/plugins\/yuzo-related-post\/assets\/images\/default.png') 50% 50% no-repeat;width: 125px;height:90px;margin-bottom: 5px;background-size: cover; \"><\/div>\n\t\t\t\t\t\t\t\t\t  <\/div>\n\t\t\t\t\t\t\t\t\t  \n\t\t\t\t\t\t\t\t   <span class=\"yuzo__text--title\" style=\"font-size:13px;\">Pa\u00edses \u00e1rabes amea\u00e7am cortar bilh\u00f5es em Investimen...<\/span>\n\t\t\t\t\t\t\t  \n\t\t\t\t\t\t\t  \n\t\t\t\t\t\t\t  <\/a>\n\n\t\t\t\t\t\t  <\/div>\n\t\t\t\t\t\t  <div class=\"relatedthumb \" style=\"width:125px;float:left;overflow:hidden;\">  \n\t\t\t\t\t\t\t  \n\t\t\t\t\t\t\t  <a  href=\"https:\/\/redept.com.br\/blogosfera\/senado-aprova-novo-plano-nacional-de-educacao-que-segue-a-sancao-de-lula\/\"  >\n\t\t\t\t\t\t\t\t\t  <div class=\"yuzo-img-wrap \" style=\"width: 125px;height:90px;\">\n\t\t\t\t\t\t\t\t\t\t\n\t\t\t\t\t\t\t\t\t\t<div class=\"yuzo-img\" style=\"background:url('https:\/\/redept.com.br\/blogosfera\/wp-content\/uploads\/2026\/03\/PNE-1-150x150.jpg') 50% 50% no-repeat;width: 125px;height:90px;margin-bottom: 5px;background-size: cover; \"><\/div>\n\t\t\t\t\t\t\t\t\t  <\/div>\n\t\t\t\t\t\t\t\t\t  \n\t\t\t\t\t\t\t\t   <span class=\"yuzo__text--title\" style=\"font-size:13px;\">Senado aprova novo Plano Nacional de Educa\u00e7\u00e3o que ...<\/span>\n\t\t\t\t\t\t\t  \n\t\t\t\t\t\t\t  \n\t\t\t\t\t\t\t  <\/a>\n\n\t\t\t\t\t\t  <\/div>\n\t\t\t\t\t\t  <div class=\"relatedthumb \" style=\"width:125px;float:left;overflow:hidden;\">  \n\t\t\t\t\t\t\t  \n\t\t\t\t\t\t\t  <a  href=\"https:\/\/redept.com.br\/blogosfera\/sob-ratinho-pm-pr-bate-recorde-de-letalidade-e-morre-mais-por-suicidio-que-por-confronto\/\"  >\n\t\t\t\t\t\t\t\t\t  <div class=\"yuzo-img-wrap \" style=\"width: 125px;height:90px;\">\n\t\t\t\t\t\t\t\t\t\t\n\t\t\t\t\t\t\t\t\t\t<div class=\"yuzo-img\" style=\"background:url('https:\/\/redept.org\/blogosfera\/wp-content\/plugins\/yuzo-related-post\/assets\/images\/default.png') 50% 50% no-repeat;width: 125px;height:90px;margin-bottom: 5px;background-size: cover; \"><\/div>\n\t\t\t\t\t\t\t\t\t  <\/div>\n\t\t\t\t\t\t\t\t\t  \n\t\t\t\t\t\t\t\t   <span class=\"yuzo__text--title\" style=\"font-size:13px;\">Sob Ratinho, PM-PR bate recorde de letalidade e mo...<\/span>\n\t\t\t\t\t\t\t  \n\t\t\t\t\t\t\t  \n\t\t\t\t\t\t\t  <\/a>\n\n\t\t\t\t\t\t  <\/div>\n\t\t\t\t\t\t  <div class=\"relatedthumb \" style=\"width:125px;float:left;overflow:hidden;\">  \n\t\t\t\t\t\t\t  \n\t\t\t\t\t\t\t  <a  href=\"https:\/\/redept.com.br\/blogosfera\/biden-autoriza-ucrania-a-usar-misseis-de-longo-alcance-contra-russia\/\"  >\n\t\t\t\t\t\t\t\t\t  <div class=\"yuzo-img-wrap \" style=\"width: 125px;height:90px;\">\n\t\t\t\t\t\t\t\t\t\t\n\t\t\t\t\t\t\t\t\t\t<div class=\"yuzo-img\" style=\"background:url('https:\/\/redept.com.br\/blogosfera\/wp-content\/uploads\/2024\/11\/biden-zelensky-ucrania-150x150.jpeg') 50% 50% no-repeat;width: 125px;height:90px;margin-bottom: 5px;background-size: cover; \"><\/div>\n\t\t\t\t\t\t\t\t\t  <\/div>\n\t\t\t\t\t\t\t\t\t  \n\t\t\t\t\t\t\t\t   <span class=\"yuzo__text--title\" style=\"font-size:13px;\">Biden autoriza Ucr\u00e2nia a usar m\u00edsseis de longo alc...<\/span>\n\t\t\t\t\t\t\t  \n\t\t\t\t\t\t\t  \n\t\t\t\t\t\t\t  <\/a>\n\n\t\t\t\t\t\t  <\/div>\n<\/div> <script>\n\t\t\t\t\t\t  jQuery(document).ready(function( $ ){\n\t\t\t\t\t\t\t\/\/jQuery('.yuzo_related_post').equalizer({ overflow : 'relatedthumb' });\n\t\t\t\t\t\t\tjQuery('.yuzo_related_post .yuzo_wraps').equalizer({ columns : '> div' });\n\t\t\t\t\t\t   })\n\t\t\t\t\t\t  <\/script> <!-- End Yuzo :) -->","protected":false},"excerpt":{"rendered":"<p>Sem apoio do PL de Bolsonaro e o PT do presidente Luiz In\u00e1cio Lula da Silva, os dois maiores partidos, o chamado PL da Dosimetria que prop\u00f5e a redu\u00e7\u00e3o de pena para os condenados pela tentativa de golpe de estado pode n\u00e3o ser votado e enterrado na C\u00e2mara dos Deputados. O relator do projeto, deputado [&hellip;]<\/p>\n","protected":false},"author":2,"featured_media":0,"comment_status":"open","ping_status":"closed","sticky":false,"template":"","format":"standard","meta":{"fifu_image_url":"","fifu_image_alt":"","footnotes":""},"categories":[832,298,23669,20752,132,893],"tags":[],"class_list":["post-56815","post","type-post","status-publish","format-standard","hentry","category-apoio","category-camara-dos-deputados","category-enterro","category-pl-da-dosimetria","category-politica","category-votacao"],"_links":{"self":[{"href":"https:\/\/redept.com.br\/blogosfera\/wp-json\/wp\/v2\/posts\/56815","targetHints":{"allow":["GET"]}}],"collection":[{"href":"https:\/\/redept.com.br\/blogosfera\/wp-json\/wp\/v2\/posts"}],"about":[{"href":"https:\/\/redept.com.br\/blogosfera\/wp-json\/wp\/v2\/types\/post"}],"author":[{"embeddable":true,"href":"https:\/\/redept.com.br\/blogosfera\/wp-json\/wp\/v2\/users\/2"}],"replies":[{"embeddable":true,"href":"https:\/\/redept.com.br\/blogosfera\/wp-json\/wp\/v2\/comments?post=56815"}],"version-history":[{"count":0,"href":"https:\/\/redept.com.br\/blogosfera\/wp-json\/wp\/v2\/posts\/56815\/revisions"}],"wp:attachment":[{"href":"https:\/\/redept.com.br\/blogosfera\/wp-json\/wp\/v2\/media?parent=56815"}],"wp:term":[{"taxonomy":"category","embeddable":true,"href":"https:\/\/redept.com.br\/blogosfera\/wp-json\/wp\/v2\/categories?post=56815"},{"taxonomy":"post_tag","embeddable":true,"href":"https:\/\/redept.com.br\/blogosfera\/wp-json\/wp\/v2\/tags?post=56815"}],"curies":[{"name":"wp","href":"https:\/\/api.w.org\/{rel}","templated":true}]}}