{"id":56822,"date":"2025-10-06T12:36:57","date_gmt":"2025-10-06T15:36:57","guid":{"rendered":"https:\/\/redept.com.br\/blogosfera\/em-ligacao-lula-pede-que-trump-retire-tarifaco-e-sancoes-contra-autoridades-brasileiras\/"},"modified":"2025-10-06T12:36:57","modified_gmt":"2025-10-06T15:36:57","slug":"em-ligacao-lula-pede-que-trump-retire-tarifaco-e-sancoes-contra-autoridades-brasileiras","status":"publish","type":"post","link":"https:\/\/redept.com.br\/blogosfera\/em-ligacao-lula-pede-que-trump-retire-tarifaco-e-sancoes-contra-autoridades-brasileiras\/","title":{"rendered":"Em liga\u00e7\u00e3o, Lula pede que Trump retire tarifa\u00e7o e san\u00e7\u00f5es contra autoridades brasileiras"},"content":{"rendered":"<p><span>Por cerca de 30 minutos, os presidentes do Brasil, Luiz In\u00e1cio Lula da Silva, e dos Estados Unidos, Donald Trump, conversaram por videochamada na manh\u00e3 desta segunda-feira (06\/10), em uma reuni\u00e3o que foi anunciada pelo republicano na 80\u00aa Assembleia Geral das Na\u00e7\u00f5es Unidas (ONU), em Nova York, h\u00e1 duas semanas.\u00a0<\/span><\/p>\n<p>\u201cConsidero nosso contato direto como uma oportunidade para a restaura\u00e7\u00e3o das rela\u00e7\u00f5es amig\u00e1veis de 201 anos entre as duas maiores democracias do Ocidente\u201d, escreveu o petista em rede social.<\/p>\n<p><span>A discuss\u00e3o central foi o tarifa\u00e7o e os esfor\u00e7os do governo Lula de querer negociar as medidas tarif\u00e1rias. Ao recordar ao seu hom\u00f3logo norte-americano, mais uma vez, que o Brasil \u00e9 um dos tr\u00eas pa\u00edses integrantes do G20 com quem os EUA mant\u00e9m super\u00e1vit na balan\u00e7a comercial, revelou ter solicitado a retirada do tarifa\u00e7o imposto contra os produtos brasileiros e \u00e0s san\u00e7\u00f5es aplicadas contra as autoridades do pa\u00eds.<\/span><\/p>\n<p><span>Em 30 de julho, Trump oficializou as taxas de 50% sobre uma lista abrangente de produtos brasileiros, alegando que o Brasil, sobretudo seu Judici\u00e1rio, promoveu uma \u201cca\u00e7a \u00e0s bruxas\u201d contra o ex-presidente Jair Bolsonaro, acusado por liderar uma tentativa de golpe de Estado. As amea\u00e7as tarif\u00e1rias ganharam forma durante a 17\u00aa C\u00fapula do BRICS, realizada em julho no Rio de Janeiro.<\/span><\/p>\n<p><span>Tamb\u00e9m estiveram presentes neste encontro virtual o vice-presidente Geraldo Alckmin, ministro do Desenvolvimento, Ind\u00fastria e Com\u00e9rcio, o ministro das Rela\u00e7\u00f5es Exteriores, Mauro Vieira, e o ministro da Fazenda, Fernando Haddad. A<\/span><span> conversa foi \u201cpositiva do ponto de vista econ\u00f4mico\u201d, comentou Haddad ao jornalistas, na chegada ao seu Minist\u00e9rio.\u00a0<\/span><\/p>\n<p>De acordo com Lula, estas tr\u00eas autoridades foram designadas pelo secret\u00e1rio de Estado dos EUA, Marco Rubio, a darem sequ\u00eancia \u00e0s tratativas relacionadas ao tarifa\u00e7o.<\/p>\n<p>\u201cN\u00f3s concordamos em encontrar pessoalmente em breve\u201d, acrescentou o presidente brasileiro. \u201cSugeri a possibilidade de encontro na C\u00fapula da Asean, na Mal\u00e1sia; reiterei o convite a Trump para participar da COP30, em Bel\u00e9m; e tamb\u00e9m me dispus a viajar aos Estados Unidos\u201d.<\/p>\n<figure aria-describedby=\"caption-attachment-233587\"><img loading=\"lazy\" loading=\"lazy\" decoding=\"async\"src=\"https:\/\/redept.com.br\/blogosfera\/wp-content\/uploads\/2025\/10\/e15a2dc0-2c9e-469c-b99c-a218304d08fe-54828643387-55f83a128c-k.webp\" alt=\"Ricardo Stuckert\/PR\" width=\"800\" height=\"523\" srcset=\"https:\/\/redept.com.br\/blogosfera\/wp-content\/uploads\/2025\/10\/e15a2dc0-2c9e-469c-b99c-a218304d08fe-54828643387-55f83a128c-k.webp 800w, https:\/\/operamundi.uol.com.br\/wp-content\/uploads\/2025\/10\/e15a2dc0-2c9e-469c-b99c-a218304d08fe-54828643387-55f83a128c-k-300x196.webp 300w, https:\/\/operamundi.uol.com.br\/wp-content\/uploads\/2025\/10\/e15a2dc0-2c9e-469c-b99c-a218304d08fe-54828643387-55f83a128c-k-768x502.webp 768w, https:\/\/operamundi.uol.com.br\/wp-content\/uploads\/2025\/10\/e15a2dc0-2c9e-469c-b99c-a218304d08fe-54828643387-55f83a128c-k-150x98.webp 150w, https:\/\/operamundi.uol.com.br\/wp-content\/uploads\/2025\/10\/e15a2dc0-2c9e-469c-b99c-a218304d08fe-54828643387-55f83a128c-k-750x490.webp 750w\" sizes=\"auto, (max-width: 800px) 100vw, 800px\"><figcaption>Presidente do Brasil, Luiz In\u00e1cio Lula da Silva, realiza primeira conversa de alto n\u00edvel com seu hom\u00f3logo norte-americano Donald Trump <br \/>Ricardo Stuckert\/PR<\/figcaption><\/figure>\n<p>Sobre as medidas tarif\u00e1rias dos EUA, fontes do governo consultadas por <strong>Opera Mundi<\/strong> afirmaram que o governo Lula j\u00e1 se preparava contra poss\u00edveis novos ataques de Trump antes mesmo do in\u00edcio do julgamento de Bolsonaro, sendo a articula\u00e7\u00e3o da lei da reciprocidade um passo inicial para isso. As contramedidas econ\u00f4micas j\u00e1 estavam sendo institucionalizadas para serem postas na mesa \u201cdepois de consultas, inclusive com o setor produtivo\u201d.<\/p>\n<p><span>O primeiro encontro entre os mandat\u00e1rios dos dois pa\u00edses aconteceu na Assembleia da ONU. Lula, em seu discurso, proferiu cr\u00edticas impl\u00edcitas \u00e0s medidas unilaterais tomadas por Trump, refor\u00e7ando a necessidade de um mundo multipolar. Por sua vez, o republicano, durante a finaliza\u00e7\u00e3o de sua fala, elogiou o petista, afirmando que ambos se abra\u00e7aram no caminho e que houve \u201cqu\u00edmica\u201d. No fim de seu discurso, o magnata anunciou uma reuni\u00e3o com o brasileiro.<\/span><\/p>\n<p>O post Em liga\u00e7\u00e3o, Lula pede que Trump retire tarifa\u00e7o e san\u00e7\u00f5es contra autoridades brasileiras apareceu primeiro em Opera Mundi.<\/p>\n<!-- Begin Yuzo --><div class='yuzo_related_post style-1'  data-version='5.12.89'><!-- without result --><div class='yuzo_clearfixed yuzo__title yuzo__title'><h3>Related Post<\/h3><\/div>\n\t\t\t\t\t\t  <div class=\"relatedthumb \" style=\"width:125px;float:left;overflow:hidden;\">  \n\t\t\t\t\t\t\t  \n\t\t\t\t\t\t\t  <a  href=\"https:\/\/redept.com.br\/blogosfera\/renda-de-trabalhadores-mais-pobres-sobe-mais-que-alta-de-alimentos-apontam-senadores\/\"  >\n\t\t\t\t\t\t\t\t\t  <div class=\"yuzo-img-wrap \" style=\"width: 125px;height:90px;\">\n\t\t\t\t\t\t\t\t\t\t\n\t\t\t\t\t\t\t\t\t\t<div class=\"yuzo-img\" style=\"background:url('https:\/\/redept.org\/blogosfera\/wp-content\/plugins\/yuzo-related-post\/assets\/images\/default.png') 50% 50% no-repeat;width: 125px;height:90px;margin-bottom: 5px;background-size: cover; \"><\/div>\n\t\t\t\t\t\t\t\t\t  <\/div>\n\t\t\t\t\t\t\t\t\t  \n\t\t\t\t\t\t\t\t   <span class=\"yuzo__text--title\" style=\"font-size:13px;\">Renda de trabalhadores mais pobres sobe mais que a...<\/span>\n\t\t\t\t\t\t\t  \n\t\t\t\t\t\t\t  \n\t\t\t\t\t\t\t  <\/a>\n\n\t\t\t\t\t\t  <\/div>\n\t\t\t\t\t\t  <div class=\"relatedthumb \" style=\"width:125px;float:left;overflow:hidden;\">  \n\t\t\t\t\t\t\t  \n\t\t\t\t\t\t\t  <a  href=\"https:\/\/redept.com.br\/blogosfera\/trump-da-ultimato-de-48-horas-para-reabertura-de-ormuz-russia-se-oferece-como-mediadora\/\"  >\n\t\t\t\t\t\t\t\t\t  <div class=\"yuzo-img-wrap \" style=\"width: 125px;height:90px;\">\n\t\t\t\t\t\t\t\t\t\t\n\t\t\t\t\t\t\t\t\t\t<div class=\"yuzo-img\" style=\"background:url('https:\/\/redept.org\/blogosfera\/wp-content\/plugins\/yuzo-related-post\/assets\/images\/default.png') 50% 50% no-repeat;width: 125px;height:90px;margin-bottom: 5px;background-size: cover; \"><\/div>\n\t\t\t\t\t\t\t\t\t  <\/div>\n\t\t\t\t\t\t\t\t\t  \n\t\t\t\t\t\t\t\t   <span class=\"yuzo__text--title\" style=\"font-size:13px;\">Trump d\u00e1 ultimato de 48 horas para reabertura de O...<\/span>\n\t\t\t\t\t\t\t  \n\t\t\t\t\t\t\t  \n\t\t\t\t\t\t\t  <\/a>\n\n\t\t\t\t\t\t  <\/div>\n\t\t\t\t\t\t  <div class=\"relatedthumb \" style=\"width:125px;float:left;overflow:hidden;\">  \n\t\t\t\t\t\t\t  \n\t\t\t\t\t\t\t  <a  href=\"https:\/\/redept.com.br\/blogosfera\/2a-parada-negra-lgbt-de-bh-pauta-luta-por-justica-racial-e-climatica-no-sabado-9\/\"  >\n\t\t\t\t\t\t\t\t\t  <div class=\"yuzo-img-wrap \" style=\"width: 125px;height:90px;\">\n\t\t\t\t\t\t\t\t\t\t\n\t\t\t\t\t\t\t\t\t\t<div class=\"yuzo-img\" style=\"background:url('https:\/\/redept.org\/blogosfera\/wp-content\/plugins\/yuzo-related-post\/assets\/images\/default.png') 50% 50% no-repeat;width: 125px;height:90px;margin-bottom: 5px;background-size: cover; \"><\/div>\n\t\t\t\t\t\t\t\t\t  <\/div>\n\t\t\t\t\t\t\t\t\t  \n\t\t\t\t\t\t\t\t   <span class=\"yuzo__text--title\" style=\"font-size:13px;\">2\u00aa Parada Negra LGBT+ de BH pauta luta por justi\u00e7a...<\/span>\n\t\t\t\t\t\t\t  \n\t\t\t\t\t\t\t  \n\t\t\t\t\t\t\t  <\/a>\n\n\t\t\t\t\t\t  <\/div>\n\t\t\t\t\t\t  <div class=\"relatedthumb \" style=\"width:125px;float:left;overflow:hidden;\">  \n\t\t\t\t\t\t\t  \n\t\t\t\t\t\t\t  <a  href=\"https:\/\/redept.com.br\/blogosfera\/populacao-protesta-contra-mineradora-que-ameaca-o-parque-estadual-da-serra-do-rola-moca-mg\/\"  >\n\t\t\t\t\t\t\t\t\t  <div class=\"yuzo-img-wrap \" style=\"width: 125px;height:90px;\">\n\t\t\t\t\t\t\t\t\t\t\n\t\t\t\t\t\t\t\t\t\t<div class=\"yuzo-img\" style=\"background:url('https:\/\/redept.org\/blogosfera\/wp-content\/plugins\/yuzo-related-post\/assets\/images\/default.png') 50% 50% no-repeat;width: 125px;height:90px;margin-bottom: 5px;background-size: cover; \"><\/div>\n\t\t\t\t\t\t\t\t\t  <\/div>\n\t\t\t\t\t\t\t\t\t  \n\t\t\t\t\t\t\t\t   <span class=\"yuzo__text--title\" style=\"font-size:13px;\">Popula\u00e7\u00e3o protesta contra mineradora que amea\u00e7a o ...<\/span>\n\t\t\t\t\t\t\t  \n\t\t\t\t\t\t\t  \n\t\t\t\t\t\t\t  <\/a>\n\n\t\t\t\t\t\t  <\/div>\n<\/div> <script>\n\t\t\t\t\t\t  jQuery(document).ready(function( $ ){\n\t\t\t\t\t\t\t\/\/jQuery('.yuzo_related_post').equalizer({ overflow : 'relatedthumb' });\n\t\t\t\t\t\t\tjQuery('.yuzo_related_post .yuzo_wraps').equalizer({ columns : '> div' });\n\t\t\t\t\t\t   })\n\t\t\t\t\t\t  <\/script> <!-- End Yuzo :) -->","protected":false},"excerpt":{"rendered":"<p>Por cerca de 30 minutos, os presidentes do Brasil, Luiz In\u00e1cio Lula da Silva, e dos Estados Unidos, Donald Trump, conversaram por videochamada na manh\u00e3 desta segunda-feira (06\/10), em uma reuni\u00e3o que foi anunciada pelo republicano na 80\u00aa Assembleia Geral das Na\u00e7\u00f5es Unidas (ONU), em Nova York, h\u00e1 duas semanas.\u00a0 \u201cConsidero nosso contato direto como [\u2026]<\/p>\n<p>O post <a href=\"https:\/\/operamundi.uol.com.br\/politica-e-economia\/em-ligacao-lula-pede-que-trump-retire-tarifaco-e-sancoes\/\">Em liga\u00e7\u00e3o, Lula pede que Trump retire tarifa\u00e7o e san\u00e7\u00f5es contra autoridades brasileiras<\/a> apareceu primeiro em <a href=\"https:\/\/operamundi.uol.com.br\/\">Opera Mundi<\/a>.<\/p>\n","protected":false},"author":2,"featured_media":56823,"comment_status":"closed","ping_status":"closed","sticky":false,"template":"","format":"standard","meta":{"fifu_image_url":"","fifu_image_alt":"","footnotes":""},"categories":[1390,45,15443,9,730,112,267,5518,4610,3641,1453],"tags":[],"class_list":["post-56822","post","type-post","status-publish","format-standard","has-post-thumbnail","hentry","category-bolsonaro","category-brasil","category-conversa","category-eua","category-haddad","category-lula","category-onu","category-politica-e-economia","category-reuniao","category-tarifaco","category-trump"],"_links":{"self":[{"href":"https:\/\/redept.com.br\/blogosfera\/wp-json\/wp\/v2\/posts\/56822","targetHints":{"allow":["GET"]}}],"collection":[{"href":"https:\/\/redept.com.br\/blogosfera\/wp-json\/wp\/v2\/posts"}],"about":[{"href":"https:\/\/redept.com.br\/blogosfera\/wp-json\/wp\/v2\/types\/post"}],"author":[{"embeddable":true,"href":"https:\/\/redept.com.br\/blogosfera\/wp-json\/wp\/v2\/users\/2"}],"replies":[{"embeddable":true,"href":"https:\/\/redept.com.br\/blogosfera\/wp-json\/wp\/v2\/comments?post=56822"}],"version-history":[{"count":0,"href":"https:\/\/redept.com.br\/blogosfera\/wp-json\/wp\/v2\/posts\/56822\/revisions"}],"wp:featuredmedia":[{"embeddable":true,"href":"https:\/\/redept.com.br\/blogosfera\/wp-json\/wp\/v2\/media\/56823"}],"wp:attachment":[{"href":"https:\/\/redept.com.br\/blogosfera\/wp-json\/wp\/v2\/media?parent=56822"}],"wp:term":[{"taxonomy":"category","embeddable":true,"href":"https:\/\/redept.com.br\/blogosfera\/wp-json\/wp\/v2\/categories?post=56822"},{"taxonomy":"post_tag","embeddable":true,"href":"https:\/\/redept.com.br\/blogosfera\/wp-json\/wp\/v2\/tags?post=56822"}],"curies":[{"name":"wp","href":"https:\/\/api.w.org\/{rel}","templated":true}]}}