{"id":56844,"date":"2025-10-06T21:07:38","date_gmt":"2025-10-07T00:07:38","guid":{"rendered":"https:\/\/redept.com.br\/blogosfera\/memes-gerados-pela-conversa-entre-lula-e-trump-tem-eduardo-bolsonaro-como-alvo\/"},"modified":"2025-10-06T21:07:38","modified_gmt":"2025-10-07T00:07:38","slug":"memes-gerados-pela-conversa-entre-lula-e-trump-tem-eduardo-bolsonaro-como-alvo","status":"publish","type":"post","link":"https:\/\/redept.com.br\/blogosfera\/memes-gerados-pela-conversa-entre-lula-e-trump-tem-eduardo-bolsonaro-como-alvo\/","title":{"rendered":"Memes gerados pela conversa entre Lula e Trump t\u00eam Eduardo Bolsonaro como alvo"},"content":{"rendered":"<p>Com o entendimento entre os presidentes de EUA e Brasil, a situa\u00e7\u00e3o dos bolsonaristas \u00e9 deseperadora<\/p>\n<p>Al\u00e9m de criar desconforto entre aliados do ex-presidente Jair Bolsonaro, a liga\u00e7\u00e3o feita por pelo presidente Donald Trump ao presidente Lula na manh\u00e3 desta segunda-feira (6) inspirou uma s\u00e9rie de memes nas redes sociais.<\/p>\n<p>H\u00e1 meses, o deputado Eduardo Bolsonaro e o blogueiro Paulo Figueiredo fazem lobby junto ao governo norte-americano para que Trump pressione o Judici\u00e1rio brasileiro a evitar que Bolsonaro seja preso. Depois que o ex-presidente foi condenado pelo Supremo Tribunal Federal e n\u00e3o houve rea\u00e7\u00e3o popular, como os bolsonaristas esperavam, o presidente dos EUA tornou-se a \u00faltima esperan\u00e7a de conseguir algum resultado positivo.<\/p>\n<p>No entanto, o tarifa\u00e7o de 50% imposto por Trump aos produtos brasileiros e as san\u00e7\u00f5es contra autoridades como o ministro Alexandre de Moraes, do STF, n\u00e3o mudaram nada no julgamento dos golpistas.<\/p>\n<p>Com o entendimento entre os presidentes de EUA e Brasil, a situa\u00e7\u00e3o dos bolsonaristas \u00e9 deseperadora.<\/p>\n<p>Na liga\u00e7\u00e3o de Trump a Lula feita nesta segunda-feira, o clima foi de entendimento. \u201cN\u00f3s nos conhecemos, gostamos um do outro e, sim, tivemos uma \u00f3tima conversa. Vamos come\u00e7ar a fazer neg\u00f3cios\u201d, disse Trump, em entrevista coletiva \u00e0 tarde. \u201cEm algum momento eu vou [para o Brasil], e ele [Lula] vai vir aqui\u2026 N\u00f3s conversamos sobre isso\u201d.<\/p>\n<p>Essa parceria turbinou a criatividade dos usu\u00e1rios das redes sociais, que publicaram uma boa leva de memes:<\/p>\n<p><imgsrc=\"\" alt=\"Trump\"><\/p>\n<p><imgsrc=\"\"><\/p>\n<p><imgsrc=\"\"><\/p>\n<p><imgsrc=\"\"><\/p>\n<p><imgsrc=\"\"><\/p>\n<p><imgsrc=\"\"><\/p>\n<p><imgsrc=\"\" alt=\"Eduardo Bolsonaro stands at a podium, wearing a gray suit, white shirt, and red tie. A microphone is positioned in front of him. The background features a blue screen with bright lights.\"><\/p>\n<p><imgsrc=\"\" alt=\"Imagem\"><\/p>\n<p><imgsrc=\"\" alt=\"A digital artwork of Eduardo Bolsonaro with a pacifier in his mouth, featuring Donald Trump's face on the pacifier. The text &quot;MAMADEIRA DE PIPOCA&quot; is at the top, and &quot;AR_BRASIL247&quot; is at the bottom.\"><\/p>\n<p><em>*ICL<\/em><\/p>\n<hr>\n<p><strong>Queridos leitores,<\/strong><br \/>\n<strong>Nosso blog \u00e9 um espa\u00e7o dedicado a compartilhar conhecimento, ideias e hist\u00f3rias que inspiram. Para continuarmos criando conte\u00fado de qualidade e mantendo este projeto vivo, contamos com o seu apoio! Se voc\u00ea gosta do que fazemos, considere contribuir com uma pequena doa\u00e7\u00e3o. Cada gesto faz a diferen\u00e7a e nos ajuda a crescer. Pix: 45013993768. Agradecemos de cora\u00e7\u00e3o o seu apoio.<\/strong><\/p>\n<hr>\n<p><strong>Siga-nos no Facebook:<\/strong> https:\/\/www.facebook.com\/profile.php?id=100070790366110<\/p>\n<p><strong>Siga-nos no Whatsapp:<\/strong> https:\/\/chat.whatsapp.com\/K8Zc6XOHkN258pOahSE1L1mode=ems_copy_c<\/p>\n<p><strong>Siga-nos no X:<\/strong> https:\/\/x.com\/Antropofagista1<\/p>\n<p><strong>Siga-nos no Instagram<\/strong> https:\/\/www.instagram.com\/blogantropofagista?igsh=YzljYTk1ODg3Z<\/p>\n<p>The post Memes gerados pela conversa entre Lula e Trump t\u00eam Eduardo Bolsonaro como alvo first appeared on Antropofagista.<\/p>\n<!-- Begin Yuzo --><div class='yuzo_related_post style-1'  data-version='5.12.89'><!-- without result --><div class='yuzo_clearfixed yuzo__title yuzo__title'><h3>Related Post<\/h3><\/div>\n\t\t\t\t\t\t  <div class=\"relatedthumb \" style=\"width:125px;float:left;overflow:hidden;\">  \n\t\t\t\t\t\t\t  \n\t\t\t\t\t\t\t  <a  href=\"https:\/\/redept.com.br\/blogosfera\/haddad-acredita-em-negociacao-para-congresso-aprovar-mp-do-iof\/\"  >\n\t\t\t\t\t\t\t\t\t  <div class=\"yuzo-img-wrap \" style=\"width: 125px;height:90px;\">\n\t\t\t\t\t\t\t\t\t\t\n\t\t\t\t\t\t\t\t\t\t<div class=\"yuzo-img\" style=\"background:url('https:\/\/redept.org\/blogosfera\/wp-content\/plugins\/yuzo-related-post\/assets\/images\/default.png') 50% 50% no-repeat;width: 125px;height:90px;margin-bottom: 5px;background-size: cover; \"><\/div>\n\t\t\t\t\t\t\t\t\t  <\/div>\n\t\t\t\t\t\t\t\t\t  \n\t\t\t\t\t\t\t\t   <span class=\"yuzo__text--title\" style=\"font-size:13px;\">Haddad acredita em negocia\u00e7\u00e3o para Congresso aprov...<\/span>\n\t\t\t\t\t\t\t  \n\t\t\t\t\t\t\t  \n\t\t\t\t\t\t\t  <\/a>\n\n\t\t\t\t\t\t  <\/div>\n\t\t\t\t\t\t  <div class=\"relatedthumb \" style=\"width:125px;float:left;overflow:hidden;\">  \n\t\t\t\t\t\t\t  \n\t\t\t\t\t\t\t  <a  href=\"https:\/\/redept.com.br\/blogosfera\/serie-concertos-capitolio-tem-apresentacao-gratuita-neste-sabado-7\/\"  >\n\t\t\t\t\t\t\t\t\t  <div class=\"yuzo-img-wrap \" style=\"width: 125px;height:90px;\">\n\t\t\t\t\t\t\t\t\t\t\n\t\t\t\t\t\t\t\t\t\t<div class=\"yuzo-img\" style=\"background:url('https:\/\/redept.org\/blogosfera\/wp-content\/plugins\/yuzo-related-post\/assets\/images\/default.png') 50% 50% no-repeat;width: 125px;height:90px;margin-bottom: 5px;background-size: cover; \"><\/div>\n\t\t\t\t\t\t\t\t\t  <\/div>\n\t\t\t\t\t\t\t\t\t  \n\t\t\t\t\t\t\t\t   <span class=\"yuzo__text--title\" style=\"font-size:13px;\">S\u00e9rie \u2018Concertos Capit\u00f3lio\u2019 tem apresenta\u00e7\u00e3o gratu...<\/span>\n\t\t\t\t\t\t\t  \n\t\t\t\t\t\t\t  \n\t\t\t\t\t\t\t  <\/a>\n\n\t\t\t\t\t\t  <\/div>\n\t\t\t\t\t\t  <div class=\"relatedthumb \" style=\"width:125px;float:left;overflow:hidden;\">  \n\t\t\t\t\t\t\t  \n\t\t\t\t\t\t\t  <a  href=\"https:\/\/redept.com.br\/blogosfera\/com-juros-altos-bancos-tem-lucros-bilionarios-e-diminuem-consumo-e-investimentos\/\"  >\n\t\t\t\t\t\t\t\t\t  <div class=\"yuzo-img-wrap \" style=\"width: 125px;height:90px;\">\n\t\t\t\t\t\t\t\t\t\t\n\t\t\t\t\t\t\t\t\t\t<div class=\"yuzo-img\" style=\"background:url('https:\/\/redept.com.br\/blogosfera\/wp-content\/uploads\/2025\/02\/itau-demite-e-fecha-agencias-com-lucro-que-pode-ultrapassar-20-bilhoes-1640698748-150x150.jpg') 50% 50% no-repeat;width: 125px;height:90px;margin-bottom: 5px;background-size: cover; \"><\/div>\n\t\t\t\t\t\t\t\t\t  <\/div>\n\t\t\t\t\t\t\t\t\t  \n\t\t\t\t\t\t\t\t   <span class=\"yuzo__text--title\" style=\"font-size:13px;\">Com juros altos, bancos t\u00eam lucros bilion\u00e1rios e d...<\/span>\n\t\t\t\t\t\t\t  \n\t\t\t\t\t\t\t  \n\t\t\t\t\t\t\t  <\/a>\n\n\t\t\t\t\t\t  <\/div>\n\t\t\t\t\t\t  <div class=\"relatedthumb \" style=\"width:125px;float:left;overflow:hidden;\">  \n\t\t\t\t\t\t\t  \n\t\t\t\t\t\t\t  <a  href=\"https:\/\/redept.com.br\/blogosfera\/camara-aprova-projeto-de-jandira-feghali-que-garante-2-dias-de-licenca-menstrual\/\"  >\n\t\t\t\t\t\t\t\t\t  <div class=\"yuzo-img-wrap \" style=\"width: 125px;height:90px;\">\n\t\t\t\t\t\t\t\t\t\t\n\t\t\t\t\t\t\t\t\t\t<div class=\"yuzo-img\" style=\"background:url('https:\/\/redept.com.br\/blogosfera\/wp-content\/uploads\/2025\/10\/mulheresvale_esta-1-150x150.webp') 50% 50% no-repeat;width: 125px;height:90px;margin-bottom: 5px;background-size: cover; \"><\/div>\n\t\t\t\t\t\t\t\t\t  <\/div>\n\t\t\t\t\t\t\t\t\t  \n\t\t\t\t\t\t\t\t   <span class=\"yuzo__text--title\" style=\"font-size:13px;\">C\u00e2mara aprova projeto de Jandira Feghali que garan...<\/span>\n\t\t\t\t\t\t\t  \n\t\t\t\t\t\t\t  \n\t\t\t\t\t\t\t  <\/a>\n\n\t\t\t\t\t\t  <\/div>\n<\/div> <script>\n\t\t\t\t\t\t  jQuery(document).ready(function( $ ){\n\t\t\t\t\t\t\t\/\/jQuery('.yuzo_related_post').equalizer({ overflow : 'relatedthumb' });\n\t\t\t\t\t\t\tjQuery('.yuzo_related_post .yuzo_wraps').equalizer({ columns : '> div' });\n\t\t\t\t\t\t   })\n\t\t\t\t\t\t  <\/script> <!-- End Yuzo :) -->","protected":false},"excerpt":{"rendered":"<p>Com o entendimento entre os presidentes de EUA e Brasil, a situa\u00e7\u00e3o dos bolsonaristas \u00e9 deseperadora Al\u00e9m de criar desconforto entre aliados do ex-presidente Jair Bolsonaro, a liga\u00e7\u00e3o feita por pelo presidente Donald Trump ao presidente Lula na manh\u00e3 desta segunda-feira (6) inspirou uma s\u00e9rie de memes nas redes sociais. H\u00e1 meses, o deputado Eduardo [\u2026]<\/p>\n<p>The post <a href=\"https:\/\/antropofagista.com.br\/2025\/10\/06\/memes-gerados-pela-conversa-entre-lula-e-trump-tem-eduardo-bolsonaro-como-alvo\/\">Memes gerados pela conversa entre Lula e Trump t\u00eam Eduardo Bolsonaro como alvo<\/a> first appeared on <a href=\"https:\/\/antropofagista.com.br\/\">Antropofagista<\/a>.<\/p>\n","protected":false},"author":2,"featured_media":0,"comment_status":"open","ping_status":"closed","sticky":false,"template":"","format":"standard","meta":{"fifu_image_url":"","fifu_image_alt":"","footnotes":""},"categories":[3375,9506,112,16567,1453],"tags":[],"class_list":["post-56844","post","type-post","status-publish","format-standard","hentry","category-eduardo-bolsonaro","category-humor","category-lula","category-memes","category-trump"],"_links":{"self":[{"href":"https:\/\/redept.com.br\/blogosfera\/wp-json\/wp\/v2\/posts\/56844","targetHints":{"allow":["GET"]}}],"collection":[{"href":"https:\/\/redept.com.br\/blogosfera\/wp-json\/wp\/v2\/posts"}],"about":[{"href":"https:\/\/redept.com.br\/blogosfera\/wp-json\/wp\/v2\/types\/post"}],"author":[{"embeddable":true,"href":"https:\/\/redept.com.br\/blogosfera\/wp-json\/wp\/v2\/users\/2"}],"replies":[{"embeddable":true,"href":"https:\/\/redept.com.br\/blogosfera\/wp-json\/wp\/v2\/comments?post=56844"}],"version-history":[{"count":0,"href":"https:\/\/redept.com.br\/blogosfera\/wp-json\/wp\/v2\/posts\/56844\/revisions"}],"wp:attachment":[{"href":"https:\/\/redept.com.br\/blogosfera\/wp-json\/wp\/v2\/media?parent=56844"}],"wp:term":[{"taxonomy":"category","embeddable":true,"href":"https:\/\/redept.com.br\/blogosfera\/wp-json\/wp\/v2\/categories?post=56844"},{"taxonomy":"post_tag","embeddable":true,"href":"https:\/\/redept.com.br\/blogosfera\/wp-json\/wp\/v2\/tags?post=56844"}],"curies":[{"name":"wp","href":"https:\/\/api.w.org\/{rel}","templated":true}]}}