{"id":57000,"date":"2025-10-07T17:19:34","date_gmt":"2025-10-07T20:19:34","guid":{"rendered":"https:\/\/redept.com.br\/blogosfera\/escolhido-relator-renan-quer-aprovar-projeto-de-isencao-do-ir-em-30-dias\/"},"modified":"2025-10-07T17:19:34","modified_gmt":"2025-10-07T20:19:34","slug":"escolhido-relator-renan-quer-aprovar-projeto-de-isencao-do-ir-em-30-dias","status":"publish","type":"post","link":"https:\/\/redept.com.br\/blogosfera\/escolhido-relator-renan-quer-aprovar-projeto-de-isencao-do-ir-em-30-dias\/","title":{"rendered":"Escolhido relator, Renan quer aprovar projeto de isen\u00e7\u00e3o do IR em 30 dias"},"content":{"rendered":"<p><img loading=\"lazy\" width=\"942\" height=\"620\"src=\"https:\/\/redept.com.br\/blogosfera\/wp-content\/uploads\/2025\/10\/Renan.jpg\" alt=\"\" decoding=\"async\" loading=\"lazy\" srcset=\"https:\/\/redept.com.br\/blogosfera\/wp-content\/uploads\/2025\/10\/Renan.jpg 942w, https:\/\/vermelho.org.br\/wp-content\/uploads\/2025\/10\/Renan-300x197.jpg 300w, https:\/\/vermelho.org.br\/wp-content\/uploads\/2025\/10\/Renan-768x505.jpg 768w\" sizes=\"auto, (max-width: 942px) 100vw, 942px\"><\/p>\n<p>O presidente do Senado, Davi Alcolumbre (Uni\u00e3o-AP), indicou nesta ter\u00e7a-feira (7) o senador Renan Calheiros (MDB-AL) para relatar o projeto de isen\u00e7\u00e3o do Imposto de Renda (IR) para quem ganha at\u00e9 R$ 5 mil por m\u00eas e a redu\u00e7\u00e3o proporcional para quem recebe at\u00e9 R$ 7.350 em 2026.<\/p>\n<p>Aprovada por unanimidade na C\u00e2mara dos Deputados, a mat\u00e9ria vai tramitar no Senado somente na Comiss\u00e3o de Assuntos Econ\u00f4micos (CAE), que \u00e9 presidida por Renan e na qual ele relatou projeto de igual teor aprovado por unanimidade em car\u00e1ter conclusivo.<\/p>\n<p>O relator disse que n\u00e3o haver\u00e1 modifica\u00e7\u00f5es que possibilitem o retorno da mat\u00e9ria \u00e0 C\u00e2mara dos Deputados. Ele prev\u00ea a realiza\u00e7\u00e3o de quatro audi\u00eancias p\u00fablicas ante de votar o projeto no prazo m\u00e1ximo de 30 dias.<\/p>\n<p>\u201c\u00c9 muito pouco diante dos sete meses que demorou a tramitar na C\u00e2mara. N\u00f3s vamos envolver a sociedade nesse debate, o governo e todos que puderem, de uma forma ou de outra, contribuir para que o Senado fa\u00e7a o melhor\u201d, disse.<\/p>\n<p>Leia mais: <a href=\"https:\/\/vermelho.org.br\/2025\/10\/02\/governo-preve-tramitacao-rapida-no-senado-do-projeto-de-isencao-do-ir\/\">Governo prev\u00ea tramita\u00e7\u00e3o r\u00e1pida no Senado do projeto de isen\u00e7\u00e3o do IR<\/a><\/p>\n<p>O senador afirma que tudo ser\u00e1 feito para que a mat\u00e9ria n\u00e3o volte para a C\u00e2mara dos Deputados.<\/p>\n<p>\u201cPorque l\u00e1 ela serviu, lamentavelmente, como instrumento de chantagem e de press\u00e3o contra o governo e at\u00e9 sobre a pauta do Poder Legislativo. Em alguns momentos, deputados entenderam que era preciso votar a PEC da Blindagem e at\u00e9 da anistia, depois a dosimetria\u201d, lembra.<\/p>\n<p>Desse modo, o relator explica que o regimento do Senado ser\u00e1 usado para que seja feito dos tipos de emendas: a de reda\u00e7\u00e3o e supressiva.<\/p>\n<p>\u201cO regimento estabelece que a aprova\u00e7\u00e3o nesta Casa de alguma altera\u00e7\u00e3o por reda\u00e7\u00e3o poder\u00e1 ser feita sem que, necessariamente, a mat\u00e9ria volte para tramitar na C\u00e2mara. Tamb\u00e9m o Senado far\u00e1 a supress\u00e3o que entender que \u00e9 necess\u00e1rio fazer e a supress\u00e3o n\u00e3o ensejar\u00e1 a volta da mat\u00e9ria\u201d, diz.<\/p>\n<p>Para que a isen\u00e7\u00e3o passe a valer j\u00e1 em 2026, o projeto ter\u00e1 de ser aprovado pelo Senado e sancionado pelo presidente Luiz In\u00e1cio Lula da Silva ainda este ano.<\/p>\n<p><strong>Alcance<\/strong><\/p>\n<p>O projeto vai beneficiar 16 milh\u00f5es de trabalhadores que, somados aos 10 milh\u00f5es que j\u00e1 foram beneficiados com mudan\u00e7as anteriores, ser\u00e3o 26 milh\u00f5es de trabalhadores totalmente isentos.<\/p>\n<p>De acordo com a Receita Federal, 90% dos brasileiros que pagam Imposto de Renda (cerca de 90 milh\u00f5es de cidad\u00e3os) estar\u00e3o na faixa da isen\u00e7\u00e3o total ou parcial. Trata-se da maior altera\u00e7\u00e3o na tabela do Imposto de Renda da hist\u00f3ria recente do Brasil.<\/p>\n<p>Pelos c\u00e1lculos do governo, quem recebe at\u00e9 R$ 5 mil ter\u00e1 uma economia anual de R$ 4.356,89.<\/p>\n<p>Para compensar a isen\u00e7\u00e3o, que vai custar cerca de R$ 26 bilh\u00f5es ao ano, ser\u00e3o taxados os contribuintes que possuem renda de R$ 50 mil por m\u00eas ou R$ 600 mil por ano.<\/p>\n<p>A al\u00edquota varia de forma progressiva de 0% at\u00e9 10%, alcan\u00e7ando o teto para rendas superiores a R$ 1,2 milh\u00e3o anuais, os chamados super-ricos.<\/p>\n<p>Essas pessoas de alta renda representam 0,13% dos contribuintes, ou 141,4 mil pessoas, que pagavam uma al\u00edquota m\u00e9dia de 2,54%.<\/p>\n<\/p>\n<p>O post <a href=\"https:\/\/vermelho.org.br\/2025\/10\/07\/escolhido-relator-renan-quer-aprovar-projeto-de-isencao-do-ir-em-30-dias\/\">Escolhido relator, Renan quer aprovar projeto de isen\u00e7\u00e3o do IR em 30 dias<\/a> apareceu primeiro em <a href=\"https:\/\/vermelho.org.br\/\">Vermelho<\/a>.<\/p>\n<!-- Begin Yuzo --><div class='yuzo_related_post style-1'  data-version='5.12.89'><!-- without result --><div class='yuzo_clearfixed yuzo__title yuzo__title'><h3>Related Post<\/h3><\/div>\n\t\t\t\t\t\t  <div class=\"relatedthumb \" style=\"width:125px;float:left;overflow:hidden;\">  \n\t\t\t\t\t\t\t  \n\t\t\t\t\t\t\t  <a  href=\"https:\/\/redept.com.br\/blogosfera\/parlamentares-do-pt-apoiam-manifestacoes-contra-anistia-e-pec-da-blindagem\/\"  >\n\t\t\t\t\t\t\t\t\t  <div class=\"yuzo-img-wrap \" style=\"width: 125px;height:90px;\">\n\t\t\t\t\t\t\t\t\t\t\n\t\t\t\t\t\t\t\t\t\t<div class=\"yuzo-img\" style=\"background:url('https:\/\/redept.org\/blogosfera\/wp-content\/plugins\/yuzo-related-post\/assets\/images\/default.png') 50% 50% no-repeat;width: 125px;height:90px;margin-bottom: 5px;background-size: cover; \"><\/div>\n\t\t\t\t\t\t\t\t\t  <\/div>\n\t\t\t\t\t\t\t\t\t  \n\t\t\t\t\t\t\t\t   <span class=\"yuzo__text--title\" style=\"font-size:13px;\">Parlamentares do PT apoiam manifesta\u00e7\u00f5es contra an...<\/span>\n\t\t\t\t\t\t\t  \n\t\t\t\t\t\t\t  \n\t\t\t\t\t\t\t  <\/a>\n\n\t\t\t\t\t\t  <\/div>\n\t\t\t\t\t\t  <div class=\"relatedthumb \" style=\"width:125px;float:left;overflow:hidden;\">  \n\t\t\t\t\t\t\t  \n\t\t\t\t\t\t\t  <a  href=\"https:\/\/redept.com.br\/blogosfera\/aviao-faz-pouso-de-emergencia-em-campo-de-golfe-na-australia-e-todos-sobrevivem-video\/\"  >\n\t\t\t\t\t\t\t\t\t  <div class=\"yuzo-img-wrap \" style=\"width: 125px;height:90px;\">\n\t\t\t\t\t\t\t\t\t\t\n\t\t\t\t\t\t\t\t\t\t<div class=\"yuzo-img\" style=\"background:url('https:\/\/redept.org\/blogosfera\/wp-content\/plugins\/yuzo-related-post\/assets\/images\/default.png') 50% 50% no-repeat;width: 125px;height:90px;margin-bottom: 5px;background-size: cover; \"><\/div>\n\t\t\t\t\t\t\t\t\t  <\/div>\n\t\t\t\t\t\t\t\t\t  \n\t\t\t\t\t\t\t\t   <span class=\"yuzo__text--title\" style=\"font-size:13px;\">Avi\u00e3o faz pouso de emerg\u00eancia em campo de golfe na...<\/span>\n\t\t\t\t\t\t\t  \n\t\t\t\t\t\t\t  \n\t\t\t\t\t\t\t  <\/a>\n\n\t\t\t\t\t\t  <\/div>\n\t\t\t\t\t\t  <div class=\"relatedthumb \" style=\"width:125px;float:left;overflow:hidden;\">  \n\t\t\t\t\t\t\t  \n\t\t\t\t\t\t\t  <a  href=\"https:\/\/redept.com.br\/blogosfera\/por-que-trump-ataca-o-pix-e-o-que-esta-por-tras-da-pressao-dos-eua\/\"  >\n\t\t\t\t\t\t\t\t\t  <div class=\"yuzo-img-wrap \" style=\"width: 125px;height:90px;\">\n\t\t\t\t\t\t\t\t\t\t\n\t\t\t\t\t\t\t\t\t\t<div class=\"yuzo-img\" style=\"background:url('https:\/\/redept.org\/blogosfera\/wp-content\/plugins\/yuzo-related-post\/assets\/images\/default.png') 50% 50% no-repeat;width: 125px;height:90px;margin-bottom: 5px;background-size: cover; \"><\/div>\n\t\t\t\t\t\t\t\t\t  <\/div>\n\t\t\t\t\t\t\t\t\t  \n\t\t\t\t\t\t\t\t   <span class=\"yuzo__text--title\" style=\"font-size:13px;\">Por que Trump ataca o Pix e o que est\u00e1 por tr\u00e1s da...<\/span>\n\t\t\t\t\t\t\t  \n\t\t\t\t\t\t\t  \n\t\t\t\t\t\t\t  <\/a>\n\n\t\t\t\t\t\t  <\/div>\n\t\t\t\t\t\t  <div class=\"relatedthumb \" style=\"width:125px;float:left;overflow:hidden;\">  \n\t\t\t\t\t\t\t  \n\t\t\t\t\t\t\t  <a  href=\"https:\/\/redept.com.br\/blogosfera\/brasil-ainda-luta-para-reverter-os-impactos-da-pandemia-na-educacao\/\"  >\n\t\t\t\t\t\t\t\t\t  <div class=\"yuzo-img-wrap \" style=\"width: 125px;height:90px;\">\n\t\t\t\t\t\t\t\t\t\t\n\t\t\t\t\t\t\t\t\t\t<div class=\"yuzo-img\" style=\"background:url('https:\/\/redept.com.br\/blogosfera\/wp-content\/uploads\/2025\/01\/sala-de-aula-foto-sumaia-vilela-agbr-150x150.webp') 50% 50% no-repeat;width: 125px;height:90px;margin-bottom: 5px;background-size: cover; \"><\/div>\n\t\t\t\t\t\t\t\t\t  <\/div>\n\t\t\t\t\t\t\t\t\t  \n\t\t\t\t\t\t\t\t   <span class=\"yuzo__text--title\" style=\"font-size:13px;\">Brasil ainda luta para reverter os impactos da pan...<\/span>\n\t\t\t\t\t\t\t  \n\t\t\t\t\t\t\t  \n\t\t\t\t\t\t\t  <\/a>\n\n\t\t\t\t\t\t  <\/div>\n<\/div> <script>\n\t\t\t\t\t\t  jQuery(document).ready(function( $ ){\n\t\t\t\t\t\t\t\/\/jQuery('.yuzo_related_post').equalizer({ overflow : 'relatedthumb' });\n\t\t\t\t\t\t\tjQuery('.yuzo_related_post .yuzo_wraps').equalizer({ columns : '> div' });\n\t\t\t\t\t\t   })\n\t\t\t\t\t\t  <\/script> <!-- End Yuzo :) -->","protected":false},"excerpt":{"rendered":"<p>O presidente do Senado, Davi Alcolumbre (Uni\u00e3o-AP), indicou nesta ter\u00e7a-feira (7) o senador Renan Calheiros (MDB-AL) para relatar o projeto de isen\u00e7\u00e3o do Imposto de Renda (IR) para quem ganha at\u00e9 R$ 5 mil por m\u00eas e a redu\u00e7\u00e3o proporcional para quem recebe at\u00e9 R$ 7.350 em 2026. Aprovada por unanimidade na C\u00e2mara dos Deputados, [&hellip;]<\/p>\n","protected":false},"author":2,"featured_media":0,"comment_status":"open","ping_status":"closed","sticky":false,"template":"","format":"standard","meta":{"fifu_image_url":"","fifu_image_alt":"","footnotes":""},"categories":[3581,132,1276,9779,21026,531,893],"tags":[],"class_list":["post-57000","post","type-post","status-publish","format-standard","hentry","category-isencao-de-ir","category-politica","category-projeto","category-relator","category-renan-calheiros","category-senado","category-votacao"],"_links":{"self":[{"href":"https:\/\/redept.com.br\/blogosfera\/wp-json\/wp\/v2\/posts\/57000","targetHints":{"allow":["GET"]}}],"collection":[{"href":"https:\/\/redept.com.br\/blogosfera\/wp-json\/wp\/v2\/posts"}],"about":[{"href":"https:\/\/redept.com.br\/blogosfera\/wp-json\/wp\/v2\/types\/post"}],"author":[{"embeddable":true,"href":"https:\/\/redept.com.br\/blogosfera\/wp-json\/wp\/v2\/users\/2"}],"replies":[{"embeddable":true,"href":"https:\/\/redept.com.br\/blogosfera\/wp-json\/wp\/v2\/comments?post=57000"}],"version-history":[{"count":0,"href":"https:\/\/redept.com.br\/blogosfera\/wp-json\/wp\/v2\/posts\/57000\/revisions"}],"wp:attachment":[{"href":"https:\/\/redept.com.br\/blogosfera\/wp-json\/wp\/v2\/media?parent=57000"}],"wp:term":[{"taxonomy":"category","embeddable":true,"href":"https:\/\/redept.com.br\/blogosfera\/wp-json\/wp\/v2\/categories?post=57000"},{"taxonomy":"post_tag","embeddable":true,"href":"https:\/\/redept.com.br\/blogosfera\/wp-json\/wp\/v2\/tags?post=57000"}],"curies":[{"name":"wp","href":"https:\/\/api.w.org\/{rel}","templated":true}]}}