{"id":57116,"date":"2025-10-07T22:43:35","date_gmt":"2025-10-08T01:43:35","guid":{"rendered":"https:\/\/redept.com.br\/blogosfera\/o-combustivel-que-move-o-sionismo-e-o-odio-entao-a-unica-bandeira-que-sobrou-para-o-bolsonarismo-e-a-de-israel\/"},"modified":"2025-10-07T22:43:35","modified_gmt":"2025-10-08T01:43:35","slug":"o-combustivel-que-move-o-sionismo-e-o-odio-entao-a-unica-bandeira-que-sobrou-para-o-bolsonarismo-e-a-de-israel","status":"publish","type":"post","link":"https:\/\/redept.com.br\/blogosfera\/o-combustivel-que-move-o-sionismo-e-o-odio-entao-a-unica-bandeira-que-sobrou-para-o-bolsonarismo-e-a-de-israel\/","title":{"rendered":"O combust\u00edvel que move o sionismo \u00e9 o \u00f3dio. Ent\u00e3o, a \u00fanica bandeira que sobrou para o bolsonarismo \u00e9 a de Israel"},"content":{"rendered":"<p>H\u00e1 muito, a bandeira do Brasil foi substitu\u00edda pelas bandeiras de Israel e EUA nas manifesta\u00e7\u00f5es antinacionais dos bolsonaristas.<\/p>\n<p>Com a fala elogiosa de Trump a Lula, a bandeira americana some do mapa e fica apenas as de Israel pela afinidade dos f\u00edgados.<\/p>\n<p>Bolsonarismo e sionismo v\u00eam da mesma escola do \u00f3dio. Justifica-se a\u00ed a liga nessa mistura macabra.<\/p>\n<p>Um mata e, o outro, cospe e roga praga. Os dois s\u00e3o o avesso do humano.<\/p>\n<p>Ambos vivem da sobra do mal, onde a terra \u00e9 um campo de guerra.<\/p>\n<p>\u00c9 o espelho do sionismo no bolsonarismo e vice-versa. Tanto l\u00e1 quanto c\u00e1, essa gente se alimenta das cinzas de Gaza.<\/p>\n<p>Despem-se juntos da mesma hipocrisia religiosa que maquia a alma do mal.<\/p>\n<hr>\n<p><strong>Queridos leitores,<\/strong><br \/>\n<strong>Nosso blog \u00e9 um espa\u00e7o dedicado a compartilhar conhecimento, ideias e hist\u00f3rias que inspiram. Para continuarmos criando conte\u00fado de qualidade e mantendo este projeto vivo, contamos com o seu apoio! Se voc\u00ea gosta do que fazemos, considere contribuir com uma pequena doa\u00e7\u00e3o. Cada gesto faz a diferen\u00e7a e nos ajuda a crescer. Pix: 45013993768. Agradecemos de cora\u00e7\u00e3o o seu apoio.<\/strong><\/p>\n<hr>\n<p><strong>Siga-nos no Facebook:<\/strong> https:\/\/www.facebook.com\/profile.php?id=100070790366110<\/p>\n<p><strong>Siga-nos no Whatsapp:<\/strong> https:\/\/chat.whatsapp.com\/K8Zc6XOHkN258pOahSE1L1mode=ems_copy_c<\/p>\n<p><strong>Siga-nos no X:<\/strong> https:\/\/x.com\/Antropofagista1<\/p>\n<p><strong>Siga-nos no Instagram<\/strong> https:\/\/www.instagram.com\/blogantropofagista?igsh=YzljYTk1ODg3Z<\/p>\n<p>The post O combust\u00edvel que move o sionismo \u00e9 o \u00f3dio. Ent\u00e3o, a \u00fanica bandeira que sobrou para o bolsonarismo \u00e9 a de Israel first appeared on Antropofagista.<\/p>\n<!-- Begin Yuzo --><div class='yuzo_related_post style-1'  data-version='5.12.89'><!-- without result --><div class='yuzo_clearfixed yuzo__title yuzo__title'><h3>Related Post<\/h3><\/div>\n\t\t\t\t\t\t  <div class=\"relatedthumb \" style=\"width:125px;float:left;overflow:hidden;\">  \n\t\t\t\t\t\t\t  \n\t\t\t\t\t\t\t  <a  href=\"https:\/\/redept.com.br\/blogosfera\/musica-poesia-e-mata-atlantica-artistas-se-apresentam-na-praca-do-arsenal-em-defesa-da-apa-aldeia-beberibe\/\"  >\n\t\t\t\t\t\t\t\t\t  <div class=\"yuzo-img-wrap \" style=\"width: 125px;height:90px;\">\n\t\t\t\t\t\t\t\t\t\t\n\t\t\t\t\t\t\t\t\t\t<div class=\"yuzo-img\" style=\"background:url('https:\/\/redept.org\/blogosfera\/wp-content\/plugins\/yuzo-related-post\/assets\/images\/default.png') 50% 50% no-repeat;width: 125px;height:90px;margin-bottom: 5px;background-size: cover; \"><\/div>\n\t\t\t\t\t\t\t\t\t  <\/div>\n\t\t\t\t\t\t\t\t\t  \n\t\t\t\t\t\t\t\t   <span class=\"yuzo__text--title\" style=\"font-size:13px;\">M\u00fasica, poesia e Mata Atl\u00e2ntica: artistas se apres...<\/span>\n\t\t\t\t\t\t\t  \n\t\t\t\t\t\t\t  \n\t\t\t\t\t\t\t  <\/a>\n\n\t\t\t\t\t\t  <\/div>\n\t\t\t\t\t\t  <div class=\"relatedthumb \" style=\"width:125px;float:left;overflow:hidden;\">  \n\t\t\t\t\t\t\t  \n\t\t\t\t\t\t\t  <a  href=\"https:\/\/redept.com.br\/blogosfera\/sena-madureira-populacao-resiste-a-obra-do-tunel\/\"  >\n\t\t\t\t\t\t\t\t\t  <div class=\"yuzo-img-wrap \" style=\"width: 125px;height:90px;\">\n\t\t\t\t\t\t\t\t\t\t\n\t\t\t\t\t\t\t\t\t\t<div class=\"yuzo-img\" style=\"background:url('https:\/\/redept.com.br\/blogosfera\/wp-content\/uploads\/2024\/11\/sena-madureira-antes-150x150.jpg') 50% 50% no-repeat;width: 125px;height:90px;margin-bottom: 5px;background-size: cover; \"><\/div>\n\t\t\t\t\t\t\t\t\t  <\/div>\n\t\t\t\t\t\t\t\t\t  \n\t\t\t\t\t\t\t\t   <span class=\"yuzo__text--title\" style=\"font-size:13px;\">Sena Madureira: popula\u00e7\u00e3o resiste \u00e0 obra do t\u00fanel...<\/span>\n\t\t\t\t\t\t\t  \n\t\t\t\t\t\t\t  \n\t\t\t\t\t\t\t  <\/a>\n\n\t\t\t\t\t\t  <\/div>\n\t\t\t\t\t\t  <div class=\"relatedthumb \" style=\"width:125px;float:left;overflow:hidden;\">  \n\t\t\t\t\t\t\t  \n\t\t\t\t\t\t\t  <a  href=\"https:\/\/redept.com.br\/blogosfera\/petista-encaminha-representacao-a-pgr-contra-nikolas-ferreira-por-fake-news-sobre-pix\/\"  >\n\t\t\t\t\t\t\t\t\t  <div class=\"yuzo-img-wrap \" style=\"width: 125px;height:90px;\">\n\t\t\t\t\t\t\t\t\t\t\n\t\t\t\t\t\t\t\t\t\t<div class=\"yuzo-img\" style=\"background:url('https:\/\/redept.com.br\/blogosfera\/wp-content\/uploads\/2025\/08\/WhatsApp-Image-2025-08-28-at-185113-150x150.jpeg') 50% 50% no-repeat;width: 125px;height:90px;margin-bottom: 5px;background-size: cover; \"><\/div>\n\t\t\t\t\t\t\t\t\t  <\/div>\n\t\t\t\t\t\t\t\t\t  \n\t\t\t\t\t\t\t\t   <span class=\"yuzo__text--title\" style=\"font-size:13px;\">Petista encaminha representa\u00e7\u00e3o \u00e0 PGR contra Nikol...<\/span>\n\t\t\t\t\t\t\t  \n\t\t\t\t\t\t\t  \n\t\t\t\t\t\t\t  <\/a>\n\n\t\t\t\t\t\t  <\/div>\n\t\t\t\t\t\t  <div class=\"relatedthumb \" style=\"width:125px;float:left;overflow:hidden;\">  \n\t\t\t\t\t\t\t  \n\t\t\t\t\t\t\t  <a  href=\"https:\/\/redept.com.br\/blogosfera\/asteroide-do-tamanho-de-um-predio-passara-de-raspao-pela-terra\/\"  >\n\t\t\t\t\t\t\t\t\t  <div class=\"yuzo-img-wrap \" style=\"width: 125px;height:90px;\">\n\t\t\t\t\t\t\t\t\t\t\n\t\t\t\t\t\t\t\t\t\t<div class=\"yuzo-img\" style=\"background:url('https:\/\/redept.com.br\/blogosfera\/wp-content\/uploads\/2025\/05\/asteroide-150x150.jpg') 50% 50% no-repeat;width: 125px;height:90px;margin-bottom: 5px;background-size: cover; \"><\/div>\n\t\t\t\t\t\t\t\t\t  <\/div>\n\t\t\t\t\t\t\t\t\t  \n\t\t\t\t\t\t\t\t   <span class=\"yuzo__text--title\" style=\"font-size:13px;\">Asteroide do tamanho de um pr\u00e9dio passar\u00e1 \u201cde rasp...<\/span>\n\t\t\t\t\t\t\t  \n\t\t\t\t\t\t\t  \n\t\t\t\t\t\t\t  <\/a>\n\n\t\t\t\t\t\t  <\/div>\n<\/div> <script>\n\t\t\t\t\t\t  jQuery(document).ready(function( $ ){\n\t\t\t\t\t\t\t\/\/jQuery('.yuzo_related_post').equalizer({ overflow : 'relatedthumb' });\n\t\t\t\t\t\t\tjQuery('.yuzo_related_post .yuzo_wraps').equalizer({ columns : '> div' });\n\t\t\t\t\t\t   })\n\t\t\t\t\t\t  <\/script> <!-- End Yuzo :) -->","protected":false},"excerpt":{"rendered":"<p>H\u00e1 muito, a bandeira do Brasil foi substitu\u00edda pelas bandeiras de Israel e EUA nas manifesta\u00e7\u00f5es antinacionais dos bolsonaristas. Com a fala elogiosa de Trump a Lula, a bandeira americana some do mapa e fica apenas as de Israel pela afinidade dos f\u00edgados. Bolsonarismo e sionismo v\u00eam da mesma escola do \u00f3dio. Justifica-se a\u00ed a [\u2026]<\/p>\n<p>The post <a href=\"https:\/\/antropofagista.com.br\/2025\/10\/07\/o-combustivel-que-move-o-sionismo-e-o-odio-entao-a-unica-bandeira-que-sobrou-para-o-bolsonarismo-e-a-de-israel\/\">O combust\u00edvel que move o sionismo \u00e9 o \u00f3dio. Ent\u00e3o, a \u00fanica bandeira que sobrou para o bolsonarismo \u00e9 a de Israel<\/a> first appeared on <a href=\"https:\/\/antropofagista.com.br\/\">Antropofagista<\/a>.<\/p>\n","protected":false},"author":2,"featured_media":0,"comment_status":"open","ping_status":"closed","sticky":false,"template":"","format":"standard","meta":{"fifu_image_url":"","fifu_image_alt":"","footnotes":""},"categories":[23878,25,26,9507,2441],"tags":[],"class_list":["post-57116","post","type-post","status-publish","format-standard","hentry","category-bandeira","category-israel","category-mundo","category-odio","category-sionismo"],"_links":{"self":[{"href":"https:\/\/redept.com.br\/blogosfera\/wp-json\/wp\/v2\/posts\/57116","targetHints":{"allow":["GET"]}}],"collection":[{"href":"https:\/\/redept.com.br\/blogosfera\/wp-json\/wp\/v2\/posts"}],"about":[{"href":"https:\/\/redept.com.br\/blogosfera\/wp-json\/wp\/v2\/types\/post"}],"author":[{"embeddable":true,"href":"https:\/\/redept.com.br\/blogosfera\/wp-json\/wp\/v2\/users\/2"}],"replies":[{"embeddable":true,"href":"https:\/\/redept.com.br\/blogosfera\/wp-json\/wp\/v2\/comments?post=57116"}],"version-history":[{"count":0,"href":"https:\/\/redept.com.br\/blogosfera\/wp-json\/wp\/v2\/posts\/57116\/revisions"}],"wp:attachment":[{"href":"https:\/\/redept.com.br\/blogosfera\/wp-json\/wp\/v2\/media?parent=57116"}],"wp:term":[{"taxonomy":"category","embeddable":true,"href":"https:\/\/redept.com.br\/blogosfera\/wp-json\/wp\/v2\/categories?post=57116"},{"taxonomy":"post_tag","embeddable":true,"href":"https:\/\/redept.com.br\/blogosfera\/wp-json\/wp\/v2\/tags?post=57116"}],"curies":[{"name":"wp","href":"https:\/\/api.w.org\/{rel}","templated":true}]}}