{"id":57130,"date":"2025-10-07T21:49:38","date_gmt":"2025-10-08T00:49:38","guid":{"rendered":"https:\/\/redept.com.br\/blogosfera\/com-apoio-do-pt-camara-faz-justica-e-aprova-pec-que-valoriza-agentes-comunitarios-de-saude-e-de-endemias\/"},"modified":"2025-10-07T21:49:38","modified_gmt":"2025-10-08T00:49:38","slug":"com-apoio-do-pt-camara-faz-justica-e-aprova-pec-que-valoriza-agentes-comunitarios-de-saude-e-de-endemias","status":"publish","type":"post","link":"https:\/\/redept.com.br\/blogosfera\/com-apoio-do-pt-camara-faz-justica-e-aprova-pec-que-valoriza-agentes-comunitarios-de-saude-e-de-endemias\/","title":{"rendered":"Com apoio do PT, C\u00e2mara faz justi\u00e7a e aprova PEC que valoriza agentes comunit\u00e1rios de sa\u00fade e de endemias"},"content":{"rendered":"<p><strong><em>PEC 14\/2021 estabelece a aposentadoria especial para a categoria dos Agentes Comunit\u00e1rios de Sa\u00fade e dos Agentes de Combate \u00e0s Endemias<\/em><\/strong><\/p>\n<p>Com apoio da Bancada do PT, o plen\u00e1rio da C\u00e2mara aprovou nesta ter\u00e7a-feira (7\/10) a Proposta de Emenda \u00e0 Constitui\u00e7\u00e3o (PEC 14\/2021), que estabelece a aposentadoria especial para a categoria dos Agentes Comunit\u00e1rios de Sa\u00fade (ACS) e dos Agentes de Combate \u00e0s Endemias (ACE), al\u00e9m de definir novas regras para a contrata\u00e7\u00e3o e valoriza\u00e7\u00e3o das carreiras. Deputados do PT afirmaram em discursos na tribuna que a aprova\u00e7\u00e3o da PEC representa um justo reconhecimento ao trabalho desenvolvido pelos ACS e ACE em todo o Pa\u00eds. A proposta foi aprovada em 1\u00ba e 2\u00ba turno com 426 votos sim e 10 contr\u00e1rios, e agora segue para o Senado.<\/p>\n<p>Entre outros pontos, a proposta pro\u00edbe a contrata\u00e7\u00e3o tempor\u00e1ria ou terceirizada desses profissionais, exceto em casos de emerg\u00eancia em sa\u00fade p\u00fablica previstos em lei. As admiss\u00f5es dever\u00e3o ocorrer por concurso p\u00fablico, com nomea\u00e7\u00e3o em cargo efetivo.<\/p>\n<p>Os agentes que possu\u00edrem v\u00ednculo tempor\u00e1rio ou terceirizado na data da promulga\u00e7\u00e3o da emenda ser\u00e3o efetivados como servidores, desde que tenham participado de processo seletivo p\u00fablico. Estados, Distrito Federal e munic\u00edpios ter\u00e3o at\u00e9 31 de dezembro de 2028 para regularizar os v\u00ednculos.<\/p>\n<figure aria-describedby=\"caption-attachment-201379\"><figcaption>Deputado Jos\u00e9 Airton Cirilo. Foto: Kayo Magalh\u00e3es\/C\u00e2mara dos Deputados<\/figcaption><\/figure>\n<p>O deputado <strong>Jos\u00e9 Airton Cirilo (PT-CE)<\/strong> subiu \u00e0 tribuna da C\u00e2mara para hipotecar o apoio do partido \u00e0 valoriza\u00e7\u00e3o dos ACS e ACE e lembrou que essa sempre foi uma bandeira hist\u00f3rica do Partido dos Trabalhadores.<\/p>\n<p>\u201cVenho a essa tribuna manifestar nosso apoio a essa iniciativa, porque \u00e9 uma luta antiga dos ACS e ACE. Tive o privil\u00e9gio de ser pioneiro nesse projeto de sa\u00fade p\u00fablica quando fui prefeito de Icapu\u00ed (CE). Foi l\u00e1 que implantamos os primeiros ACS no Cear\u00e1 e no Brasil, e a partir dali, por meio do ent\u00e3o ministro Jamil Haddad, no governo Sarney, essa experi\u00eancia se espalhou por todo o Pa\u00eds\u201d, recordou.<\/p>\n<p>Ele destacou ainda que foi no Governo Lula que os ACS e ACE foram reconhecidos como profissionais de sa\u00fade pela Uni\u00e3o, estados e munic\u00edpios.<\/p>\n<h4><strong>Justi\u00e7a com os agentes<\/strong><\/h4>\n<figure aria-describedby=\"caption-attachment-201380\"><img fetchpriority=\"high\" decoding=\"async\"src=\"https:\/\/redept.com.br\/blogosfera\/wp-content\/uploads\/2025\/10\/WhatsApp-Image-2025-10-07-at-212947.jpeg\" alt=\"\" width=\"300\" height=\"185\" srcset=\"https:\/\/ptnacamara.org.br\/wp-content\/uploads\/2025\/10\/WhatsApp-Image-2025-10-07-at-21.29.47-300x185.jpeg 300w, https:\/\/ptnacamara.org.br\/wp-content\/uploads\/2025\/10\/WhatsApp-Image-2025-10-07-at-21.29.47-768x473.jpeg 768w, https:\/\/ptnacamara.org.br\/wp-content\/uploads\/2025\/10\/WhatsApp-Image-2025-10-07-at-21.29.47-750x462.jpeg 750w, https:\/\/redept.com.br\/blogosfera\/wp-content\/uploads\/2025\/10\/WhatsApp-Image-2025-10-07-at-212947.jpeg 1000w\" sizes=\"(max-width: 300px) 100vw, 300px\"><figcaption>Deputado Carlos Veras. Foto: Kayo Magalh\u00e3es\/C\u00e2mara dos Deputados<\/figcaption><\/figure>\n<p>Na mesma linha, o 1\u00ba Secret\u00e1rio da Mesa Diretora da C\u00e2mara, deputado <strong>Carlos Veras (PT-PE),<\/strong> ressaltou que a aprova\u00e7\u00e3o da PEC 14 \u00e9 um ato de justi\u00e7a com os agentes.<\/p>\n<p>\u201cSetenta e dois por cento dessas categorias profissionais s\u00e3o formadas por mulheres que h\u00e1 muito tempo esperam que esta Casa, a Casa do Povo, fizesse justi\u00e7a. A aposentadoria especial \u00e9 um reconhecimento a cada trabalhadora e trabalhador que est\u00e1 presente nas nossas casas, e em nossas fam\u00edlias. Cumprimento, especialmente, a todos os ACS e ACE de Pernambuco, que bravamente lutaram para que tiv\u00e9ssemos esse momento t\u00e3o sonhado com a aprova\u00e7\u00e3o da PEC 14\u201d, destacou.<\/p>\n<p>\u00a0<\/p>\n<figure aria-describedby=\"caption-attachment-201381\"><img decoding=\"async\"src=\"https:\/\/redept.com.br\/blogosfera\/wp-content\/uploads\/2025\/10\/WhatsApp-Image-2025-10-07-at-213036.jpeg\" alt=\"\" width=\"300\" height=\"185\" srcset=\"https:\/\/ptnacamara.org.br\/wp-content\/uploads\/2025\/10\/WhatsApp-Image-2025-10-07-at-21.30.36-300x185.jpeg 300w, https:\/\/ptnacamara.org.br\/wp-content\/uploads\/2025\/10\/WhatsApp-Image-2025-10-07-at-21.30.36-768x473.jpeg 768w, https:\/\/ptnacamara.org.br\/wp-content\/uploads\/2025\/10\/WhatsApp-Image-2025-10-07-at-21.30.36-750x462.jpeg 750w, https:\/\/redept.com.br\/blogosfera\/wp-content\/uploads\/2025\/10\/WhatsApp-Image-2025-10-07-at-213036.jpeg 1000w\" sizes=\"(max-width: 300px) 100vw, 300px\"><figcaption>Deputada Benedita da Silva. Foto: Kayo Magalh\u00e3es\/C\u00e2mara dos Deputados-Arquivo<\/figcaption><\/figure>\n<p>J\u00e1 a deputada <strong>Benedita da Silva (PT-RJ) <\/strong>ressaltou que a aprova\u00e7\u00e3o da PEC 14 \u00e9 um reconhecimento ao trabalho das categorias que ajudam no fortalecimento do SUS.<\/p>\n<p>\u201cSabemos que o fortalecimento do SUS \u00e9 muito importante. E quem leva o SUS, d\u00e1 sustenta\u00e7\u00e3o, que faz visitas \u00e0s fam\u00edlias, que est\u00e3o ao lado dos vulner\u00e1veis, s\u00e3o os ACS e ACE. Por isso, essa Casa hoje, com muita consci\u00eancia e respeito, consegue unificar nossos pensamentos e dizer sim a PEC 14\u201d, destacou.<\/p>\n<p>Tamb\u00e9m defenderam a aprova\u00e7\u00e3o da PEC 14 e os ACS e ACE os deputados petistas <strong>Jorge Solla (BA), Vicentinho (PT-SP), Rog\u00e9rio Correia (MG), <\/strong>al\u00e9m das deputadas <strong>Juliana Cardoso (SP)<\/strong>, <strong>Camila Jara (MS)<\/strong>, <strong>Erika Kokay (DF)<\/strong>, <strong>Jack Rocha (ES) e Lenir de Assis (PR)<\/strong>.<\/p>\n<p><strong>Regras de aposentadoria<\/strong><\/p>\n<p>O texto prev\u00ea aposentadoria especial, devido ao risco da atividade. As condi\u00e7\u00f5es s\u00e3o:<\/p>\n<ul>\n<li>25 anos de contribui\u00e7\u00e3o e de atividade;<\/li>\n<li>Idade m\u00ednima de 57 anos para mulheres e 60 anos para homens.<\/li>\n<\/ul>\n<p>Haver\u00e1 regra de transi\u00e7\u00e3o at\u00e9 2030. Quem tiver 25 anos de contribui\u00e7\u00e3o poder\u00e1 se aposentar com idade menor: 50 anos para mulheres e 52 anos para homens. A cada cinco anos, a idade m\u00ednima aumenta em dois anos.<\/p>\n<p>A idade m\u00ednima pode ser reduzida em at\u00e9 5 anos, com desconto de 1 ano para cada ano de contribui\u00e7\u00e3o acima de 25.<\/p>\n<p>Para a aposentadoria por idade, ser\u00e1 exigido:<\/p>\n<ul>\n<li>60 anos para mulheres e 63 anos para homens;<\/li>\n<li>M\u00ednimo de 15 anos de contribui\u00e7\u00e3o e 10 anos de atividade.<\/li>\n<\/ul>\n<p>A PEC tamb\u00e9m obriga o governo federal a prestar assist\u00eancia financeira a estados, Distrito Federal e munic\u00edpios para custear as novas aposentadorias.<\/p>\n<h4><strong>Outros projetos aprovados<\/strong><\/h4>\n<p>O plen\u00e1rio tamb\u00e9m aprovou os seguintes projetos:<\/p>\n<ul>\n<li>PL 1307\/23 \u2013 Amplia a prote\u00e7\u00e3o pessoal dos agentes p\u00fablicos ou processuais envolvidos no combate ao crime organizado e tipifica as condutas de obstru\u00e7\u00e3o e conspira\u00e7\u00e3o para obstruir a\u00e7\u00f5es contra o crime.<\/li>\n<li>PL 4498\/2025 \u2013 Estabelece mecanismos de investiga\u00e7\u00e3o colaborativa entre os \u00f3rg\u00e3os de fiscaliza\u00e7\u00e3o e controle e as pol\u00edcias judici\u00e1rias civil e o Minist\u00e9rio P\u00fablico.<\/li>\n<li>PL 2336\/2023 \u2013 Regula o exerc\u00edcio da atividade de condutor de ambul\u00e2ncia na administra\u00e7\u00e3o p\u00fablica e na iniciativa privada.<\/li>\n<\/ul>\n<h4><strong>Requerimentos de urg\u00eancia<\/strong><\/h4>\n<p>O plen\u00e1rio ainda aprovou requerimentos de urg\u00eancia para a vota\u00e7\u00e3o dos seguintes projetos:<\/p>\n<ul>\n<li>PL 1.721\/2023 \u2013 Declara a cidade de Porto Alegre (RS) como Capital Nacional do Skate.<\/li>\n<li>PL 1755\/2025 \u2013 Prev\u00ea a convers\u00e3o de multas ambientais para a\u00e7\u00f5es de prote\u00e7\u00e3o, acolhimento e manejo de animais dom\u00e9sticos abandonados.<\/li>\n<li>PL 352\/2025 \u2013 Disp\u00f5e sobre medidas de seguran\u00e7a na identifica\u00e7\u00e3o de chamadas e na ativa\u00e7\u00e3o de chips de telefonia m\u00f3vel para prevenir fraudes e golpes.<\/li>\n<\/ul>\n<p>H\u00e9ber Carvalho com informa\u00e7\u00f5es da Ag\u00eancia C\u00e2mara de Not\u00edcias<\/p>\n<p>\u00a0<\/p>\n<p>\u00a0<\/p>\n<p>\u00a0<\/p>\n<p>\u00a0<\/p>\n<p>\u00a0<\/p>\n<p>O post Com apoio do PT, C\u00e2mara faz justi\u00e7a e aprova PEC que valoriza agentes comunit\u00e1rios de sa\u00fade e de endemias apareceu primeiro em PT na C\u00e2mara.<\/p>\n<!-- Begin Yuzo --><div class='yuzo_related_post style-1'  data-version='5.12.89'><!-- without result --><div class='yuzo_clearfixed yuzo__title yuzo__title'><h3>Related Post<\/h3><\/div>\n\t\t\t\t\t\t  <div class=\"relatedthumb \" style=\"width:125px;float:left;overflow:hidden;\">  \n\t\t\t\t\t\t\t  \n\t\t\t\t\t\t\t  <a  href=\"https:\/\/redept.com.br\/blogosfera\/tarifa-zero-contabilizou-378-milhoes-de-acessos-no-transporte-publico-do-df\/\"  >\n\t\t\t\t\t\t\t\t\t  <div class=\"yuzo-img-wrap \" style=\"width: 125px;height:90px;\">\n\t\t\t\t\t\t\t\t\t\t\n\t\t\t\t\t\t\t\t\t\t<div class=\"yuzo-img\" style=\"background:url('https:\/\/redept.org\/blogosfera\/wp-content\/plugins\/yuzo-related-post\/assets\/images\/default.png') 50% 50% no-repeat;width: 125px;height:90px;margin-bottom: 5px;background-size: cover; \"><\/div>\n\t\t\t\t\t\t\t\t\t  <\/div>\n\t\t\t\t\t\t\t\t\t  \n\t\t\t\t\t\t\t\t   <span class=\"yuzo__text--title\" style=\"font-size:13px;\">Tarifa Zero contabilizou 37,8 milh\u00f5es de acessos n...<\/span>\n\t\t\t\t\t\t\t  \n\t\t\t\t\t\t\t  \n\t\t\t\t\t\t\t  <\/a>\n\n\t\t\t\t\t\t  <\/div>\n\t\t\t\t\t\t  <div class=\"relatedthumb \" style=\"width:125px;float:left;overflow:hidden;\">  \n\t\t\t\t\t\t\t  \n\t\t\t\t\t\t\t  <a  href=\"https:\/\/redept.com.br\/blogosfera\/oposicao-que-parecia-morta-desperta-diz-jornalista-argentina-sobre-prisao-de-cristina-kirchner\/\"  >\n\t\t\t\t\t\t\t\t\t  <div class=\"yuzo-img-wrap \" style=\"width: 125px;height:90px;\">\n\t\t\t\t\t\t\t\t\t\t\n\t\t\t\t\t\t\t\t\t\t<div class=\"yuzo-img\" style=\"background:url('https:\/\/redept.org\/blogosfera\/wp-content\/plugins\/yuzo-related-post\/assets\/images\/default.png') 50% 50% no-repeat;width: 125px;height:90px;margin-bottom: 5px;background-size: cover; \"><\/div>\n\t\t\t\t\t\t\t\t\t  <\/div>\n\t\t\t\t\t\t\t\t\t  \n\t\t\t\t\t\t\t\t   <span class=\"yuzo__text--title\" style=\"font-size:13px;\">\u2018Oposi\u00e7\u00e3o que parecia morta desperta\u2019, diz jornali...<\/span>\n\t\t\t\t\t\t\t  \n\t\t\t\t\t\t\t  \n\t\t\t\t\t\t\t  <\/a>\n\n\t\t\t\t\t\t  <\/div>\n\t\t\t\t\t\t  <div class=\"relatedthumb \" style=\"width:125px;float:left;overflow:hidden;\">  \n\t\t\t\t\t\t\t  \n\t\t\t\t\t\t\t  <a  href=\"https:\/\/redept.com.br\/blogosfera\/posicionamentos-para-reportagem-sobre-suspensao-de-compra-de-cacau-por-fornecedor-da-nestle-apos-alerta-de-desmate\/\"  >\n\t\t\t\t\t\t\t\t\t  <div class=\"yuzo-img-wrap \" style=\"width: 125px;height:90px;\">\n\t\t\t\t\t\t\t\t\t\t\n\t\t\t\t\t\t\t\t\t\t<div class=\"yuzo-img\" style=\"background:url('https:\/\/redept.org\/blogosfera\/wp-content\/plugins\/yuzo-related-post\/assets\/images\/default.png') 50% 50% no-repeat;width: 125px;height:90px;margin-bottom: 5px;background-size: cover; \"><\/div>\n\t\t\t\t\t\t\t\t\t  <\/div>\n\t\t\t\t\t\t\t\t\t  \n\t\t\t\t\t\t\t\t   <span class=\"yuzo__text--title\" style=\"font-size:13px;\">Posicionamentos para reportagem sobre suspens\u00e3o de...<\/span>\n\t\t\t\t\t\t\t  \n\t\t\t\t\t\t\t  \n\t\t\t\t\t\t\t  <\/a>\n\n\t\t\t\t\t\t  <\/div>\n\t\t\t\t\t\t  <div class=\"relatedthumb \" style=\"width:125px;float:left;overflow:hidden;\">  \n\t\t\t\t\t\t\t  \n\t\t\t\t\t\t\t  <a  href=\"https:\/\/redept.com.br\/blogosfera\/retomar-o-1o-de-maio-classista-e-revolucionario\/\"  >\n\t\t\t\t\t\t\t\t\t  <div class=\"yuzo-img-wrap \" style=\"width: 125px;height:90px;\">\n\t\t\t\t\t\t\t\t\t\t\n\t\t\t\t\t\t\t\t\t\t<div class=\"yuzo-img\" style=\"background:url('https:\/\/redept.com.br\/blogosfera\/wp-content\/uploads\/2025\/06\/P6-_-1o-de-Maio-_-Estefani-Maciel-150x150.jpg') 50% 50% no-repeat;width: 125px;height:90px;margin-bottom: 5px;background-size: cover; \"><\/div>\n\t\t\t\t\t\t\t\t\t  <\/div>\n\t\t\t\t\t\t\t\t\t  \n\t\t\t\t\t\t\t\t   <span class=\"yuzo__text--title\" style=\"font-size:13px;\">Retomar o 1\u00ba de Maio classista e revolucion\u00e1rio<\/span>\n\t\t\t\t\t\t\t  \n\t\t\t\t\t\t\t  \n\t\t\t\t\t\t\t  <\/a>\n\n\t\t\t\t\t\t  <\/div>\n<\/div> <script>\n\t\t\t\t\t\t  jQuery(document).ready(function( $ ){\n\t\t\t\t\t\t\t\/\/jQuery('.yuzo_related_post').equalizer({ overflow : 'relatedthumb' });\n\t\t\t\t\t\t\tjQuery('.yuzo_related_post .yuzo_wraps').equalizer({ columns : '> div' });\n\t\t\t\t\t\t   })\n\t\t\t\t\t\t  <\/script> <!-- End Yuzo :) -->","protected":false},"excerpt":{"rendered":"<p>PEC 14\/2021 estabelece a aposentadoria especial para a categoria dos Agentes Comunit\u00e1rios de Sa\u00fade e dos Agentes de Combate \u00e0s Endemias Com apoio da Bancada do PT, o plen\u00e1rio da C\u00e2mara aprovou nesta ter\u00e7a-feira (7\/10) a Proposta de Emenda \u00e0 Constitui\u00e7\u00e3o (PEC 14\/2021), que estabelece a aposentadoria especial para a categoria dos Agentes Comunit\u00e1rios de [\u2026]<\/p>\n<p>O post <a href=\"https:\/\/ptnacamara.org.br\/com-apoio-do-pt-camara-faz-justica-e-aprova-pec-que-valoriza-agentes-comunitarios-de-saude-e-de-endemias\/\">Com apoio do PT, C\u00e2mara faz justi\u00e7a e aprova PEC que valoriza agentes comunit\u00e1rios de sa\u00fade e de endemias<\/a> apareceu primeiro em <a href=\"https:\/\/ptnacamara.org.br\/\">PT na C\u00e2mara<\/a>.<\/p>\n","protected":false},"author":1,"featured_media":57131,"comment_status":"open","ping_status":"closed","sticky":false,"template":"","format":"standard","meta":{"fifu_image_url":"","fifu_image_alt":"","footnotes":""},"categories":[1],"tags":[],"class_list":["post-57130","post","type-post","status-publish","format-standard","has-post-thumbnail","hentry","category-uncategorized"],"_links":{"self":[{"href":"https:\/\/redept.com.br\/blogosfera\/wp-json\/wp\/v2\/posts\/57130","targetHints":{"allow":["GET"]}}],"collection":[{"href":"https:\/\/redept.com.br\/blogosfera\/wp-json\/wp\/v2\/posts"}],"about":[{"href":"https:\/\/redept.com.br\/blogosfera\/wp-json\/wp\/v2\/types\/post"}],"author":[{"embeddable":true,"href":"https:\/\/redept.com.br\/blogosfera\/wp-json\/wp\/v2\/users\/1"}],"replies":[{"embeddable":true,"href":"https:\/\/redept.com.br\/blogosfera\/wp-json\/wp\/v2\/comments?post=57130"}],"version-history":[{"count":0,"href":"https:\/\/redept.com.br\/blogosfera\/wp-json\/wp\/v2\/posts\/57130\/revisions"}],"wp:featuredmedia":[{"embeddable":true,"href":"https:\/\/redept.com.br\/blogosfera\/wp-json\/wp\/v2\/media\/57131"}],"wp:attachment":[{"href":"https:\/\/redept.com.br\/blogosfera\/wp-json\/wp\/v2\/media?parent=57130"}],"wp:term":[{"taxonomy":"category","embeddable":true,"href":"https:\/\/redept.com.br\/blogosfera\/wp-json\/wp\/v2\/categories?post=57130"},{"taxonomy":"post_tag","embeddable":true,"href":"https:\/\/redept.com.br\/blogosfera\/wp-json\/wp\/v2\/tags?post=57130"}],"curies":[{"name":"wp","href":"https:\/\/api.w.org\/{rel}","templated":true}]}}