{"id":57412,"date":"2025-10-09T11:59:00","date_gmt":"2025-10-09T14:59:00","guid":{"rendered":"https:\/\/redept.com.br\/blogosfera\/novos-casos-reforcam-elo-entre-trabalho-escravo-e-maiores-frigorificos-do-pais\/"},"modified":"2025-10-09T11:59:00","modified_gmt":"2025-10-09T14:59:00","slug":"novos-casos-reforcam-elo-entre-trabalho-escravo-e-maiores-frigorificos-do-pais","status":"publish","type":"post","link":"https:\/\/redept.com.br\/blogosfera\/novos-casos-reforcam-elo-entre-trabalho-escravo-e-maiores-frigorificos-do-pais\/","title":{"rendered":"Novos casos refor\u00e7am elo entre trabalho escravo e maiores frigor\u00edficos do pa\u00eds"},"content":{"rendered":"<p><strong>PECUARISTAS AUTUADOS<\/strong> por trabalho escravo em fazendas de gado fazem parte da cadeia de fornecimento dos maiores frigor\u00edficos brasileiros: \u00e9 o que revelam novos casos identificados pela <strong>Rep\u00f3rter Brasil<\/strong>.\u00a0\u00a0\u00a0<\/p>\n<p>As rela\u00e7\u00f5es entre oito produtores flagrados submetendo trabalhadores a condi\u00e7\u00f5es an\u00e1logas \u00e0 escravid\u00e3o entre 2018 e 2023 e gigantes do setor est\u00e3o detalhadas no relat\u00f3rio \u201cFora do radar \u2013 Como pecuaristas flagrados com trabalho escravo integram a rede de fornecimento dos maiores frigor\u00edficos do pa\u00eds\u201d, publicado nesta quinta-feira (9).<\/p>\n<p>Al\u00e9m dos pecuaristas responsabilizados por trabalho escravo, foram identificados outros dois produtores autuados por criarem gado ilegalmente dentro da Terra Ind\u00edgena Krikati, no Maranh\u00e3o. Entre os dez produtores mencionados no relat\u00f3rio, tr\u00eas tamb\u00e9m possuem autua\u00e7\u00f5es ou embargos por desmatamento ilegal.\u00a0<\/p>\n<p>A partir da an\u00e1lise de registros de tr\u00e2nsito animal de 2018 a 2025, foi poss\u00edvel identificar que o gado desses criadores foi transferido para fazendas fornecedoras de frigor\u00edficos ou enviado diretamente ao abate em empresas como JBS, Minerva, Marfrig e Frigol, as quatro maiores do pa\u00eds, e outras de atua\u00e7\u00e3o regional, como Masterboi, Rio Maria, Pantanal e Frigosaj.<\/p>\n<div data-elementor-type=\"section\" data-elementor-id=\"77670\" data-elementor-post-type=\"elementor_library\">\n<div data-id=\"17a659f\" data-element_type=\"container\" data-settings='{\"background_background\":\"classic\"}'>\n<div>\n<div data-id=\"386385d\" data-element_type=\"widget\" data-widget_type=\"heading.default\">\n<div>\n<h2>ASSINE NOSSA NEWSLETTER<\/h2>\n<\/p><\/div>\n<\/p><\/div>\n<div data-id=\"6546917\" data-element_type=\"widget\" data-widget_type=\"html.default\">\n<div>\n\t\t\t\t\t\t\t\t\t<\/div>\n<\/p><\/div>\n<div data-id=\"8c2e333\" data-element_type=\"widget\" data-settings='{\"button_width\":\"20\",\"step_next_label\":\"Next\",\"step_previous_label\":\"Previous\",\"button_width_mobile\":\"20\",\"step_type\":\"number_text\",\"step_icon_shape\":\"circle\"}' data-widget_type=\"form.default\">\n<div>\n<div>\n<div>\n\t\t\t\t\t\t\t\t\t\t\t\t<label for=\"form-field-email\"><br \/>\n\t\t\t\t\t\t\t\tEmail\t\t\t\t\t\t\t<\/label><\/p><\/div>\n<div>\n\t\t\t\t\t<button type=\"submit\"><br \/>\n\t\t\t\t\t\t<span><br \/>\n\t\t\t\t\t\t\t\t\t\t\t\t\t\t\t<span><br \/>\n\t\t\t\t\t\t\t\t\t<i aria-hidden=\"true\"><\/i>\t\t\t\t\t\t\t\t\t\t\t\t\t\t\t\t\t\t\t<span>Submit<\/span><br \/>\n\t\t\t\t\t\t\t\t\t\t\t\t\t\t\t\t\t<\/span><br \/>\n\t\t\t\t\t\t\t\t\t\t\t\t\t\t\t\t\t\t\t\t<\/span><br \/>\n\t\t\t\t\t<\/button>\n\t\t\t\t<\/div>\n<\/p><\/div>\n<\/p><\/div>\n<\/p><\/div>\n<\/p><\/div>\n<\/p><\/div>\n<\/p><\/div>\n<p>A investiga\u00e7\u00e3o foi realizada em parceria com a Climate Rights International, organiza\u00e7\u00e3o que atua na investiga\u00e7\u00e3o de viola\u00e7\u00f5es ambientais e aos direitos humanos. A Climate Rights International destacou em seu relat\u00f3rio, tamb\u00e9m publicado nesta quinta-feira (9), como grandes marcas globais de moda e cal\u00e7ados est\u00e3o ligadas, por meio de suas cadeias de fornecimento de couro, aos frigor\u00edficos mencionados na investiga\u00e7\u00e3o da <strong>Rep\u00f3rter Brasil.<\/strong><\/p>\n<h2>Trabalho escravo no setor<\/h2>\n<p>Trabalhadores que realizam as atividades de abertura dos pastos para cria\u00e7\u00e3o de bois e, depois, de confec\u00e7\u00e3o das cercas e currais, s\u00e3o expostos a condi\u00e7\u00f5es degradantes e, muitas vezes, submetidos ao trabalho escravo. \u00c9 o que avalia Maria Gabriela Costa Grandi, procuradora do MPT (Minist\u00e9rio P\u00fablico do Trabalho) no Par\u00e1.\u00a0<\/p>\n<p>\u201cUma viola\u00e7\u00e3o leva a outra\u201d, resume Costa Grandi. \u201cPara o empres\u00e1rio conseguir desmatar, ele vai ter que buscar essa m\u00e3o de obra informal, e, geralmente, esses trabalhadores s\u00e3o submetidos a condi\u00e7\u00f5es an\u00e1logas \u00e0 de escravid\u00e3o. Montam suas barracas no meio da mata, dormem ali, se alimentam ali, e v\u00e3o desmatando\u201d, complementa.<\/p>\n<figure><img loading=\"lazy\" loading=\"lazy\" decoding=\"async\" width=\"1024\" height=\"683\"src=\"https:\/\/redept.com.br\/blogosfera\/wp-content\/uploads\/2025\/10\/trabalhoescravo_pecuaria_MTE.jpg\" alt=\"Na maioria dos casos investigados pela Rep\u00f3rter Brasil, v\u00edtimas de trabalho escravo dormiam em barracas de lona no meio da mata e n\u00e3o tinham acesso \u00e0 \u00e1gua pot\u00e1vel (Foto: MTE)\" srcset=\"https:\/\/reporterbrasil.org.br\/wp-content\/uploads\/2025\/10\/trabalhoescravo_pecuaria_MTE-1024x683.jpg 1024w, https:\/\/reporterbrasil.org.br\/wp-content\/uploads\/2025\/10\/trabalhoescravo_pecuaria_MTE-300x200.jpg 300w, https:\/\/reporterbrasil.org.br\/wp-content\/uploads\/2025\/10\/trabalhoescravo_pecuaria_MTE-768x512.jpg 768w, https:\/\/redept.com.br\/blogosfera\/wp-content\/uploads\/2025\/10\/trabalhoescravo_pecuaria_MTE.jpg 1200w\" sizes=\"auto, (max-width: 1024px) 100vw, 1024px\"><figcaption>Na maioria dos casos investigados pela Rep\u00f3rter Brasil, v\u00edtimas de trabalho escravo dormiam em barracas de lona no meio da mata e n\u00e3o tinham acesso \u00e0 \u00e1gua pot\u00e1vel (Foto: MTE)<\/figcaption><\/figure>\n<p>Entre 1995 e 2024, 17,3 mil trabalhadores foram submetidos a condi\u00e7\u00f5es an\u00e1logas \u00e0 escravid\u00e3o em atividades do setor pecu\u00e1rio, de acordo com dados do MTE (Minist\u00e9rio do Trabalho e Emprego) sistematizados pela <strong>Rep\u00f3rter Brasil<\/strong>. Em toda a s\u00e9rie hist\u00f3rica, a pecu\u00e1ria concentrou 26% do n\u00famero de v\u00edtimas de trabalho escravo no Brasil.<\/p>\n<h2>Mudan\u00e7as ap\u00f3s entrada na Lista Suja<\/h2>\n<p>Um dos casos mencionados no relat\u00f3rio \u00e9 da pecuarista Van\u00fabia Silva Rodrigues. Em outubro de 2023, a produtora teve seu nome inclu\u00eddo na Lista Suja do trabalho escravo, como \u00e9 popularmente conhecido o cadastro mantido pelo governo federal com os nomes de empregadores autuados pela pr\u00e1tica.\u00a0<\/p>\n<p>A sua inclus\u00e3o no cadastro se deveu ao flagrante, realizado em julho de 2022, de dois trabalhadores submetidos a condi\u00e7\u00f5es an\u00e1logas \u00e0 escravid\u00e3o em uma de suas fazendas, a Presente de Deus, em S\u00e3o F\u00e9lix do Xingu (PA).\u00a0<\/p>\n<figure><img loading=\"lazy\" loading=\"lazy\" decoding=\"async\" width=\"1024\" height=\"683\"src=\"https:\/\/redept.com.br\/blogosfera\/wp-content\/uploads\/2025\/10\/Copia-de-37__FM44076-2048x1365.jpg\" alt=\"V\u00edtimas de trabalho escravo na pecu\u00e1ria incluem trabalhadores contratados para a abertura de pastos e constru\u00e7\u00e3o de cercas e currais (Foto: Fernando Martinho\/Rep\u00f3rter Brasil)\" srcset=\"https:\/\/reporterbrasil.org.br\/wp-content\/uploads\/2025\/10\/Copia-de-37__FM44076-1024x683.jpg 1024w, https:\/\/reporterbrasil.org.br\/wp-content\/uploads\/2025\/10\/Copia-de-37__FM44076-300x200.jpg 300w, https:\/\/reporterbrasil.org.br\/wp-content\/uploads\/2025\/10\/Copia-de-37__FM44076-768x512.jpg 768w, https:\/\/reporterbrasil.org.br\/wp-content\/uploads\/2025\/10\/Copia-de-37__FM44076-1536x1024.jpg 1536w, https:\/\/redept.com.br\/blogosfera\/wp-content\/uploads\/2025\/10\/Copia-de-37__FM44076-2048x1365.jpg 2048w\" sizes=\"auto, (max-width: 1024px) 100vw, 1024px\"><figcaption>V\u00edtimas de trabalho escravo na pecu\u00e1ria incluem trabalhadores contratados para a abertura de pastos e constru\u00e7\u00e3o de cercas e currais (Foto: Fernando Martinho\/Rep\u00f3rter Brasil)<\/figcaption><\/figure>\n<p>\u00c0 \u00e9poca, a <strong>Rep\u00f3rter Brasil<\/strong> revelou que a produtora era fornecedora da JBS no Par\u00e1. Na ocasi\u00e3o, ap\u00f3s o questionamento da reportagem, a empresa informou que iria bloquear a pecuarista de sua lista de fornecedores.<\/p>\n<p>Ap\u00f3s a entrada na Lista Suja, no entanto, a Fazenda Presente de Deus forneceu gado para engorda a ao menos dois fornecedores diretos da JBS.<\/p>\n<p>Em um dos casos, registros de tr\u00e2nsito animal acessados pela reportagem mostram que a Fazenda Presente de Deus encaminhou, em dezembro de 2023, 144 bovinos para a Fazenda P\u00e9 do Morro, em \u00c1gua Azul do Norte (PA). Cinco dias depois, a propriedade emitiu GTAs (sigla para Guia de Tr\u00e2nsito Animal) para transferir exatamente a mesma quantidade de animais, com as mesmas caracter\u00edsticas de sexo e idade, para a JBS de Reden\u00e7\u00e3o (PA).\u00a0<\/p>\n<p>Em resposta aos questionamentos enviados pela <strong>Rep\u00f3rter Brasil<\/strong>, Vanubia Silva Rodrigues declarou apenas que firmou um TAC (Termo de Ajustamento de Conduta) com o MPT, que, segundo a pecuarista, foi cumprido na \u00edntegra. A JBS, por sua vez, n\u00e3o comentou casos espec\u00edficos e informou apenas que \u201ctodos os produtores que constam na lista suja do trabalho escravo est\u00e3o bloqueados\u201d.\u00a0<\/p>\n<p>As respostas completas dos pecuaristas e empresas citadas na investiga\u00e7\u00e3o podem ser lidas na \u00edntegra ao final do relat\u00f3rio.\u00a0<\/p>\n<h2>Fora do radar<\/h2>\n<p>A cria\u00e7\u00e3o de bovinos, que envolvem etapas como cria, recria \u2013 fase que come\u00e7a ap\u00f3s o desmame \u2013 e engorda, pode ocorrer em diferentes propriedades. Mas apenas aqueles pecuaristas que transferem o animal da fazenda para o abate, os fornecedores direitos, \u00e9 que s\u00e3o 100% mapeados e monitorados pelos frigor\u00edficos.\u00a0<\/p>\n<p>Grande parte dos chamados \u201cfornecedores indiretos\u201d ficam fora do radar do monitoramento realizado pelas pr\u00f3prias empresas e das auditorias realizadas para garantir o cumprimento do TAC da Carne. Lan\u00e7ado em 2009, o TAC da Carne \u00e9 um acordo firmado entre o MPF (Minist\u00e9rio P\u00fablico Federal) e frigor\u00edficos com opera\u00e7\u00f5es em 6 dos 9 estados da Amaz\u00f4nia Legal com o objetivo de bloquear a compra de gado de \u00e1reas desmatadas ilegalmente ap\u00f3s 2008, sobrepostas a unidades de conserva\u00e7\u00e3o ou terras ind\u00edgenas e que utilizam m\u00e3o de obra em condi\u00e7\u00f5es an\u00e1logas \u00e0 escravid\u00e3o.<\/p>\n<figure><img loading=\"lazy\" loading=\"lazy\" decoding=\"async\" width=\"1024\" height=\"683\"src=\"https:\/\/redept.com.br\/blogosfera\/wp-content\/uploads\/2025\/10\/entradaJBS_Para_FernandoMartinho_ReporterBrasil.jpg\" alt=\"Apenas os pecuaristas que transferem o animal da fazenda diretamente para o abate \u00e9 que s\u00e3o 100%  monitorados pelos frigor\u00edficos.\u00a0Produtores envolvidos em etapas anteriores da cria\u00e7\u00e3o escapam no radar (Foto: Fernando Martinho\/Rep\u00f3rter Brasil)\" srcset=\"https:\/\/reporterbrasil.org.br\/wp-content\/uploads\/2025\/10\/entradaJBS_Para_FernandoMartinho_ReporterBrasil-1024x683.jpg 1024w, https:\/\/reporterbrasil.org.br\/wp-content\/uploads\/2025\/10\/entradaJBS_Para_FernandoMartinho_ReporterBrasil-300x200.jpg 300w, https:\/\/reporterbrasil.org.br\/wp-content\/uploads\/2025\/10\/entradaJBS_Para_FernandoMartinho_ReporterBrasil-768x512.jpg 768w, https:\/\/redept.com.br\/blogosfera\/wp-content\/uploads\/2025\/10\/entradaJBS_Para_FernandoMartinho_ReporterBrasil.jpg 1200w\" sizes=\"auto, (max-width: 1024px) 100vw, 1024px\"><figcaption>Apenas os pecuaristas que transferem o animal da fazenda diretamente para o abate \u00e9 que s\u00e3o 100%  monitorados pelos frigor\u00edficos.\u00a0Produtores envolvidos em etapas anteriores da cria\u00e7\u00e3o escapam no radar (Foto: Fernando Martinho\/Rep\u00f3rter Brasil)<\/figcaption><\/figure>\n<p>\u201cO monitoramento n\u00e3o olha para o fornecedor indireto\u201d, explica Lisandro Inakake, coordenador do programa Boi na Linha, iniciativa criada em 2019 pela associa\u00e7\u00e3o sem fins lucrativos Imaflora, em parceria com o MPF, para acelerar a implementa\u00e7\u00e3o dos compromissos assumidos pelo setor. \u201c\u00c9 um desafio que temos em rela\u00e7\u00e3o \u00e0 capacidade de monitorar, que depende da rastreabilidade, e tamb\u00e9m um desafio em rela\u00e7\u00e3o \u00e0s regras de bloqueio [dos acordos setoriais]. Hoje, n\u00f3s ainda n\u00e3o temos regras para [fornecedores] indiretos\u201d.<\/p>\n<p>\u201cO principal desafio \u00e9 o rastreamento desse gado. N\u00f3s n\u00e3o temos controle individual que mostre de onde esse gado est\u00e1 vindo\u201d, corrobora Igor Spindola, procurador do MPF (Minist\u00e9rio P\u00fablico Federal) no Par\u00e1.<\/p>\n<h2>Pessoa f\u00edsica x pessoa jur\u00eddica<\/h2>\n<p>Outra lacuna de monitoramento do setor ressaltada por especialistas ouvidos pela<strong> Rep\u00f3rter Brasil<\/strong> est\u00e1 no simples bloqueio de fornecedores ap\u00f3s sua inclus\u00e3o na Lista Suja, considerando somente o nome e o CPF do autuado \u2013 sem verificar suas rela\u00e7\u00f5es familiares ou empresariais.\u00a0<\/p>\n<p>Um barraco de lona em um galinheiro desativado e um casebre de madeira eram os alojamentos de quatro trabalhadores resgatados de condi\u00e7\u00f5es an\u00e1logas \u00e0 escravid\u00e3o nas fazendas Pedra Preta e Futura, \u00e1reas cont\u00edguas em S\u00e3o F\u00e9lix do Xingu (PA), fiscalizadas em junho de 2018. No local, auditores fiscais encontraram carne podre armazenada, utilizada para o consumo dos trabalhadores, de acordo com informa\u00e7\u00f5es do relat\u00f3rio de fiscaliza\u00e7\u00e3o acessado pela reportagem.<\/p>\n<p>Na ocasi\u00e3o, o pecuarista Marcos Borges de Ara\u00fajo foi autuado por manter quatro trabalhadores em situa\u00e7\u00e3o an\u00e1loga \u00e0 de escravo na propriedade. De acordo com registros de tr\u00e2nsito animal analisados pela <strong>Rep\u00f3rter Brasil<\/strong>,<strong> <\/strong>ele<strong> <\/strong>forneceu gado para as unidades da JBS em Reden\u00e7\u00e3o (PA) e Santana do Araguaia (PA) entre junho de 2018, m\u00eas da autua\u00e7\u00e3o, e agosto de 2023.\u00a0<\/p>\n<p>O gado vinha de diversas fazendas do pecuarista no Par\u00e1. Entre elas, propriedades que receberam bovinos para engorda da Fazenda Pedra Preta, local onde ocorreu o flagrante de trabalho escravo.\u00a0<\/p>\n<p>A fazenda \u00e9 de propriedade da Agropecu\u00e1ria Vale dos Sonhos, uma empresa da fam\u00edlia Ara\u00fajo, que tem como s\u00f3cio controlador a holding Agro Investment Group Participa\u00e7\u00f5es Societ\u00e1rias S\/A. Um processo judicial de 2022, acessado pela <strong>Rep\u00f3rter Brasil<\/strong>, indica que Marcos Ara\u00fajo \u00e9 casado com a s\u00f3cia-diretora da holding.<\/p>\n<figure><img loading=\"lazy\" loading=\"lazy\" decoding=\"async\" width=\"1024\" height=\"683\"src=\"https:\/\/redept.com.br\/blogosfera\/wp-content\/uploads\/2025\/10\/IgorSpindola_MPFPara_FernandoMartinho_ReporterBrasil.jpg\" alt='Para Igor Spindola, procurador do MPF no Par\u00e1, maior desafio do setor \u00e9 rastrear a origem do gado que chega ao abate nos frigor\u00edficos: \"N\u00f3s n\u00e3o temos controle individual que mostre de onde esse gado est\u00e1 vindo\u201d (Foto: Fernando Martinho\/Rep\u00f3rter Brasil)' srcset=\"https:\/\/reporterbrasil.org.br\/wp-content\/uploads\/2025\/10\/IgorSpindola_MPFPara_FernandoMartinho_ReporterBrasil-1024x683.jpg 1024w, https:\/\/reporterbrasil.org.br\/wp-content\/uploads\/2025\/10\/IgorSpindola_MPFPara_FernandoMartinho_ReporterBrasil-300x200.jpg 300w, https:\/\/reporterbrasil.org.br\/wp-content\/uploads\/2025\/10\/IgorSpindola_MPFPara_FernandoMartinho_ReporterBrasil-768x512.jpg 768w, https:\/\/redept.com.br\/blogosfera\/wp-content\/uploads\/2025\/10\/IgorSpindola_MPFPara_FernandoMartinho_ReporterBrasil.jpg 1200w\" sizes=\"auto, (max-width: 1024px) 100vw, 1024px\"><figcaption>Para Igor Spindola, procurador do MPF no Par\u00e1, maior desafio do setor \u00e9 rastrear a origem do gado que chega ao abate nos frigor\u00edficos: \u201cN\u00f3s n\u00e3o temos controle individual que mostre de onde esse gado est\u00e1 vindo\u201d (Foto: Fernando Martinho\/Rep\u00f3rter Brasil)<\/figcaption><\/figure>\n<p>Ap\u00f3s ter seu nome inclu\u00eddo na Lista Suja, em abril de 2024, o empregador deixou de enviar animais em seu nome \u00e0 JBS. A partir de mar\u00e7o de 2024, bovinos oriundos da Fazenda Pedra Preta passaram a ser fornecidos \u00e0 unidade da JBS em Santana do Araguaia (PA) em nome da Agropecu\u00e1ria Vale dos Sonhos, segundo dados de GTAs acessados pela reportagem.<\/p>\n<p>Por meio de seus advogados, Marcos Ara\u00fajo afirma que \u201cn\u00e3o era respons\u00e1vel pelos colaboradores objeto da fiscaliza\u00e7\u00e3o\u201d nas Pedra Preta e Futura, que \u201cn\u00e3o submeteu nenhum trabalhador a condi\u00e7\u00f5es an\u00e1logas \u00e0 de escravo\u201d e que recorre da autua\u00e7\u00e3o na Justi\u00e7a. A Agropecu\u00e1ria Vale dos Sonhos afirmou que n\u00e3o tem rela\u00e7\u00e3o jur\u00eddica com o produtor Marcos Borges de Ara\u00fajo e que \u201copera 100% dentro da legalidade\u201d. A JBS n\u00e3o comentou casos espec\u00edficos. As respostas podem ser lidas na \u00edntegra ao final do relat\u00f3rio.\u00a0<\/p>\n<h2>Filho \u00e9 fornecedor direto<\/h2>\n<p>Outro caso detalhado na investiga\u00e7\u00e3o \u00e9 o da Fazenda Alto Guapor\u00e9, em Vila Bela da Sant\u00edssima Trindade (MT), de propriedade de Tomas Andrzejewski. Em julho de 2022, 7 trabalhadores foram resgatados no local.\u00a0<\/p>\n<p>O grupo dormia em barracas de camping instaladas \u00e0 sombra de uma figueira e tomava banho usando baldes e vasilhas em uma estrutura improvisada e com \u00e1gua de um caminh\u00e3o pipa. Pelo caso, o pecuarista foi inclu\u00eddo na Lista Suja em outubro de 2024.<\/p>\n<p>Dois meses ap\u00f3s a sua inclus\u00e3o no cadastro, a Fazenda Alto Guapor\u00e9 encaminhou gado para engorda na Fazenda Flor do Cerrado II, em C\u00e1ceres (MT), segundo GTAs acessadas pela reportagem. Os registros indicam que a compra dos animais da Alto Guapor\u00e9 foi registrada em nome de Alex Kohls Andrzejewski, filho do pecuarista Tomas. Em janeiro de 2025, a Flor do Cerrado II forneceu animais para a unidade da Marfrig em V\u00e1rzea Grande (MT).\u00a0<\/p>\n<figure><img loading=\"lazy\" loading=\"lazy\" decoding=\"async\" width=\"1024\" height=\"683\"src=\"https:\/\/redept.com.br\/blogosfera\/wp-content\/uploads\/2025\/10\/bois_Para_FernandoMartinho_ReporterBrasil.jpg\" alt=\"Especialistas sugerem que Lista Suja inclua informa\u00e7\u00f5es de localiza\u00e7\u00e3o geogr\u00e1fica de propriedades flagradas com trabalho escravo (Foto: Fernando Martinho\/Rep\u00f3rter Brasil)\" srcset=\"https:\/\/reporterbrasil.org.br\/wp-content\/uploads\/2025\/10\/bois_Para_FernandoMartinho_ReporterBrasil-1024x683.jpg 1024w, https:\/\/reporterbrasil.org.br\/wp-content\/uploads\/2025\/10\/bois_Para_FernandoMartinho_ReporterBrasil-300x200.jpg 300w, https:\/\/reporterbrasil.org.br\/wp-content\/uploads\/2025\/10\/bois_Para_FernandoMartinho_ReporterBrasil-768x512.jpg 768w, https:\/\/reporterbrasil.org.br\/wp-content\/uploads\/2025\/10\/bois_Para_FernandoMartinho_ReporterBrasil-1536x1024.jpg 1536w, https:\/\/redept.com.br\/blogosfera\/wp-content\/uploads\/2025\/10\/bois_Para_FernandoMartinho_ReporterBrasil.jpg 1900w\" sizes=\"auto, (max-width: 1024px) 100vw, 1024px\"><figcaption>Especialistas sugerem que Lista Suja inclua informa\u00e7\u00f5es de localiza\u00e7\u00e3o geogr\u00e1fica de propriedades flagradas com trabalho escravo (Foto: Fernando Martinho\/Rep\u00f3rter Brasil)<\/figcaption><\/figure>\n<p>Por meio de sua advogada, Tomas Andrzejewski disse que repudia \u201cqualquer atitude explorat\u00f3ria do trabalhador\u201d e que n\u00e3o tinha conhecimento sobre as condi\u00e7\u00f5es dos trabalhadores na Fazenda Alto Guapor\u00e9 porque assumiu a propriedade tr\u00eas meses antes do resgate. Afirma tamb\u00e9m que o contrato de vendas com o filho foi formalizado em agosto de 2024, antes de sua inclus\u00e3o na Lista Suja, que ocorreu em outubro.\u00a0<\/p>\n<p>Alex Kohls Andrzejewski disse \u00e0 <strong>Rep\u00f3rter Brasil <\/strong>que os animais recebidos da Alta Guapor\u00e9 eram de ra\u00e7a distinta daqueles enviados \u00e0 Marfrig.<\/p>\n<p>A Marfrig informou que Tomas Andrzejewski est\u00e1 bloqueado de sua lista de fornecedores e que realizou consultas pr\u00e9vias \u00e0 Lista Suja e n\u00e3o identificou problemas relacionados a Alex Kohls Andrzejewski e a Fazenda Flor do Cerrado II. Leia as respostas na \u00edntegra ao final do relat\u00f3rio.\u00a0<\/p>\n<h2>Bloqueios por localiza\u00e7\u00e3o geogr\u00e1fica<\/h2>\n<p>Daniel Azeredo, procurador do MPF e um dos idealizadores do TAC da Carne, sugere que os bloqueios a empreendimentos flagrados utilizando m\u00e3o de obra escrava sejam feitos tamb\u00e9m por coordenada geogr\u00e1fica, englobando a propriedade como um todo.<\/p>\n<p>\u201cAs listas funcionam por nome e CPF e, assim, elas s\u00e3o muito f\u00e1ceis de serem violadas. O controle tem que ser por localiza\u00e7\u00e3o geogr\u00e1fica, pela \u00e1rea, latitude, longitude, porque a\u00ed n\u00e3o \u00e9 poss\u00edvel mudar. Aquela localidade fica bloqueada\u201d, analisa.<\/p>\n<p>Leia o relat\u00f3rio completo:<strong> <\/strong>FORA DO RADAR \u2013 Como pecuaristas flagrados com trabalho escravo entram na rede de fornecimento dos maiores frigor\u00edficos do pa\u00eds<\/p>\n<p>Dispon\u00edvel tamb\u00e9m em ingl\u00eas: Under the Radar \u2013 How cattle ranchers caught employing slave labor are part of the supply chains of Brazil\u2019s largest meatpacking companies<\/p>\n<div data-elementor-type=\"container\" data-elementor-id=\"75228\" data-elementor-post-type=\"elementor_library\">\n<div data-id=\"5e8db1e6\" data-element_type=\"container\">\n<div>\n<div data-id=\"36eb6c91\" data-element_type=\"container\">\n<div>\n<div data-id=\"6f52f515\" data-element_type=\"container\">\n<div data-id=\"65d9f401\" data-element_type=\"widget\" data-widget_type=\"divider.default\">\n<div>\n<div>\n\t\t\t<span><br \/>\n\t\t\t\t\t\t<\/span>\n\t\t<\/div>\n<\/p><\/div>\n<\/p><\/div>\n<\/p><\/div>\n<div data-id=\"134a1245\" data-element_type=\"container\">\n<div>\n<div data-id=\"10fe55fe\" data-element_type=\"widget\" data-widget_type=\"text-editor.default\">\n<div>\n<p>Leia tamb\u00e9m<\/p>\n<\/p><\/div>\n<\/p><\/div>\n<\/p><\/div>\n<\/p><\/div>\n<\/p><\/div>\n<\/p><\/div>\n<div data-id=\"3c9495ae\" data-element_type=\"widget\" data-settings='{\"template_id\":\"75221\",\"columns\":1,\"row_gap\":{\"unit\":\"px\",\"size\":10,\"sizes\":[]},\"_skin\":\"post\",\"columns_tablet\":\"2\",\"columns_mobile\":\"1\",\"edit_handle_selector\":\"[data-elementor-type=\"loop-item\"]\",\"row_gap_tablet\":{\"unit\":\"px\",\"size\":\"\",\"sizes\":[]},\"row_gap_mobile\":{\"unit\":\"px\",\"size\":\"\",\"sizes\":[]}}' data-widget_type=\"loop-grid.post\">\n<div>\n<div>\n\t\t<\/div>\n<\/p><\/div>\n<\/p><\/div>\n<\/p><\/div>\n<\/p><\/div>\n<\/p><\/div>\n<\/p>\n<p>The post Novos casos refor\u00e7am elo entre trabalho escravo e maiores frigor\u00edficos do pa\u00eds appeared first on Rep\u00f3rter Brasil.<\/p>\n<!-- Begin Yuzo --><div class='yuzo_related_post style-1'  data-version='5.12.89'><!-- without result --><div class='yuzo_clearfixed yuzo__title yuzo__title'><h3>Related Post<\/h3><\/div>\n\t\t\t\t\t\t  <div class=\"relatedthumb \" style=\"width:125px;float:left;overflow:hidden;\">  \n\t\t\t\t\t\t\t  \n\t\t\t\t\t\t\t  <a  href=\"https:\/\/redept.com.br\/blogosfera\/artigos-publicados-no-brasil-de-fato-dao-origem-a-livro-sobre-viabilidade-da-tarifa-zero\/\"  >\n\t\t\t\t\t\t\t\t\t  <div class=\"yuzo-img-wrap \" style=\"width: 125px;height:90px;\">\n\t\t\t\t\t\t\t\t\t\t\n\t\t\t\t\t\t\t\t\t\t<div class=\"yuzo-img\" style=\"background:url('https:\/\/redept.org\/blogosfera\/wp-content\/plugins\/yuzo-related-post\/assets\/images\/default.png') 50% 50% no-repeat;width: 125px;height:90px;margin-bottom: 5px;background-size: cover; \"><\/div>\n\t\t\t\t\t\t\t\t\t  <\/div>\n\t\t\t\t\t\t\t\t\t  \n\t\t\t\t\t\t\t\t   <span class=\"yuzo__text--title\" style=\"font-size:13px;\">Artigos publicados no Brasil de Fato d\u00e3o origem a ...<\/span>\n\t\t\t\t\t\t\t  \n\t\t\t\t\t\t\t  \n\t\t\t\t\t\t\t  <\/a>\n\n\t\t\t\t\t\t  <\/div>\n\t\t\t\t\t\t  <div class=\"relatedthumb \" style=\"width:125px;float:left;overflow:hidden;\">  \n\t\t\t\t\t\t\t  \n\t\t\t\t\t\t\t  <a  href=\"https:\/\/redept.com.br\/blogosfera\/entidades-repudiam-incitacao-a-violencia-contra-jornalistas-por-bolsonaristas\/\"  >\n\t\t\t\t\t\t\t\t\t  <div class=\"yuzo-img-wrap \" style=\"width: 125px;height:90px;\">\n\t\t\t\t\t\t\t\t\t\t\n\t\t\t\t\t\t\t\t\t\t<div class=\"yuzo-img\" style=\"background:url('https:\/\/redept.com.br\/blogosfera\/wp-content\/uploads\/2026\/03\/dfstar_Marcelo-Camargo_Agencia-Brasil-150x150.jpg') 50% 50% no-repeat;width: 125px;height:90px;margin-bottom: 5px;background-size: cover; \"><\/div>\n\t\t\t\t\t\t\t\t\t  <\/div>\n\t\t\t\t\t\t\t\t\t  \n\t\t\t\t\t\t\t\t   <span class=\"yuzo__text--title\" style=\"font-size:13px;\">Entidades repudiam incita\u00e7\u00e3o \u00e0 viol\u00eancia contra jo...<\/span>\n\t\t\t\t\t\t\t  \n\t\t\t\t\t\t\t  \n\t\t\t\t\t\t\t  <\/a>\n\n\t\t\t\t\t\t  <\/div>\n\t\t\t\t\t\t  <div class=\"relatedthumb \" style=\"width:125px;float:left;overflow:hidden;\">  \n\t\t\t\t\t\t\t  \n\t\t\t\t\t\t\t  <a  href=\"https:\/\/redept.com.br\/blogosfera\/abertura-do-ii-curso-de-formacao-sindical-do-sindsifce-acontece-neste-sabado-7-com-a-participacao-de-jones-manoel\/\"  >\n\t\t\t\t\t\t\t\t\t  <div class=\"yuzo-img-wrap \" style=\"width: 125px;height:90px;\">\n\t\t\t\t\t\t\t\t\t\t\n\t\t\t\t\t\t\t\t\t\t<div class=\"yuzo-img\" style=\"background:url('https:\/\/redept.org\/blogosfera\/wp-content\/plugins\/yuzo-related-post\/assets\/images\/default.png') 50% 50% no-repeat;width: 125px;height:90px;margin-bottom: 5px;background-size: cover; \"><\/div>\n\t\t\t\t\t\t\t\t\t  <\/div>\n\t\t\t\t\t\t\t\t\t  \n\t\t\t\t\t\t\t\t   <span class=\"yuzo__text--title\" style=\"font-size:13px;\">Abertura do II Curso de Forma\u00e7\u00e3o Sindical, do SIND...<\/span>\n\t\t\t\t\t\t\t  \n\t\t\t\t\t\t\t  \n\t\t\t\t\t\t\t  <\/a>\n\n\t\t\t\t\t\t  <\/div>\n\t\t\t\t\t\t  <div class=\"relatedthumb \" style=\"width:125px;float:left;overflow:hidden;\">  \n\t\t\t\t\t\t\t  \n\t\t\t\t\t\t\t  <a  href=\"https:\/\/redept.com.br\/blogosfera\/israelenses-elevam-pressao-sobre-governo-por-acordo-de-refens\/\"  >\n\t\t\t\t\t\t\t\t\t  <div class=\"yuzo-img-wrap \" style=\"width: 125px;height:90px;\">\n\t\t\t\t\t\t\t\t\t\t\n\t\t\t\t\t\t\t\t\t\t<div class=\"yuzo-img\" style=\"background:url('https:\/\/redept.com.br\/blogosfera\/wp-content\/uploads\/2025\/04\/71966424_303-150x150.jpg') 50% 50% no-repeat;width: 125px;height:90px;margin-bottom: 5px;background-size: cover; \"><\/div>\n\t\t\t\t\t\t\t\t\t  <\/div>\n\t\t\t\t\t\t\t\t\t  \n\t\t\t\t\t\t\t\t   <span class=\"yuzo__text--title\" style=\"font-size:13px;\">Israelenses elevam press\u00e3o sobre governo por acord...<\/span>\n\t\t\t\t\t\t\t  \n\t\t\t\t\t\t\t  \n\t\t\t\t\t\t\t  <\/a>\n\n\t\t\t\t\t\t  <\/div>\n<\/div> <script>\n\t\t\t\t\t\t  jQuery(document).ready(function( $ ){\n\t\t\t\t\t\t\t\/\/jQuery('.yuzo_related_post').equalizer({ overflow : 'relatedthumb' });\n\t\t\t\t\t\t\tjQuery('.yuzo_related_post .yuzo_wraps').equalizer({ columns : '> div' });\n\t\t\t\t\t\t   })\n\t\t\t\t\t\t  <\/script> <!-- End Yuzo :) -->","protected":false},"excerpt":{"rendered":"<p>Investiga\u00e7\u00e3o da Rep\u00f3rter Brasil mostra como pecuaristas flagrados com trabalho escravo integravam a rede de fornecedores de gigantes do setor da carne; Estudo tamb\u00e9m encontrou casos de invas\u00e3o a terras ind\u00edgenas e desmatamento ilegal entre produtores que encaminharam gado para fonecedores diretos de frigor\u00edficos<\/p>\n<p>The post <a href=\"https:\/\/reporterbrasil.org.br\/2025\/10\/novos-casos-trabalho-escravo-maiores-frigorificos-pais\/\">Novos casos refor\u00e7am elo entre trabalho escravo e maiores frigor\u00edficos do pa\u00eds<\/a> appeared first on <a href=\"https:\/\/reporterbrasil.org.br\/\">Rep\u00f3rter Brasil<\/a>.<\/p>\n","protected":false},"author":2,"featured_media":57413,"comment_status":"open","ping_status":"closed","sticky":false,"template":"","format":"standard","meta":{"fifu_image_url":"","fifu_image_alt":"","footnotes":""},"categories":[13690,109,5879,5891,11009,24203,987,5799,974],"tags":[],"class_list":["post-57412","post","type-post","status-publish","format-standard","has-post-thumbnail","hentry","category-_destaque-da-home-1","category-amazonia","category-conteudo-original-em-portugues","category-jbs","category-marfrig","category-minerva","category-pecuaria","category-reportagens","category-trabalho-escravo"],"_links":{"self":[{"href":"https:\/\/redept.com.br\/blogosfera\/wp-json\/wp\/v2\/posts\/57412","targetHints":{"allow":["GET"]}}],"collection":[{"href":"https:\/\/redept.com.br\/blogosfera\/wp-json\/wp\/v2\/posts"}],"about":[{"href":"https:\/\/redept.com.br\/blogosfera\/wp-json\/wp\/v2\/types\/post"}],"author":[{"embeddable":true,"href":"https:\/\/redept.com.br\/blogosfera\/wp-json\/wp\/v2\/users\/2"}],"replies":[{"embeddable":true,"href":"https:\/\/redept.com.br\/blogosfera\/wp-json\/wp\/v2\/comments?post=57412"}],"version-history":[{"count":0,"href":"https:\/\/redept.com.br\/blogosfera\/wp-json\/wp\/v2\/posts\/57412\/revisions"}],"wp:featuredmedia":[{"embeddable":true,"href":"https:\/\/redept.com.br\/blogosfera\/wp-json\/wp\/v2\/media\/57413"}],"wp:attachment":[{"href":"https:\/\/redept.com.br\/blogosfera\/wp-json\/wp\/v2\/media?parent=57412"}],"wp:term":[{"taxonomy":"category","embeddable":true,"href":"https:\/\/redept.com.br\/blogosfera\/wp-json\/wp\/v2\/categories?post=57412"},{"taxonomy":"post_tag","embeddable":true,"href":"https:\/\/redept.com.br\/blogosfera\/wp-json\/wp\/v2\/tags?post=57412"}],"curies":[{"name":"wp","href":"https:\/\/api.w.org\/{rel}","templated":true}]}}