{"id":57580,"date":"2025-10-09T15:24:42","date_gmt":"2025-10-09T18:24:42","guid":{"rendered":"https:\/\/redept.com.br\/blogosfera\/a-luta-de-jose-do-patrocinio-o-tigre-da-abolicao\/"},"modified":"2025-10-09T15:24:42","modified_gmt":"2025-10-09T18:24:42","slug":"a-luta-de-jose-do-patrocinio-o-tigre-da-abolicao","status":"publish","type":"post","link":"https:\/\/redept.com.br\/blogosfera\/a-luta-de-jose-do-patrocinio-o-tigre-da-abolicao\/","title":{"rendered":"A luta de Jos\u00e9 do Patroc\u00ednio, o \u2018Tigre da Aboli\u00e7\u00e3o\u2019"},"content":{"rendered":"<p>H\u00e1 172 anos, em 9 de outubro de 1853, nascia o jornalista e escritor Jos\u00e9 do Patroc\u00ednio, um dos mais proeminentes l\u00edderes do movimento abolicionista no Brasil.<\/p>\n<p>Filho de um padre com uma jovem negra escravizada, Patroc\u00ednio conseguiu superar as terr\u00edveis barreiras raciais do Brasil Imp\u00e9rio e se consagrou como um dos maiores jornalistas do s\u00e9culo 19.<\/p>\n<p>Fundador da Associa\u00e7\u00e3o Central Emancipadora e da Confedera\u00e7\u00e3o Abolicionista, ele foi um dos grandes comandantes da luta contra o regime escravocrata, organizando campanhas e passeatas em prol da emancipa\u00e7\u00e3o, coletando fundos para a compra de alforrias e ajudando a organizar a fuga de escravizados \u2014 a\u00e7\u00f5es que lhe valeram o ep\u00edteto de \u201cTigre da Aboli\u00e7\u00e3o\u201d.<\/p>\n<p>O jornalista tamb\u00e9m exerceu o cargo de vereador na C\u00e2mara Municipal do Rio de Janeiro, ajudou a fundar a Academia Brasileira de Letras e foi respons\u00e1vel por redigir e anunciar publicamente a mo\u00e7\u00e3o que oficializou a Proclama\u00e7\u00e3o da Rep\u00fablica.<\/p>\n<h3>Juventude e forma\u00e7\u00e3o<\/h3>\n<p>Jos\u00e9 Carlos do Patroc\u00ednio nasceu em Campos dos Goytacazes, no Norte Fluminense. Ele era filho do c\u00f4nego Jo\u00e3o Carlos Monteiro, o vig\u00e1rio da cidade, e de Justina do Esp\u00edrito Santo, uma jovem escravizada de origem Mina.<\/p>\n<p>Embora fosse um sacerdote, seu pai era conhecido pela vida desregrada, repleta de v\u00edcios e aventuras. Era tamb\u00e9m um homem poderoso, propriet\u00e1rio de terras e deputado na Assembleia Legislativa Provincial. Justina era uma de muitas escravizadas que viviam nas terras do padre. Ela foi cedida como um presente de Emerenciana Ribeiro do Esp\u00edrito Santo, uma das fi\u00e9is da par\u00f3quia.<\/p>\n<p>O vig\u00e1rio n\u00e3o reconheceu Patroc\u00ednio como seu filho, mas permitiu que o menino crescesse como liberto em sua fazenda na Lagoa de Cima. Patroc\u00ednio passou sua inf\u00e2ncia em meio aos escravizados, testemunhando os maus-tratos e a explora\u00e7\u00e3o inclemente a que eram submetidos.<\/p>\n<p>Em 1868, Patroc\u00ednio, ent\u00e3o com 14 anos, obteve a permiss\u00e3o do pai para deixar a fazenda e ir para o Rio de Janeiro, em busca de oportunidades. Na capital do Imp\u00e9rio, trabalhou como servente na Santa Casa de Miseric\u00f3rdia. Depois, tornou-se aprendiz de farm\u00e1cia na Casa de Sa\u00fade do Bom Jesus do Calv\u00e1rio, do doutor Batista dos Santos.<\/p>\n<p>Determinado a buscar uma carreira na \u00e1rea da sa\u00fade, Patroc\u00ednio se matriculou no Externato Jo\u00e3o Pedro de Aquino. Em 1871, ele foi aprovado no curso de farm\u00e1cia da Faculdade de Medicina. Para se manter durante a gradua\u00e7\u00e3o, Patroc\u00ednio dava aulas particulares. Tamb\u00e9m contava com o aux\u00edlio de uma sociedade beneficente e de seu amigo Sebasti\u00e3o Cat\u00e3o Calado.<\/p>\n<p>Patroc\u00ednio enfrentou dificuldades financeiras ap\u00f3s sua gradua\u00e7\u00e3o em 1874. Sem ter onde morar, foi socorrido por um colega da \u00e9poca do externato, que lhe ofereceu abrigo na casa do capit\u00e3o Emiliano Rosa Sena, no bairro de S\u00e3o Crist\u00f3v\u00e3o.<\/p>\n<p>Foi nesse per\u00edodo que Patroc\u00ednio se envolveu afetivamente com Maria Henriqueta, dita \u201cBibi\u201d, uma das filhas do militar. O relacionamento, a princ\u00edpio, incomodou o capit\u00e3o, mas foi posteriormente aceito. Patroc\u00ednio e Bibi se casaram em 1879 e tiveram cinco filhos.<\/p>\n<h3>Carreira jornal\u00edstica e liter\u00e1ria<\/h3>\n<p>Durante a estadia na casa do capit\u00e3o Sena, Patroc\u00ednio frequentou as atividades do \u201cClube Republicano\u201d, que funcionava na mesma resid\u00eancia. A experi\u00eancia possibilitou que ele tivesse contato com nomes como Quintino Bocaiuva, Lopes Trov\u00e3o e Pardal Mallet e influenciou a decis\u00e3o de buscar uma nova ocupa\u00e7\u00e3o no jornalismo.<\/p>\n<p>Em 1875, em parceria com Dermeval da Fonseca, Patroc\u00ednio lan\u00e7ou o quinzen\u00e1rio \u201cOs Ferr\u00f5es\u201d, um panfleto com observa\u00e7\u00f5es sat\u00edricas sobre os acontecimentos pol\u00edticos do Imp\u00e9rio. Dois anos depois, em 1877, tornou-se redator da \u201cGazeta de Not\u00edcias\u201d, assinando a coluna \u201cSemana Parlamentar\u201d, tamb\u00e9m dedicada a an\u00e1lises pol\u00edticas.<\/p>\n<p>Patroc\u00ednio estreou sua carreira liter\u00e1ria nesse mesmo ano, lan\u00e7ando o romance \u201cMotta Coqueiro ou a Pena de Morte\u201d. A obra reconta de forma ficcional a hist\u00f3ria do fazendeiro Manuel da Motta Coqueiro, condenado \u00e0 morte por um crime que n\u00e3o cometeu. Al\u00e9m de criticar as falhas do sistema judici\u00e1rio e a crueldade da pena de morte, o romance tamb\u00e9m denunciava a brutalidade do sistema escravocrata.<\/p>\n<p>Seu segundo romance, intitulado \u201cOs Retirantes\u201d, foi lan\u00e7ado em 1879. A obra \u00e9 baseada nas reportagens jornal\u00edsticas que pr\u00f3prio autor escreveu durante uma viagem ao Cear\u00e1, a fim de investigar o flagelo da seca e acompanhar as medidas tomadas pelas autoridades. O romance \u00e9 considerado o texto fundador da \u201cliteratura da seca\u201d, influenciando trabalhos posteriores de Rachel de Queiroz e Graciliano Ramos.<\/p>\n<p>Patroc\u00ednio escreveu ainda um terceiro romance chamado \u201cPedro Espanhol\u201d, publicado em 1884. O livro apresenta a hist\u00f3ria de um assassino que foge de Portugal e imigra para o Brasil acompanhando a fam\u00edlia real. No novo pa\u00eds, ele passa a liderar uma quadrilha de bandoleiros \u2014 evocando alegoricamente a viol\u00eancia da heran\u00e7a colonial e seu impacto na forma\u00e7\u00e3o do Brasil.<\/p>\n<figure aria-describedby=\"caption-attachment-233993\"><img loading=\"lazy\" loading=\"lazy\" decoding=\"async\"src=\"https:\/\/redept.com.br\/blogosfera\/wp-content\/uploads\/2025\/10\/jose_do_patrocinio.jpg\" alt=\"\" width=\"409\" height=\"521\" srcset=\"https:\/\/redept.com.br\/blogosfera\/wp-content\/uploads\/2025\/10\/jose_do_patrocinio.jpg 409w, https:\/\/operamundi.uol.com.br\/wp-content\/uploads\/2025\/10\/jose_do_patrocinio-236x300.jpg 236w, https:\/\/operamundi.uol.com.br\/wp-content\/uploads\/2025\/10\/jose_do_patrocinio-150x191.jpg 150w\" sizes=\"auto, (max-width: 409px) 100vw, 409px\"><figcaption>Jos\u00e9 do Patroc\u00ednio, fotografado por volta de 1900 <br \/>Wikimedia Commons<\/figcaption><\/figure>\n<h3>O \u201cTigre da Aboli\u00e7\u00e3o\u201d<\/h3>\n<p>Jos\u00e9 do Patroc\u00ednio iniciou a milit\u00e2ncia no movimento abolicionista em 1879, usando sua coluna na \u201cGazeta de Not\u00edcias\u201d para difundir a campanha pelo fim da escravatura. Tamb\u00e9m conclamou a mobiliza\u00e7\u00e3o contra a escravid\u00e3o nas p\u00e1ginas do jornal \u201cGazeta da Tarde\u201d, do qual se tornou propriet\u00e1rio em 1881.<\/p>\n<p>O jornalista foi respons\u00e1vel por articular a a\u00e7\u00e3o conjunta de alguns dos mais eminentes l\u00edderes do movimento abolicionista, reunindo em torno de si nomes como Andr\u00e9 Rebou\u00e7as, Teodoro Sampaio, Joaquim Nabuco, Ferreira de Menezes, Jo\u00e3o Clapp, Lopes Trov\u00e3o, Paula Ney e Ubaldino do Amaral.<\/p>\n<p>Em 1881, esse grupo formaria a Associa\u00e7\u00e3o Central Emancipadora, uma das organiza\u00e7\u00f5es mais ativas na campanha pela aboli\u00e7\u00e3o. Dois anos depois, em 1883, Patroc\u00ednio e Andr\u00e9 Rebou\u00e7as fundaram a Confedera\u00e7\u00e3o Abolicionista, organiza\u00e7\u00e3o que congregava os mais importantes clubes, associa\u00e7\u00f5es e sociedades antiescravagistas do Brasil. Ele foi um dos autores do \u201cManifesto da Confedera\u00e7\u00e3o\u201d, um marco da luta emancipacionista.<\/p>\n<p>Patroc\u00ednio organizou in\u00fameros atos p\u00fablicos, espet\u00e1culos, com\u00edcios e passeatas para difundir a causa antiescravagista. Ex\u00edmio orador, ele brilhava nas famosas confer\u00eancias abolicionistas do Teatro S\u00e3o Lu\u00eds, emocionando o p\u00fablico com sua argumenta\u00e7\u00e3o pungente e incisiva \u2014 e ao mesmo tempo convidando \u00e0 a\u00e7\u00e3o com uma ret\u00f3rica inflamada.<\/p>\n<p>O escritor organizou campanhas de levantamento de recursos para a compra de alforrias e criou uma rede secreta que auxiliava na fuga de escravizados \u2014 muitos deles abrigados na sua pr\u00f3pria resid\u00eancia. Patroc\u00ednio tamb\u00e9m liderou uma a\u00e7\u00e3o chamada \u201climpeza das ruas\u201d, que consistia em pressionar publicamente os propriet\u00e1rios de escravos do Rio de Janeiro a libertarem aos seus cativos.<\/p>\n<p>Os esfor\u00e7os incans\u00e1veis de Jos\u00e9 do Patroc\u00ednio em prol da liberdade dos escravizados lhe valeram a alcunha de \u201cTigre da Aboli\u00e7\u00e3o\u201d. Como relatado por Orlando Guilhom, o jornalista era considerado o \u201cverdadeiro comandante\u201d da campanha abolicionista.<\/p>\n<p>Sua influ\u00eancia se estendia por todo o pa\u00eds. No Cear\u00e1, onde foi recebido com o t\u00edtulo de \u201cMarechal Negro\u201d, Patroc\u00ednio ajudou a articular a iniciativa pol\u00edtica que levou \u00e0 primeira aboli\u00e7\u00e3o provincial da escravatura no Brasil, decretada em 1884.<\/p>\n<p>Quando retornou a Campos dos Goytacazes, sua cidade natal, Patroc\u00ednio foi recebido como her\u00f3i. Na ocasi\u00e3o, ele resgatou sua m\u00e3e, que estava muito doente, e a levou para o Rio de Janeiro. Justina faleceu pouco tempo depois, ap\u00f3s passar a vida inteira como escravizada. O sepultamento se converteu em um verdadeiro ato p\u00fablico em prol da liberta\u00e7\u00e3o, testemunhado por personalidades como Ruy Barbosa, Prudente de Morais e Campos Sales.<\/p>\n<p>Em 1886, Jos\u00e9 do Patroc\u00ednio foi eleito vereador pela C\u00e2mara Municipal do Rio de Janeiro, amparado por uma vota\u00e7\u00e3o expressiva. No ano seguinte, ele fundou o jornal \u201cA Cidade do Rio\u201d, combativo peri\u00f3dico que agregava alguns dos maiores nomes do jornalismo brasileiro em seus quadros.<\/p>\n<p>Foi na sacada da sede do jornal que Patroc\u00ednio saudou a popula\u00e7\u00e3o em 13 de maio de 1888, ap\u00f3s a princesa Isabel assinar a Lei \u00c1urea, finalmente abolindo a escravid\u00e3o. O jornalista se tornou um dos principais defensores de Isabel ap\u00f3s a emancipa\u00e7\u00e3o, concedendo-lhe o t\u00edtulo de \u201cA Redentora\u201d e passando a exalt\u00e1-la em suas publica\u00e7\u00f5es. O escritor alertou, no entanto, que a mera aboli\u00e7\u00e3o n\u00e3o bastaria para aplacar a chaga da escravid\u00e3o e cobrou a realiza\u00e7\u00e3o de uma reforma agr\u00e1ria para garantir meios de subsist\u00eancia aos ex-cativos.<\/p>\n<p>Patroc\u00ednio tamb\u00e9m \u00e9 identificado como o fundador da Guarda Negra \u2014 uma mil\u00edcia de ex-escravizados que tinha como miss\u00e3o a defesa da aboli\u00e7\u00e3o e a prote\u00e7\u00e3o da princesa Isabel. O grupo ajudaria a fomentar o \u201cisabelismo\u201d (o culto mitificador \u00e0 imagem de Isabel) e realizaria v\u00e1rios ataques contra os com\u00edcios republicanos, associando-se \u00e0 defesa do regime mon\u00e1rquico.<\/p>\n<h3>A Proclama\u00e7\u00e3o da Rep\u00fablica e os anos finais<\/h3>\n<p>Ap\u00f3s a campanha pela aboli\u00e7\u00e3o da escravatura, o movimento em prol do regime republicano ganhou forte impulso. V\u00e1rias lideran\u00e7as do movimento abolicionista tamb\u00e9m eram partid\u00e1rios do sistema republicano. A defesa exaltada da princesa Isabel e os v\u00ednculos com a Guarda Negra, no entanto, fizeram com que Patroc\u00ednio ganhasse a fama de defensor da monarquia.<\/p>\n<p>O jornalista sempre afirmou ser um defensor do regime republicano \u2014 e, de fato, mantinha v\u00ednculos com organiza\u00e7\u00f5es republicanas desde o fim da d\u00e9cada de 1870. A argumenta\u00e7\u00e3o, no entanto, n\u00e3o foi convincente. Patroc\u00ednio ficaria isolado no movimento republicano e perderia gradualmente a influ\u00eancia pol\u00edtica conquistada com a campanha abolicionista.<\/p>\n<p>Paradoxalmente, Jos\u00e9 do Patroc\u00ednio foi o orador que proclamou a Rep\u00fablica. Embora tivesse destitu\u00eddo o gabinete mon\u00e1rquico de Pedro II, o l\u00edder das tropas republicanas, marechal Deodoro da Fonseca, n\u00e3o fez nenhum an\u00fancio formal sobre a mudan\u00e7a de regime.<\/p>\n<p>A responsabilidade coube ent\u00e3o a Patroc\u00ednio, o vereador mais jovem da C\u00e2mara Municipal do Rio de Janeiro. No dia 15 de novembro de 1889, ap\u00f3s redigir \u00e0s pressas o documento, ele subiu ao plen\u00e1rio do parlamento e leu a mo\u00e7\u00e3o p\u00fablica anunciando a aboli\u00e7\u00e3o da monarquia e a institui\u00e7\u00e3o do governo republicano.<\/p>\n<p>Patroc\u00ednio fez declara\u00e7\u00f5es de apoio ao novo regime, mas as rela\u00e7\u00f5es com a \u201cRep\u00fablica da Espada\u201d logo se deterioraram. Em 1892, ap\u00f3s declarar publicamente sua simpatia pela Revolta da Armada, o escritor foi acusado de conspirar contra a Rep\u00fablica e se tornou alvo do presidente Floriano Peixoto. Patroc\u00ednio foi condenado ao degredo no estado do Amazonas e teve seu jornal fechado pelas autoridades.<\/p>\n<p>O jornalista retornou ao Rio de Janeiro em 1893, mas preferiu adotar um perfil mais discreto, afastando-se da vida p\u00fablica e do debate pol\u00edtico. Entre 1896 e 1897, Patroc\u00ednio ajudou a fundar a Academia Brasileira de Letras (ABL). Ocupou a cadeira de n\u00ba 21, do patrono Joaquim Serra.<\/p>\n<p>Em seus \u00faltimos anos, Jos\u00e9 do Patroc\u00ednio se interessou pela avia\u00e7\u00e3o. Ele era um grande admirador de Santos Dumont e chegou a financiar a constru\u00e7\u00e3o de um dirig\u00edvel batizado como \u201cSanta Cruz\u201d. Faleceu precocemente em 29 de janeiro de 1905, aos 51 anos, vitimado pela tuberculose.<\/p>\n<p>O post A luta de Jos\u00e9 do Patroc\u00ednio, o \u2018Tigre da Aboli\u00e7\u00e3o\u2019 apareceu primeiro em Opera Mundi.<\/p>\n<!-- Begin Yuzo --><div class='yuzo_related_post style-1'  data-version='5.12.89'><!-- without result --><div class='yuzo_clearfixed yuzo__title yuzo__title'><h3>Related Post<\/h3><\/div>\n\t\t\t\t\t\t  <div class=\"relatedthumb \" style=\"width:125px;float:left;overflow:hidden;\">  \n\t\t\t\t\t\t\t  \n\t\t\t\t\t\t\t  <a  href=\"https:\/\/redept.com.br\/blogosfera\/pf-aponta-que-braga-netto-descumpriu-cautelar-e-manteve-contato-com-bolsonaro\/\"  >\n\t\t\t\t\t\t\t\t\t  <div class=\"yuzo-img-wrap \" style=\"width: 125px;height:90px;\">\n\t\t\t\t\t\t\t\t\t\t\n\t\t\t\t\t\t\t\t\t\t<div class=\"yuzo-img\" style=\"background:url('https:\/\/redept.com.br\/blogosfera\/wp-content\/uploads\/2025\/08\/Bolsonaro-e-Braga-Netto-150x150.jpg') 50% 50% no-repeat;width: 125px;height:90px;margin-bottom: 5px;background-size: cover; \"><\/div>\n\t\t\t\t\t\t\t\t\t  <\/div>\n\t\t\t\t\t\t\t\t\t  \n\t\t\t\t\t\t\t\t   <span class=\"yuzo__text--title\" style=\"font-size:13px;\">PF aponta que Braga Netto descumpriu cautelar e ma...<\/span>\n\t\t\t\t\t\t\t  \n\t\t\t\t\t\t\t  \n\t\t\t\t\t\t\t  <\/a>\n\n\t\t\t\t\t\t  <\/div>\n\t\t\t\t\t\t  <div class=\"relatedthumb \" style=\"width:125px;float:left;overflow:hidden;\">  \n\t\t\t\t\t\t\t  \n\t\t\t\t\t\t\t  <a  href=\"https:\/\/redept.com.br\/blogosfera\/petro-pede-presenca-militar-da-colombia-na-faixa-de-gaza-e-venezuela-apoia-articulacao\/\"  >\n\t\t\t\t\t\t\t\t\t  <div class=\"yuzo-img-wrap \" style=\"width: 125px;height:90px;\">\n\t\t\t\t\t\t\t\t\t\t\n\t\t\t\t\t\t\t\t\t\t<div class=\"yuzo-img\" style=\"background:url('https:\/\/redept.org\/blogosfera\/wp-content\/plugins\/yuzo-related-post\/assets\/images\/default.png') 50% 50% no-repeat;width: 125px;height:90px;margin-bottom: 5px;background-size: cover; \"><\/div>\n\t\t\t\t\t\t\t\t\t  <\/div>\n\t\t\t\t\t\t\t\t\t  \n\t\t\t\t\t\t\t\t   <span class=\"yuzo__text--title\" style=\"font-size:13px;\">Petro pede presen\u00e7a militar da Col\u00f4mbia na Faixa d...<\/span>\n\t\t\t\t\t\t\t  \n\t\t\t\t\t\t\t  \n\t\t\t\t\t\t\t  <\/a>\n\n\t\t\t\t\t\t  <\/div>\n\t\t\t\t\t\t  <div class=\"relatedthumb \" style=\"width:125px;float:left;overflow:hidden;\">  \n\t\t\t\t\t\t\t  \n\t\t\t\t\t\t\t  <a  href=\"https:\/\/redept.com.br\/blogosfera\/mst-encerra-2-escola-da-juventude-na-regiao-centro-oeste-em-corumba-de-goias\/\"  >\n\t\t\t\t\t\t\t\t\t  <div class=\"yuzo-img-wrap \" style=\"width: 125px;height:90px;\">\n\t\t\t\t\t\t\t\t\t\t\n\t\t\t\t\t\t\t\t\t\t<div class=\"yuzo-img\" style=\"background:url('https:\/\/redept.com.br\/blogosfera\/wp-content\/uploads\/2025\/01\/IMG_20250110_180931-dest-1024x644-1-150x150.jpg') 50% 50% no-repeat;width: 125px;height:90px;margin-bottom: 5px;background-size: cover; \"><\/div>\n\t\t\t\t\t\t\t\t\t  <\/div>\n\t\t\t\t\t\t\t\t\t  \n\t\t\t\t\t\t\t\t   <span class=\"yuzo__text--title\" style=\"font-size:13px;\">MST encerra 2 \u00b0 Escola da Juventude na Regi\u00e3o Cent...<\/span>\n\t\t\t\t\t\t\t  \n\t\t\t\t\t\t\t  \n\t\t\t\t\t\t\t  <\/a>\n\n\t\t\t\t\t\t  <\/div>\n\t\t\t\t\t\t  <div class=\"relatedthumb \" style=\"width:125px;float:left;overflow:hidden;\">  \n\t\t\t\t\t\t\t  \n\t\t\t\t\t\t\t  <a  href=\"https:\/\/redept.com.br\/blogosfera\/lula-para-bolsonaro-se-voce-cometeu-o-crime-de-que-esta-sendo-acusado-voce-sera-preso\/\"  >\n\t\t\t\t\t\t\t\t\t  <div class=\"yuzo-img-wrap \" style=\"width: 125px;height:90px;\">\n\t\t\t\t\t\t\t\t\t\t\n\t\t\t\t\t\t\t\t\t\t<div class=\"yuzo-img\" style=\"background:url('https:\/\/redept.org\/blogosfera\/wp-content\/plugins\/yuzo-related-post\/assets\/images\/default.png') 50% 50% no-repeat;width: 125px;height:90px;margin-bottom: 5px;background-size: cover; \"><\/div>\n\t\t\t\t\t\t\t\t\t  <\/div>\n\t\t\t\t\t\t\t\t\t  \n\t\t\t\t\t\t\t\t   <span class=\"yuzo__text--title\" style=\"font-size:13px;\">Lula para Bolsonaro: \u201cSe voc\u00ea cometeu o crime de q...<\/span>\n\t\t\t\t\t\t\t  \n\t\t\t\t\t\t\t  \n\t\t\t\t\t\t\t  <\/a>\n\n\t\t\t\t\t\t  <\/div>\n<\/div> <script>\n\t\t\t\t\t\t  jQuery(document).ready(function( $ ){\n\t\t\t\t\t\t\t\/\/jQuery('.yuzo_related_post').equalizer({ overflow : 'relatedthumb' });\n\t\t\t\t\t\t\tjQuery('.yuzo_related_post .yuzo_wraps').equalizer({ columns : '> div' });\n\t\t\t\t\t\t   })\n\t\t\t\t\t\t  <\/script> <!-- End Yuzo :) -->","protected":false},"excerpt":{"rendered":"<p>H\u00e1 172 anos, em 9 de outubro de 1853, nascia o jornalista e escritor Jos\u00e9 do Patroc\u00ednio, um dos mais proeminentes l\u00edderes do movimento abolicionista no Brasil. Filho de um padre com uma jovem negra escravizada, Patroc\u00ednio conseguiu superar as terr\u00edveis barreiras raciais do Brasil Imp\u00e9rio e se consagrou como um dos maiores jornalistas do [\u2026]<\/p>\n<p>O post <a href=\"https:\/\/operamundi.uol.com.br\/pensar-a-historia\/a-luta-de-jose-do-patrocinio-o-tigre-da-abolicao\/\">A luta de Jos\u00e9 do Patroc\u00ednio, o \u2018Tigre da Aboli\u00e7\u00e3o\u2019<\/a> apareceu primeiro em <a href=\"https:\/\/operamundi.uol.com.br\/\">Opera Mundi<\/a>.<\/p>\n","protected":false},"author":2,"featured_media":57581,"comment_status":"closed","ping_status":"closed","sticky":false,"template":"","format":"standard","meta":{"fifu_image_url":"","fifu_image_alt":"","footnotes":""},"categories":[24335,6700,5622,24336],"tags":[],"class_list":["post-57580","post","type-post","status-publish","format-standard","has-post-thumbnail","hentry","category-jose-do-patrocinio","category-patrocinio","category-pensar-a-historia","category-tigre-da-abolicao"],"_links":{"self":[{"href":"https:\/\/redept.com.br\/blogosfera\/wp-json\/wp\/v2\/posts\/57580","targetHints":{"allow":["GET"]}}],"collection":[{"href":"https:\/\/redept.com.br\/blogosfera\/wp-json\/wp\/v2\/posts"}],"about":[{"href":"https:\/\/redept.com.br\/blogosfera\/wp-json\/wp\/v2\/types\/post"}],"author":[{"embeddable":true,"href":"https:\/\/redept.com.br\/blogosfera\/wp-json\/wp\/v2\/users\/2"}],"replies":[{"embeddable":true,"href":"https:\/\/redept.com.br\/blogosfera\/wp-json\/wp\/v2\/comments?post=57580"}],"version-history":[{"count":0,"href":"https:\/\/redept.com.br\/blogosfera\/wp-json\/wp\/v2\/posts\/57580\/revisions"}],"wp:featuredmedia":[{"embeddable":true,"href":"https:\/\/redept.com.br\/blogosfera\/wp-json\/wp\/v2\/media\/57581"}],"wp:attachment":[{"href":"https:\/\/redept.com.br\/blogosfera\/wp-json\/wp\/v2\/media?parent=57580"}],"wp:term":[{"taxonomy":"category","embeddable":true,"href":"https:\/\/redept.com.br\/blogosfera\/wp-json\/wp\/v2\/categories?post=57580"},{"taxonomy":"post_tag","embeddable":true,"href":"https:\/\/redept.com.br\/blogosfera\/wp-json\/wp\/v2\/tags?post=57580"}],"curies":[{"name":"wp","href":"https:\/\/api.w.org\/{rel}","templated":true}]}}