{"id":57590,"date":"2025-10-09T18:30:18","date_gmt":"2025-10-09T21:30:18","guid":{"rendered":"https:\/\/redept.com.br\/blogosfera\/nobel-de-literatura-premia-o-hungaro-laszlo-krasznahorkai\/"},"modified":"2025-10-09T18:30:18","modified_gmt":"2025-10-09T21:30:18","slug":"nobel-de-literatura-premia-o-hungaro-laszlo-krasznahorkai","status":"publish","type":"post","link":"https:\/\/redept.com.br\/blogosfera\/nobel-de-literatura-premia-o-hungaro-laszlo-krasznahorkai\/","title":{"rendered":"Nobel de Literatura premia o h\u00fangaro L\u00e1szl\u00f3 Krasznahorkai"},"content":{"rendered":"<p><span>O escritor h\u00fangaro L\u00e1szl\u00f3 Krasznahorkai foi agraciado com o Pr\u00eamio Nobel de Literatura \u201cpor sua obra marcante e vision\u00e1ria que, em meio ao terror apocal\u00edptico, reafirma o poder da arte\u201d, anunciou nesta quinta-feira (09\/10) a Academia Sueca em Estocolmo.\u00a0<\/span><\/p>\n<p><span>O pr\u00eamio \u00e9 atribu\u00eddo \u00e0 pessoa que \u201ctiver produzido no campo da literatura o trabalho mais not\u00e1vel\u201d. Cada vencedor recebe 11 milh\u00f5es de coroas suecas (R$ 6,1 milh\u00f5es).<\/span><\/p>\n<p><span>A academia descreveu Krasznahorkai, autor de cinco romances e diversas outras colet\u00e2neas de ensaios e contos, como um \u201cgrande escritor \u00e9pico na tradi\u00e7\u00e3o centro-europeia que se estende de Kafka a Thomas Bernhard e \u00e9 caracterizada pelo absurdo e o excesso grotesco\u201d.<\/span><\/p>\n<p><span>Nascido em Gyula, na Hungria, Krasznahorkai tem 71 anos e \u00e9 autor dos romances como <em>The Melancholy of Resistance<\/em> (1989), <em>War and War<\/em> (1999),<em> Destruction and Sorrow beneath the Heavens<\/em> (2004) e <em>Baron Wenckheim\u2019s Homecoming<\/em> (2016).\u00a0<\/span><\/p>\n<p><span><em>S\u00e1t\u00e1ntang\u00f3<\/em>, \u00fanica obra do escritor publicada no Brasil, foi editada em 2022 pela Companhia das Letras. A obra se desenrola em torno da chegada de um homem misterioso a uma aldeia h\u00fangara onde a chuva n\u00e3o para de cair.<\/span><\/p>\n<p><span>Antes de receber o Nobel, ele j\u00e1 havia sido reconhecido com o Booker International Prize de 2015 por suas \u201cfrases extraordin\u00e1rias, frases de comprimento incr\u00edvel que v\u00e3o a extremos incr\u00edveis, cujo tom muda de solene para exc\u00eantrico, de curioso para desolado, enquanto seguem seu caminho err\u00e1tico\u201d.<\/span><\/p>\n<p><span>Tanto <em>S\u00e1t\u00e1ntang\u00f3<\/em> quanto<em> The Melancholy of Resistance<\/em> foram transformados em filmes pelo diretor h\u00fangaro B\u00e9la Tarr.<\/span><\/p>\n<h3><span>Outros vencedores<\/span><\/h3>\n<p><span>Em 2024, o Nobel de Literatura foi para a autora de romances, ensaios e contos sul-coreana Han Kang. Ela \u00e9 a primeira mulher asi\u00e1tica a ganhar o pr\u00eamio e foi apenas a 18\u00aa mulher a receber o Nobel de Literatura entre os 121 laureados desde 1901.<\/span><\/p>\n<p><span>A Academia Sueca, organizadora do pr\u00eamio, \u00e9 frequentemente criticada pelo longo hist\u00f3rico de premia\u00e7\u00e3o a homens e pela baixa representatividade geogr\u00e1fica dos vencedores na categoria liter\u00e1ria. Entre os 121 ganhadores, por exemplo, 97 eram europeus.\u00a0<\/span><\/p>\n<p><span>Em 2023, o Nobel de Literatura foi para o escritor noruegu\u00eas Jon Fosse. Em 2022, ele ficou com a escritora francesa Annie Ernaux.<\/span><\/p>\n<figure aria-describedby=\"caption-attachment-234016\"><img fetchpriority=\"high\" decoding=\"async\"src=\"https:\/\/redept.com.br\/blogosfera\/wp-content\/uploads\/2025\/10\/74289780_1004.webp\" alt=\"\" width=\"1200\" height=\"525\" srcset=\"https:\/\/redept.com.br\/blogosfera\/wp-content\/uploads\/2025\/10\/74289780_1004.webp 1200w, https:\/\/operamundi.uol.com.br\/wp-content\/uploads\/2025\/10\/74289780_1004-300x131.webp 300w, https:\/\/operamundi.uol.com.br\/wp-content\/uploads\/2025\/10\/74289780_1004-1024x448.webp 1024w, https:\/\/operamundi.uol.com.br\/wp-content\/uploads\/2025\/10\/74289780_1004-768x336.webp 768w, https:\/\/operamundi.uol.com.br\/wp-content\/uploads\/2025\/10\/74289780_1004-150x66.webp 150w, https:\/\/operamundi.uol.com.br\/wp-content\/uploads\/2025\/10\/74289780_1004-750x328.webp 750w, https:\/\/operamundi.uol.com.br\/wp-content\/uploads\/2025\/10\/74289780_1004-1140x499.webp 1140w\" sizes=\"(max-width: 1200px) 100vw, 1200px\"><figcaption>\u2018S\u00e1t\u00e1ntang\u00f3\u2019 \u00e9 a \u00fanica obra do escritor h\u00fangaro L\u00e1szl\u00f3 Krasznahorkai publicada no Brasil <br \/>Mirco Toniolo\/Avalon\/picture alliance<\/figcaption><\/figure>\n<h3><span>Outras categorias<\/span><\/h3>\n<p><span>Criado pelo inventor sueco Alfred Nobel (1833-1896), com base em sua fortuna pessoal, o pr\u00eamio que leva seu nome j\u00e1 foi concedido 628 vezes a 1.015 indiv\u00edduos e organiza\u00e7\u00f5es, alguns mais de uma vez, entre 1901 e 2024.<\/span><\/p>\n<p><span>Os seis dias de an\u00fancios do Pr\u00eamio Nobel iniciaram-se na segunda-feira, com o da Medicina, designado aos pesquisadores americanos Mary E. Brunkow e Fred Ramsdell e o japon\u00eas Shimon Sakaguchi, por sua descoberta relacionada \u00e0 toler\u00e2ncia imunol\u00f3gica perif\u00e9rica, que impede o sistema imunol\u00f3gico de causar danos ao corpo.<\/span><\/p>\n<p><span>No dia seguinte, o de F\u00edsica foi para o brit\u00e2nico John Clarke, o franc\u00eas Michel Devoret e o americano John Martinis por pesquisas fundamentais para o avan\u00e7o da computa\u00e7\u00e3o qu\u00e2ntica. O de Qu\u00edmica ficou com o japon\u00eas Susumu Kitagawa, o brit\u00e2nico Richard Robson e o jordaniano Omar M. Yaghi pelo desenvolvimento de estruturas metalorg\u00e2nicas, que podem serem usadas para capturar subst\u00e2ncias espec\u00edficas, desenvolver rea\u00e7\u00f5es qu\u00edmicas e conduzir eletricidade.\u00a0<\/span><\/p>\n<p><span>Ap\u00f3s o an\u00fancio do Nobel de Literatura, segue-se o da Paz. Em 13 de outubro, por fim, ser\u00e1 divulgado o Nobel de Economia. A cerim\u00f4nia de entrega, pelo rei da Su\u00e9cia, Carl 16 Gustaf, est\u00e1 marcada para 10 de dezembro.<\/span><\/p>\n<p>O post Nobel de Literatura premia o h\u00fangaro L\u00e1szl\u00f3 Krasznahorkai apareceu primeiro em Opera Mundi.<\/p>\n<!-- Begin Yuzo --><div class='yuzo_related_post style-1'  data-version='5.12.89'><!-- without result --><div class='yuzo_clearfixed yuzo__title yuzo__title'><h3>Related Post<\/h3><\/div>\n\t\t\t\t\t\t  <div class=\"relatedthumb \" style=\"width:125px;float:left;overflow:hidden;\">  \n\t\t\t\t\t\t\t  \n\t\t\t\t\t\t\t  <a  href=\"https:\/\/redept.com.br\/blogosfera\/aos-92-anos-protagonista-de-vento-norte-revisita-filme-que-marcou-o-cinema-gaucho\/\"  >\n\t\t\t\t\t\t\t\t\t  <div class=\"yuzo-img-wrap \" style=\"width: 125px;height:90px;\">\n\t\t\t\t\t\t\t\t\t\t\n\t\t\t\t\t\t\t\t\t\t<div class=\"yuzo-img\" style=\"background:url('https:\/\/redept.org\/blogosfera\/wp-content\/plugins\/yuzo-related-post\/assets\/images\/default.png') 50% 50% no-repeat;width: 125px;height:90px;margin-bottom: 5px;background-size: cover; \"><\/div>\n\t\t\t\t\t\t\t\t\t  <\/div>\n\t\t\t\t\t\t\t\t\t  \n\t\t\t\t\t\t\t\t   <span class=\"yuzo__text--title\" style=\"font-size:13px;\">Aos 92 anos, protagonista de \u2018Vento Norte\u2019 revisit...<\/span>\n\t\t\t\t\t\t\t  \n\t\t\t\t\t\t\t  \n\t\t\t\t\t\t\t  <\/a>\n\n\t\t\t\t\t\t  <\/div>\n\t\t\t\t\t\t  <div class=\"relatedthumb \" style=\"width:125px;float:left;overflow:hidden;\">  \n\t\t\t\t\t\t\t  \n\t\t\t\t\t\t\t  <a  href=\"https:\/\/redept.com.br\/blogosfera\/eua-enviam-mais-de-4-mil-militares-a-america-latina-sob-pretexto-antidrogas\/\"  >\n\t\t\t\t\t\t\t\t\t  <div class=\"yuzo-img-wrap \" style=\"width: 125px;height:90px;\">\n\t\t\t\t\t\t\t\t\t\t\n\t\t\t\t\t\t\t\t\t\t<div class=\"yuzo-img\" style=\"background:url('https:\/\/redept.com.br\/blogosfera\/wp-content\/uploads\/2025\/08\/7bbc8b7e-5f91-48b4-9156-104e2e1191c9-150x150.jpeg') 50% 50% no-repeat;width: 125px;height:90px;margin-bottom: 5px;background-size: cover; \"><\/div>\n\t\t\t\t\t\t\t\t\t  <\/div>\n\t\t\t\t\t\t\t\t\t  \n\t\t\t\t\t\t\t\t   <span class=\"yuzo__text--title\" style=\"font-size:13px;\">EUA enviam mais de 4 mil militares \u00e0 Am\u00e9rica Latin...<\/span>\n\t\t\t\t\t\t\t  \n\t\t\t\t\t\t\t  \n\t\t\t\t\t\t\t  <\/a>\n\n\t\t\t\t\t\t  <\/div>\n\t\t\t\t\t\t  <div class=\"relatedthumb \" style=\"width:125px;float:left;overflow:hidden;\">  \n\t\t\t\t\t\t\t  \n\t\t\t\t\t\t\t  <a  href=\"https:\/\/redept.com.br\/blogosfera\/eca-digital-nova-lei-reforca-direitos-de-criancas-e-adolescentes-no-mundo-online\/\"  >\n\t\t\t\t\t\t\t\t\t  <div class=\"yuzo-img-wrap \" style=\"width: 125px;height:90px;\">\n\t\t\t\t\t\t\t\t\t\t\n\t\t\t\t\t\t\t\t\t\t<div class=\"yuzo-img\" style=\"background:url('https:\/\/redept.org\/blogosfera\/wp-content\/plugins\/yuzo-related-post\/assets\/images\/default.png') 50% 50% no-repeat;width: 125px;height:90px;margin-bottom: 5px;background-size: cover; \"><\/div>\n\t\t\t\t\t\t\t\t\t  <\/div>\n\t\t\t\t\t\t\t\t\t  \n\t\t\t\t\t\t\t\t   <span class=\"yuzo__text--title\" style=\"font-size:13px;\">ECA Digital: nova lei refor\u00e7a direitos de crian\u00e7as...<\/span>\n\t\t\t\t\t\t\t  \n\t\t\t\t\t\t\t  \n\t\t\t\t\t\t\t  <\/a>\n\n\t\t\t\t\t\t  <\/div>\n\t\t\t\t\t\t  <div class=\"relatedthumb \" style=\"width:125px;float:left;overflow:hidden;\">  \n\t\t\t\t\t\t\t  \n\t\t\t\t\t\t\t  <a  href=\"https:\/\/redept.com.br\/blogosfera\/esquerda-tenta-consolidar-lideranca-enquanto-direita-disputa-vaga-no-chile\/\"  >\n\t\t\t\t\t\t\t\t\t  <div class=\"yuzo-img-wrap \" style=\"width: 125px;height:90px;\">\n\t\t\t\t\t\t\t\t\t\t\n\t\t\t\t\t\t\t\t\t\t<div class=\"yuzo-img\" style=\"background:url('https:\/\/redept.com.br\/blogosfera\/wp-content\/uploads\/2025\/11\/Candidatos-del-Partido-Nacional-Libertario-Johannes-Kaiser-y-del-Partido-Republicano-Jose-Antonio-Kast-150x150.jpg') 50% 50% no-repeat;width: 125px;height:90px;margin-bottom: 5px;background-size: cover; \"><\/div>\n\t\t\t\t\t\t\t\t\t  <\/div>\n\t\t\t\t\t\t\t\t\t  \n\t\t\t\t\t\t\t\t   <span class=\"yuzo__text--title\" style=\"font-size:13px;\">Esquerda tenta consolidar lideran\u00e7a enquanto direi...<\/span>\n\t\t\t\t\t\t\t  \n\t\t\t\t\t\t\t  \n\t\t\t\t\t\t\t  <\/a>\n\n\t\t\t\t\t\t  <\/div>\n<\/div> <script>\n\t\t\t\t\t\t  jQuery(document).ready(function( $ ){\n\t\t\t\t\t\t\t\/\/jQuery('.yuzo_related_post').equalizer({ overflow : 'relatedthumb' });\n\t\t\t\t\t\t\tjQuery('.yuzo_related_post .yuzo_wraps').equalizer({ columns : '> div' });\n\t\t\t\t\t\t   })\n\t\t\t\t\t\t  <\/script> <!-- End Yuzo :) -->","protected":false},"excerpt":{"rendered":"<p>O escritor h\u00fangaro L\u00e1szl\u00f3 Krasznahorkai foi agraciado com o Pr\u00eamio Nobel de Literatura \u201cpor sua obra marcante e vision\u00e1ria que, em meio ao terror apocal\u00edptico, reafirma o poder da arte\u201d, anunciou nesta quinta-feira (09\/10) a Academia Sueca em Estocolmo.\u00a0 O pr\u00eamio \u00e9 atribu\u00eddo \u00e0 pessoa que \u201ctiver produzido no campo da literatura o trabalho mais [\u2026]<\/p>\n<p>O post <a href=\"https:\/\/operamundi.uol.com.br\/cultura\/nobel-de-literatura-premia-o-hungaro-laszlo-krasznahorkai\/\">Nobel de Literatura premia o h\u00fangaro L\u00e1szl\u00f3 Krasznahorkai<\/a> apareceu primeiro em <a href=\"https:\/\/operamundi.uol.com.br\/\">Opera Mundi<\/a>.<\/p>\n","protected":false},"author":2,"featured_media":57591,"comment_status":"closed","ping_status":"closed","sticky":false,"template":"","format":"standard","meta":{"fifu_image_url":"","fifu_image_alt":"","footnotes":""},"categories":[309,6334,24341,8,1122,6857],"tags":[],"class_list":["post-57590","post","type-post","status-publish","format-standard","has-post-thumbnail","hentry","category-cultura","category-hungria","category-laszlo-krasznahorkai","category-literatura","category-nobel","category-premio"],"_links":{"self":[{"href":"https:\/\/redept.com.br\/blogosfera\/wp-json\/wp\/v2\/posts\/57590","targetHints":{"allow":["GET"]}}],"collection":[{"href":"https:\/\/redept.com.br\/blogosfera\/wp-json\/wp\/v2\/posts"}],"about":[{"href":"https:\/\/redept.com.br\/blogosfera\/wp-json\/wp\/v2\/types\/post"}],"author":[{"embeddable":true,"href":"https:\/\/redept.com.br\/blogosfera\/wp-json\/wp\/v2\/users\/2"}],"replies":[{"embeddable":true,"href":"https:\/\/redept.com.br\/blogosfera\/wp-json\/wp\/v2\/comments?post=57590"}],"version-history":[{"count":0,"href":"https:\/\/redept.com.br\/blogosfera\/wp-json\/wp\/v2\/posts\/57590\/revisions"}],"wp:featuredmedia":[{"embeddable":true,"href":"https:\/\/redept.com.br\/blogosfera\/wp-json\/wp\/v2\/media\/57591"}],"wp:attachment":[{"href":"https:\/\/redept.com.br\/blogosfera\/wp-json\/wp\/v2\/media?parent=57590"}],"wp:term":[{"taxonomy":"category","embeddable":true,"href":"https:\/\/redept.com.br\/blogosfera\/wp-json\/wp\/v2\/categories?post=57590"},{"taxonomy":"post_tag","embeddable":true,"href":"https:\/\/redept.com.br\/blogosfera\/wp-json\/wp\/v2\/tags?post=57590"}],"curies":[{"name":"wp","href":"https:\/\/api.w.org\/{rel}","templated":true}]}}