{"id":57682,"date":"2025-10-10T13:49:01","date_gmt":"2025-10-10T16:49:01","guid":{"rendered":"https:\/\/redept.com.br\/blogosfera\/revista-traz-reflexoes-sobre-novo-mundo-do-trabalho-e-meio-ambiente\/"},"modified":"2025-10-10T13:49:01","modified_gmt":"2025-10-10T16:49:01","slug":"revista-traz-reflexoes-sobre-novo-mundo-do-trabalho-e-meio-ambiente","status":"publish","type":"post","link":"https:\/\/redept.com.br\/blogosfera\/revista-traz-reflexoes-sobre-novo-mundo-do-trabalho-e-meio-ambiente\/","title":{"rendered":"Revista traz reflex\u00f5es sobre novo mundo do trabalho e meio ambiente"},"content":{"rendered":"<p>A <a href=\"https:\/\/fpabramo.org.br\/reconexaoperiferias\/revista\/edicao\/setembro-outubro-2025\/\" data-type=\"link\" data-id=\"https:\/\/fpabramo.org.br\/reconexaoperiferias\/revista\/edicao\/setembro-outubro-2025\/\">edi\u00e7\u00e3o setembro-outubro da revista Reconex\u00e3o Periferias <\/a>traz o artigo <strong>Ocupar as ruas por mais democracia e com novos atores, <\/strong>do soci\u00f3logo Paulo C\u00e9sar Ramos,no qual faz uma reflex\u00e3o sobre acontecimentos mais recentes em que as for\u00e7as democr\u00e1ticas insurgiram: os atos de 21 de setembro, o julgamento e a condena\u00e7\u00e3o de Jair Bolsonaro, assim como a forma\u00e7\u00e3o e a vit\u00f3ria da chapa Lula-Alckmin para a Presid\u00eancia da Rep\u00fablica em 2022.<\/p>\n<p>J\u00e1 no texto <strong>Trabalho, meio ambiente e territ\u00f3rio conectados em a\u00e7\u00f5es nas periferias, <\/strong>Artur Henrique da Silva, Paulo C\u00e9sar Ramos e Darlene Testa, todos da equipe da Reconex\u00e3o Periferias, falam sobre novos territ\u00f3rios de resist\u00eancia \u00e0 degrada\u00e7\u00e3o ambiental. \u201cExperi\u00eancias de hortas comunit\u00e1rias, reciclagem, cooperativas de catadores, economia criativa e movimentos culturais perif\u00e9ricos mostram que \u00e9 poss\u00edvel articular gera\u00e7\u00e3o de renda com preserva\u00e7\u00e3o ambiental e inclus\u00e3o social\u201d.<\/p>\n<p><strong>Impostos, mitos e movimentos sociais no Brasil <\/strong>\u00e9 o tema do artigo assinado por Monika Dowbor, Frederico Salmi, Henrique Aragusuku e Helena Costa da Trindade, no qual defendem que esses temas n\u00e3o s\u00e3o exclusivos de economistas. \u201cVoc\u00ea, cidad\u00e3 e cidad\u00e3o comum, pode e deve falar sobre tudo isso. Devemos falar sobre como o Estado brasileiro \u00e9 financiado por meio de impostos\u201d.<\/p>\n<p>Na se\u00e7\u00e3o <em>Entrevista<\/em>, o vice-presidente da Associa\u00e7\u00e3o Brasileira de Sa\u00fade Mental Leonardo Pinho fala sobre a cria\u00e7\u00e3o de empregos com direitos sociais e previdenci\u00e1rios como principal desafio do novo mundo do trabalho, onde nos setores de tecnologia de ponta a contrata\u00e7\u00e3o ainda se d\u00e1 em modelos de superexplora\u00e7\u00e3o anteriores \u00e0 d\u00e9cada de 1940. \u201cO impacto das p\u00e9ssimas condi\u00e7\u00f5es de trabalho s\u00e3o hoje, no Brasil, o principal motivo de afastamento.\u201d<\/p>\n<p>O perfil do Grupo Aut\u00f4nomo de Mulheres de Pelotas \u00e9 apresentado nesta edi\u00e7\u00e3o, com a trajet\u00f3ria da ONG que surgiu em 1992 e se tornou a principal e mais atuante organiza\u00e7\u00e3o feminista local. Criado a partir da necessidade de um movimento aut\u00f4nomo que ampliasse a visibilidade das demandas das mulheres de Pelotas (RS), consolidou-se como uma refer\u00eancia na luta por direitos e contra todas as formas de viol\u00eancia de g\u00eanero.<\/p>\n<p>A revista traz um registro da a roda de conversa \u201cTransi\u00e7\u00e3o Ecol\u00f3gica, trabalho, meio ambiente e participa\u00e7\u00e3o social nas periferias\u201d, que reuniu integrantes do governo federal, organiza\u00e7\u00f5es da sociedade civil e t\u00e9cnicos com o objetivo de debater conceitos, pr\u00e1ticas e pol\u00edticas p\u00fablicas em torno desses temas para posicionar a atua\u00e7\u00e3o dos dirigentes petistas. O resultado do debate ser\u00e1 publicado em um caderno que dar\u00e1 subs\u00eddios para o desenvolvimento de a\u00e7\u00f5es e pol\u00edticas voltadas \u00e0 periferias.<\/p>\n<p>E tamb\u00e9m publica um texto sobre o evento realizado a partir da pesquisa Continuidades e descontinuidades do associativismo perif\u00e9rico: o que a Funda\u00e7\u00e3o Perseu Abramo tem dizer. Realizado pela Reconex\u00e3o Periferias, \u00e1rea da Funda\u00e7\u00e3o Perseu Abramo, o estudo foi elaborado por Victoria Lustosa Braga, Ruan Bernardo de Brito e Paulo C\u00e9sar Ramos, que apresentaram na ocasi\u00e3o uma s\u00edntese dos achados da pesquisa, contando com as contribui\u00e7\u00f5es da debatedora convidada Ana Claudia Chaves Teixeira \u2013 professora colaboradora do Programa de P\u00f3s-Gradua\u00e7\u00e3o em Ci\u00eancia Pol\u00edtica da Unicamp e pesquisadora do INCT Participa \u2013, bem como de organiza\u00e7\u00f5es de periferias.<\/p>\n<p>A se\u00e7\u00e3o de <em>Arte<\/em> apresenta Cida Arip\u00f3ria, uma ativista feminista e socioambiental. Primeira rapper ind\u00edgena do Amazonas, produtora cultural e audiovisual e vive a cultura Hip-Hop h\u00e1 22 anos, coordena o coletivo OcupaMinart AM.<\/p>\n<p>A revista traz ainda a se\u00e7\u00e3o <em>Oportunidades.<\/em><\/p>\n<p>The post <a rel=\"nofollow\" href=\"https:\/\/fpabramo.org.br\/2025\/10\/10\/revista-traz-reflexoes-sobre-novo-mundo-do-trabalho-e-meio-ambiente\/\">Revista traz reflex\u00f5es sobre novo mundo do trabalho e meio ambiente<\/a> appeared first on <a rel=\"nofollow\" href=\"https:\/\/fpabramo.org.br\/\">Funda\u00e7\u00e3o Perseu Abramo<\/a>.<\/p>\n<!-- Begin Yuzo --><div class='yuzo_related_post style-1'  data-version='5.12.89'><!-- without result --><div class='yuzo_clearfixed yuzo__title yuzo__title'><h3>Related Post<\/h3><\/div>\n\t\t\t\t\t\t  <div class=\"relatedthumb \" style=\"width:125px;float:left;overflow:hidden;\">  \n\t\t\t\t\t\t\t  \n\t\t\t\t\t\t\t  <a  href=\"https:\/\/redept.com.br\/blogosfera\/pacote-energetico-do-governo-lula-busca-frear-o-impacto-da-guerra-no-brasil\/\"  >\n\t\t\t\t\t\t\t\t\t  <div class=\"yuzo-img-wrap \" style=\"width: 125px;height:90px;\">\n\t\t\t\t\t\t\t\t\t\t\n\t\t\t\t\t\t\t\t\t\t<div class=\"yuzo-img\" style=\"background:url('https:\/\/redept.com.br\/blogosfera\/wp-content\/uploads\/2026\/04\/cb8b19c6-5d16-4b7c-930f-d16bb63f2686-150x150.jpeg') 50% 50% no-repeat;width: 125px;height:90px;margin-bottom: 5px;background-size: cover; \"><\/div>\n\t\t\t\t\t\t\t\t\t  <\/div>\n\t\t\t\t\t\t\t\t\t  \n\t\t\t\t\t\t\t\t   <span class=\"yuzo__text--title\" style=\"font-size:13px;\">Pacote energ\u00e9tico do governo Lula busca frear o im...<\/span>\n\t\t\t\t\t\t\t  \n\t\t\t\t\t\t\t  \n\t\t\t\t\t\t\t  <\/a>\n\n\t\t\t\t\t\t  <\/div>\n\t\t\t\t\t\t  <div class=\"relatedthumb \" style=\"width:125px;float:left;overflow:hidden;\">  \n\t\t\t\t\t\t\t  \n\t\t\t\t\t\t\t  <a  href=\"https:\/\/redept.com.br\/blogosfera\/um-time-de-futebol-contra-as-bets\/\"  >\n\t\t\t\t\t\t\t\t\t  <div class=\"yuzo-img-wrap \" style=\"width: 125px;height:90px;\">\n\t\t\t\t\t\t\t\t\t\t\n\t\t\t\t\t\t\t\t\t\t<div class=\"yuzo-img\" style=\"background:url('https:\/\/redept.org\/blogosfera\/wp-content\/plugins\/yuzo-related-post\/assets\/images\/default.png') 50% 50% no-repeat;width: 125px;height:90px;margin-bottom: 5px;background-size: cover; \"><\/div>\n\t\t\t\t\t\t\t\t\t  <\/div>\n\t\t\t\t\t\t\t\t\t  \n\t\t\t\t\t\t\t\t   <span class=\"yuzo__text--title\" style=\"font-size:13px;\">Um time de futebol contra as bets<\/span>\n\t\t\t\t\t\t\t  \n\t\t\t\t\t\t\t  \n\t\t\t\t\t\t\t  <\/a>\n\n\t\t\t\t\t\t  <\/div>\n\t\t\t\t\t\t  <div class=\"relatedthumb \" style=\"width:125px;float:left;overflow:hidden;\">  \n\t\t\t\t\t\t\t  \n\t\t\t\t\t\t\t  <a  href=\"https:\/\/redept.com.br\/blogosfera\/morre-no-rio-de-janeiro-rj-o-cartunista-jaguar-fundador-do-jornal-o-pasquim-aos-93-anos\/\"  >\n\t\t\t\t\t\t\t\t\t  <div class=\"yuzo-img-wrap \" style=\"width: 125px;height:90px;\">\n\t\t\t\t\t\t\t\t\t\t\n\t\t\t\t\t\t\t\t\t\t<div class=\"yuzo-img\" style=\"background:url('https:\/\/redept.com.br\/blogosfera\/wp-content\/uploads\/2025\/08\/captura_de_tela_2025-08-24_as_160453-150x150.webp') 50% 50% no-repeat;width: 125px;height:90px;margin-bottom: 5px;background-size: cover; \"><\/div>\n\t\t\t\t\t\t\t\t\t  <\/div>\n\t\t\t\t\t\t\t\t\t  \n\t\t\t\t\t\t\t\t   <span class=\"yuzo__text--title\" style=\"font-size:13px;\">Morre no Rio de Janeiro (RJ) o cartunista Jaguar, ...<\/span>\n\t\t\t\t\t\t\t  \n\t\t\t\t\t\t\t  \n\t\t\t\t\t\t\t  <\/a>\n\n\t\t\t\t\t\t  <\/div>\n\t\t\t\t\t\t  <div class=\"relatedthumb \" style=\"width:125px;float:left;overflow:hidden;\">  \n\t\t\t\t\t\t\t  \n\t\t\t\t\t\t\t  <a  href=\"https:\/\/redept.com.br\/blogosfera\/moradores-de-perus-intensificam-mobilizacao-contra-incinerador-de-lixo-proposto-pela-prefeitura-de-sp\/\"  >\n\t\t\t\t\t\t\t\t\t  <div class=\"yuzo-img-wrap \" style=\"width: 125px;height:90px;\">\n\t\t\t\t\t\t\t\t\t\t\n\t\t\t\t\t\t\t\t\t\t<div class=\"yuzo-img\" style=\"background:url('https:\/\/redept.org\/blogosfera\/wp-content\/plugins\/yuzo-related-post\/assets\/images\/default.png') 50% 50% no-repeat;width: 125px;height:90px;margin-bottom: 5px;background-size: cover; \"><\/div>\n\t\t\t\t\t\t\t\t\t  <\/div>\n\t\t\t\t\t\t\t\t\t  \n\t\t\t\t\t\t\t\t   <span class=\"yuzo__text--title\" style=\"font-size:13px;\">Moradores de Perus intensificam mobiliza\u00e7\u00e3o contra...<\/span>\n\t\t\t\t\t\t\t  \n\t\t\t\t\t\t\t  \n\t\t\t\t\t\t\t  <\/a>\n\n\t\t\t\t\t\t  <\/div>\n<\/div> <script>\n\t\t\t\t\t\t  jQuery(document).ready(function( $ ){\n\t\t\t\t\t\t\t\/\/jQuery('.yuzo_related_post').equalizer({ overflow : 'relatedthumb' });\n\t\t\t\t\t\t\tjQuery('.yuzo_related_post .yuzo_wraps').equalizer({ columns : '> div' });\n\t\t\t\t\t\t   })\n\t\t\t\t\t\t  <\/script> <!-- End Yuzo :) -->","protected":false},"excerpt":{"rendered":"<p>A edi\u00e7\u00e3o setembro-outubro da revista Reconex\u00e3o Periferias traz o artigo Ocupar as ruas por mais democracia e com novos atores, do soci\u00f3logo Paulo C\u00e9sar Ramos,no qual faz uma reflex\u00e3o sobre acontecimentos mais recentes em que as for\u00e7as democr\u00e1ticas insurgiram: os atos de 21 de setembro, o julgamento e a condena\u00e7\u00e3o de Jair Bolsonaro, assim como [&hellip;]<\/p>\n","protected":false},"author":2,"featured_media":0,"comment_status":"open","ping_status":"closed","sticky":false,"template":"","format":"standard","meta":{"fifu_image_url":"","fifu_image_alt":"","footnotes":""},"categories":[24416,1017,4230],"tags":[],"class_list":["post-57682","post","type-post","status-publish","format-standard","hentry","category-meio-ambinete","category-mundo-do-trabalho","category-periferias"],"_links":{"self":[{"href":"https:\/\/redept.com.br\/blogosfera\/wp-json\/wp\/v2\/posts\/57682","targetHints":{"allow":["GET"]}}],"collection":[{"href":"https:\/\/redept.com.br\/blogosfera\/wp-json\/wp\/v2\/posts"}],"about":[{"href":"https:\/\/redept.com.br\/blogosfera\/wp-json\/wp\/v2\/types\/post"}],"author":[{"embeddable":true,"href":"https:\/\/redept.com.br\/blogosfera\/wp-json\/wp\/v2\/users\/2"}],"replies":[{"embeddable":true,"href":"https:\/\/redept.com.br\/blogosfera\/wp-json\/wp\/v2\/comments?post=57682"}],"version-history":[{"count":0,"href":"https:\/\/redept.com.br\/blogosfera\/wp-json\/wp\/v2\/posts\/57682\/revisions"}],"wp:attachment":[{"href":"https:\/\/redept.com.br\/blogosfera\/wp-json\/wp\/v2\/media?parent=57682"}],"wp:term":[{"taxonomy":"category","embeddable":true,"href":"https:\/\/redept.com.br\/blogosfera\/wp-json\/wp\/v2\/categories?post=57682"},{"taxonomy":"post_tag","embeddable":true,"href":"https:\/\/redept.com.br\/blogosfera\/wp-json\/wp\/v2\/tags?post=57682"}],"curies":[{"name":"wp","href":"https:\/\/api.w.org\/{rel}","templated":true}]}}