{"id":57777,"date":"2025-10-10T19:04:47","date_gmt":"2025-10-10T22:04:47","guid":{"rendered":"https:\/\/redept.com.br\/blogosfera\/as-boas-praticas-de-organizacao-para-crescer-os-nucleos-da-up\/"},"modified":"2025-10-10T19:04:47","modified_gmt":"2025-10-10T22:04:47","slug":"as-boas-praticas-de-organizacao-para-crescer-os-nucleos-da-up","status":"publish","type":"post","link":"https:\/\/redept.com.br\/blogosfera\/as-boas-praticas-de-organizacao-para-crescer-os-nucleos-da-up\/","title":{"rendered":"As boas pr\u00e1ticas de organiza\u00e7\u00e3o para crescer os n\u00facleos da UP"},"content":{"rendered":"<p><img fetchpriority=\"high\" fetchpriority=\"high\" decoding=\"async\"src=\"https:\/\/redept.com.br\/blogosfera\/wp-content\/uploads\/2025\/10\/curso-coordenadores-curitiba.jpeg\" alt=\"\" width=\"1600\" height=\"1316\" srcset=\"https:\/\/redept.com.br\/blogosfera\/wp-content\/uploads\/2025\/10\/curso-coordenadores-curitiba.jpeg 1600w, https:\/\/averdade.org.br\/wp-content\/uploads\/2025\/05\/curso-coordenadores-curitiba-350x288.jpeg 350w, https:\/\/averdade.org.br\/wp-content\/uploads\/2025\/05\/curso-coordenadores-curitiba-1024x842.jpeg 1024w, https:\/\/averdade.org.br\/wp-content\/uploads\/2025\/05\/curso-coordenadores-curitiba-250x206.jpeg 250w, https:\/\/averdade.org.br\/wp-content\/uploads\/2025\/05\/curso-coordenadores-curitiba-768x632.jpeg 768w, https:\/\/averdade.org.br\/wp-content\/uploads\/2025\/05\/curso-coordenadores-curitiba-1536x1263.jpeg 1536w, https:\/\/averdade.org.br\/wp-content\/uploads\/2025\/05\/curso-coordenadores-curitiba-150x123.jpeg 150w, https:\/\/averdade.org.br\/wp-content\/uploads\/2025\/05\/curso-coordenadores-curitiba-300x247.jpeg 300w, https:\/\/averdade.org.br\/wp-content\/uploads\/2025\/05\/curso-coordenadores-curitiba-696x572.jpeg 696w, https:\/\/averdade.org.br\/wp-content\/uploads\/2025\/05\/curso-coordenadores-curitiba-1068x878.jpeg 1068w\" sizes=\"(max-width: 1600px) 100vw, 1600px\"><\/p>\n<p>O fim da escala da explora\u00e7\u00e3o, da viol\u00eancia de g\u00eanero, do preconceito e das demais doen\u00e7as do capitalismo chegar\u00e1 quando nossos n\u00facleos estiverem saud\u00e1veis e combativos, nosso partido for um partido de milh\u00f5es e alcan\u00e7armos uma revolu\u00e7\u00e3o socialista!<\/p>\n<p><strong>Reda\u00e7\u00e3o PR<\/strong><\/p>\n<hr>\n<p><span><br \/>\nBRASIL \u2013 A classe trabalhadora \u00e9 a classe mais organizada, disciplinada e pontual. Para sobreviver, precisamos organizar nossas finan\u00e7as, nosso tempo e nossas tarefas diariamente. Um n\u00facleo da Unidade Popular deve se inspirar nesta disciplina prolet\u00e1ria e se organizar da mesma forma.\u00a0<\/span><\/p>\n<p><span>Por isso, \u00e9 essencial definirmos datas fixas para nos reunir, garantir que a reuni\u00e3o aconte\u00e7a e destacar os respons\u00e1veis por cada fun\u00e7\u00e3o. Por exemplo, a pessoa respons\u00e1vel pela coordena\u00e7\u00e3o precisa dedicar tempo para preparar reuni\u00f5es e estudos a fim de que cada encontro tenha como resultado o avan\u00e7o pol\u00edtico dos seus participantes.<\/span><\/p>\n<h3><span>Boas pr\u00e1ticas dos n\u00facleos<\/span><\/h3>\n<p><span>Um n\u00facleo saud\u00e1vel \u00e9 um n\u00facleo que se re\u00fane com regularidade e \u00e9 capaz de se envolver nas atividades cotidianas, como brigadas, cursos e panfletagens. Gabriella Martires \u00e9 coordenadora em Foz do Igua\u00e7u e contou ao Jornal A Verdade que o n\u00facleo se re\u00fane presencialmente a cada 15 dias. \u201cFalo bastante com os secret\u00e1rios durante a semana, fazemos um calend\u00e1rio de lutas e planejamos juntos as reuni\u00f5es. Al\u00e9m disso, as reuni\u00f5es presenciais inspiram mais comprometimento e o cumprimento das tarefas durante a semana\u201d, disse Gabriella.<\/span><\/p>\n<p><span>Por isso, \u00e9 uma boa pr\u00e1tica debater coletivamente os assuntos, com base no <\/span><span>centralismo democr\u00e1tico<\/span><span> e tomar decis\u00f5es a partir da realidade dos nossos locais de atua\u00e7\u00e3o. Nossos n\u00facleos precisam ser tribunas do povo, escutar as demandas dos bairros, escolas, f\u00e1bricas e organizar os moradores e trabalhadores construindo greves, ocupa\u00e7\u00f5es e outras a\u00e7\u00f5es para melhorar sua condi\u00e7\u00e3o de vida e avan\u00e7ar na luta por uma sociedade socialista.<\/span><\/p>\n<p><span>O n\u00facleo Parolin (periferia de Curitiba), por exemplo, come\u00e7ou a partir de brigadas realizadas no bairro. Em uma das brigadas, nossos camaradas conheceram Isete e Reinaldo, que t\u00eam uma cozinha comunit\u00e1ria na favela h\u00e1 21 anos. \u201cDesde o come\u00e7o, perceberam n\u00e3o \u00e9ramos os oportunistas que aparecem, tiram foto e n\u00e3o voltam mais. Essa rela\u00e7\u00e3o de confian\u00e7a constru\u00edda com trabalho duro e cotidiano. Ter esse local de apoio no bairro foi e \u00e9 fundamental para construir a luta no Parolin\u201d, disse Jacson, coordenador do n\u00facleo.<\/span><\/p>\n<p><span>\u00c9 importante lembrar que a UP nasceu do esfor\u00e7o conjunto dos militantes do MLB, MLC, Movimento de Mulheres Olga Ben\u00e1rio e UJR, dirigidos pelo nosso partido irm\u00e3o PCR. Portanto, a partir de sua funda\u00e7\u00e3o, se torna responsabilidade da Unidade Popular tamb\u00e9m construir e ingressar nas fileiras desses movimentos e contribuir para sua constru\u00e7\u00e3o na pr\u00e1tica.<\/span><\/p>\n<h3><span>\u201cSem teoria revolucion\u00e1ria, n\u00e3o h\u00e1 movimento revolucion\u00e1rio\u201d<\/span><\/h3>\n<p><span>Essa famosa frase de L\u00eanin refor\u00e7a que n\u00e3o adianta estar presente nas manifesta\u00e7\u00f5es, nas brigadas e panfletagens nas portas das f\u00e1bricas e promover plen\u00e1rias de apresenta\u00e7\u00e3o da Unidade Popular se os membros do nosso n\u00facleo n\u00e3o estiverem em dia com a teoria revolucion\u00e1ria.<\/span><\/p>\n<p><span>Por isso, tamb\u00e9m \u00e9 preciso destacar um respons\u00e1vel por organizar as brigadas do Jornal A Verdade, as panfletagens e as tarefas de Agita\u00e7\u00e3o e Propaganda. Se o Jornal A Verdade, nosso principal organizador coletivo, n\u00e3o estiver no centro do debate da nossa milit\u00e2ncia, seremos como uma b\u00fassola quebrada, incapaz de apontar o caminho da revolu\u00e7\u00e3o. \u00c9 fundamental, avan\u00e7armos nossa rela\u00e7\u00e3o com o jornal e encarar <\/span><span>cada brigada como um importante ato pol\u00edtico<\/span><span>.\u00a0<\/span><\/p>\n<p><span>Afinal, sem um jornal, dedicado \u00e0s massas populares \u00e9 imposs\u00edvel disputar a consci\u00eancia do nosso povo. Sem a teoria revolucion\u00e1ria, os trabalhadores chegar\u00e3o \u00e0s nossas fileiras e n\u00e3o saberemos como organizar sua revolta, nossa pr\u00e1tica ser\u00e1 falha porque nossas decis\u00f5es nos levar\u00e3o a lutas infrut\u00edferas e logo nosso partido e nossa luta se dissolver\u00e1 em suas derrotas.\u00a0<\/span><\/p>\n<p><span>Al\u00e9m disso, tamb\u00e9m devemos estudar todos os dias, por pelo menos 30 minutos, os livros das Edi\u00e7\u00f5es Manoel Lisboa, ler, debater e escrever para o Jornal A Verdade. S\u00f3 assim, vamos conseguir enxergar as ra\u00edzes do sofrimento do nosso povo para travar o combate correto.<\/span><\/p>\n<h3><span>Ampliar a autossustenta\u00e7\u00e3o do partido para chegar a mais brasileiros<\/span><\/h3>\n<p><span>Por fim, ter uma secretaria de finan\u00e7as ativa e respons\u00e1vel por desenvolver planos de finan\u00e7as para que nosso partido seja capaz de financiar seus materiais de propaganda e suas lutas tamb\u00e9m \u00e9 uma boa pr\u00e1tica.\u00a0<\/span><\/p>\n<p><span>Devemos entender e defender a autossustenta\u00e7\u00e3o do nosso partido, que n\u00e3o depende financeiramente de nenhuma institui\u00e7\u00e3o burguesa, como grandes empresas ou bancos.<\/span><\/p>\n<p><span>Essa pol\u00edtica nos garante ter independ\u00eancia pol\u00edtica sobre que falamos e fazemos, afinal, \u201cquem paga a banda escolhe a m\u00fasica\u201d. E a sinfonia socialista s\u00f3 pode ser regida pelo conjunto dos trabalhadores.\u00a0<\/span><\/p>\n<p><span>Cada diret\u00f3rio, cada n\u00facleo e cada militante precisa se sentir respons\u00e1vel pela <\/span><span>constru\u00e7\u00e3o material do nosso partido<\/span><span>, saber que cada contribui\u00e7\u00e3o individual e atividades de finan\u00e7as v\u00e3o garantir a impress\u00e3o de panfletos, jornais da UP, contas e alugueis das sedes do partido e viagens para reuni\u00f5es e eventos em outras cidades e estados.\u00a0\u00a0<\/span><\/p>\n<p><span>\u201cO plano de finan\u00e7as \u00e9 uma ferramenta fundamental para o n\u00facleo, pois permite articular as lutas que estamos travando com os recursos necess\u00e1rios para impulsionar nossas atividades. Essas finan\u00e7as devem envolver o n\u00facleo como um todo, dialogar com a popula\u00e7\u00e3o e convid\u00e1-la para a luta. S\u00f3 assim conseguiremos avan\u00e7ar de forma coletiva e consistente\u201d, disse Juliane Mendes, membro da secretaria estadual de finan\u00e7as do Paran\u00e1.<\/span><\/p>\n<p><span>Os partidos da burguesia movimentam bilh\u00f5es todos os anos para enganar nosso povo e eleger seus representantes, os militantes da Unidade Popular devem usar a criatividade para garantir que nossa mensagem chegue a todos os trabalhadores nos quatro cantos do Brasil.<\/span><\/p>\n<p><span>O fim da escala da explora\u00e7\u00e3o, da viol\u00eancia de g\u00eanero, do preconceito e das demais doen\u00e7as do capitalismo chegar\u00e1 quando nossos n\u00facleos estiverem saud\u00e1veis e combativos, nosso partido for um partido de milh\u00f5es e alcan\u00e7armos uma revolu\u00e7\u00e3o socialista!<\/span><\/p>\n<!-- Begin Yuzo --><div class='yuzo_related_post style-1'  data-version='5.12.89'><!-- without result --><div class='yuzo_clearfixed yuzo__title yuzo__title'><h3>Related Post<\/h3><\/div>\n\t\t\t\t\t\t  <div class=\"relatedthumb \" style=\"width:125px;float:left;overflow:hidden;\">  \n\t\t\t\t\t\t\t  \n\t\t\t\t\t\t\t  <a  href=\"https:\/\/redept.com.br\/blogosfera\/brasileirao-feminino-corinthians-e-cruzeiro-empatam-no-primeiro-jogo-da-final\/\"  >\n\t\t\t\t\t\t\t\t\t  <div class=\"yuzo-img-wrap \" style=\"width: 125px;height:90px;\">\n\t\t\t\t\t\t\t\t\t\t\n\t\t\t\t\t\t\t\t\t\t<div class=\"yuzo-img\" style=\"background:url('https:\/\/redept.org\/blogosfera\/wp-content\/plugins\/yuzo-related-post\/assets\/images\/default.png') 50% 50% no-repeat;width: 125px;height:90px;margin-bottom: 5px;background-size: cover; \"><\/div>\n\t\t\t\t\t\t\t\t\t  <\/div>\n\t\t\t\t\t\t\t\t\t  \n\t\t\t\t\t\t\t\t   <span class=\"yuzo__text--title\" style=\"font-size:13px;\">Brasileir\u00e3o feminino: Corinthians e Cruzeiro empat...<\/span>\n\t\t\t\t\t\t\t  \n\t\t\t\t\t\t\t  \n\t\t\t\t\t\t\t  <\/a>\n\n\t\t\t\t\t\t  <\/div>\n\t\t\t\t\t\t  <div class=\"relatedthumb \" style=\"width:125px;float:left;overflow:hidden;\">  \n\t\t\t\t\t\t\t  \n\t\t\t\t\t\t\t  <a  href=\"https:\/\/sul21.com.br\/noticias\/educacao\/2025\/10\/assembleia-geral-do-cpers-cobra-valorizacao-salarial-e-critica-programa-escola-meritocrata\/\"  >\n\t\t\t\t\t\t\t\t\t  <div class=\"yuzo-img-wrap \" style=\"width: 125px;height:90px;\">\n\t\t\t\t\t\t\t\t\t\t\n\t\t\t\t\t\t\t\t\t\t<div class=\"yuzo-img\" style=\"background:url('https:\/\/sul21.com.br\/wp-content\/uploads\/2025\/10\/IMG_1412-1024x683.jpg') 50% 50% no-repeat;width: 125px;height:90px;margin-bottom: 5px;background-size: cover; \"><\/div>\n\t\t\t\t\t\t\t\t\t  <\/div>\n\t\t\t\t\t\t\t\t\t  \n\t\t\t\t\t\t\t\t   <span class=\"yuzo__text--title\" style=\"font-size:13px;\">Assembleia geral do Cpers cobra valoriza\u00e7\u00e3o salari...<\/span>\n\t\t\t\t\t\t\t  \n\t\t\t\t\t\t\t  \n\t\t\t\t\t\t\t  <\/a>\n\n\t\t\t\t\t\t  <\/div>\n\t\t\t\t\t\t  <div class=\"relatedthumb \" style=\"width:125px;float:left;overflow:hidden;\">  \n\t\t\t\t\t\t\t  \n\t\t\t\t\t\t\t  <a  href=\"https:\/\/redept.com.br\/blogosfera\/trump-diz-que-eua-podem-iniciar-acoes-terrestres-contra-venezuela-em-breve\/\"  >\n\t\t\t\t\t\t\t\t\t  <div class=\"yuzo-img-wrap \" style=\"width: 125px;height:90px;\">\n\t\t\t\t\t\t\t\t\t\t\n\t\t\t\t\t\t\t\t\t\t<div class=\"yuzo-img\" style=\"background:url('https:\/\/redept.com.br\/blogosfera\/wp-content\/uploads\/2025\/11\/32d51d77-8416-4dbe-8972-7dc0280de23b-150x150.jpg') 50% 50% no-repeat;width: 125px;height:90px;margin-bottom: 5px;background-size: cover; \"><\/div>\n\t\t\t\t\t\t\t\t\t  <\/div>\n\t\t\t\t\t\t\t\t\t  \n\t\t\t\t\t\t\t\t   <span class=\"yuzo__text--title\" style=\"font-size:13px;\">Trump diz que EUA podem iniciar a\u00e7\u00f5es terrestres c...<\/span>\n\t\t\t\t\t\t\t  \n\t\t\t\t\t\t\t  \n\t\t\t\t\t\t\t  <\/a>\n\n\t\t\t\t\t\t  <\/div>\n\t\t\t\t\t\t  <div class=\"relatedthumb \" style=\"width:125px;float:left;overflow:hidden;\">  \n\t\t\t\t\t\t\t  \n\t\t\t\t\t\t\t  <a  href=\"https:\/\/redept.com.br\/blogosfera\/no-agreste-de-alagoas-acampamento-do-mst-sofre-nova-ameaca-de-despejo\/\"  >\n\t\t\t\t\t\t\t\t\t  <div class=\"yuzo-img-wrap \" style=\"width: 125px;height:90px;\">\n\t\t\t\t\t\t\t\t\t\t\n\t\t\t\t\t\t\t\t\t\t<div class=\"yuzo-img\" style=\"background:url('https:\/\/redept.com.br\/blogosfera\/wp-content\/uploads\/2025\/07\/Acampamento-Papa-Francisco-3-150x150.jpeg') 50% 50% no-repeat;width: 125px;height:90px;margin-bottom: 5px;background-size: cover; \"><\/div>\n\t\t\t\t\t\t\t\t\t  <\/div>\n\t\t\t\t\t\t\t\t\t  \n\t\t\t\t\t\t\t\t   <span class=\"yuzo__text--title\" style=\"font-size:13px;\">No Agreste de Alagoas, acampamento do MST sofre no...<\/span>\n\t\t\t\t\t\t\t  \n\t\t\t\t\t\t\t  \n\t\t\t\t\t\t\t  <\/a>\n\n\t\t\t\t\t\t  <\/div>\n<\/div> <script>\n\t\t\t\t\t\t  jQuery(document).ready(function( $ ){\n\t\t\t\t\t\t\t\/\/jQuery('.yuzo_related_post').equalizer({ overflow : 'relatedthumb' });\n\t\t\t\t\t\t\tjQuery('.yuzo_related_post .yuzo_wraps').equalizer({ columns : '> div' });\n\t\t\t\t\t\t   })\n\t\t\t\t\t\t  <\/script> <!-- End Yuzo :) -->","protected":false},"excerpt":{"rendered":"<p>O fim da escala da explora\u00e7\u00e3o, da viol\u00eancia de g\u00eanero, do preconceito e das demais doen\u00e7as do capitalismo chegar\u00e1 quando nossos n\u00facleos estiverem saud\u00e1veis e combativos, nosso partido for um partido de milh\u00f5es e alcan\u00e7armos uma revolu\u00e7\u00e3o socialista! Reda\u00e7\u00e3o PR BRASIL \u2013 A classe trabalhadora \u00e9 a classe mais organizada, disciplinada e pontual. Para sobreviver, [\u2026]<\/p>\n","protected":false},"author":2,"featured_media":57778,"comment_status":"open","ping_status":"closed","sticky":false,"template":"","format":"standard","meta":{"fifu_image_url":"","fifu_image_alt":"","footnotes":""},"categories":[45,24450,2545,2546],"tags":[],"class_list":["post-57777","post","type-post","status-publish","format-standard","has-post-thumbnail","hentry","category-brasil","category-nucleo","category-organizacao","category-up"],"_links":{"self":[{"href":"https:\/\/redept.com.br\/blogosfera\/wp-json\/wp\/v2\/posts\/57777","targetHints":{"allow":["GET"]}}],"collection":[{"href":"https:\/\/redept.com.br\/blogosfera\/wp-json\/wp\/v2\/posts"}],"about":[{"href":"https:\/\/redept.com.br\/blogosfera\/wp-json\/wp\/v2\/types\/post"}],"author":[{"embeddable":true,"href":"https:\/\/redept.com.br\/blogosfera\/wp-json\/wp\/v2\/users\/2"}],"replies":[{"embeddable":true,"href":"https:\/\/redept.com.br\/blogosfera\/wp-json\/wp\/v2\/comments?post=57777"}],"version-history":[{"count":0,"href":"https:\/\/redept.com.br\/blogosfera\/wp-json\/wp\/v2\/posts\/57777\/revisions"}],"wp:featuredmedia":[{"embeddable":true,"href":"https:\/\/redept.com.br\/blogosfera\/wp-json\/wp\/v2\/media\/57778"}],"wp:attachment":[{"href":"https:\/\/redept.com.br\/blogosfera\/wp-json\/wp\/v2\/media?parent=57777"}],"wp:term":[{"taxonomy":"category","embeddable":true,"href":"https:\/\/redept.com.br\/blogosfera\/wp-json\/wp\/v2\/categories?post=57777"},{"taxonomy":"post_tag","embeddable":true,"href":"https:\/\/redept.com.br\/blogosfera\/wp-json\/wp\/v2\/tags?post=57777"}],"curies":[{"name":"wp","href":"https:\/\/api.w.org\/{rel}","templated":true}]}}