{"id":57869,"date":"2025-10-11T10:52:14","date_gmt":"2025-10-11T13:52:14","guid":{"rendered":"https:\/\/redept.com.br\/blogosfera\/a-barbarie-capitalista-do-trumpismo-e-o-ataque-as-pessoas-lgbtqia\/"},"modified":"2025-10-11T10:52:14","modified_gmt":"2025-10-11T13:52:14","slug":"a-barbarie-capitalista-do-trumpismo-e-o-ataque-as-pessoas-lgbtqia","status":"publish","type":"post","link":"https:\/\/redept.com.br\/blogosfera\/a-barbarie-capitalista-do-trumpismo-e-o-ataque-as-pessoas-lgbtqia\/","title":{"rendered":"A barb\u00e1rie capitalista do trumpismo e o ataque \u00e0s pessoas LGBTQIA+"},"content":{"rendered":"<p><img fetchpriority=\"high\" width=\"739\" height=\"415\"src=\"https:\/\/redept.com.br\/blogosfera\/wp-content\/uploads\/2025\/10\/foto-artigo-Pimenta.jpeg\" alt=\"\" decoding=\"async\" srcset=\"https:\/\/redept.com.br\/blogosfera\/wp-content\/uploads\/2025\/10\/foto-artigo-Pimenta.jpeg 739w, https:\/\/vermelho.org.br\/wp-content\/uploads\/2025\/10\/foto-artigo-Pimenta-300x168.jpeg 300w\" sizes=\"(max-width: 739px) 100vw, 739px\"><\/p>\n<p>O governo Trump representou a institucionaliza\u00e7\u00e3o do \u00f3dio nos Estados Unidos. Sob o disfarce da moral conservadora e do nacionalismo, sua administra\u00e7\u00e3o alimentou um projeto separatista: dividir a sociedade entre quem merece direitos e quem deve ser silenciado.<\/p>\n<p>Um dos desdobramentos mais emblem\u00e1ticos desse legado \u00e9 a lei \u201cDon\u2019t Say Gay\u201d, sancionada na Fl\u00f3rida por Ron DeSantis, herdeiro pol\u00edtico do trumpismo. A lei pro\u00edbe que escolas abordem orienta\u00e7\u00e3o sexual e identidade de g\u00eanero da pr\u00e9-escola ao 3\u00ba ano do fundamental, criando um terreno f\u00e9rtil para persegui\u00e7\u00f5es contra professores, fam\u00edlias e, sobretudo, para negar a dignidade de jovens LGBTQIA+. Trata-se de um ataque direto \u00e0 liberdade de express\u00e3o, \u00e0 educa\u00e7\u00e3o cr\u00edtica e ao direito b\u00e1sico de existir.<\/p>\n<p>Logo ap\u00f3s sua reelei\u00e7\u00e3o, Trump intensificou a ofensiva contra pessoas trans, retirando prote\u00e7\u00f5es garantidas em governos anteriores e negando direitos elementares, como o acesso a banheiros condizentes com a identidade de g\u00eanero.<\/p>\n<p>Para compreender a base desse projeto de \u00f3dio, \u00e9 preciso recorrer \u00e0 Psicologia de Massas do Fascismo, de Wilhelm Reich. Ele demonstrou como regimes autorit\u00e1rios se sustentam em uma cultura de repress\u00e3o sexual e social, manipulando medos e frustra\u00e7\u00f5es para transform\u00e1-los em obedi\u00eancia irracional. \u00c9 por isso que, mesmo explorados, setores da popula\u00e7\u00e3o podem apoiar ideologias que atacam seus pr\u00f3prios direitos.<\/p>\n<p>Dentro dessa engrenagem, destacam-se tamb\u00e9m movimentos que separam a comunidade, como o chamado \u201cMovimento LGB sem T\u201d, que tenta organizar lutas espec\u00edficas sem reconhecer a integralidade da sigla LGBTQIA+. Essa fragmenta\u00e7\u00e3o n\u00e3o fortalece a diversidade: serve ao separatismo e ao enfraquecimento coletivo.<\/p>\n<p>As lutas identit\u00e1rias, ao contr\u00e1rio, quando se afirmam em sua totalidade, s\u00e3o mais do que reivindica\u00e7\u00f5es setoriais: s\u00e3o formas de questionar a l\u00f3gica de explora\u00e7\u00e3o e domina\u00e7\u00e3o, criando solidariedade e consci\u00eancia de classe contra o capitalismo e o autoritarismo.<\/p>\n<p>O ataque \u00e0s pessoas LGBTQIA+ n\u00e3o \u00e9 um fen\u00f4meno isolado. Ele faz parte de um mecanismo do capitalismo em crise, que utiliza o conservadorismo como arma de controle social. Enquanto a riqueza se concentra nas m\u00e3os de poucos, a guerra cultural contra os mais vulner\u00e1veis divide a classe trabalhadora e desvia o foco da explora\u00e7\u00e3o econ\u00f4mica.<\/p>\n<p>A resposta n\u00e3o pode ser individualizada. Deve ser coletiva, solid\u00e1ria e revolucion\u00e1ria. \u00c9 na perspectiva comunista que as lutas identit\u00e1rias encontram sua for\u00e7a plena: enfrentando o \u00f3dio e a opress\u00e3o no imediato, mas tamb\u00e9m construindo os alicerces de uma sociedade livre, justa e igualit\u00e1ria, onde todes possam viver com dignidade.<\/p>\n<p>S\u00f3 a supera\u00e7\u00e3o do capitalismo permitir\u00e1 transformar essa utopia em realidade.<\/p>\n<p>O post <a href=\"https:\/\/vermelho.org.br\/2025\/10\/11\/a-barbarie-capitalista-do-trumpismo-e-o-ataque-as-pessoas-lgbtqia\/\">A barb\u00e1rie capitalista do trumpismo e o ataque \u00e0s pessoas LGBTQIA+<\/a> apareceu primeiro em <a href=\"https:\/\/vermelho.org.br\/\">Vermelho<\/a>.<\/p>\n<!-- Begin Yuzo --><div class='yuzo_related_post style-1'  data-version='5.12.89'><!-- without result --><div class='yuzo_clearfixed yuzo__title yuzo__title'><h3>Related Post<\/h3><\/div>\n\t\t\t\t\t\t  <div class=\"relatedthumb \" style=\"width:125px;float:left;overflow:hidden;\">  \n\t\t\t\t\t\t\t  \n\t\t\t\t\t\t\t  <a  href=\"https:\/\/redept.com.br\/blogosfera\/ministros-e-parlamentares-acompanham-lula-na-despedida-do-papa-em-roma\/\"  >\n\t\t\t\t\t\t\t\t\t  <div class=\"yuzo-img-wrap \" style=\"width: 125px;height:90px;\">\n\t\t\t\t\t\t\t\t\t\t\n\t\t\t\t\t\t\t\t\t\t<div class=\"yuzo-img\" style=\"background:url('https:\/\/redept.org\/blogosfera\/wp-content\/plugins\/yuzo-related-post\/assets\/images\/default.png') 50% 50% no-repeat;width: 125px;height:90px;margin-bottom: 5px;background-size: cover; \"><\/div>\n\t\t\t\t\t\t\t\t\t  <\/div>\n\t\t\t\t\t\t\t\t\t  \n\t\t\t\t\t\t\t\t   <span class=\"yuzo__text--title\" style=\"font-size:13px;\">Ministros e parlamentares acompanham Lula na despe...<\/span>\n\t\t\t\t\t\t\t  \n\t\t\t\t\t\t\t  \n\t\t\t\t\t\t\t  <\/a>\n\n\t\t\t\t\t\t  <\/div>\n\t\t\t\t\t\t  <div class=\"relatedthumb \" style=\"width:125px;float:left;overflow:hidden;\">  \n\t\t\t\t\t\t\t  \n\t\t\t\t\t\t\t  <a  href=\"https:\/\/redept.com.br\/blogosfera\/controle-de-banheiro-no-trabalho-e-debatido-no-tst-em-meio-a-40-mil-acoes-2\/\"  >\n\t\t\t\t\t\t\t\t\t  <div class=\"yuzo-img-wrap \" style=\"width: 125px;height:90px;\">\n\t\t\t\t\t\t\t\t\t\t\n\t\t\t\t\t\t\t\t\t\t<div class=\"yuzo-img\" style=\"background:url('https:\/\/redept.com.br\/blogosfera\/wp-content\/uploads\/2026\/08\/audiencia_publica_banheiros-150x150.jpg') 50% 50% no-repeat;width: 125px;height:90px;margin-bottom: 5px;background-size: cover; \"><\/div>\n\t\t\t\t\t\t\t\t\t  <\/div>\n\t\t\t\t\t\t\t\t\t  \n\t\t\t\t\t\t\t\t   <span class=\"yuzo__text--title\" style=\"font-size:13px;\">Controle de banheiro no trabalho \u00e9 debatido no TST...<\/span>\n\t\t\t\t\t\t\t  \n\t\t\t\t\t\t\t  \n\t\t\t\t\t\t\t  <\/a>\n\n\t\t\t\t\t\t  <\/div>\n\t\t\t\t\t\t  <div class=\"relatedthumb \" style=\"width:125px;float:left;overflow:hidden;\">  \n\t\t\t\t\t\t\t  \n\t\t\t\t\t\t\t  <a  href=\"https:\/\/redept.com.br\/blogosfera\/mpe-pede-ao-tse-rejeicao-da-candidatura-de-pablo-marcal-a-presidencia\/\"  >\n\t\t\t\t\t\t\t\t\t  <div class=\"yuzo-img-wrap \" style=\"width: 125px;height:90px;\">\n\t\t\t\t\t\t\t\t\t\t\n\t\t\t\t\t\t\t\t\t\t<div class=\"yuzo-img\" style=\"background:url('https:\/\/redept.com.br\/blogosfera\/wp-content\/uploads\/2026\/08\/Marcal-debate-reproducao-150x150.jpg') 50% 50% no-repeat;width: 125px;height:90px;margin-bottom: 5px;background-size: cover; \"><\/div>\n\t\t\t\t\t\t\t\t\t  <\/div>\n\t\t\t\t\t\t\t\t\t  \n\t\t\t\t\t\t\t\t   <span class=\"yuzo__text--title\" style=\"font-size:13px;\">MPE pede ao TSE rejei\u00e7\u00e3o da candidatura de Pablo M...<\/span>\n\t\t\t\t\t\t\t  \n\t\t\t\t\t\t\t  \n\t\t\t\t\t\t\t  <\/a>\n\n\t\t\t\t\t\t  <\/div>\n\t\t\t\t\t\t  <div class=\"relatedthumb \" style=\"width:125px;float:left;overflow:hidden;\">  \n\t\t\t\t\t\t\t  \n\t\t\t\t\t\t\t  <a  href=\"https:\/\/redept.com.br\/blogosfera\/ministra-defende-que-investigar-atos-golpistas-nao-viola-direitos\/\"  >\n\t\t\t\t\t\t\t\t\t  <div class=\"yuzo-img-wrap \" style=\"width: 125px;height:90px;\">\n\t\t\t\t\t\t\t\t\t\t\n\t\t\t\t\t\t\t\t\t\t<div class=\"yuzo-img\" style=\"background:url('https:\/\/redept.org\/blogosfera\/wp-content\/plugins\/yuzo-related-post\/assets\/images\/default.png') 50% 50% no-repeat;width: 125px;height:90px;margin-bottom: 5px;background-size: cover; \"><\/div>\n\t\t\t\t\t\t\t\t\t  <\/div>\n\t\t\t\t\t\t\t\t\t  \n\t\t\t\t\t\t\t\t   <span class=\"yuzo__text--title\" style=\"font-size:13px;\">Ministra defende que investigar atos golpistas n\u00e3o...<\/span>\n\t\t\t\t\t\t\t  \n\t\t\t\t\t\t\t  \n\t\t\t\t\t\t\t  <\/a>\n\n\t\t\t\t\t\t  <\/div>\n<\/div> <script>\n\t\t\t\t\t\t  jQuery(document).ready(function( $ ){\n\t\t\t\t\t\t\t\/\/jQuery('.yuzo_related_post').equalizer({ overflow : 'relatedthumb' });\n\t\t\t\t\t\t\tjQuery('.yuzo_related_post .yuzo_wraps').equalizer({ columns : '> div' });\n\t\t\t\t\t\t   })\n\t\t\t\t\t\t  <\/script> <!-- End Yuzo :) -->","protected":false},"excerpt":{"rendered":"<p>O governo Trump representou a institucionaliza\u00e7\u00e3o do \u00f3dio nos Estados Unidos. Sob o disfarce da moral conservadora e do nacionalismo, sua administra\u00e7\u00e3o alimentou um projeto separatista: dividir a sociedade entre quem merece direitos e quem deve ser silenciado. Um dos desdobramentos mais emblem\u00e1ticos desse legado \u00e9 a lei \u201cDon\u2019t Say Gay\u201d, sancionada na Fl\u00f3rida por [&hellip;]<\/p>\n","protected":false},"author":2,"featured_media":0,"comment_status":"open","ping_status":"closed","sticky":false,"template":"","format":"standard","meta":{"fifu_image_url":"","fifu_image_alt":"","footnotes":""},"categories":[307,1222,1453],"tags":[],"class_list":["post-57869","post","type-post","status-publish","format-standard","hentry","category-direitos-humanos","category-lgbt","category-trump"],"_links":{"self":[{"href":"https:\/\/redept.com.br\/blogosfera\/wp-json\/wp\/v2\/posts\/57869","targetHints":{"allow":["GET"]}}],"collection":[{"href":"https:\/\/redept.com.br\/blogosfera\/wp-json\/wp\/v2\/posts"}],"about":[{"href":"https:\/\/redept.com.br\/blogosfera\/wp-json\/wp\/v2\/types\/post"}],"author":[{"embeddable":true,"href":"https:\/\/redept.com.br\/blogosfera\/wp-json\/wp\/v2\/users\/2"}],"replies":[{"embeddable":true,"href":"https:\/\/redept.com.br\/blogosfera\/wp-json\/wp\/v2\/comments?post=57869"}],"version-history":[{"count":0,"href":"https:\/\/redept.com.br\/blogosfera\/wp-json\/wp\/v2\/posts\/57869\/revisions"}],"wp:attachment":[{"href":"https:\/\/redept.com.br\/blogosfera\/wp-json\/wp\/v2\/media?parent=57869"}],"wp:term":[{"taxonomy":"category","embeddable":true,"href":"https:\/\/redept.com.br\/blogosfera\/wp-json\/wp\/v2\/categories?post=57869"},{"taxonomy":"post_tag","embeddable":true,"href":"https:\/\/redept.com.br\/blogosfera\/wp-json\/wp\/v2\/tags?post=57869"}],"curies":[{"name":"wp","href":"https:\/\/api.w.org\/{rel}","templated":true}]}}