{"id":58059,"date":"2025-10-13T10:26:33","date_gmt":"2025-10-13T13:26:33","guid":{"rendered":"https:\/\/redept.com.br\/blogosfera\/lula-encontra-papa-leao-14-e-defende-o-combate-global-a-desigualdade\/"},"modified":"2025-10-13T10:26:33","modified_gmt":"2025-10-13T13:26:33","slug":"lula-encontra-papa-leao-14-e-defende-o-combate-global-a-desigualdade","status":"publish","type":"post","link":"https:\/\/redept.com.br\/blogosfera\/lula-encontra-papa-leao-14-e-defende-o-combate-global-a-desigualdade\/","title":{"rendered":"Lula encontra papa Le\u00e3o 14 e defende o combate global \u00e0 desigualdade"},"content":{"rendered":"<p><img fetchpriority=\"high\" width=\"1024\" height=\"652\"src=\"https:\/\/redept.com.br\/blogosfera\/wp-content\/uploads\/2025\/10\/lula-leao14_Foto-Ricardo-Stuckert-_-PR.jpg\" alt=\"\" decoding=\"async\" srcset=\"https:\/\/vermelho.org.br\/wp-content\/uploads\/2025\/10\/lula-leao14_Foto-Ricardo-Stuckert-_-PR-1024x652.jpg 1024w, https:\/\/vermelho.org.br\/wp-content\/uploads\/2025\/10\/lula-leao14_Foto-Ricardo-Stuckert-_-PR-300x191.jpg 300w, https:\/\/vermelho.org.br\/wp-content\/uploads\/2025\/10\/lula-leao14_Foto-Ricardo-Stuckert-_-PR-768x489.jpg 768w, https:\/\/redept.com.br\/blogosfera\/wp-content\/uploads\/2025\/10\/lula-leao14_Foto-Ricardo-Stuckert-_-PR.jpg 1299w\" sizes=\"(max-width: 1024px) 100vw, 1024px\"><\/p>\n<p>O presidente Luiz In\u00e1cio Lula da Silva se encontrou nesta segunda-feira (13), pela primeira vez, com o papa Le\u00e3o 14. \u201cDisse a ele que precisamos criar um amplo movimento de indigna\u00e7\u00e3o contra a desigualdade\u201d, declarou Lula pelas redes sociais ap\u00f3s ser recebido pelo l\u00edder da Igreja Cat\u00f3lica no Vaticano.<\/p>\n<p>Acompanhado pela primeira-dama, Janja da Silva \u2014 al\u00e9m de ministros e outras autoridades \u2014 o presidente destacou que a conversa tratou de \u201creligi\u00e3o, f\u00e9, o Brasil e os imensos desafios que temos que enfrentar no mundo\u201d. Ele elogiou o papa por sua mensagem de que \u201cn\u00e3o podemos separar a f\u00e9 do amor pelos mais pobres\u201d.<\/p>\n<p>Lula convidou o pont\u00edfice a participar da COP 30, que acontece em novembro, em Bel\u00e9m (PA). Por\u00e9m, relatou que devido ao Jubileu cat\u00f3lico, Le\u00e3o 14 n\u00e3o poder\u00e1 comparecer, mas que ser\u00e1 enviada uma representa\u00e7\u00e3o do Vaticano.<\/p>\n<p>Durante o encontro, Lula ainda relatou que o papa pretende visitar o Brasil, em data a ser marcada. \u201cSer\u00e1 muito bem recebido, com o carinho, o acolhimento e a f\u00e9 do povo brasileiro. Lembrei que ontem (12) tivemos uma demonstra\u00e7\u00e3o imensa dessa f\u00e9 no C\u00edrio de Nazar\u00e9 e nas comemora\u00e7\u00f5es do Dia de Nossa Senhora de Aparecida, padroeira do Brasil\u201d, afirmou o presidente.<\/p>\n<p>Lula tamb\u00e9m informou o papa de que, em dois anos e meio de governo, \u201ctiramos pela segunda vez o Brasil do Mapa da Fome. E, agora, estamos levando este debate para o mundo por meio da Alian\u00e7a Global contra a Fome e a Pobreza\u201d.<\/p>\n<p><a href=\"https:\/\/vermelho.org.br\/2025\/10\/11\/lula-comemora-265-milhoes-de-brasileiros-livres-do-mal-da-fome\/\">Segundo dados do IBGE rec\u00e9m-divulgados<\/a>, o Brasil reduziu os lares com inseguran\u00e7a alimentar grave de de 15,5% em 2022 para 3,2% em dezembro de 2024, o que significa a retirada de 26,5 milh\u00f5es de pessoas dessa condi\u00e7\u00e3o. Os dados refor\u00e7am a avalia\u00e7\u00e3o que levou a ONU a declarar, em julho, a sa\u00edda do pa\u00eds do Mapa.<\/p>\n<p>Al\u00e9m de Lula e Janja, participaram da visita ao papa os ministros Mauro Vieira (Rela\u00e7\u00f5es Exteriores), Wellington Dias (Desenvolvimento e Assist\u00eancia Social, Fam\u00edlia e Combate \u00e0 Fome) e Paulo Teixeira (Desenvolvimento Agr\u00e1rio e Agricultura Familiar), a senadora Ana Paula Lobato (PDT-MA), a presidenta da Embrapa Silvia Massruh\u00e1 e o embaixador do Brasil junto ao Vaticano, Everton Veira.<\/p>\n<p><strong>F\u00f3rum Mundial da Alimenta\u00e7\u00e3o<\/strong><\/p>\n<p>O presidente brasileiro est\u00e1 na It\u00e1lia, onde desembarcou neste domingo (12), para participar do F\u00f3rum Mundial da Alimenta\u00e7\u00e3o 2025, principal evento anual da Organiza\u00e7\u00e3o das Na\u00e7\u00f5es Unidas para a Alimenta\u00e7\u00e3o e a Agricultura (FAO), que est\u00e1 completando 80 anos.<\/p>\n<p>Em Roma, o presidente encerrar\u00e1 a Segunda Reuni\u00e3o do Conselho de Campe\u00f5es da Alian\u00e7a Global contra a Fome e a Pobreza e inaugurar\u00e1 o espa\u00e7o que sediar\u00e1 o Mecanismo de Apoio da Alian\u00e7a, que funcionar\u00e1 como o secretariado da iniciativa.<\/p>\n<p><strong>Leia tamb\u00e9m: <\/strong><a href=\"https:\/\/vermelho.org.br\/2025\/05\/09\/sob-lula-renda-das-familias-e-recorde-e-desigualdades-caem-ao-menor-nivel\/\">Sob Lula, renda das fam\u00edlias \u00e9 recorde e desigualdades caem ao menor n\u00edvel<\/a><\/p>\n<p>Copresidida por Brasil e Espanha, a Segunda Reuni\u00e3o do Conselho de Campe\u00f5es da Alian\u00e7a Global contra a Fome e a Pobreza ter\u00e1, como principais temas, os avan\u00e7os da Iniciativa de Implementa\u00e7\u00e3o Acelerada (Fast Track), que apoia planos nacionais de combate \u00e0 fome e \u00e0 pobreza em pa\u00edses como Eti\u00f3pia, Qu\u00eania, Haiti, Ruanda e Z\u00e2mbia, com mais de 80 manifesta\u00e7\u00f5es de interesse por parte de parceiros financeiros e t\u00e9cnicos.<\/p>\n<p>Como parte da iniciativa, a Alian\u00e7a Global contra a Fome e a Pobreza est\u00e1 apoiando o desenvolvimento de nove planos nacionais voltados para acelerar a a\u00e7\u00e3o contra a fome, a pobreza e os riscos clim\u00e1ticos.<\/p>\n<figure>\n<div>\n<blockquote data-width=\"500\" data-dnt=\"true\">\n<p lang=\"pt\" dir=\"ltr\">Eu e a Janja tivemos um excelente encontro com sua Santidade, o Papa Le\u00e3o XIV, no Vaticano. Conversamos sobre religi\u00e3o, f\u00e9, o Brasil e os imensos desafios que temos que enfrentar no mundo.<\/p>\n<p>Parabenizei o Santo Padre pela Exorta\u00e7\u00e3o Apost\u00f3lica Dilexi Te e a sua mensagem de que n\u00e3o\u2026 <a href=\"https:\/\/t.co\/FAmhFdXLN7\">pic.twitter.com\/FAmhFdXLN7<\/a><\/p>\n<p>\u2014 Lula (@LulaOficial) <a href=\"https:\/\/twitter.com\/LulaOficial\/status\/1977666892857802933?ref_src=twsrc%5Etfw\">October 13, 2025<\/a><\/p><\/blockquote>\n<\/div>\n<\/figure>\n<p>Com ag\u00eancias<\/p>\n<p>O post <a href=\"https:\/\/vermelho.org.br\/2025\/10\/13\/lula-encontra-papa-leao-14-e-defende-o-combate-global-a-desigualdade\/\">Lula encontra papa Le\u00e3o 14 e defende o combate global \u00e0 desigualdade<\/a> apareceu primeiro em <a href=\"https:\/\/vermelho.org.br\/\">Vermelho<\/a>.<\/p>\n<!-- Begin Yuzo --><div class='yuzo_related_post style-1'  data-version='5.12.89'><!-- without result --><div class='yuzo_clearfixed yuzo__title yuzo__title'><h3>Related Post<\/h3><\/div>\n\t\t\t\t\t\t  <div class=\"relatedthumb \" style=\"width:125px;float:left;overflow:hidden;\">  \n\t\t\t\t\t\t\t  \n\t\t\t\t\t\t\t  <a  href=\"https:\/\/redept.com.br\/blogosfera\/fim-da-escala-6x1-taxacao-dos-super-ricos-e-tarifa-zero-movimentos-definem-pautas-e-calendario-de-lutas-para-2026\/\"  >\n\t\t\t\t\t\t\t\t\t  <div class=\"yuzo-img-wrap \" style=\"width: 125px;height:90px;\">\n\t\t\t\t\t\t\t\t\t\t\n\t\t\t\t\t\t\t\t\t\t<div class=\"yuzo-img\" style=\"background:url('https:\/\/redept.org\/blogosfera\/wp-content\/plugins\/yuzo-related-post\/assets\/images\/default.png') 50% 50% no-repeat;width: 125px;height:90px;margin-bottom: 5px;background-size: cover; \"><\/div>\n\t\t\t\t\t\t\t\t\t  <\/div>\n\t\t\t\t\t\t\t\t\t  \n\t\t\t\t\t\t\t\t   <span class=\"yuzo__text--title\" style=\"font-size:13px;\">Fim da escala 6\u00d71, taxa\u00e7\u00e3o dos super-ricos e tarif...<\/span>\n\t\t\t\t\t\t\t  \n\t\t\t\t\t\t\t  \n\t\t\t\t\t\t\t  <\/a>\n\n\t\t\t\t\t\t  <\/div>\n\t\t\t\t\t\t  <div class=\"relatedthumb \" style=\"width:125px;float:left;overflow:hidden;\">  \n\t\t\t\t\t\t\t  \n\t\t\t\t\t\t\t  <a  href=\"https:\/\/redept.com.br\/blogosfera\/um-seculo-de-saques-como-os-eua-roubaram-o-petroleo-da-venezuela-2\/\"  >\n\t\t\t\t\t\t\t\t\t  <div class=\"yuzo-img-wrap \" style=\"width: 125px;height:90px;\">\n\t\t\t\t\t\t\t\t\t\t\n\t\t\t\t\t\t\t\t\t\t<div class=\"yuzo-img\" style=\"background:url('https:\/\/redept.com.br\/blogosfera\/wp-content\/uploads\/2025\/12\/6945249c59bf5b6e2217c438-150x150.jpg') 50% 50% no-repeat;width: 125px;height:90px;margin-bottom: 5px;background-size: cover; \"><\/div>\n\t\t\t\t\t\t\t\t\t  <\/div>\n\t\t\t\t\t\t\t\t\t  \n\t\t\t\t\t\t\t\t   <span class=\"yuzo__text--title\" style=\"font-size:13px;\">Um s\u00e9culo de saques: como os EUA \u2018roubaram\u2019 o petr...<\/span>\n\t\t\t\t\t\t\t  \n\t\t\t\t\t\t\t  \n\t\t\t\t\t\t\t  <\/a>\n\n\t\t\t\t\t\t  <\/div>\n\t\t\t\t\t\t  <div class=\"relatedthumb \" style=\"width:125px;float:left;overflow:hidden;\">  \n\t\t\t\t\t\t\t  \n\t\t\t\t\t\t\t  <a  href=\"https:\/\/redept.com.br\/blogosfera\/acordo-entre-eua-e-venezuela-indica-reconhecimento-sobre-eleicao-de-maduro-dizem-analistas\/\"  >\n\t\t\t\t\t\t\t\t\t  <div class=\"yuzo-img-wrap \" style=\"width: 125px;height:90px;\">\n\t\t\t\t\t\t\t\t\t\t\n\t\t\t\t\t\t\t\t\t\t<div class=\"yuzo-img\" style=\"background:url('https:\/\/redept.org\/blogosfera\/wp-content\/plugins\/yuzo-related-post\/assets\/images\/default.png') 50% 50% no-repeat;width: 125px;height:90px;margin-bottom: 5px;background-size: cover; \"><\/div>\n\t\t\t\t\t\t\t\t\t  <\/div>\n\t\t\t\t\t\t\t\t\t  \n\t\t\t\t\t\t\t\t   <span class=\"yuzo__text--title\" style=\"font-size:13px;\">Acordo entre EUA e Venezuela indica reconhecimento...<\/span>\n\t\t\t\t\t\t\t  \n\t\t\t\t\t\t\t  \n\t\t\t\t\t\t\t  <\/a>\n\n\t\t\t\t\t\t  <\/div>\n\t\t\t\t\t\t  <div class=\"relatedthumb \" style=\"width:125px;float:left;overflow:hidden;\">  \n\t\t\t\t\t\t\t  \n\t\t\t\t\t\t\t  <a  href=\"https:\/\/redept.com.br\/blogosfera\/cop30-esta-dada-a-largada\/\"  >\n\t\t\t\t\t\t\t\t\t  <div class=\"yuzo-img-wrap \" style=\"width: 125px;height:90px;\">\n\t\t\t\t\t\t\t\t\t\t\n\t\t\t\t\t\t\t\t\t\t<div class=\"yuzo-img\" style=\"background:url('https:\/\/redept.org\/blogosfera\/wp-content\/plugins\/yuzo-related-post\/assets\/images\/default.png') 50% 50% no-repeat;width: 125px;height:90px;margin-bottom: 5px;background-size: cover; \"><\/div>\n\t\t\t\t\t\t\t\t\t  <\/div>\n\t\t\t\t\t\t\t\t\t  \n\t\t\t\t\t\t\t\t   <span class=\"yuzo__text--title\" style=\"font-size:13px;\">COP30: est\u00e1 dada a largada<\/span>\n\t\t\t\t\t\t\t  \n\t\t\t\t\t\t\t  \n\t\t\t\t\t\t\t  <\/a>\n\n\t\t\t\t\t\t  <\/div>\n<\/div> <script>\n\t\t\t\t\t\t  jQuery(document).ready(function( $ ){\n\t\t\t\t\t\t\t\/\/jQuery('.yuzo_related_post').equalizer({ overflow : 'relatedthumb' });\n\t\t\t\t\t\t\tjQuery('.yuzo_related_post .yuzo_wraps').equalizer({ columns : '> div' });\n\t\t\t\t\t\t   })\n\t\t\t\t\t\t  <\/script> <!-- End Yuzo :) -->","protected":false},"excerpt":{"rendered":"<p>O presidente Luiz In\u00e1cio Lula da Silva se encontrou nesta segunda-feira (13), pela primeira vez, com o papa Le\u00e3o 14. \u201cDisse a ele que precisamos criar um amplo movimento de indigna\u00e7\u00e3o contra a desigualdade\u201d, declarou Lula pelas redes sociais ap\u00f3s ser recebido pelo l\u00edder da Igreja Cat\u00f3lica no Vaticano. Acompanhado pela primeira-dama, Janja da Silva [&hellip;]<\/p>\n","protected":false},"author":2,"featured_media":0,"comment_status":"open","ping_status":"closed","sticky":false,"template":"","format":"standard","meta":{"fifu_image_url":"","fifu_image_alt":"","footnotes":""},"categories":[24706,453,17,50,112,5576,5649],"tags":[],"class_list":["post-58059","post","type-post","status-publish","format-standard","hentry","category-combate-a-desigualdade","category-combate-a-fome","category-governo-lula","category-internacional","category-lula","category-papa-leao-14","category-papa-leao-xiv"],"_links":{"self":[{"href":"https:\/\/redept.com.br\/blogosfera\/wp-json\/wp\/v2\/posts\/58059","targetHints":{"allow":["GET"]}}],"collection":[{"href":"https:\/\/redept.com.br\/blogosfera\/wp-json\/wp\/v2\/posts"}],"about":[{"href":"https:\/\/redept.com.br\/blogosfera\/wp-json\/wp\/v2\/types\/post"}],"author":[{"embeddable":true,"href":"https:\/\/redept.com.br\/blogosfera\/wp-json\/wp\/v2\/users\/2"}],"replies":[{"embeddable":true,"href":"https:\/\/redept.com.br\/blogosfera\/wp-json\/wp\/v2\/comments?post=58059"}],"version-history":[{"count":0,"href":"https:\/\/redept.com.br\/blogosfera\/wp-json\/wp\/v2\/posts\/58059\/revisions"}],"wp:attachment":[{"href":"https:\/\/redept.com.br\/blogosfera\/wp-json\/wp\/v2\/media?parent=58059"}],"wp:term":[{"taxonomy":"category","embeddable":true,"href":"https:\/\/redept.com.br\/blogosfera\/wp-json\/wp\/v2\/categories?post=58059"},{"taxonomy":"post_tag","embeddable":true,"href":"https:\/\/redept.com.br\/blogosfera\/wp-json\/wp\/v2\/tags?post=58059"}],"curies":[{"name":"wp","href":"https:\/\/api.w.org\/{rel}","templated":true}]}}